{"id":10701,"date":"2024-10-17T18:41:22","date_gmt":"2024-10-18T01:41:22","guid":{"rendered":"https:\/\/evhnews.com\/?p=10701"},"modified":"2024-12-29T12:05:07","modified_gmt":"2024-12-29T20:05:07","slug":"porsche-macan-electric-erhalt-zwei-jahre-kostenloses-laden-bei-electrify-canada","status":"publish","type":"post","link":"https:\/\/evhnews.com\/de\/2024\/10\/17\/porsche-macan-electric-erhalt-zwei-jahre-kostenloses-laden-bei-electrify-canada\/","title":{"rendered":"Porsche Macan Electric erh\u00e4lt zwei Jahre lang kostenloses Laden bei Electrify Canada"},"content":{"rendered":"<ul>\n<li>Neue Macan Electric Modelle, die in Kanada verkauft werden, erhalten zwei Jahre kostenlose Ladesitzungen \u00e0 30 Minuten<\/li>\n<li>Ultra- und Hyper-Schnellladen durch wachsendes Netz<\/li>\n<li>Der Preis f\u00fcr den Macan Electric beginnt bei 1.494.900, inklusive Ladeguthaben<\/li>\n<\/ul>\n<p><strong>Der neue Porsche Macan Electric ist da. Jeder kanadische Kunde erh\u00e4lt zwei Jahre kostenloses Laden bei Electrify Canada. Die Batterie des Porsche Macan Electric kann unter idealen Bedingungen in etwa 21 Minuten an einer 350-kW-Station von 10 auf 80 Prozent geladen werden.<\/strong><\/p>\n<p>Porsche Cars Canada, Ltd. (PCL) gab heute eine Vereinbarung mit Electrify Canada, LLC bekannt, wonach der erste vollelektrische Porsche Macan mit zwei Jahren kostenlosem Laden an den \u00f6ffentlichen Ladestationen von Electrify Canada im ganzen Land angeboten wird. Dieser Ladevorteil ist im Preis des neuen Macan Electric enthalten, der bei $94.900 f\u00fcr den Macan, $99.300 f\u00fcr den Macan 4, $106.900 f\u00fcr den Macan 4S und $125.300 f\u00fcr den Macan Turbo beginnt.<\/p>\n<p>Kanadische Autobahn- und Metrostationen sowie viele Porsche Zentren werden Gleichstrom-Schnellladestationen mit Leistungen von bis zu 350 Kilowatt anbieten. Die 800-Volt-Architektur des Macan Electric erm\u00f6glicht eine Gleichstrom-Ladeleistung von bis zu 270 kW. Der Hochspannungsakku kann an einer geeigneten Schnellladestation in rund 21 Minuten von 10 auf 80 Prozent geladen werden.<\/p>\n<p>\u201cJeder Porsche ist im Kern ein Sportwagen und der neue Macan Electric bildet da keine Ausnahme\u201d, sagte Trevor Arthur, Pr\u00e4sident und CEO, Porsche Cars Canada, Ltd. \u201cDas wachsende Ladenetz von Electrify Canada wird Besitzern des ersten vollelektrischen Macan erm\u00f6glichen, schnelles Laden auf einigen der ikonischsten Stra\u00dfen Kanadas zu erleben.\u201d<\/p>\n<p>Der Porsche Macan Electric, der in Kanada verkauft wird, hat ab dem Kaufdatum zwei Jahre Zeit, die kostenlosen 30-min\u00fctigen Ladesitzungen an Electrify Canada-Standorten zu nutzen, vorbehaltlich bestimmter Gesch\u00e4ftsbedingungen. Um die Ladelutschriftsvorteile zu aktivieren, k\u00f6nnen Besitzer sich bei der Auslieferung f\u00fcr den Porsche Charging Service anmelden. Dar\u00fcber hinaus k\u00f6nnen Fahrer die App oder die fahrzeugintegrierte Navigation nutzen, um Ladestationen in der N\u00e4he zu finden, die Verf\u00fcgbarkeit von Ladeger\u00e4ten zu \u00fcberpr\u00fcfen und zu den Ladestationen zu navigieren. Das landesweite Ladenetzwerk wird um mehr als 40 einzelne Hyper-Fast-Ladeger\u00e4te der n\u00e4chsten Generation erweitert. Die Erweiterung erg\u00e4nzt das Netzwerk mit Standorten, die entlang mehrerer Routen auf oder in der N\u00e4he wichtiger Autobahnen und in gro\u00dfen Ballungsgebieten in British Columbia, Alberta, Saskatchewan, Ontario, Quebec, New Brunswick und Nova Scotia verteilt sind.<\/p>\n<p>F\u00fcr weitere Informationen zum Laden von Elektrofahrzeugen besuchen Sie bitte\u00a0<a href=\"https:\/\/www.electrify-canada.ca\/about-ev-charging\">https:\/\/www.electrify-canada.ca\/about-ev-charging<\/a><\/p>\n<p>&nbsp;<\/p>\n<p>\u2026 notes from SP,<\/p>\n<p>#EVHNews, #Porsche, #Electric, #E Charging,<\/p>","protected":false},"excerpt":{"rendered":"<p>New Macan Electric models sold in Canada receive two years of complimentary 30-minute charging sessions&#8230;<\/p>","protected":false},"author":165558846,"featured_media":10703,"comment_status":"open","ping_status":"open","sticky":false,"template":"","format":"standard","meta":{"_coblocks_attr":"","_coblocks_dimensions":"","_coblocks_responsive_height":"","_coblocks_accordion_ie_support":"","advanced_seo_description":"","jetpack_seo_html_title":"","jetpack_seo_noindex":false,"jetpack_seo_schema_type":"","_jetpack_newsletter_access":"","_jetpack_dont_email_post_to_subs":false,"_jetpack_newsletter_tier_id":0,"_jetpack_memberships_contains_paywalled_content":false,"two_page_speed":[],"_wpcom_ai_launchpad_first_post":false,"_jetpack_feature_clip_id":0,"_jetpack_memberships_contains_paid_content":false,"footnotes":"","jetpack_publicize_message":"{title}\n\n{excerpt}\n\n{url}","jetpack_publicize_feature_enabled":true,"jetpack_social_post_already_shared":true,"jetpack_social_options":{"image_generator_settings":{"template":"highway","default_image_id":0,"font":"","enabled":false},"version":2},"_wpas_customize_per_network":false,"jetpack_post_was_ever_published":false},"categories":[688324445],"tags":[688387299,688386258,688386225,688386339],"class_list":["post-10701","post","type-post","status-publish","format-standard","has-post-thumbnail","hentry","category-chargers-charging-guide","tag-e-charging","tag-electric","tag-evhnews-2","tag-porsche"],"jetpack_publicize_connections":[],"featured_image_urls":{"full":["https:\/\/evhnews.com\/wp-content\/uploads\/2024\/10\/Porsche-Macan-Electric-Receives-Two-Years-Of-Inclusive-Electrify-Canada-Charging.webp",1920,1080,false],"thumbnail":["https:\/\/evhnews.com\/wp-content\/uploads\/2024\/10\/Porsche-Macan-Electric-Receives-Two-Years-Of-Inclusive-Electrify-Canada-Charging-150x150.jpg?crop=1",150,150,true],"medium":["https:\/\/evhnews.com\/wp-content\/uploads\/2024\/10\/Porsche-Macan-Electric-Receives-Two-Years-Of-Inclusive-Electrify-Canada-Charging-300x169.jpg",300,169,true],"medium_large":["https:\/\/evhnews.com\/wp-content\/uploads\/2024\/10\/Porsche-Macan-Electric-Receives-Two-Years-Of-Inclusive-Electrify-Canada-Charging-768x432.jpg",640,360,true],"large":["https:\/\/evhnews.com\/wp-content\/uploads\/2024\/10\/Porsche-Macan-Electric-Receives-Two-Years-Of-Inclusive-Electrify-Canada-Charging-1024x576.jpg",640,360,true],"1536x1536":["https:\/\/evhnews.com\/wp-content\/uploads\/2024\/10\/Porsche-Macan-Electric-Receives-Two-Years-Of-Inclusive-Electrify-Canada-Charging-1536x864.jpg",1536,864,true],"2048x2048":["https:\/\/evhnews.com\/wp-content\/uploads\/2024\/10\/Porsche-Macan-Electric-Receives-Two-Years-Of-Inclusive-Electrify-Canada-Charging.webp",1920,1080,false],"trp-custom-language-flag":["https:\/\/evhnews.com\/wp-content\/uploads\/2024\/10\/Porsche-Macan-Electric-Receives-Two-Years-Of-Inclusive-Electrify-Canada-Charging-18x10.jpg",18,10,true],"newspack-article-block-landscape-large":["https:\/\/evhnews.com\/wp-content\/uploads\/2024\/10\/Porsche-Macan-Electric-Receives-Two-Years-Of-Inclusive-Electrify-Canada-Charging.webp",1200,675,false],"newspack-article-block-portrait-large":["https:\/\/evhnews.com\/wp-content\/uploads\/2024\/10\/Porsche-Macan-Electric-Receives-Two-Years-Of-Inclusive-Electrify-Canada-Charging.webp",900,506,false],"newspack-article-block-square-large":["https:\/\/evhnews.com\/wp-content\/uploads\/2024\/10\/Porsche-Macan-Electric-Receives-Two-Years-Of-Inclusive-Electrify-Canada-Charging.webp",1200,675,false],"newspack-article-block-landscape-medium":["https:\/\/evhnews.com\/wp-content\/uploads\/2024\/10\/Porsche-Macan-Electric-Receives-Two-Years-Of-Inclusive-Electrify-Canada-Charging.webp",800,450,false],"newspack-article-block-portrait-medium":["https:\/\/evhnews.com\/wp-content\/uploads\/2024\/10\/Porsche-Macan-Electric-Receives-Two-Years-Of-Inclusive-Electrify-Canada-Charging.webp",600,338,false],"newspack-article-block-square-medium":["https:\/\/evhnews.com\/wp-content\/uploads\/2024\/10\/Porsche-Macan-Electric-Receives-Two-Years-Of-Inclusive-Electrify-Canada-Charging.webp",800,450,false],"newspack-article-block-landscape-intermediate":["https:\/\/evhnews.com\/wp-content\/uploads\/2024\/10\/Porsche-Macan-Electric-Receives-Two-Years-Of-Inclusive-Electrify-Canada-Charging.webp",600,338,false],"newspack-article-block-portrait-intermediate":["https:\/\/evhnews.com\/wp-content\/uploads\/2024\/10\/Porsche-Macan-Electric-Receives-Two-Years-Of-Inclusive-Electrify-Canada-Charging.webp",450,253,false],"newspack-article-block-square-intermediate":["https:\/\/evhnews.com\/wp-content\/uploads\/2024\/10\/Porsche-Macan-Electric-Receives-Two-Years-Of-Inclusive-Electrify-Canada-Charging.webp",600,338,false],"newspack-article-block-landscape-small":["https:\/\/evhnews.com\/wp-content\/uploads\/2024\/10\/Porsche-Macan-Electric-Receives-Two-Years-Of-Inclusive-Electrify-Canada-Charging.webp",400,225,false],"newspack-article-block-portrait-small":["https:\/\/evhnews.com\/wp-content\/uploads\/2024\/10\/Porsche-Macan-Electric-Receives-Two-Years-Of-Inclusive-Electrify-Canada-Charging.webp",300,169,false],"newspack-article-block-square-small":["https:\/\/evhnews.com\/wp-content\/uploads\/2024\/10\/Porsche-Macan-Electric-Receives-Two-Years-Of-Inclusive-Electrify-Canada-Charging.webp",400,225,false],"newspack-article-block-landscape-tiny":["https:\/\/evhnews.com\/wp-content\/uploads\/2024\/10\/Porsche-Macan-Electric-Receives-Two-Years-Of-Inclusive-Electrify-Canada-Charging.webp",200,113,false],"newspack-article-block-portrait-tiny":["https:\/\/evhnews.com\/wp-content\/uploads\/2024\/10\/Porsche-Macan-Electric-Receives-Two-Years-Of-Inclusive-Electrify-Canada-Charging.webp",150,84,false],"newspack-article-block-square-tiny":["https:\/\/evhnews.com\/wp-content\/uploads\/2024\/10\/Porsche-Macan-Electric-Receives-Two-Years-Of-Inclusive-Electrify-Canada-Charging.webp",200,113,false],"newspack-article-block-uncropped":["https:\/\/evhnews.com\/wp-content\/uploads\/2024\/10\/Porsche-Macan-Electric-Receives-Two-Years-Of-Inclusive-Electrify-Canada-Charging.webp",1200,675,false],"enternews-featured":["https:\/\/evhnews.com\/wp-content\/uploads\/2024\/10\/Porsche-Macan-Electric-Receives-Two-Years-Of-Inclusive-Electrify-Canada-Charging-1024x576.jpg",1024,576,true],"enternews-medium":["https:\/\/evhnews.com\/wp-content\/uploads\/2024\/10\/Porsche-Macan-Electric-Receives-Two-Years-Of-Inclusive-Electrify-Canada-Charging-720x475.jpg?crop=1",720,475,true],"enternews-thumbnail":["https:\/\/evhnews.com\/wp-content\/uploads\/2024\/10\/Porsche-Macan-Electric-Receives-Two-Years-Of-Inclusive-Electrify-Canada-Charging-480x315.jpg?crop=1",480,315,true],"tenweb_optimizer_mobile":["https:\/\/evhnews.com\/wp-content\/uploads\/2024\/10\/Porsche-Macan-Electric-Receives-Two-Years-Of-Inclusive-Electrify-Canada-Charging-600x338.jpg",600,338,true],"tenweb_optimizer_tablet":["https:\/\/evhnews.com\/wp-content\/uploads\/2024\/10\/Porsche-Macan-Electric-Receives-Two-Years-Of-Inclusive-Electrify-Canada-Charging-768x432.jpg",768,432,true]},"author_info":{"display_name":"EVHNews","author_link":"https:\/\/evhnews.com\/de\/author\/evhnews\/"},"category_info":"<a href=\"https:\/\/evhnews.com\/de\/kategorie\/ladegerate-ladeleitfaden\/\" rel=\"category tag\">Chargers &amp; Charging<\/a>","tag_info":"Chargers &amp; Charging","comment_count":"0","jetpack_featured_media_url":"https:\/\/evhnews.com\/wp-content\/uploads\/2024\/10\/Porsche-Macan-Electric-Receives-Two-Years-Of-Inclusive-Electrify-Canada-Charging.webp","jetpack_likes_enabled":true,"jetpack_sharing_enabled":true,"jetpack_shortlink":"https:\/\/wp.me\/pbbbdx-2MB","amp_enabled":true,"_links":{"self":[{"href":"https:\/\/evhnews.com\/de\/wp-json\/wp\/v2\/posts\/10701","targetHints":{"allow":["GET"]}}],"collection":[{"href":"https:\/\/evhnews.com\/de\/wp-json\/wp\/v2\/posts"}],"about":[{"href":"https:\/\/evhnews.com\/de\/wp-json\/wp\/v2\/types\/post"}],"author":[{"embeddable":true,"href":"https:\/\/evhnews.com\/de\/wp-json\/wp\/v2\/users\/165558846"}],"replies":[{"embeddable":true,"href":"https:\/\/evhnews.com\/de\/wp-json\/wp\/v2\/comments?post=10701"}],"version-history":[{"count":3,"href":"https:\/\/evhnews.com\/de\/wp-json\/wp\/v2\/posts\/10701\/revisions"}],"predecessor-version":[{"id":11301,"href":"https:\/\/evhnews.com\/de\/wp-json\/wp\/v2\/posts\/10701\/revisions\/11301"}],"wp:featuredmedia":[{"embeddable":true,"href":"https:\/\/evhnews.com\/de\/wp-json\/wp\/v2\/media\/10703"}],"wp:attachment":[{"href":"https:\/\/evhnews.com\/de\/wp-json\/wp\/v2\/media?parent=10701"}],"wp:term":[{"taxonomy":"category","embeddable":true,"href":"https:\/\/evhnews.com\/de\/wp-json\/wp\/v2\/categories?post=10701"},{"taxonomy":"post_tag","embeddable":true,"href":"https:\/\/evhnews.com\/de\/wp-json\/wp\/v2\/tags?post=10701"}],"curies":[{"name":"wp","href":"https:\/\/api.w.org\/{rel}","templated":true}]}}