{"id":12616,"date":"2025-04-20T18:21:35","date_gmt":"2025-04-21T01:21:35","guid":{"rendered":"https:\/\/evhnews.com\/?p=12616"},"modified":"2025-04-20T18:21:35","modified_gmt":"2025-04-21T01:21:35","slug":"nehmen-sie-teil-und-erkunden-sie-nordamerikas-groste-veranstaltung-zum-thema-fortschrittliche-nutzfahrzeugtechnologie","status":"publish","type":"post","link":"https:\/\/evhnews.com\/de\/2025\/04\/20\/nehmen-sie-teil-und-erkunden-sie-nordamerikas-groste-veranstaltung-zum-thema-fortschrittliche-nutzfahrzeugtechnologie\/","title":{"rendered":"Nehmen Sie teil und entdecken Sie Nordamerikas gr\u00f6\u00dftes ACT-Event f\u00fcr fortschrittliche Nutzfahrzeugtechnologie."},"content":{"rendered":"<p><img fetchpriority=\"high\" decoding=\"async\" data-attachment-id=\"12619\" data-permalink=\"https:\/\/evhnews.com\/de\/2025\/04\/20\/nehmen-sie-teil-und-erkunden-sie-nordamerikas-groste-veranstaltung-zum-thema-fortschrittliche-nutzfahrzeugtechnologie\/act-expo-2025\/\" data-orig-file=\"https:\/\/evhnews.com\/wp-content\/uploads\/2025\/04\/ACT-Expo-2025.jpeg\" data-orig-size=\"300,168\" data-comments-opened=\"1\" data-image-meta=\"{&quot;aperture&quot;:&quot;0&quot;,&quot;credit&quot;:&quot;&quot;,&quot;camera&quot;:&quot;&quot;,&quot;caption&quot;:&quot;&quot;,&quot;created_timestamp&quot;:&quot;0&quot;,&quot;copyright&quot;:&quot;&quot;,&quot;focal_length&quot;:&quot;0&quot;,&quot;iso&quot;:&quot;0&quot;,&quot;shutter_speed&quot;:&quot;0&quot;,&quot;title&quot;:&quot;&quot;,&quot;orientation&quot;:&quot;0&quot;}\" data-image-title=\"ACT Expo 2025\" data-image-description=\"\" data-image-caption=\"\" data-large-file=\"https:\/\/evhnews.com\/wp-content\/uploads\/2025\/04\/ACT-Expo-2025.jpeg\" class=\"aligncenter  wp-image-12619\" src=\"https:\/\/evhnews.com\/wp-content\/uploads\/2025\/04\/ACT-Expo-2025.jpeg\" alt=\"\" width=\"580\" height=\"325\" srcset=\"https:\/\/evhnews.com\/wp-content\/uploads\/2025\/04\/ACT-Expo-2025.jpeg 300w, https:\/\/evhnews.com\/wp-content\/uploads\/2025\/04\/ACT-Expo-2025-18x10.jpeg 18w\" sizes=\"(max-width: 580px) 100vw, 580px\" \/><\/p>\n<p><span style=\"color: #000000;\"><br \/>\nSeit \u00fcber einem Jahrzehnt ist die <strong>Ausstellung f\u00fcr fortschrittlichen sauberen Transport (ACT)<\/strong> ist f\u00fchrend bei der Pr\u00e4sentation von Technologien, Trends und Strategien, die die Zukunft des sauberen kommerziellen Verkehrs neu gestalten. Als f\u00fchrende Veranstaltung der Branche bringt die ACT Expo die einflussreichsten Stimmen aus den Bereichen Transport, Energie und Infrastruktur zusammen und bietet einen umfassenden Einblick in die L\u00f6sungen, die den Wandel hin zu einer sauberen, nachhaltigen Zukunft vorantreiben.<\/span><\/p>\n<p><span style=\"color: #000000;\">Auf der Veranstaltung wird eine breite Palette von emissionsarmen und emissionsfreien Fahrzeugtechnologien vorgestellt, darunter batterieelektrische Fahrzeuge, Wasserstoff-Brennstoffzellen, erneuerbares Erdgas, Biokraftstoffe und Hybridsysteme. <a href=\"http:\/\/www.actexpo.com\">ACT-Ausstellung<\/a> dient als lebendiger Marktplatz der Innovation, auf dem Hersteller, Flottenbetreiber, Technologieanbieter und politische Entscheidungstr\u00e4ger zusammenkommen, um neue Produkte vorzustellen, Ideen auszutauschen und praktische Anwendungen zu erkunden. Es ist ein Ort, an dem Strategie und Technologie zusammentreffen und an dem sich vorausschauende Unternehmen an der Spitze des sauberen Verkehrs positionieren.<\/span><\/p>\n<p><span style=\"color: #000000;\">Neben der umfangreichen Ausstellungsfl\u00e4che bietet das umfangreiche Konferenzprogramm der ACT Expo von Experten geleitete Sitzungen, ausf\u00fchrliche Workshops und zum Nachdenken anregende Diskussionsrunden. Die Teilnehmer erhalten wertvolle Einblicke in regulatorische Trends, Finanzierungsanreize, Infrastrukturentwicklung und betriebliche Best Practices von Branchenf\u00fchrern, die die Komplexit\u00e4t der Flottenelektrifizierung und Emissionsreduzierung erfolgreich meistern. Diese Sitzungen bieten einen Fahrplan f\u00fcr Flotten jeder Gr\u00f6\u00dfe, die ihre Leistung optimieren und gleichzeitig ihre Umweltziele erreichen wollen.<\/span><\/p>\n<p><span style=\"color: #000000;\">Jedes Jahr, <a href=\"http:\/\/www.actexpo.com\">ACT-Ausstellung<\/a> stattet ihre Teilnehmer mit den Werkzeugen, Verbindungen und Kenntnissen aus, die sie ben\u00f6tigen, um in einer zunehmend von sauberer Energie angetriebenen Verkehrslandschaft erfolgreich zu sein. Sie bleibt eine zuverl\u00e4ssige Plattform f\u00fcr die Beschleunigung der Marktakzeptanz, den Aufbau von Partnerschaften und die Gestaltung der Politik und Innovationen, die die n\u00e4chste Generation des kommerziellen Verkehrs bestimmen werden.<\/p>\n<p>... Notizen von SP<\/p>\n<p>#EVHNews, #ACT Expo, #echnology, #Hydrogen, #Commercial Transportation, # Fleet, #Biofuel, #hybrid<\/span><\/p>","protected":false},"excerpt":{"rendered":"<p>For over a decade, the Advanced Clean Transportation (ACT) Expo has led the way in&#8230;<\/p>","protected":false},"author":165558846,"featured_media":12618,"comment_status":"open","ping_status":"open","sticky":false,"template":"","format":"standard","meta":{"_coblocks_attr":"","_coblocks_dimensions":"","_coblocks_responsive_height":"","_coblocks_accordion_ie_support":"","_crdt_document":"","advanced_seo_description":"","jetpack_seo_html_title":"","jetpack_seo_noindex":false,"_jetpack_newsletter_access":"","_jetpack_dont_email_post_to_subs":false,"_jetpack_newsletter_tier_id":0,"_jetpack_memberships_contains_paywalled_content":false,"two_page_speed":[],"_jetpack_memberships_contains_paid_content":false,"footnotes":"","jetpack_publicize_message":"","jetpack_publicize_feature_enabled":true,"jetpack_social_post_already_shared":true,"jetpack_social_options":{"image_generator_settings":{"template":"highway","default_image_id":0,"font":"","enabled":false},"version":2},"_wpas_customize_per_network":false,"jetpack_post_was_ever_published":false},"categories":[688386226],"tags":[688387464,688387461,688387465,688387463,688387462,688386225,688386793,688386718],"class_list":["post-12616","post","type-post","status-publish","format-standard","has-post-thumbnail","hentry","category-autonomous-industry-news","tag-fleet","tag-act-expo","tag-biofuel","tag-commercial-transportation","tag-etechnology","tag-evhnews-2","tag-hybrid","tag-hydrogen"],"jetpack_publicize_connections":[],"featured_image_urls":{"full":["https:\/\/evhnews.com\/wp-content\/uploads\/2025\/04\/ACT-Expo-2025-Anaheim-Ca.png",350,144,false],"thumbnail":["https:\/\/evhnews.com\/wp-content\/uploads\/2025\/04\/ACT-Expo-2025-Anaheim-Ca-150x144.png",150,144,true],"medium":["https:\/\/evhnews.com\/wp-content\/uploads\/2025\/04\/ACT-Expo-2025-Anaheim-Ca-300x123.png",300,123,true],"medium_large":["https:\/\/evhnews.com\/wp-content\/uploads\/2025\/04\/ACT-Expo-2025-Anaheim-Ca.png",350,144,false],"large":["https:\/\/evhnews.com\/wp-content\/uploads\/2025\/04\/ACT-Expo-2025-Anaheim-Ca.png",350,144,false],"1536x1536":["https:\/\/evhnews.com\/wp-content\/uploads\/2025\/04\/ACT-Expo-2025-Anaheim-Ca.png",350,144,false],"2048x2048":["https:\/\/evhnews.com\/wp-content\/uploads\/2025\/04\/ACT-Expo-2025-Anaheim-Ca.png",350,144,false],"trp-custom-language-flag":["https:\/\/evhnews.com\/wp-content\/uploads\/2025\/04\/ACT-Expo-2025-Anaheim-Ca-18x7.png",18,7,true],"newspack-article-block-landscape-large":["https:\/\/evhnews.com\/wp-content\/uploads\/2025\/04\/ACT-Expo-2025-Anaheim-Ca.png",350,144,false],"newspack-article-block-portrait-large":["https:\/\/evhnews.com\/wp-content\/uploads\/2025\/04\/ACT-Expo-2025-Anaheim-Ca.png",350,144,false],"newspack-article-block-square-large":["https:\/\/evhnews.com\/wp-content\/uploads\/2025\/04\/ACT-Expo-2025-Anaheim-Ca.png",350,144,false],"newspack-article-block-landscape-medium":["https:\/\/evhnews.com\/wp-content\/uploads\/2025\/04\/ACT-Expo-2025-Anaheim-Ca.png",350,144,false],"newspack-article-block-portrait-medium":["https:\/\/evhnews.com\/wp-content\/uploads\/2025\/04\/ACT-Expo-2025-Anaheim-Ca.png",350,144,false],"newspack-article-block-square-medium":["https:\/\/evhnews.com\/wp-content\/uploads\/2025\/04\/ACT-Expo-2025-Anaheim-Ca.png",350,144,false],"newspack-article-block-landscape-intermediate":["https:\/\/evhnews.com\/wp-content\/uploads\/2025\/04\/ACT-Expo-2025-Anaheim-Ca.png",350,144,false],"newspack-article-block-portrait-intermediate":["https:\/\/evhnews.com\/wp-content\/uploads\/2025\/04\/ACT-Expo-2025-Anaheim-Ca.png",350,144,false],"newspack-article-block-square-intermediate":["https:\/\/evhnews.com\/wp-content\/uploads\/2025\/04\/ACT-Expo-2025-Anaheim-Ca.png",350,144,false],"newspack-article-block-landscape-small":["https:\/\/evhnews.com\/wp-content\/uploads\/2025\/04\/ACT-Expo-2025-Anaheim-Ca.png",350,144,false],"newspack-article-block-portrait-small":["https:\/\/evhnews.com\/wp-content\/uploads\/2025\/04\/ACT-Expo-2025-Anaheim-Ca.png",300,123,false],"newspack-article-block-square-small":["https:\/\/evhnews.com\/wp-content\/uploads\/2025\/04\/ACT-Expo-2025-Anaheim-Ca.png",350,144,false],"newspack-article-block-landscape-tiny":["https:\/\/evhnews.com\/wp-content\/uploads\/2025\/04\/ACT-Expo-2025-Anaheim-Ca.png",200,82,false],"newspack-article-block-portrait-tiny":["https:\/\/evhnews.com\/wp-content\/uploads\/2025\/04\/ACT-Expo-2025-Anaheim-Ca.png",150,62,false],"newspack-article-block-square-tiny":["https:\/\/evhnews.com\/wp-content\/uploads\/2025\/04\/ACT-Expo-2025-Anaheim-Ca.png",200,82,false],"newspack-article-block-uncropped":["https:\/\/evhnews.com\/wp-content\/uploads\/2025\/04\/ACT-Expo-2025-Anaheim-Ca.png",350,144,false],"enternews-featured":["https:\/\/evhnews.com\/wp-content\/uploads\/2025\/04\/ACT-Expo-2025-Anaheim-Ca.png",350,144,false],"enternews-medium":["https:\/\/evhnews.com\/wp-content\/uploads\/2025\/04\/ACT-Expo-2025-Anaheim-Ca.png",350,144,false],"enternews-thumbnail":["https:\/\/evhnews.com\/wp-content\/uploads\/2025\/04\/ACT-Expo-2025-Anaheim-Ca.png",350,144,false],"tenweb_optimizer_mobile":["https:\/\/evhnews.com\/wp-content\/uploads\/2025\/04\/ACT-Expo-2025-Anaheim-Ca.png",350,144,false],"tenweb_optimizer_tablet":["https:\/\/evhnews.com\/wp-content\/uploads\/2025\/04\/ACT-Expo-2025-Anaheim-Ca.png",350,144,false]},"author_info":{"display_name":"EVHNews","author_link":"https:\/\/evhnews.com\/de\/author\/evhnews\/"},"category_info":"<a href=\"https:\/\/evhnews.com\/de\/kategorie\/nachrichten-aus-der-autonomen-industrie\/\" rel=\"category tag\">EV &amp; Hybrid Technology Industry News<\/a>","tag_info":"EV &amp; Hybrid Technology Industry News","comment_count":"0","jetpack_featured_media_url":"https:\/\/evhnews.com\/wp-content\/uploads\/2025\/04\/ACT-Expo-2025-Anaheim-Ca.png","jetpack_likes_enabled":true,"jetpack_sharing_enabled":true,"jetpack_shortlink":"https:\/\/wp.me\/pbbbdx-3hu","amp_enabled":true,"_links":{"self":[{"href":"https:\/\/evhnews.com\/de\/wp-json\/wp\/v2\/posts\/12616","targetHints":{"allow":["GET"]}}],"collection":[{"href":"https:\/\/evhnews.com\/de\/wp-json\/wp\/v2\/posts"}],"about":[{"href":"https:\/\/evhnews.com\/de\/wp-json\/wp\/v2\/types\/post"}],"author":[{"embeddable":true,"href":"https:\/\/evhnews.com\/de\/wp-json\/wp\/v2\/users\/165558846"}],"replies":[{"embeddable":true,"href":"https:\/\/evhnews.com\/de\/wp-json\/wp\/v2\/comments?post=12616"}],"version-history":[{"count":2,"href":"https:\/\/evhnews.com\/de\/wp-json\/wp\/v2\/posts\/12616\/revisions"}],"predecessor-version":[{"id":12620,"href":"https:\/\/evhnews.com\/de\/wp-json\/wp\/v2\/posts\/12616\/revisions\/12620"}],"wp:featuredmedia":[{"embeddable":true,"href":"https:\/\/evhnews.com\/de\/wp-json\/wp\/v2\/media\/12618"}],"wp:attachment":[{"href":"https:\/\/evhnews.com\/de\/wp-json\/wp\/v2\/media?parent=12616"}],"wp:term":[{"taxonomy":"category","embeddable":true,"href":"https:\/\/evhnews.com\/de\/wp-json\/wp\/v2\/categories?post=12616"},{"taxonomy":"post_tag","embeddable":true,"href":"https:\/\/evhnews.com\/de\/wp-json\/wp\/v2\/tags?post=12616"}],"curies":[{"name":"wp","href":"https:\/\/api.w.org\/{rel}","templated":true}]}}