{"id":3349,"date":"2020-02-12T07:44:28","date_gmt":"2020-02-12T15:44:28","guid":{"rendered":"https:\/\/evhnews.com\/?p=3349"},"modified":"2020-02-13T19:52:04","modified_gmt":"2020-02-14T03:52:04","slug":"czinger-prasentiert-den-revolutionaren-hypercar-21c-vor-seiner-weltpremiere-auf-der-internationalen-automobilausstellung-in-genf","status":"publish","type":"post","link":"https:\/\/evhnews.com\/de\/2020\/02\/12\/czinger-prasentiert-den-revolutionaren-hypercar-21c-vor-seiner-weltpremiere-auf-der-internationalen-automobilausstellung-in-genf\/","title":{"rendered":"Czinger pr\u00e4sentiert den revolution\u00e4ren 21C Hypercar vor seiner Weltpremiere auf dem Genfer Automobilsalon in Bild und Ton"},"content":{"rendered":"<h3>Czinger pr\u00e4sentiert den revolution\u00e4ren 21C Hypercar vor seiner Weltpremiere auf dem Genfer Automobilsalon in Bild und Ton<\/h3>\n<ul>\n<li>Erstellt von 21<sup>st<\/sup> Czinger pr\u00e4sentiert den 21C vor der Weltpremiere auf dem Genfer Automobilsalon<\/li>\n<li>Die revolution\u00e4re Technologie von Czinger liefert ein bahnbrechendes Hypercar mit ikonischem Design und dominierender Leistung<\/li>\n<li>Der erste Teaser gibt einen Einblick in die innovative Reihenbestuhlung des 21C, den Klang des eigens entwickelten starken Hybridantriebs und pr\u00e4sentiert fortschrittliche Komponenten, die mit neuartigen Technologien konstruiert wurden<\/li>\n<li>Der 21C wurde von Grund auf in Los Angeles, Kalifornien, entworfen, entwickelt, konstruiert und hergestellt und stellt einen Paradigmenwechsel in der Art und Weise dar, wie Hochleistungsfahrzeuge konzipiert werden.<\/li>\n<li>Internationaler Automobilsalon Genf 2020 (Pressetage 3. - 4. M\u00e4rz, Publikumstage 5. - 15. M\u00e4rz 2020) in Halle 1, Stand 1030Czinger Vehicles stellt seinen Platz in der Geschichte und einen Paradigmenwechsel in der Art und Weise, wie Fahrzeuge entworfen, entwickelt, konstruiert und hergestellt werden, mit seinem kommenden Hypercar 21C vor der Weltpremiere auf dem Internationalen Automobilsalon Genf 2020 in Aussicht (Pressekonferenz von Czinger am 3. M\u00e4rz, 11:00 - 11:15 MEZ).<\/li>\n<\/ul>\n<p style=\"text-align: center;\"><div class=\"jetpack-video-wrapper\"><span class=\"embed-youtube\" style=\"text-align:center; display: block;\"><iframe class=\"youtube-player\" width=\"560\" height=\"315\" src=\"https:\/\/www.youtube.com\/embed\/1pqfL1lIvg4?version=3&#038;rel=1&#038;showsearch=0&#038;showinfo=1&#038;iv_load_policy=1&#038;fs=1&#038;hl=de-DE&#038;autohide=2&#038;wmode=transparent\" allowfullscreen=\"true\" style=\"border:0;\" sandbox=\"allow-scripts allow-same-origin allow-popups allow-presentation allow-popups-to-escape-sandbox\"><\/iframe><\/span><\/div><\/p>\n<p style=\"text-align: center;\"><span style=\"font-size: small;\"><em>Video-Kredit: Czinger<\/em><\/span><\/p>\n<p>&nbsp;<\/p>\n<p style=\"text-align: center;\"><img fetchpriority=\"high\" decoding=\"async\" data-attachment-id=\"3351\" data-permalink=\"https:\/\/evhnews.com\/de\/2020\/02\/12\/czinger-prasentiert-den-revolutionaren-hypercar-21c-vor-seiner-weltpremiere-auf-der-internationalen-automobilausstellung-in-genf\/czinger-teases-21cs-iconic-los-angeles-home\/\" data-orig-file=\"https:\/\/evhnews.com\/wp-content\/uploads\/2020\/02\/Czinger-teases-21C\u2019s-iconic-Los-Angeles-home.png\" data-orig-size=\"800,533\" data-comments-opened=\"1\" data-image-meta=\"{&quot;aperture&quot;:&quot;0&quot;,&quot;credit&quot;:&quot;&quot;,&quot;camera&quot;:&quot;&quot;,&quot;caption&quot;:&quot;&quot;,&quot;created_timestamp&quot;:&quot;0&quot;,&quot;copyright&quot;:&quot;&quot;,&quot;focal_length&quot;:&quot;0&quot;,&quot;iso&quot;:&quot;0&quot;,&quot;shutter_speed&quot;:&quot;0&quot;,&quot;title&quot;:&quot;&quot;,&quot;orientation&quot;:&quot;0&quot;}\" data-image-title=\"Czinger teases 21C\u2019s iconic Los Angeles home\" data-image-description=\"\" data-image-caption=\"\" data-large-file=\"https:\/\/evhnews.com\/wp-content\/uploads\/2020\/02\/Czinger-teases-21C\u2019s-iconic-Los-Angeles-home.png\" class=\"size-full wp-image-3351 aligncenter\" src=\"https:\/\/evhnews.com\/wp-content\/uploads\/2020\/02\/Czinger-teases-21C\u2019s-iconic-Los-Angeles-home.png\" alt=\"Czinger verr\u00e4t das ikonische Haus von 21C in Los Angeles\" width=\"800\" height=\"533\" srcset=\"https:\/\/evhnews.com\/wp-content\/uploads\/2020\/02\/Czinger-teases-21C\u2019s-iconic-Los-Angeles-home.png 800w, https:\/\/evhnews.com\/wp-content\/uploads\/2020\/02\/Czinger-teases-21C\u2019s-iconic-Los-Angeles-home-300x200.png 300w, https:\/\/evhnews.com\/wp-content\/uploads\/2020\/02\/Czinger-teases-21C\u2019s-iconic-Los-Angeles-home-768x512.png 768w\" sizes=\"(max-width: 800px) 100vw, 800px\" \/><img decoding=\"async\" data-attachment-id=\"3352\" data-permalink=\"https:\/\/evhnews.com\/de\/2020\/02\/12\/czinger-prasentiert-den-revolutionaren-hypercar-21c-vor-seiner-weltpremiere-auf-der-internationalen-automobilausstellung-in-genf\/czinger-teases-21c-hypercar\/\" data-orig-file=\"https:\/\/evhnews.com\/wp-content\/uploads\/2020\/02\/Czinger-teases-21C-hypercar.png\" data-orig-size=\"800,533\" data-comments-opened=\"1\" data-image-meta=\"{&quot;aperture&quot;:&quot;0&quot;,&quot;credit&quot;:&quot;&quot;,&quot;camera&quot;:&quot;&quot;,&quot;caption&quot;:&quot;&quot;,&quot;created_timestamp&quot;:&quot;0&quot;,&quot;copyright&quot;:&quot;&quot;,&quot;focal_length&quot;:&quot;0&quot;,&quot;iso&quot;:&quot;0&quot;,&quot;shutter_speed&quot;:&quot;0&quot;,&quot;title&quot;:&quot;&quot;,&quot;orientation&quot;:&quot;0&quot;}\" data-image-title=\"Czinger teases 21C hypercar\" data-image-description=\"\" data-image-caption=\"\" data-large-file=\"https:\/\/evhnews.com\/wp-content\/uploads\/2020\/02\/Czinger-teases-21C-hypercar.png\" class=\"size-full wp-image-3352 aligncenter\" src=\"https:\/\/evhnews.com\/wp-content\/uploads\/2020\/02\/Czinger-teases-21C-hypercar.png\" alt=\"Czinger neckt 21C Hypercar\" width=\"800\" height=\"533\" srcset=\"https:\/\/evhnews.com\/wp-content\/uploads\/2020\/02\/Czinger-teases-21C-hypercar.png 800w, https:\/\/evhnews.com\/wp-content\/uploads\/2020\/02\/Czinger-teases-21C-hypercar-300x200.png 300w, https:\/\/evhnews.com\/wp-content\/uploads\/2020\/02\/Czinger-teases-21C-hypercar-768x512.png 768w\" sizes=\"(max-width: 800px) 100vw, 800px\" \/><img decoding=\"async\" data-attachment-id=\"3353\" data-permalink=\"https:\/\/evhnews.com\/de\/2020\/02\/12\/czinger-prasentiert-den-revolutionaren-hypercar-21c-vor-seiner-weltpremiere-auf-der-internationalen-automobilausstellung-in-genf\/czinger-teases-21cs-design-lines-2\/\" data-orig-file=\"https:\/\/evhnews.com\/wp-content\/uploads\/2020\/02\/Czinger-teases-21C\u2019s-design-lines-2.png\" data-orig-size=\"800,533\" data-comments-opened=\"1\" data-image-meta=\"{&quot;aperture&quot;:&quot;0&quot;,&quot;credit&quot;:&quot;&quot;,&quot;camera&quot;:&quot;&quot;,&quot;caption&quot;:&quot;&quot;,&quot;created_timestamp&quot;:&quot;0&quot;,&quot;copyright&quot;:&quot;&quot;,&quot;focal_length&quot;:&quot;0&quot;,&quot;iso&quot;:&quot;0&quot;,&quot;shutter_speed&quot;:&quot;0&quot;,&quot;title&quot;:&quot;&quot;,&quot;orientation&quot;:&quot;0&quot;}\" data-image-title=\"Czinger teases 21C\u2019s design lines-2\" data-image-description=\"\" data-image-caption=\"\" data-large-file=\"https:\/\/evhnews.com\/wp-content\/uploads\/2020\/02\/Czinger-teases-21C\u2019s-design-lines-2.png\" class=\"size-full wp-image-3353 aligncenter\" src=\"https:\/\/evhnews.com\/wp-content\/uploads\/2020\/02\/Czinger-teases-21C\u2019s-design-lines-2.png\" alt=\"Czinger verr\u00e4t die Designlinien von 21C-2\" width=\"800\" height=\"533\" srcset=\"https:\/\/evhnews.com\/wp-content\/uploads\/2020\/02\/Czinger-teases-21C\u2019s-design-lines-2.png 800w, https:\/\/evhnews.com\/wp-content\/uploads\/2020\/02\/Czinger-teases-21C\u2019s-design-lines-2-300x200.png 300w, https:\/\/evhnews.com\/wp-content\/uploads\/2020\/02\/Czinger-teases-21C\u2019s-design-lines-2-768x512.png 768w\" sizes=\"(max-width: 800px) 100vw, 800px\" \/><img loading=\"lazy\" decoding=\"async\" data-attachment-id=\"3354\" data-permalink=\"https:\/\/evhnews.com\/de\/2020\/02\/12\/czinger-prasentiert-den-revolutionaren-hypercar-21c-vor-seiner-weltpremiere-auf-der-internationalen-automobilausstellung-in-genf\/czinger-teases-21cs-rear-end-and-iconic-design\/\" data-orig-file=\"https:\/\/evhnews.com\/wp-content\/uploads\/2020\/02\/Czinger-teases-21C\u2019s-rear-end-and-iconic-design.png\" data-orig-size=\"800,533\" data-comments-opened=\"1\" data-image-meta=\"{&quot;aperture&quot;:&quot;0&quot;,&quot;credit&quot;:&quot;&quot;,&quot;camera&quot;:&quot;&quot;,&quot;caption&quot;:&quot;&quot;,&quot;created_timestamp&quot;:&quot;0&quot;,&quot;copyright&quot;:&quot;&quot;,&quot;focal_length&quot;:&quot;0&quot;,&quot;iso&quot;:&quot;0&quot;,&quot;shutter_speed&quot;:&quot;0&quot;,&quot;title&quot;:&quot;&quot;,&quot;orientation&quot;:&quot;0&quot;}\" data-image-title=\"Czinger teases 21C\u2019s rear end and iconic design\" data-image-description=\"\" data-image-caption=\"\" data-large-file=\"https:\/\/evhnews.com\/wp-content\/uploads\/2020\/02\/Czinger-teases-21C\u2019s-rear-end-and-iconic-design.png\" class=\"size-full wp-image-3354 aligncenter\" src=\"https:\/\/evhnews.com\/wp-content\/uploads\/2020\/02\/Czinger-teases-21C\u2019s-rear-end-and-iconic-design.png\" alt=\"Czinger verr\u00e4t das Heck des 21C und sein ikonisches Design\" width=\"800\" height=\"533\" srcset=\"https:\/\/evhnews.com\/wp-content\/uploads\/2020\/02\/Czinger-teases-21C\u2019s-rear-end-and-iconic-design.png 800w, https:\/\/evhnews.com\/wp-content\/uploads\/2020\/02\/Czinger-teases-21C\u2019s-rear-end-and-iconic-design-300x200.png 300w, https:\/\/evhnews.com\/wp-content\/uploads\/2020\/02\/Czinger-teases-21C\u2019s-rear-end-and-iconic-design-768x512.png 768w\" sizes=\"(max-width: 800px) 100vw, 800px\" \/><img loading=\"lazy\" decoding=\"async\" data-attachment-id=\"3355\" data-permalink=\"https:\/\/evhnews.com\/de\/2020\/02\/12\/czinger-prasentiert-den-revolutionaren-hypercar-21c-vor-seiner-weltpremiere-auf-der-internationalen-automobilausstellung-in-genf\/czinger-teases-21cs-design-lines-and-rear\/\" data-orig-file=\"https:\/\/evhnews.com\/wp-content\/uploads\/2020\/02\/Czinger-teases-21C\u2019s-design-lines-and-rear.png\" data-orig-size=\"800,533\" data-comments-opened=\"1\" data-image-meta=\"{&quot;aperture&quot;:&quot;0&quot;,&quot;credit&quot;:&quot;&quot;,&quot;camera&quot;:&quot;&quot;,&quot;caption&quot;:&quot;&quot;,&quot;created_timestamp&quot;:&quot;0&quot;,&quot;copyright&quot;:&quot;&quot;,&quot;focal_length&quot;:&quot;0&quot;,&quot;iso&quot;:&quot;0&quot;,&quot;shutter_speed&quot;:&quot;0&quot;,&quot;title&quot;:&quot;&quot;,&quot;orientation&quot;:&quot;0&quot;}\" data-image-title=\"Czinger teases 21C\u2019s design lines and rear\" data-image-description=\"\" data-image-caption=\"\" data-large-file=\"https:\/\/evhnews.com\/wp-content\/uploads\/2020\/02\/Czinger-teases-21C\u2019s-design-lines-and-rear.png\" class=\"size-full wp-image-3355 aligncenter\" src=\"https:\/\/evhnews.com\/wp-content\/uploads\/2020\/02\/Czinger-teases-21C\u2019s-design-lines-and-rear.png\" alt=\"Czinger verr\u00e4t die Designlinien und das Heck des 21C\" width=\"800\" height=\"533\" srcset=\"https:\/\/evhnews.com\/wp-content\/uploads\/2020\/02\/Czinger-teases-21C\u2019s-design-lines-and-rear.png 800w, https:\/\/evhnews.com\/wp-content\/uploads\/2020\/02\/Czinger-teases-21C\u2019s-design-lines-and-rear-300x200.png 300w, https:\/\/evhnews.com\/wp-content\/uploads\/2020\/02\/Czinger-teases-21C\u2019s-design-lines-and-rear-768x512.png 768w\" sizes=\"(max-width: 800px) 100vw, 800px\" \/><img loading=\"lazy\" decoding=\"async\" data-attachment-id=\"3356\" data-permalink=\"https:\/\/evhnews.com\/de\/2020\/02\/12\/czinger-prasentiert-den-revolutionaren-hypercar-21c-vor-seiner-weltpremiere-auf-der-internationalen-automobilausstellung-in-genf\/czinger-teases-21cs-end-plate\/\" data-orig-file=\"https:\/\/evhnews.com\/wp-content\/uploads\/2020\/02\/Czinger-teases-21C\u2019s-end-plate.png\" data-orig-size=\"800,533\" data-comments-opened=\"1\" data-image-meta=\"{&quot;aperture&quot;:&quot;0&quot;,&quot;credit&quot;:&quot;&quot;,&quot;camera&quot;:&quot;&quot;,&quot;caption&quot;:&quot;&quot;,&quot;created_timestamp&quot;:&quot;0&quot;,&quot;copyright&quot;:&quot;&quot;,&quot;focal_length&quot;:&quot;0&quot;,&quot;iso&quot;:&quot;0&quot;,&quot;shutter_speed&quot;:&quot;0&quot;,&quot;title&quot;:&quot;&quot;,&quot;orientation&quot;:&quot;0&quot;}\" data-image-title=\"Czinger teases 21C\u2019s end plate\" data-image-description=\"\" data-image-caption=\"\" data-large-file=\"https:\/\/evhnews.com\/wp-content\/uploads\/2020\/02\/Czinger-teases-21C\u2019s-end-plate.png\" class=\"size-full wp-image-3356 aligncenter\" src=\"https:\/\/evhnews.com\/wp-content\/uploads\/2020\/02\/Czinger-teases-21C\u2019s-end-plate.png\" alt=\"Czinger reizt die Endplatte von 21C\" width=\"800\" height=\"533\" srcset=\"https:\/\/evhnews.com\/wp-content\/uploads\/2020\/02\/Czinger-teases-21C\u2019s-end-plate.png 800w, https:\/\/evhnews.com\/wp-content\/uploads\/2020\/02\/Czinger-teases-21C\u2019s-end-plate-300x200.png 300w, https:\/\/evhnews.com\/wp-content\/uploads\/2020\/02\/Czinger-teases-21C\u2019s-end-plate-768x512.png 768w\" sizes=\"(max-width: 800px) 100vw, 800px\" \/><img loading=\"lazy\" decoding=\"async\" data-attachment-id=\"3358\" data-permalink=\"https:\/\/evhnews.com\/de\/2020\/02\/12\/czinger-prasentiert-den-revolutionaren-hypercar-21c-vor-seiner-weltpremiere-auf-der-internationalen-automobilausstellung-in-genf\/czinger-teases-21cs-wheel\/\" data-orig-file=\"https:\/\/evhnews.com\/wp-content\/uploads\/2020\/02\/Czinger-teases-21C\u2019s-wheel.png\" data-orig-size=\"800,533\" data-comments-opened=\"1\" data-image-meta=\"{&quot;aperture&quot;:&quot;0&quot;,&quot;credit&quot;:&quot;&quot;,&quot;camera&quot;:&quot;&quot;,&quot;caption&quot;:&quot;&quot;,&quot;created_timestamp&quot;:&quot;0&quot;,&quot;copyright&quot;:&quot;&quot;,&quot;focal_length&quot;:&quot;0&quot;,&quot;iso&quot;:&quot;0&quot;,&quot;shutter_speed&quot;:&quot;0&quot;,&quot;title&quot;:&quot;&quot;,&quot;orientation&quot;:&quot;0&quot;}\" data-image-title=\"Czinger teases 21C\u2019s wheel\" data-image-description=\"\" data-image-caption=\"\" data-large-file=\"https:\/\/evhnews.com\/wp-content\/uploads\/2020\/02\/Czinger-teases-21C\u2019s-wheel.png\" class=\"size-full wp-image-3358 aligncenter\" src=\"https:\/\/evhnews.com\/wp-content\/uploads\/2020\/02\/Czinger-teases-21C\u2019s-wheel.png\" alt=\"Czinger neckt das 21C-Rad\" width=\"800\" height=\"533\" srcset=\"https:\/\/evhnews.com\/wp-content\/uploads\/2020\/02\/Czinger-teases-21C\u2019s-wheel.png 800w, https:\/\/evhnews.com\/wp-content\/uploads\/2020\/02\/Czinger-teases-21C\u2019s-wheel-300x200.png 300w, https:\/\/evhnews.com\/wp-content\/uploads\/2020\/02\/Czinger-teases-21C\u2019s-wheel-768x512.png 768w\" sizes=\"(max-width: 800px) 100vw, 800px\" \/><img loading=\"lazy\" decoding=\"async\" data-attachment-id=\"3359\" data-permalink=\"https:\/\/evhnews.com\/de\/2020\/02\/12\/czinger-prasentiert-den-revolutionaren-hypercar-21c-vor-seiner-weltpremiere-auf-der-internationalen-automobilausstellung-in-genf\/czinger-teases-21cs-design-lines-and-logo\/\" data-orig-file=\"https:\/\/evhnews.com\/wp-content\/uploads\/2020\/02\/Czinger-teases-21C\u2019s-design-lines-and-logo.png\" data-orig-size=\"800,533\" data-comments-opened=\"1\" data-image-meta=\"{&quot;aperture&quot;:&quot;0&quot;,&quot;credit&quot;:&quot;&quot;,&quot;camera&quot;:&quot;&quot;,&quot;caption&quot;:&quot;&quot;,&quot;created_timestamp&quot;:&quot;0&quot;,&quot;copyright&quot;:&quot;&quot;,&quot;focal_length&quot;:&quot;0&quot;,&quot;iso&quot;:&quot;0&quot;,&quot;shutter_speed&quot;:&quot;0&quot;,&quot;title&quot;:&quot;&quot;,&quot;orientation&quot;:&quot;0&quot;}\" data-image-title=\"Czinger teases 21C\u2019s design lines and logo\" data-image-description=\"\" data-image-caption=\"\" data-large-file=\"https:\/\/evhnews.com\/wp-content\/uploads\/2020\/02\/Czinger-teases-21C\u2019s-design-lines-and-logo.png\" class=\"size-full wp-image-3359 aligncenter\" src=\"https:\/\/evhnews.com\/wp-content\/uploads\/2020\/02\/Czinger-teases-21C\u2019s-design-lines-and-logo.png\" alt=\"Czinger verr\u00e4t die Designlinien und das Logo von 21C\" width=\"800\" height=\"533\" srcset=\"https:\/\/evhnews.com\/wp-content\/uploads\/2020\/02\/Czinger-teases-21C\u2019s-design-lines-and-logo.png 800w, https:\/\/evhnews.com\/wp-content\/uploads\/2020\/02\/Czinger-teases-21C\u2019s-design-lines-and-logo-300x200.png 300w, https:\/\/evhnews.com\/wp-content\/uploads\/2020\/02\/Czinger-teases-21C\u2019s-design-lines-and-logo-768x512.png 768w\" sizes=\"(max-width: 800px) 100vw, 800px\" \/><img loading=\"lazy\" decoding=\"async\" data-attachment-id=\"3360\" data-permalink=\"https:\/\/evhnews.com\/de\/2020\/02\/12\/czinger-prasentiert-den-revolutionaren-hypercar-21c-vor-seiner-weltpremiere-auf-der-internationalen-automobilausstellung-in-genf\/czinger-teases-21cs-additive-manufacturing-parts\/\" data-orig-file=\"https:\/\/evhnews.com\/wp-content\/uploads\/2020\/02\/Czinger-teases-21C\u2019s-additive-manufacturing-parts.png\" data-orig-size=\"800,533\" data-comments-opened=\"1\" data-image-meta=\"{&quot;aperture&quot;:&quot;0&quot;,&quot;credit&quot;:&quot;&quot;,&quot;camera&quot;:&quot;&quot;,&quot;caption&quot;:&quot;&quot;,&quot;created_timestamp&quot;:&quot;0&quot;,&quot;copyright&quot;:&quot;&quot;,&quot;focal_length&quot;:&quot;0&quot;,&quot;iso&quot;:&quot;0&quot;,&quot;shutter_speed&quot;:&quot;0&quot;,&quot;title&quot;:&quot;&quot;,&quot;orientation&quot;:&quot;0&quot;}\" data-image-title=\"Czinger teases 21C\u2019s additive manufacturing parts\" data-image-description=\"\" data-image-caption=\"\" data-large-file=\"https:\/\/evhnews.com\/wp-content\/uploads\/2020\/02\/Czinger-teases-21C\u2019s-additive-manufacturing-parts.png\" class=\"size-full wp-image-3360 aligncenter\" src=\"https:\/\/evhnews.com\/wp-content\/uploads\/2020\/02\/Czinger-teases-21C\u2019s-additive-manufacturing-parts.png\" alt=\"Czinger neckt 21Cs additive Fertigungsteile\" width=\"800\" height=\"533\" srcset=\"https:\/\/evhnews.com\/wp-content\/uploads\/2020\/02\/Czinger-teases-21C\u2019s-additive-manufacturing-parts.png 800w, https:\/\/evhnews.com\/wp-content\/uploads\/2020\/02\/Czinger-teases-21C\u2019s-additive-manufacturing-parts-300x200.png 300w, https:\/\/evhnews.com\/wp-content\/uploads\/2020\/02\/Czinger-teases-21C\u2019s-additive-manufacturing-parts-768x512.png 768w\" sizes=\"(max-width: 800px) 100vw, 800px\" \/><span style=\"font-size: small;\"><em>Image Credit: Czinger<\/em><\/span><\/p>\n<p>Die Vorschau zeigt den von Czinger selbst entwickelten starken Hybrid-Antriebsstrang, die Reihenbestuhlung und die ikonischen Designlinien. Vor der kalifornischen Kulisse der Bixby Bridge und des Pacific Coast Highway ist der Teaser-Film eine Anspielung auf Czingers kalifornisches Erbe und die erste \u00f6ffentliche Ank\u00fcndigung der Marke.<\/p>\n<p>Czinger ist das erste Unternehmen seiner Art, das neuartige additive Fertigungstechnologien entwickelt, um ein bahnbrechendes Hypercar zu konstruieren. Von einem hochmodernen Fahrgestell und ma\u00dfgeschneiderten Strukturen bis hin zu bahnbrechenden Hochleistungskomponenten hat Czinger ein revolution\u00e4res Hypercar f\u00fcr das 21.<sup>st<\/sup> century.<\/p>\n<p>Czinger mit Sitz in Los Angeles, Kalifornien, wird sein globales Deb\u00fct auf dem Genfer Automobilsalon 2020 (Pressetage 3.-4. M\u00e4rz, Publikumstage 5.-15. M\u00e4rz 2020) in Halle 1, Stand 1030 geben. Die Pressekonferenz von Czinger findet am 3. M\u00e4rz von 11:00 bis 11:15 Uhr MEZ statt.<\/p>\n<p><img loading=\"lazy\" decoding=\"async\" data-attachment-id=\"1490\" data-permalink=\"https:\/\/evhnews.com\/de\/2019\/12\/18\/the-efficient-drivetrain-for-the-purely-electric-bmw-ix3\/evh-news-lighting-bolt-logo\/\" data-orig-file=\"https:\/\/evhnews.com\/wp-content\/uploads\/2019\/12\/EVH-News-Lighting-Bolt-Logo-.jpg\" data-orig-size=\"100,100\" data-comments-opened=\"1\" data-image-meta=\"{&quot;aperture&quot;:&quot;0&quot;,&quot;credit&quot;:&quot;&quot;,&quot;camera&quot;:&quot;&quot;,&quot;caption&quot;:&quot;&quot;,&quot;created_timestamp&quot;:&quot;1575197468&quot;,&quot;copyright&quot;:&quot;&quot;,&quot;focal_length&quot;:&quot;0&quot;,&quot;iso&quot;:&quot;0&quot;,&quot;shutter_speed&quot;:&quot;0&quot;,&quot;title&quot;:&quot;&quot;,&quot;orientation&quot;:&quot;1&quot;}\" data-image-title=\"EVH News-Lighting-Bolt-Logo-\" data-image-description=\"\" data-image-caption=\"\" data-large-file=\"https:\/\/evhnews.com\/wp-content\/uploads\/2019\/12\/EVH-News-Lighting-Bolt-Logo-.jpg\" class=\"alignnone size-full wp-image-1490\" src=\"https:\/\/evhnews.com\/wp-content\/uploads\/2019\/12\/EVH-News-Lighting-Bolt-Logo-.jpg\" alt=\"EVH News-Lighting-Bolt-Logo-\" width=\"100\" height=\"100\" \/><\/p>","protected":false},"excerpt":{"rendered":"<p>Czinger Teases Sight and Sounds Of Revolutionary 21C Hypercar Ahead Of Global Debut At Geneva&#8230;<\/p>","protected":false},"author":165558846,"featured_media":3350,"comment_status":"open","ping_status":"open","sticky":false,"template":"","format":"standard","meta":{"_coblocks_attr":"","_coblocks_dimensions":"","_coblocks_responsive_height":"","_coblocks_accordion_ie_support":"","_crdt_document":"","advanced_seo_description":"Czinger Teases Sight and Sounds Of Revolutionary 21C Hypercar Ahead Of Global Debut At Geneva International Motor Show","jetpack_seo_html_title":"","jetpack_seo_noindex":false,"_jetpack_newsletter_access":"","_jetpack_dont_email_post_to_subs":false,"_jetpack_newsletter_tier_id":0,"_jetpack_memberships_contains_paywalled_content":false,"two_page_speed":[],"_jetpack_memberships_contains_paid_content":false,"footnotes":"","jetpack_publicize_message":"","jetpack_publicize_feature_enabled":true,"jetpack_social_post_already_shared":true,"jetpack_social_options":{"image_generator_settings":{"template":"highway","default_image_id":0,"font":"","enabled":false},"version":2},"_wpas_customize_per_network":false,"jetpack_post_was_ever_published":false},"categories":[853698,27523524],"tags":[],"class_list":["post-3349","post","type-post","status-publish","format-standard","has-post-thumbnail","hentry","category-hybrid-vehicles","category-super-hyper-cars"],"jetpack_publicize_connections":[],"featured_image_urls":{"full":["https:\/\/evhnews.com\/wp-content\/uploads\/2020\/02\/Czinger-teases-21C-on-Highway-1.png",800,334,false],"thumbnail":["https:\/\/evhnews.com\/wp-content\/uploads\/2020\/02\/Czinger-teases-21C-on-Highway-1-150x150.png",150,150,true],"medium":["https:\/\/evhnews.com\/wp-content\/uploads\/2020\/02\/Czinger-teases-21C-on-Highway-1-300x125.png",300,125,true],"medium_large":["https:\/\/evhnews.com\/wp-content\/uploads\/2020\/02\/Czinger-teases-21C-on-Highway-1-768x321.png",640,268,true],"large":["https:\/\/evhnews.com\/wp-content\/uploads\/2020\/02\/Czinger-teases-21C-on-Highway-1.png",640,267,false],"1536x1536":["https:\/\/evhnews.com\/wp-content\/uploads\/2020\/02\/Czinger-teases-21C-on-Highway-1.png",800,334,false],"2048x2048":["https:\/\/evhnews.com\/wp-content\/uploads\/2020\/02\/Czinger-teases-21C-on-Highway-1.png",800,334,false],"trp-custom-language-flag":["https:\/\/evhnews.com\/wp-content\/uploads\/2020\/02\/Czinger-teases-21C-on-Highway-1.png",18,8,false],"newspack-article-block-landscape-large":["https:\/\/evhnews.com\/wp-content\/uploads\/2020\/02\/Czinger-teases-21C-on-Highway-1.png",800,334,false],"newspack-article-block-portrait-large":["https:\/\/evhnews.com\/wp-content\/uploads\/2020\/02\/Czinger-teases-21C-on-Highway-1.png",800,334,false],"newspack-article-block-square-large":["https:\/\/evhnews.com\/wp-content\/uploads\/2020\/02\/Czinger-teases-21C-on-Highway-1.png",800,334,false],"newspack-article-block-landscape-medium":["https:\/\/evhnews.com\/wp-content\/uploads\/2020\/02\/Czinger-teases-21C-on-Highway-1.png",800,334,false],"newspack-article-block-portrait-medium":["https:\/\/evhnews.com\/wp-content\/uploads\/2020\/02\/Czinger-teases-21C-on-Highway-1-600x334.png",600,334,true],"newspack-article-block-square-medium":["https:\/\/evhnews.com\/wp-content\/uploads\/2020\/02\/Czinger-teases-21C-on-Highway-1.png",800,334,false],"newspack-article-block-landscape-intermediate":["https:\/\/evhnews.com\/wp-content\/uploads\/2020\/02\/Czinger-teases-21C-on-Highway-1.png",600,251,false],"newspack-article-block-portrait-intermediate":["https:\/\/evhnews.com\/wp-content\/uploads\/2020\/02\/Czinger-teases-21C-on-Highway-1.png",450,188,false],"newspack-article-block-square-intermediate":["https:\/\/evhnews.com\/wp-content\/uploads\/2020\/02\/Czinger-teases-21C-on-Highway-1.png",600,251,false],"newspack-article-block-landscape-small":["https:\/\/evhnews.com\/wp-content\/uploads\/2020\/02\/Czinger-teases-21C-on-Highway-1-400x300.png",400,300,true],"newspack-article-block-portrait-small":["https:\/\/evhnews.com\/wp-content\/uploads\/2020\/02\/Czinger-teases-21C-on-Highway-1-300x334.png",300,334,true],"newspack-article-block-square-small":["https:\/\/evhnews.com\/wp-content\/uploads\/2020\/02\/Czinger-teases-21C-on-Highway-1-400x334.png",400,334,true],"newspack-article-block-landscape-tiny":["https:\/\/evhnews.com\/wp-content\/uploads\/2020\/02\/Czinger-teases-21C-on-Highway-1-200x150.png",200,150,true],"newspack-article-block-portrait-tiny":["https:\/\/evhnews.com\/wp-content\/uploads\/2020\/02\/Czinger-teases-21C-on-Highway-1-150x200.png",150,200,true],"newspack-article-block-square-tiny":["https:\/\/evhnews.com\/wp-content\/uploads\/2020\/02\/Czinger-teases-21C-on-Highway-1-200x200.png",200,200,true],"newspack-article-block-uncropped":["https:\/\/evhnews.com\/wp-content\/uploads\/2020\/02\/Czinger-teases-21C-on-Highway-1.png",800,334,false],"enternews-featured":["https:\/\/evhnews.com\/wp-content\/uploads\/2020\/02\/Czinger-teases-21C-on-Highway-1.png",800,334,false],"enternews-medium":["https:\/\/evhnews.com\/wp-content\/uploads\/2020\/02\/Czinger-teases-21C-on-Highway-1.png",720,301,false],"enternews-thumbnail":["https:\/\/evhnews.com\/wp-content\/uploads\/2020\/02\/Czinger-teases-21C-on-Highway-1.png",480,200,false],"tenweb_optimizer_mobile":["https:\/\/evhnews.com\/wp-content\/uploads\/2020\/02\/Czinger-teases-21C-on-Highway-1.png",600,251,false],"tenweb_optimizer_tablet":["https:\/\/evhnews.com\/wp-content\/uploads\/2020\/02\/Czinger-teases-21C-on-Highway-1.png",768,321,false]},"author_info":{"display_name":"EVHNews","author_link":"https:\/\/evhnews.com\/de\/author\/evhnews\/"},"category_info":"<a href=\"https:\/\/evhnews.com\/de\/kategorie\/hybrid-autos\/\" rel=\"category tag\">Hybrid Automotive Vehicles<\/a> <a href=\"https:\/\/evhnews.com\/de\/kategorie\/hybrid-autos\/super-hyper-autos\/\" rel=\"category tag\">Hybrid Super Cars<\/a>","tag_info":"Hybrid Super Cars","comment_count":"0","jetpack_featured_media_url":"https:\/\/evhnews.com\/wp-content\/uploads\/2020\/02\/Czinger-teases-21C-on-Highway-1.png","jetpack_likes_enabled":true,"jetpack_sharing_enabled":true,"jetpack_shortlink":"https:\/\/wp.me\/pbbbdx-S1","amp_enabled":true,"_links":{"self":[{"href":"https:\/\/evhnews.com\/de\/wp-json\/wp\/v2\/posts\/3349","targetHints":{"allow":["GET"]}}],"collection":[{"href":"https:\/\/evhnews.com\/de\/wp-json\/wp\/v2\/posts"}],"about":[{"href":"https:\/\/evhnews.com\/de\/wp-json\/wp\/v2\/types\/post"}],"author":[{"embeddable":true,"href":"https:\/\/evhnews.com\/de\/wp-json\/wp\/v2\/users\/165558846"}],"replies":[{"embeddable":true,"href":"https:\/\/evhnews.com\/de\/wp-json\/wp\/v2\/comments?post=3349"}],"version-history":[{"count":4,"href":"https:\/\/evhnews.com\/de\/wp-json\/wp\/v2\/posts\/3349\/revisions"}],"predecessor-version":[{"id":3362,"href":"https:\/\/evhnews.com\/de\/wp-json\/wp\/v2\/posts\/3349\/revisions\/3362"}],"wp:featuredmedia":[{"embeddable":true,"href":"https:\/\/evhnews.com\/de\/wp-json\/wp\/v2\/media\/3350"}],"wp:attachment":[{"href":"https:\/\/evhnews.com\/de\/wp-json\/wp\/v2\/media?parent=3349"}],"wp:term":[{"taxonomy":"category","embeddable":true,"href":"https:\/\/evhnews.com\/de\/wp-json\/wp\/v2\/categories?post=3349"},{"taxonomy":"post_tag","embeddable":true,"href":"https:\/\/evhnews.com\/de\/wp-json\/wp\/v2\/tags?post=3349"}],"curies":[{"name":"wp","href":"https:\/\/api.w.org\/{rel}","templated":true}]}}