{"id":8091,"date":"2023-08-03T14:48:21","date_gmt":"2023-08-03T21:48:21","guid":{"rendered":"https:\/\/evhnews.com\/?p=8091"},"modified":"2023-08-03T14:48:21","modified_gmt":"2023-08-03T21:48:21","slug":"der-vollelektrische-acura-zdx-wird-die-monterey-car-week-beleuchten","status":"publish","type":"post","link":"https:\/\/evhnews.com\/de\/2023\/08\/03\/der-vollelektrische-acura-zdx-wird-die-monterey-car-week-beleuchten\/","title":{"rendered":"All-Electric Acura ZDX Will Light Up Monterey Car Week"},"content":{"rendered":"<p>Mit der Weltpremiere des vollelektrischen ZDX 2024 am 17. August w\u00e4hrend der ber\u00fchmten Monterey Car Week beschleunigt Acura seinen Weg in die elektrifizierte Zukunft. Der im Acura Design Studio in S\u00fcdkalifornien entworfene, dramatisch geformte SUV spiegelt viele der Au\u00dfenthemen wider, die bereits mit dem\u00a0<a href=\"https:\/\/acuranews.com\/en-US\/releases\/release-40b876fa88ce36bf41449f6e441cf947-acura-precision-ev-concept-debuts-at-monterey-previews-future-design-language-for-electrified-era\">Acura Precision EV Konzept<\/a>Dazu geh\u00f6rt eine auff\u00e4llige, beleuchtete Weiterentwicklung des Acura Diamond Pentagon-K\u00fchlergrills.<\/p>\n<p><iframe title=\"Vollelektrischer Acura ZDX - Teaser\" src=\"https:\/\/www.youtube.com\/embed\/9lojjRzCyUk\" width=\"750\" height=\"315\" frameborder=\"0\" allowfullscreen=\"allowfullscreen\"><\/iframe><\/p>\n<p>Sowohl der ZDX 2024 als auch die Performance-Variante ZDX Type S kommen Anfang n\u00e4chsten Jahres in den Handel und werden serienm\u00e4\u00dfig mit intelligent integrierten, intuitiven Technologien ausgestattet sein, darunter\u00a0<a href=\"https:\/\/acuranews.com\/en-US\/releases\/release-28a0418eb9f96c2502c6b994171bce2d-first-acura-ev-2024-zdx-marks-first-acura-integration-of-google-built-in-for-seamless-on-the-go-connectivity\">Acura's erste Integration von Google eingebaut<\/a>\u00a0<em>mit den neuesten Anwendungen und Diensten.<\/em>\u00a0Der ZDX markiert auch den Beginn der Zusammenarbeit mit\u00a0<a href=\"https:\/\/acuranews.com\/en-US\/releases\/acura-and-bang-olufsen-launch-new-premium-audio-collaboration-for-all-future-acura-models\">Bang &amp; Olufsen Luxus-Audio<\/a>die in den kommenden Jahren auf die gesamte Acura-Produktpalette ausgeweitet wird.<\/p>\n<p>Acuras unnachgiebiges Engagement, das Markenversprechen \"Precision Crafted Performance\" einzul\u00f6sen, wird sich auch in der elektrifizierten Zukunft fortsetzen. Ein Beispiel daf\u00fcr sind die Type S-Modelle, bei denen das Fahrerlebnis an erster Stelle steht\", sagte Emile Korkor, Assistant Vice President von Acura National Sales. \"Als das leistungsst\u00e4rkste und am schnellsten beschleunigende SUV in der Geschichte der Marke wird der ZDX Type S dieses Versprechen einl\u00f6sen und ein berauschendes Fahrerlebnis auf den Markt der Elektrofahrzeuge bringen.\"<\/p>\n<p>Weitere Details \u00fcber den neuen Acura ZDX und ZDX Type S finden Sie hier\u00a0<a href=\"https:\/\/acuranews.com\/en-US\/channels\/acura-zdx\" data-uw-rm-vglnk=\"\" aria-label=\"Weitere Informationen \u00fcber den neuen Acura ZDX und ZDX Type S finden Sie hier\">hier<\/a>.<\/p>\n<p>... Notizen von SP<br \/>\n<img decoding=\"async\" data-attachment-id=\"8029\" data-permalink=\"https:\/\/evhnews.com\/de\/2023\/07\/13\/purity-meets-e-performance-der-neue-vollelektrische-porsche-vision-357-speedster\/evhn-lighting-bolt-logo-square-125\/\" data-orig-file=\"https:\/\/evhnews.com\/wp-content\/uploads\/2023\/07\/EVHN-Lighting-Bolt-Logo-Square-125.jpg\" data-orig-size=\"125,125\" data-comments-opened=\"1\" data-image-meta=\"{&quot;aperture&quot;:&quot;0&quot;,&quot;credit&quot;:&quot;&quot;,&quot;camera&quot;:&quot;&quot;,&quot;caption&quot;:&quot;&quot;,&quot;created_timestamp&quot;:&quot;1575197468&quot;,&quot;copyright&quot;:&quot;&quot;,&quot;focal_length&quot;:&quot;0&quot;,&quot;iso&quot;:&quot;0&quot;,&quot;shutter_speed&quot;:&quot;0&quot;,&quot;title&quot;:&quot;&quot;,&quot;orientation&quot;:&quot;1&quot;}\" data-image-title=\"EVHN Lighting Bolt Logo &amp;#8211; Square &amp;#8211; 125\" data-image-description=\"\" data-image-caption=\"\" data-large-file=\"https:\/\/evhnews.com\/wp-content\/uploads\/2023\/07\/EVHN-Lighting-Bolt-Logo-Square-125.jpg\" class=\"alignleft size-full wp-image-8029\" src=\"https:\/\/evhnews.com\/wp-content\/uploads\/2023\/07\/EVHN-Lighting-Bolt-Logo-Square-125.jpg\" alt=\"\" width=\"125\" height=\"125\" \/><\/p>","protected":false},"excerpt":{"rendered":"<p>Acura is accelerating toward its electrified future with the world debut of the all-electric 2024&#8230;<\/p>","protected":false},"author":165558846,"featured_media":8093,"comment_status":"open","ping_status":"open","sticky":false,"template":"","format":"standard","meta":{"_coblocks_attr":"","_coblocks_dimensions":"","_coblocks_responsive_height":"","_coblocks_accordion_ie_support":"","_crdt_document":"","advanced_seo_description":"","jetpack_seo_html_title":"","jetpack_seo_noindex":false,"_jetpack_newsletter_access":"","_jetpack_dont_email_post_to_subs":false,"_jetpack_newsletter_tier_id":0,"_jetpack_memberships_contains_paywalled_content":false,"two_page_speed":[],"_jetpack_memberships_contains_paid_content":false,"footnotes":"","jetpack_publicize_message":"","jetpack_publicize_feature_enabled":true,"jetpack_social_post_already_shared":true,"jetpack_social_options":{"image_generator_settings":{"template":"highway","default_image_id":0,"font":"","enabled":false},"version":2},"_wpas_customize_per_network":false,"jetpack_post_was_ever_published":false},"categories":[688381798],"tags":[],"class_list":["post-8091","post","type-post","status-publish","format-standard","has-post-thumbnail","hentry","category-suvs-electric-vehicles"],"jetpack_publicize_connections":[],"featured_image_urls":{"full":["https:\/\/evhnews.com\/wp-content\/uploads\/2023\/08\/All-Electric-Acura-ZDX-Will-Light-Up-Monterey-Car-Week.jpg",3500,1968,false],"thumbnail":["https:\/\/evhnews.com\/wp-content\/uploads\/2023\/08\/All-Electric-Acura-ZDX-Will-Light-Up-Monterey-Car-Week-150x150.jpg?crop=1",150,150,true],"medium":["https:\/\/evhnews.com\/wp-content\/uploads\/2023\/08\/All-Electric-Acura-ZDX-Will-Light-Up-Monterey-Car-Week-300x169.jpg",300,169,true],"medium_large":["https:\/\/evhnews.com\/wp-content\/uploads\/2023\/08\/All-Electric-Acura-ZDX-Will-Light-Up-Monterey-Car-Week-768x432.jpg",640,360,true],"large":["https:\/\/evhnews.com\/wp-content\/uploads\/2023\/08\/All-Electric-Acura-ZDX-Will-Light-Up-Monterey-Car-Week-1024x576.jpg",640,360,true],"1536x1536":["https:\/\/evhnews.com\/wp-content\/uploads\/2023\/08\/All-Electric-Acura-ZDX-Will-Light-Up-Monterey-Car-Week-1536x864.jpg",1536,864,true],"2048x2048":["https:\/\/evhnews.com\/wp-content\/uploads\/2023\/08\/All-Electric-Acura-ZDX-Will-Light-Up-Monterey-Car-Week-2048x1152.jpg",2048,1152,true],"trp-custom-language-flag":["https:\/\/evhnews.com\/wp-content\/uploads\/2023\/08\/All-Electric-Acura-ZDX-Will-Light-Up-Monterey-Car-Week.jpg",18,10,false],"newspack-article-block-landscape-large":["https:\/\/evhnews.com\/wp-content\/uploads\/2023\/08\/All-Electric-Acura-ZDX-Will-Light-Up-Monterey-Car-Week-1200x900.jpg?crop=1",1200,900,true],"newspack-article-block-portrait-large":["https:\/\/evhnews.com\/wp-content\/uploads\/2023\/08\/All-Electric-Acura-ZDX-Will-Light-Up-Monterey-Car-Week-900x1200.jpg?crop=1",900,1200,true],"newspack-article-block-square-large":["https:\/\/evhnews.com\/wp-content\/uploads\/2023\/08\/All-Electric-Acura-ZDX-Will-Light-Up-Monterey-Car-Week-1200x1200.jpg?crop=1",1200,1200,true],"newspack-article-block-landscape-medium":["https:\/\/evhnews.com\/wp-content\/uploads\/2023\/08\/All-Electric-Acura-ZDX-Will-Light-Up-Monterey-Car-Week-800x600.jpg?crop=1",800,600,true],"newspack-article-block-portrait-medium":["https:\/\/evhnews.com\/wp-content\/uploads\/2023\/08\/All-Electric-Acura-ZDX-Will-Light-Up-Monterey-Car-Week-600x800.jpg?crop=1",600,800,true],"newspack-article-block-square-medium":["https:\/\/evhnews.com\/wp-content\/uploads\/2023\/08\/All-Electric-Acura-ZDX-Will-Light-Up-Monterey-Car-Week-800x800.jpg?crop=1",800,800,true],"newspack-article-block-landscape-intermediate":["https:\/\/evhnews.com\/wp-content\/uploads\/2023\/08\/All-Electric-Acura-ZDX-Will-Light-Up-Monterey-Car-Week.jpg",600,337,false],"newspack-article-block-portrait-intermediate":["https:\/\/evhnews.com\/wp-content\/uploads\/2023\/08\/All-Electric-Acura-ZDX-Will-Light-Up-Monterey-Car-Week.jpg",450,253,false],"newspack-article-block-square-intermediate":["https:\/\/evhnews.com\/wp-content\/uploads\/2023\/08\/All-Electric-Acura-ZDX-Will-Light-Up-Monterey-Car-Week.jpg",600,337,false],"newspack-article-block-landscape-small":["https:\/\/evhnews.com\/wp-content\/uploads\/2023\/08\/All-Electric-Acura-ZDX-Will-Light-Up-Monterey-Car-Week-400x300.jpg?crop=1",400,300,true],"newspack-article-block-portrait-small":["https:\/\/evhnews.com\/wp-content\/uploads\/2023\/08\/All-Electric-Acura-ZDX-Will-Light-Up-Monterey-Car-Week-300x400.jpg?crop=1",300,400,true],"newspack-article-block-square-small":["https:\/\/evhnews.com\/wp-content\/uploads\/2023\/08\/All-Electric-Acura-ZDX-Will-Light-Up-Monterey-Car-Week-400x400.jpg?crop=1",400,400,true],"newspack-article-block-landscape-tiny":["https:\/\/evhnews.com\/wp-content\/uploads\/2023\/08\/All-Electric-Acura-ZDX-Will-Light-Up-Monterey-Car-Week-200x150.jpg?crop=1",200,150,true],"newspack-article-block-portrait-tiny":["https:\/\/evhnews.com\/wp-content\/uploads\/2023\/08\/All-Electric-Acura-ZDX-Will-Light-Up-Monterey-Car-Week-150x200.jpg?crop=1",150,200,true],"newspack-article-block-square-tiny":["https:\/\/evhnews.com\/wp-content\/uploads\/2023\/08\/All-Electric-Acura-ZDX-Will-Light-Up-Monterey-Car-Week-200x200.jpg?crop=1",200,200,true],"newspack-article-block-uncropped":["https:\/\/evhnews.com\/wp-content\/uploads\/2023\/08\/All-Electric-Acura-ZDX-Will-Light-Up-Monterey-Car-Week-1200x675.jpg",1200,675,true],"enternews-featured":["https:\/\/evhnews.com\/wp-content\/uploads\/2023\/08\/All-Electric-Acura-ZDX-Will-Light-Up-Monterey-Car-Week-1024x576.jpg",1024,576,true],"enternews-medium":["https:\/\/evhnews.com\/wp-content\/uploads\/2023\/08\/All-Electric-Acura-ZDX-Will-Light-Up-Monterey-Car-Week-720x475.jpg?crop=1",720,475,true],"enternews-thumbnail":["https:\/\/evhnews.com\/wp-content\/uploads\/2023\/08\/All-Electric-Acura-ZDX-Will-Light-Up-Monterey-Car-Week-480x315.jpg?crop=1",480,315,true],"tenweb_optimizer_mobile":["https:\/\/evhnews.com\/wp-content\/uploads\/2023\/08\/All-Electric-Acura-ZDX-Will-Light-Up-Monterey-Car-Week-600x337.jpg",600,337,true],"tenweb_optimizer_tablet":["https:\/\/evhnews.com\/wp-content\/uploads\/2023\/08\/All-Electric-Acura-ZDX-Will-Light-Up-Monterey-Car-Week-768x432.jpg",768,432,true]},"author_info":{"display_name":"EVHNews","author_link":"https:\/\/evhnews.com\/de\/author\/evhnews\/"},"category_info":"<a href=\"https:\/\/evhnews.com\/de\/kategorie\/elektrofahrzeuge\/gelandewagen-elektrofahrzeuge\/\" rel=\"category tag\">Electric SUV's<\/a>","tag_info":"Electric SUV's","comment_count":"0","jetpack_featured_media_url":"https:\/\/evhnews.com\/wp-content\/uploads\/2023\/08\/All-Electric-Acura-ZDX-Will-Light-Up-Monterey-Car-Week.jpg","jetpack_likes_enabled":true,"jetpack_sharing_enabled":true,"jetpack_shortlink":"https:\/\/wp.me\/pbbbdx-26v","amp_enabled":true,"_links":{"self":[{"href":"https:\/\/evhnews.com\/de\/wp-json\/wp\/v2\/posts\/8091","targetHints":{"allow":["GET"]}}],"collection":[{"href":"https:\/\/evhnews.com\/de\/wp-json\/wp\/v2\/posts"}],"about":[{"href":"https:\/\/evhnews.com\/de\/wp-json\/wp\/v2\/types\/post"}],"author":[{"embeddable":true,"href":"https:\/\/evhnews.com\/de\/wp-json\/wp\/v2\/users\/165558846"}],"replies":[{"embeddable":true,"href":"https:\/\/evhnews.com\/de\/wp-json\/wp\/v2\/comments?post=8091"}],"version-history":[{"count":2,"href":"https:\/\/evhnews.com\/de\/wp-json\/wp\/v2\/posts\/8091\/revisions"}],"predecessor-version":[{"id":8094,"href":"https:\/\/evhnews.com\/de\/wp-json\/wp\/v2\/posts\/8091\/revisions\/8094"}],"wp:featuredmedia":[{"embeddable":true,"href":"https:\/\/evhnews.com\/de\/wp-json\/wp\/v2\/media\/8093"}],"wp:attachment":[{"href":"https:\/\/evhnews.com\/de\/wp-json\/wp\/v2\/media?parent=8091"}],"wp:term":[{"taxonomy":"category","embeddable":true,"href":"https:\/\/evhnews.com\/de\/wp-json\/wp\/v2\/categories?post=8091"},{"taxonomy":"post_tag","embeddable":true,"href":"https:\/\/evhnews.com\/de\/wp-json\/wp\/v2\/tags?post=8091"}],"curies":[{"name":"wp","href":"https:\/\/api.w.org\/{rel}","templated":true}]}}