{"id":8187,"date":"2023-08-18T20:13:46","date_gmt":"2023-08-19T03:13:46","guid":{"rendered":"https:\/\/evhnews.com\/?p=8187"},"modified":"2024-01-14T16:15:05","modified_gmt":"2024-01-15T00:15:05","slug":"acura-zeigt-auf-der-monterey-car-week-eine-vorschau-auf-die-designstudie-performance-electric-vision","status":"publish","type":"post","link":"https:\/\/evhnews.com\/de\/2023\/08\/18\/acura-zeigt-auf-der-monterey-car-week-eine-vorschau-auf-die-designstudie-performance-electric-vision\/","title":{"rendered":"Acura Previews Performance Electric Vision Design Study At Monterey Car Week"},"content":{"rendered":"<ul>\n<li>Acura macht die Monterey Peninsula erneut zum Schauplatz seiner k\u00fcnftigen Produktvision<\/li>\n<li>\u00dcberraschende Enth\u00fcllung nach der Weltpremiere des ZDX und des ZDX Type S im Jahr 2024<\/li>\n<\/ul>\n<p>Auf dem Weg in eine elektrifizierte Zukunft gab Acura heute w\u00e4hrend der j\u00e4hrlichen Veranstaltung auf der weltber\u00fchmten Monterey Car Week einen unerwarteten Blick auf seine neueste Electric Vision frei. Die vom Acura Design Studio in Los Angeles entworfene, elektrisierende Designstudie mit aufregenden Leistungsproportionen, kraftvoll geformten, kontrastreichen Oberfl\u00e4chen und einer auff\u00e4lligen neongr\u00fcnen Lichtsignatur unterstreicht die k\u00fcnftige Entwicklung der Precision Crafted Performance Designsprache, mit der die Performance-Marke in eine emissionsfreie Zukunft \u00fcbergeht.<\/p>\n<p><iframe title=\"Einf\u00fchrung der Acura Electric Vision Designstudie\" src=\"https:\/\/www.youtube.com\/embed\/uzbF6hqNrn0\" width=\"750\" height=\"315\" frameborder=\"0\" allowfullscreen=\"allowfullscreen\"><\/iframe><\/p>\n<p style=\"text-align: center;\">\n<p>\"Unser Acura-Designteam in Los Angeles tr\u00e4umt von der Zukunft der Acura Precision Crafted Performance in der EV-\u00c4ra\", sagte Dave Marek, Acura Executive Creative Director. \"Dieser neueste Ausdruck eines vollelektrischen Hochleistungsmodells inspiriert jeden in unserem Studio, die Grenzen zu erweitern, und wir wollten den Spa\u00df mit unseren Acura-Fans teilen.\"<\/p>\n<p><img fetchpriority=\"high\" decoding=\"async\" data-attachment-id=\"8190\" data-permalink=\"https:\/\/evhnews.com\/de\/2023\/08\/18\/acura-zeigt-auf-der-monterey-car-week-eine-vorschau-auf-die-designstudie-performance-electric-vision\/acura-previews-performance-electric-vision-design-study-at-monterey-car-week-2\/\" data-orig-file=\"https:\/\/evhnews.com\/wp-content\/uploads\/2023\/08\/Acura-Previews-Performance-Electric-Vision-Design-Study-at-Monterey-Car-Week-2-e1692414519924.png\" data-orig-size=\"3500,1969\" data-comments-opened=\"1\" data-image-meta=\"{&quot;aperture&quot;:&quot;0&quot;,&quot;credit&quot;:&quot;&quot;,&quot;camera&quot;:&quot;&quot;,&quot;caption&quot;:&quot;&quot;,&quot;created_timestamp&quot;:&quot;0&quot;,&quot;copyright&quot;:&quot;&quot;,&quot;focal_length&quot;:&quot;0&quot;,&quot;iso&quot;:&quot;0&quot;,&quot;shutter_speed&quot;:&quot;0&quot;,&quot;title&quot;:&quot;&quot;,&quot;orientation&quot;:&quot;0&quot;}\" data-image-title=\"Acura Previews Performance Electric Vision Design Study at Monterey Car Week-2\" data-image-description=\"\" data-image-caption=\"\" data-large-file=\"https:\/\/evhnews.com\/wp-content\/uploads\/2023\/08\/Acura-Previews-Performance-Electric-Vision-Design-Study-at-Monterey-Car-Week-2-1024x576.png\" class=\"size-large wp-image-8190 aligncenter\" src=\"https:\/\/evhnews.com\/wp-content\/uploads\/2023\/08\/Acura-Previews-Performance-Electric-Vision-Design-Study-at-Monterey-Car-Week-2-1024x576.png\" alt=\"\" width=\"640\" height=\"360\" \/><\/p>\n<p><img decoding=\"async\" data-attachment-id=\"8191\" data-permalink=\"https:\/\/evhnews.com\/de\/2023\/08\/18\/acura-zeigt-auf-der-monterey-car-week-eine-vorschau-auf-die-designstudie-performance-electric-vision\/acura-previews-performance-electric-vision-design-study-at-monterey-car-week-3\/\" data-orig-file=\"https:\/\/evhnews.com\/wp-content\/uploads\/2023\/08\/Acura-Previews-Performance-Electric-Vision-Design-Study-at-Monterey-Car-Week-3-e1692414688285.png\" data-orig-size=\"3500,1969\" data-comments-opened=\"1\" data-image-meta=\"{&quot;aperture&quot;:&quot;0&quot;,&quot;credit&quot;:&quot;&quot;,&quot;camera&quot;:&quot;&quot;,&quot;caption&quot;:&quot;&quot;,&quot;created_timestamp&quot;:&quot;0&quot;,&quot;copyright&quot;:&quot;&quot;,&quot;focal_length&quot;:&quot;0&quot;,&quot;iso&quot;:&quot;0&quot;,&quot;shutter_speed&quot;:&quot;0&quot;,&quot;title&quot;:&quot;&quot;,&quot;orientation&quot;:&quot;0&quot;}\" data-image-title=\"Acura Previews Performance Electric Vision Design Study at Monterey Car Week-3\" data-image-description=\"\" data-image-caption=\"\" data-large-file=\"https:\/\/evhnews.com\/wp-content\/uploads\/2023\/08\/Acura-Previews-Performance-Electric-Vision-Design-Study-at-Monterey-Car-Week-3-1024x576.png\" class=\"size-large wp-image-8191 aligncenter\" src=\"https:\/\/evhnews.com\/wp-content\/uploads\/2023\/08\/Acura-Previews-Performance-Electric-Vision-Design-Study-at-Monterey-Car-Week-3-1024x576.png\" alt=\"\" width=\"640\" height=\"360\" \/><br \/>\nDie \u00fcberraschende Enth\u00fcllung folgte auf die Weltpremiere des 2024 ZDX und des ZDX Type S, des ersten vollelektrischen Performance-SUV von Acura, der Anfang n\u00e4chsten Jahres in den Verkauf gehen wird. Acuras unnachgiebiges Engagement f\u00fcr das Markenversprechen \"Precision Crafted Performance\" wird sich auch in der elektrifizierten Zukunft fortsetzen, wie der ZDX 2024 und der ZDX Type S zeigen. Mit gesch\u00e4tzten 500 PS wird der ZDX Type S der st\u00e4rkste und am schnellsten beschleunigende SUV in der Geschichte von Acura sein.<\/p>\n<p>Weitere Details zum vollelektrischen Acura ZDX und ZDX Type S finden Sie hier\u00a0<a href=\"https:\/\/acuranews.com\/en-US\/channels\/acura-zdx\" data-uw-rm-vglnk=\"\" aria-label=\"Weitere Details zum vollelektrischen Acura ZDX und ZDX Type S finden Sie hier\">hier<\/a>.<\/p>\n<p>...Notizen von SP<br \/>\n<img decoding=\"async\" data-attachment-id=\"8029\" data-permalink=\"https:\/\/evhnews.com\/de\/2023\/07\/13\/purity-meets-e-performance-der-neue-vollelektrische-porsche-vision-357-speedster\/evhn-lighting-bolt-logo-square-125\/\" data-orig-file=\"https:\/\/evhnews.com\/wp-content\/uploads\/2023\/07\/EVHN-Lighting-Bolt-Logo-Square-125.jpg\" data-orig-size=\"125,125\" data-comments-opened=\"1\" data-image-meta=\"{&quot;aperture&quot;:&quot;0&quot;,&quot;credit&quot;:&quot;&quot;,&quot;camera&quot;:&quot;&quot;,&quot;caption&quot;:&quot;&quot;,&quot;created_timestamp&quot;:&quot;1575197468&quot;,&quot;copyright&quot;:&quot;&quot;,&quot;focal_length&quot;:&quot;0&quot;,&quot;iso&quot;:&quot;0&quot;,&quot;shutter_speed&quot;:&quot;0&quot;,&quot;title&quot;:&quot;&quot;,&quot;orientation&quot;:&quot;1&quot;}\" data-image-title=\"EVHN Lighting Bolt Logo &amp;#8211; Square &amp;#8211; 125\" data-image-description=\"\" data-image-caption=\"\" data-large-file=\"https:\/\/evhnews.com\/wp-content\/uploads\/2023\/07\/EVHN-Lighting-Bolt-Logo-Square-125.jpg\" class=\"alignleft size-full wp-image-8029\" src=\"https:\/\/evhnews.com\/wp-content\/uploads\/2023\/07\/EVHN-Lighting-Bolt-Logo-Square-125.jpg\" alt=\"\" width=\"125\" height=\"125\" \/><\/p>","protected":false},"excerpt":{"rendered":"<p>Acura again makes Monterey Peninsula the place to share its future product vision Surprise reveal&#8230;<\/p>","protected":false},"author":165558846,"featured_media":8189,"comment_status":"open","ping_status":"open","sticky":false,"template":"","format":"standard","meta":{"_coblocks_attr":"","_coblocks_dimensions":"","_coblocks_responsive_height":"","_coblocks_accordion_ie_support":"","_crdt_document":"","advanced_seo_description":"","jetpack_seo_html_title":"","jetpack_seo_noindex":false,"_jetpack_newsletter_access":"","_jetpack_dont_email_post_to_subs":false,"_jetpack_newsletter_tier_id":0,"_jetpack_memberships_contains_paywalled_content":false,"two_page_speed":[],"_jetpack_memberships_contains_paid_content":false,"footnotes":"","jetpack_publicize_message":"","jetpack_publicize_feature_enabled":true,"jetpack_social_post_already_shared":true,"jetpack_social_options":{"image_generator_settings":{"template":"highway","default_image_id":0,"font":"","enabled":false},"version":2},"_wpas_customize_per_network":false,"jetpack_post_was_ever_published":false},"categories":[688377436],"tags":[],"class_list":["post-8187","post","type-post","status-publish","format-standard","has-post-thumbnail","hentry","category-supercars-electric-cars"],"jetpack_publicize_connections":[],"featured_image_urls":{"full":["https:\/\/evhnews.com\/wp-content\/uploads\/2023\/08\/Acura-Previews-Performance-Electric-Vision-Design-Study-at-Monterey-Car-Week.png",3500,1968,false],"thumbnail":["https:\/\/evhnews.com\/wp-content\/uploads\/2023\/08\/Acura-Previews-Performance-Electric-Vision-Design-Study-at-Monterey-Car-Week-150x150.png?crop=1",150,150,true],"medium":["https:\/\/evhnews.com\/wp-content\/uploads\/2023\/08\/Acura-Previews-Performance-Electric-Vision-Design-Study-at-Monterey-Car-Week-300x169.png",300,169,true],"medium_large":["https:\/\/evhnews.com\/wp-content\/uploads\/2023\/08\/Acura-Previews-Performance-Electric-Vision-Design-Study-at-Monterey-Car-Week-768x432.png",640,360,true],"large":["https:\/\/evhnews.com\/wp-content\/uploads\/2023\/08\/Acura-Previews-Performance-Electric-Vision-Design-Study-at-Monterey-Car-Week-1024x576.png",640,360,true],"1536x1536":["https:\/\/evhnews.com\/wp-content\/uploads\/2023\/08\/Acura-Previews-Performance-Electric-Vision-Design-Study-at-Monterey-Car-Week-1536x864.png",1536,864,true],"2048x2048":["https:\/\/evhnews.com\/wp-content\/uploads\/2023\/08\/Acura-Previews-Performance-Electric-Vision-Design-Study-at-Monterey-Car-Week-2048x1152.png",2048,1152,true],"trp-custom-language-flag":["https:\/\/evhnews.com\/wp-content\/uploads\/2023\/08\/Acura-Previews-Performance-Electric-Vision-Design-Study-at-Monterey-Car-Week.png",18,10,false],"newspack-article-block-landscape-large":["https:\/\/evhnews.com\/wp-content\/uploads\/2023\/08\/Acura-Previews-Performance-Electric-Vision-Design-Study-at-Monterey-Car-Week-1200x900.png?crop=1",1200,900,true],"newspack-article-block-portrait-large":["https:\/\/evhnews.com\/wp-content\/uploads\/2023\/08\/Acura-Previews-Performance-Electric-Vision-Design-Study-at-Monterey-Car-Week-900x1200.png?crop=1",900,1200,true],"newspack-article-block-square-large":["https:\/\/evhnews.com\/wp-content\/uploads\/2023\/08\/Acura-Previews-Performance-Electric-Vision-Design-Study-at-Monterey-Car-Week-1200x1200.png?crop=1",1200,1200,true],"newspack-article-block-landscape-medium":["https:\/\/evhnews.com\/wp-content\/uploads\/2023\/08\/Acura-Previews-Performance-Electric-Vision-Design-Study-at-Monterey-Car-Week-800x600.png?crop=1",800,600,true],"newspack-article-block-portrait-medium":["https:\/\/evhnews.com\/wp-content\/uploads\/2023\/08\/Acura-Previews-Performance-Electric-Vision-Design-Study-at-Monterey-Car-Week-600x800.png?crop=1",600,800,true],"newspack-article-block-square-medium":["https:\/\/evhnews.com\/wp-content\/uploads\/2023\/08\/Acura-Previews-Performance-Electric-Vision-Design-Study-at-Monterey-Car-Week-800x800.png?crop=1",800,800,true],"newspack-article-block-landscape-intermediate":["https:\/\/evhnews.com\/wp-content\/uploads\/2023\/08\/Acura-Previews-Performance-Electric-Vision-Design-Study-at-Monterey-Car-Week.png",600,337,false],"newspack-article-block-portrait-intermediate":["https:\/\/evhnews.com\/wp-content\/uploads\/2023\/08\/Acura-Previews-Performance-Electric-Vision-Design-Study-at-Monterey-Car-Week.png",450,253,false],"newspack-article-block-square-intermediate":["https:\/\/evhnews.com\/wp-content\/uploads\/2023\/08\/Acura-Previews-Performance-Electric-Vision-Design-Study-at-Monterey-Car-Week.png",600,337,false],"newspack-article-block-landscape-small":["https:\/\/evhnews.com\/wp-content\/uploads\/2023\/08\/Acura-Previews-Performance-Electric-Vision-Design-Study-at-Monterey-Car-Week-400x300.png?crop=1",400,300,true],"newspack-article-block-portrait-small":["https:\/\/evhnews.com\/wp-content\/uploads\/2023\/08\/Acura-Previews-Performance-Electric-Vision-Design-Study-at-Monterey-Car-Week-300x400.png?crop=1",300,400,true],"newspack-article-block-square-small":["https:\/\/evhnews.com\/wp-content\/uploads\/2023\/08\/Acura-Previews-Performance-Electric-Vision-Design-Study-at-Monterey-Car-Week-400x400.png?crop=1",400,400,true],"newspack-article-block-landscape-tiny":["https:\/\/evhnews.com\/wp-content\/uploads\/2023\/08\/Acura-Previews-Performance-Electric-Vision-Design-Study-at-Monterey-Car-Week-200x150.png?crop=1",200,150,true],"newspack-article-block-portrait-tiny":["https:\/\/evhnews.com\/wp-content\/uploads\/2023\/08\/Acura-Previews-Performance-Electric-Vision-Design-Study-at-Monterey-Car-Week-150x200.png?crop=1",150,200,true],"newspack-article-block-square-tiny":["https:\/\/evhnews.com\/wp-content\/uploads\/2023\/08\/Acura-Previews-Performance-Electric-Vision-Design-Study-at-Monterey-Car-Week-200x200.png?crop=1",200,200,true],"newspack-article-block-uncropped":["https:\/\/evhnews.com\/wp-content\/uploads\/2023\/08\/Acura-Previews-Performance-Electric-Vision-Design-Study-at-Monterey-Car-Week-1200x675.png",1200,675,true],"enternews-featured":["https:\/\/evhnews.com\/wp-content\/uploads\/2023\/08\/Acura-Previews-Performance-Electric-Vision-Design-Study-at-Monterey-Car-Week-1024x576.png",1024,576,true],"enternews-medium":["https:\/\/evhnews.com\/wp-content\/uploads\/2023\/08\/Acura-Previews-Performance-Electric-Vision-Design-Study-at-Monterey-Car-Week-720x475.png?crop=1",720,475,true],"enternews-thumbnail":["https:\/\/evhnews.com\/wp-content\/uploads\/2023\/08\/Acura-Previews-Performance-Electric-Vision-Design-Study-at-Monterey-Car-Week-480x315.png?crop=1",480,315,true],"tenweb_optimizer_mobile":["https:\/\/evhnews.com\/wp-content\/uploads\/2023\/08\/Acura-Previews-Performance-Electric-Vision-Design-Study-at-Monterey-Car-Week-600x337.png",600,337,true],"tenweb_optimizer_tablet":["https:\/\/evhnews.com\/wp-content\/uploads\/2023\/08\/Acura-Previews-Performance-Electric-Vision-Design-Study-at-Monterey-Car-Week-768x432.png",768,432,true]},"author_info":{"display_name":"EVHNews","author_link":"https:\/\/evhnews.com\/de\/author\/evhnews\/"},"category_info":"<a href=\"https:\/\/evhnews.com\/de\/kategorie\/elektrofahrzeuge\/supersportwagen-elektroautos\/\" rel=\"category tag\">Electric Supercars<\/a>","tag_info":"Electric Supercars","comment_count":"0","jetpack_featured_media_url":"https:\/\/evhnews.com\/wp-content\/uploads\/2023\/08\/Acura-Previews-Performance-Electric-Vision-Design-Study-at-Monterey-Car-Week.png","jetpack_likes_enabled":true,"jetpack_sharing_enabled":true,"jetpack_shortlink":"https:\/\/wp.me\/pbbbdx-283","amp_enabled":true,"_links":{"self":[{"href":"https:\/\/evhnews.com\/de\/wp-json\/wp\/v2\/posts\/8187","targetHints":{"allow":["GET"]}}],"collection":[{"href":"https:\/\/evhnews.com\/de\/wp-json\/wp\/v2\/posts"}],"about":[{"href":"https:\/\/evhnews.com\/de\/wp-json\/wp\/v2\/types\/post"}],"author":[{"embeddable":true,"href":"https:\/\/evhnews.com\/de\/wp-json\/wp\/v2\/users\/165558846"}],"replies":[{"embeddable":true,"href":"https:\/\/evhnews.com\/de\/wp-json\/wp\/v2\/comments?post=8187"}],"version-history":[{"count":4,"href":"https:\/\/evhnews.com\/de\/wp-json\/wp\/v2\/posts\/8187\/revisions"}],"predecessor-version":[{"id":8753,"href":"https:\/\/evhnews.com\/de\/wp-json\/wp\/v2\/posts\/8187\/revisions\/8753"}],"wp:featuredmedia":[{"embeddable":true,"href":"https:\/\/evhnews.com\/de\/wp-json\/wp\/v2\/media\/8189"}],"wp:attachment":[{"href":"https:\/\/evhnews.com\/de\/wp-json\/wp\/v2\/media?parent=8187"}],"wp:term":[{"taxonomy":"category","embeddable":true,"href":"https:\/\/evhnews.com\/de\/wp-json\/wp\/v2\/categories?post=8187"},{"taxonomy":"post_tag","embeddable":true,"href":"https:\/\/evhnews.com\/de\/wp-json\/wp\/v2\/tags?post=8187"}],"curies":[{"name":"wp","href":"https:\/\/api.w.org\/{rel}","templated":true}]}}