{"id":10701,"date":"2024-10-17T18:41:22","date_gmt":"2024-10-18T01:41:22","guid":{"rendered":"https:\/\/evhnews.com\/?p=10701"},"modified":"2024-12-29T12:05:07","modified_gmt":"2024-12-29T20:05:07","slug":"el-porsche-macan-electric-recibe-dos-anos-de-recarga-incluida-electrify-canada","status":"publish","type":"post","link":"https:\/\/evhnews.com\/es\/2024\/10\/17\/el-porsche-macan-electric-recibe-dos-anos-de-recarga-incluida-electrify-canada\/","title":{"rendered":"El Porsche Macan El\u00e9ctrico recibe dos a\u00f1os de recarga incluida de Electrify Canada"},"content":{"rendered":"<ul>\n<li>Los nuevos modelos Macan El\u00e9ctrico vendidos en Canad\u00e1 recibir\u00e1n dos a\u00f1os de sesiones de carga gratuitas de 30 minutos.<\/li>\n<li>Carga ultrarr\u00e1pida e hiperr\u00e1pida a trav\u00e9s de una red en expansi\u00f3n<\/li>\n<li>El precio del Macan El\u00e9ctrico comienza en $94.900, incluyendo la prestaci\u00f3n de recarga.<\/li>\n<\/ul>\n<p><strong>El nuevo Porsche Macan El\u00e9ctrico ya est\u00e1 aqu\u00ed. Todos los clientes canadienses podr\u00e1n disfrutar de dos a\u00f1os de recarga gratuita en Electrify Canada. La bater\u00eda del Porsche Macan El\u00e9ctrico puede cargarse del 10% al 80% en aproximadamente 21 minutos en una estaci\u00f3n de 350 kW, en condiciones ideales.<\/strong><\/p>\n<p>Porsche Cars Canada, Ltd. (PCL) ha anunciado hoy un acuerdo con Electrify Canada, LLC para proporcionar el primer Porsche Macan totalmente el\u00e9ctrico, con dos a\u00f1os de carga gratuita en las estaciones de carga p\u00fablicas de Electrify Canada en todo el pa\u00eds. Este beneficio de carga estar\u00e1 incluido en el precio del nuevo Macan El\u00e9ctrico, que comienza en $94.900 para el Macan, $99.300 para el Macan 4, $106.900 para el Macan 4S, y $125.300 para el Macan Turbo.<\/p>\n<p>Las estaciones de metro y autopista de Electrify Canada, as\u00ed como muchos Centros Porsche, ofrecer\u00e1n carga r\u00e1pida de CC a niveles de potencia de hasta 350 kilovatios. La arquitectura de 800 voltios del Macan El\u00e9ctrico permite una capacidad de carga de CC de hasta 270 kW. La bater\u00eda de alto voltaje puede cargarse del 10% al 80% en unos 21 minutos en una estaci\u00f3n de carga r\u00e1pida adecuada.<\/p>\n<p>\"Cada Porsche es un coche deportivo en su esencia y el nuevo Macan El\u00e9ctrico no es una excepci\u00f3n\", dijo Trevor Arthur, Presidente y CEO de Porsche Cars Canada, Ltd.. \"La creciente red de recarga de Electrify Canada permitir\u00e1 a los propietarios del primer Macan totalmente el\u00e9ctrico experimentar la recarga r\u00e1pida mientras conducen por algunas de las carreteras m\u00e1s emblem\u00e1ticas de Canad\u00e1.\"<\/p>\n<p>Los Porsche Macan El\u00e9ctricos vendidos en Canad\u00e1 dispondr\u00e1n de dos a\u00f1os a partir de la fecha de compra para utilizar las sesiones de carga gratuitas de 30 minutos en las instalaciones de Electrify Canada, sujeto a ciertos t\u00e9rminos y condiciones. Para activar el beneficio de carga, los propietarios pueden inscribirse durante la entrega en los Servicios de Carga Porsche. Adem\u00e1s, los conductores pueden utilizar la aplicaci\u00f3n o la navegaci\u00f3n del veh\u00edculo para localizar las estaciones de carga cercanas, verificar la disponibilidad de los cargadores y navegar hasta las estaciones de carga. La red de recarga nacional est\u00e1 a\u00f1adiendo m\u00e1s de 40 cargadores individuales Hyper-Fast de nueva generaci\u00f3n. La expansi\u00f3n se suma a la red con estaciones espaciadas a lo largo de m\u00faltiples rutas en o cerca de autopistas clave y en las principales \u00e1reas metropolitanas de Columbia Brit\u00e1nica, Alberta, Saskatchewan, Ontario, Quebec, Nuevo Brunswick y Nueva Escocia.<\/p>\n<p>For more information about electric vehicle charging, please visit\u00a0<a href=\"https:\/\/www.electrify-canada.ca\/about-ev-charging\">https:\/\/www.electrify-canada.ca\/about-ev-charging<\/a><\/p>\n<p>&nbsp;<\/p>\n<p>... notas de SP,<\/p>\n<p>#EVHNews, #Porsche, #Electric, #E Charging,<\/p>","protected":false},"excerpt":{"rendered":"<p>New Macan Electric models sold in Canada receive two years of complimentary 30-minute charging sessions&#8230;<\/p>","protected":false},"author":165558846,"featured_media":10703,"comment_status":"open","ping_status":"open","sticky":false,"template":"","format":"standard","meta":{"_coblocks_attr":"","_coblocks_dimensions":"","_coblocks_responsive_height":"","_coblocks_accordion_ie_support":"","_crdt_document":"","advanced_seo_description":"","jetpack_seo_html_title":"","jetpack_seo_noindex":false,"_jetpack_newsletter_access":"","_jetpack_dont_email_post_to_subs":false,"_jetpack_newsletter_tier_id":0,"_jetpack_memberships_contains_paywalled_content":false,"two_page_speed":[],"_jetpack_memberships_contains_paid_content":false,"footnotes":"","jetpack_publicize_message":"","jetpack_publicize_feature_enabled":true,"jetpack_social_post_already_shared":true,"jetpack_social_options":{"image_generator_settings":{"template":"highway","default_image_id":0,"font":"","enabled":false},"version":2},"_wpas_customize_per_network":false,"jetpack_post_was_ever_published":false},"categories":[688324445],"tags":[688387299,688386258,688386225,688386339],"class_list":["post-10701","post","type-post","status-publish","format-standard","has-post-thumbnail","hentry","category-chargers-charging-guide","tag-e-charging","tag-electric","tag-evhnews-2","tag-porsche"],"jetpack_publicize_connections":[],"featured_image_urls":{"full":["https:\/\/evhnews.com\/wp-content\/uploads\/2024\/10\/Porsche-Macan-Electric-Receives-Two-Years-Of-Inclusive-Electrify-Canada-Charging.webp",1920,1080,false],"thumbnail":["https:\/\/evhnews.com\/wp-content\/uploads\/2024\/10\/Porsche-Macan-Electric-Receives-Two-Years-Of-Inclusive-Electrify-Canada-Charging-150x150.jpg?crop=1",150,150,true],"medium":["https:\/\/evhnews.com\/wp-content\/uploads\/2024\/10\/Porsche-Macan-Electric-Receives-Two-Years-Of-Inclusive-Electrify-Canada-Charging-300x169.jpg",300,169,true],"medium_large":["https:\/\/evhnews.com\/wp-content\/uploads\/2024\/10\/Porsche-Macan-Electric-Receives-Two-Years-Of-Inclusive-Electrify-Canada-Charging-768x432.jpg",640,360,true],"large":["https:\/\/evhnews.com\/wp-content\/uploads\/2024\/10\/Porsche-Macan-Electric-Receives-Two-Years-Of-Inclusive-Electrify-Canada-Charging-1024x576.jpg",640,360,true],"1536x1536":["https:\/\/evhnews.com\/wp-content\/uploads\/2024\/10\/Porsche-Macan-Electric-Receives-Two-Years-Of-Inclusive-Electrify-Canada-Charging-1536x864.jpg",1536,864,true],"2048x2048":["https:\/\/evhnews.com\/wp-content\/uploads\/2024\/10\/Porsche-Macan-Electric-Receives-Two-Years-Of-Inclusive-Electrify-Canada-Charging.webp",1920,1080,false],"trp-custom-language-flag":["https:\/\/evhnews.com\/wp-content\/uploads\/2024\/10\/Porsche-Macan-Electric-Receives-Two-Years-Of-Inclusive-Electrify-Canada-Charging-18x10.jpg",18,10,true],"newspack-article-block-landscape-large":["https:\/\/evhnews.com\/wp-content\/uploads\/2024\/10\/Porsche-Macan-Electric-Receives-Two-Years-Of-Inclusive-Electrify-Canada-Charging.webp",1200,675,false],"newspack-article-block-portrait-large":["https:\/\/evhnews.com\/wp-content\/uploads\/2024\/10\/Porsche-Macan-Electric-Receives-Two-Years-Of-Inclusive-Electrify-Canada-Charging.webp",900,506,false],"newspack-article-block-square-large":["https:\/\/evhnews.com\/wp-content\/uploads\/2024\/10\/Porsche-Macan-Electric-Receives-Two-Years-Of-Inclusive-Electrify-Canada-Charging.webp",1200,675,false],"newspack-article-block-landscape-medium":["https:\/\/evhnews.com\/wp-content\/uploads\/2024\/10\/Porsche-Macan-Electric-Receives-Two-Years-Of-Inclusive-Electrify-Canada-Charging.webp",800,450,false],"newspack-article-block-portrait-medium":["https:\/\/evhnews.com\/wp-content\/uploads\/2024\/10\/Porsche-Macan-Electric-Receives-Two-Years-Of-Inclusive-Electrify-Canada-Charging.webp",600,338,false],"newspack-article-block-square-medium":["https:\/\/evhnews.com\/wp-content\/uploads\/2024\/10\/Porsche-Macan-Electric-Receives-Two-Years-Of-Inclusive-Electrify-Canada-Charging.webp",800,450,false],"newspack-article-block-landscape-intermediate":["https:\/\/evhnews.com\/wp-content\/uploads\/2024\/10\/Porsche-Macan-Electric-Receives-Two-Years-Of-Inclusive-Electrify-Canada-Charging.webp",600,338,false],"newspack-article-block-portrait-intermediate":["https:\/\/evhnews.com\/wp-content\/uploads\/2024\/10\/Porsche-Macan-Electric-Receives-Two-Years-Of-Inclusive-Electrify-Canada-Charging.webp",450,253,false],"newspack-article-block-square-intermediate":["https:\/\/evhnews.com\/wp-content\/uploads\/2024\/10\/Porsche-Macan-Electric-Receives-Two-Years-Of-Inclusive-Electrify-Canada-Charging.webp",600,338,false],"newspack-article-block-landscape-small":["https:\/\/evhnews.com\/wp-content\/uploads\/2024\/10\/Porsche-Macan-Electric-Receives-Two-Years-Of-Inclusive-Electrify-Canada-Charging.webp",400,225,false],"newspack-article-block-portrait-small":["https:\/\/evhnews.com\/wp-content\/uploads\/2024\/10\/Porsche-Macan-Electric-Receives-Two-Years-Of-Inclusive-Electrify-Canada-Charging.webp",300,169,false],"newspack-article-block-square-small":["https:\/\/evhnews.com\/wp-content\/uploads\/2024\/10\/Porsche-Macan-Electric-Receives-Two-Years-Of-Inclusive-Electrify-Canada-Charging.webp",400,225,false],"newspack-article-block-landscape-tiny":["https:\/\/evhnews.com\/wp-content\/uploads\/2024\/10\/Porsche-Macan-Electric-Receives-Two-Years-Of-Inclusive-Electrify-Canada-Charging.webp",200,113,false],"newspack-article-block-portrait-tiny":["https:\/\/evhnews.com\/wp-content\/uploads\/2024\/10\/Porsche-Macan-Electric-Receives-Two-Years-Of-Inclusive-Electrify-Canada-Charging.webp",150,84,false],"newspack-article-block-square-tiny":["https:\/\/evhnews.com\/wp-content\/uploads\/2024\/10\/Porsche-Macan-Electric-Receives-Two-Years-Of-Inclusive-Electrify-Canada-Charging.webp",200,113,false],"newspack-article-block-uncropped":["https:\/\/evhnews.com\/wp-content\/uploads\/2024\/10\/Porsche-Macan-Electric-Receives-Two-Years-Of-Inclusive-Electrify-Canada-Charging.webp",1200,675,false],"enternews-featured":["https:\/\/evhnews.com\/wp-content\/uploads\/2024\/10\/Porsche-Macan-Electric-Receives-Two-Years-Of-Inclusive-Electrify-Canada-Charging-1024x576.jpg",1024,576,true],"enternews-medium":["https:\/\/evhnews.com\/wp-content\/uploads\/2024\/10\/Porsche-Macan-Electric-Receives-Two-Years-Of-Inclusive-Electrify-Canada-Charging-720x475.jpg?crop=1",720,475,true],"enternews-thumbnail":["https:\/\/evhnews.com\/wp-content\/uploads\/2024\/10\/Porsche-Macan-Electric-Receives-Two-Years-Of-Inclusive-Electrify-Canada-Charging-480x315.jpg?crop=1",480,315,true],"tenweb_optimizer_mobile":["https:\/\/evhnews.com\/wp-content\/uploads\/2024\/10\/Porsche-Macan-Electric-Receives-Two-Years-Of-Inclusive-Electrify-Canada-Charging-600x338.jpg",600,338,true],"tenweb_optimizer_tablet":["https:\/\/evhnews.com\/wp-content\/uploads\/2024\/10\/Porsche-Macan-Electric-Receives-Two-Years-Of-Inclusive-Electrify-Canada-Charging-768x432.jpg",768,432,true]},"author_info":{"display_name":"EVHNews","author_link":"https:\/\/evhnews.com\/es\/author\/evhnews\/"},"category_info":"<a href=\"https:\/\/evhnews.com\/es\/category\/cargadores-guia-de-carga\/\" rel=\"category tag\">Chargers &amp; Charging<\/a>","tag_info":"Chargers &amp; Charging","comment_count":"0","jetpack_featured_media_url":"https:\/\/evhnews.com\/wp-content\/uploads\/2024\/10\/Porsche-Macan-Electric-Receives-Two-Years-Of-Inclusive-Electrify-Canada-Charging.webp","jetpack_likes_enabled":true,"jetpack_sharing_enabled":true,"jetpack_shortlink":"https:\/\/wp.me\/pbbbdx-2MB","amp_enabled":true,"_links":{"self":[{"href":"https:\/\/evhnews.com\/es\/wp-json\/wp\/v2\/posts\/10701","targetHints":{"allow":["GET"]}}],"collection":[{"href":"https:\/\/evhnews.com\/es\/wp-json\/wp\/v2\/posts"}],"about":[{"href":"https:\/\/evhnews.com\/es\/wp-json\/wp\/v2\/types\/post"}],"author":[{"embeddable":true,"href":"https:\/\/evhnews.com\/es\/wp-json\/wp\/v2\/users\/165558846"}],"replies":[{"embeddable":true,"href":"https:\/\/evhnews.com\/es\/wp-json\/wp\/v2\/comments?post=10701"}],"version-history":[{"count":3,"href":"https:\/\/evhnews.com\/es\/wp-json\/wp\/v2\/posts\/10701\/revisions"}],"predecessor-version":[{"id":11301,"href":"https:\/\/evhnews.com\/es\/wp-json\/wp\/v2\/posts\/10701\/revisions\/11301"}],"wp:featuredmedia":[{"embeddable":true,"href":"https:\/\/evhnews.com\/es\/wp-json\/wp\/v2\/media\/10703"}],"wp:attachment":[{"href":"https:\/\/evhnews.com\/es\/wp-json\/wp\/v2\/media?parent=10701"}],"wp:term":[{"taxonomy":"category","embeddable":true,"href":"https:\/\/evhnews.com\/es\/wp-json\/wp\/v2\/categories?post=10701"},{"taxonomy":"post_tag","embeddable":true,"href":"https:\/\/evhnews.com\/es\/wp-json\/wp\/v2\/tags?post=10701"}],"curies":[{"name":"wp","href":"https:\/\/api.w.org\/{rel}","templated":true}]}}