{"id":10705,"date":"2024-10-17T18:56:20","date_gmt":"2024-10-18T01:56:20","guid":{"rendered":"https:\/\/evhnews.com\/?p=10705"},"modified":"2024-10-17T18:56:20","modified_gmt":"2024-10-18T01:56:20","slug":"linea-de-modelos-mercedes-benz-2025-equilibrio-optimo-de-las-actualizaciones-de-eficiencia-electrica","status":"publish","type":"post","link":"https:\/\/evhnews.com\/es\/2024\/10\/17\/linea-de-modelos-mercedes-benz-2025-equilibrio-optimo-de-las-actualizaciones-de-eficiencia-electrica\/","title":{"rendered":"La l\u00ednea de modelos Mercedes-Benz 2025 optimiza el equilibrio de las actualizaciones de eficiencia el\u00e9ctrica"},"content":{"rendered":"<p><strong>Aspectos destacados del lanzamiento del modelo 2025<\/strong><\/p>\n<table width=\"945\">\n<tbody>\n<tr>\n<td>\n<ul>\n<li>Mercedes-Benz GLC 350e 4MATIC<\/li>\n<\/ul>\n<\/td>\n<td>ya disponible en los concesionarios de EE.UU.<\/td>\n<\/tr>\n<tr>\n<td>\n<ul>\n<li>Mercedes-Benz GLE 450 4MATIC Coup\u00e9<\/li>\n<\/ul>\n<\/td>\n<td>ya disponible en los concesionarios de EE.UU.<\/td>\n<\/tr>\n<tr>\n<td>\n<ul>\n<li>Mercedes-Benz G 550<\/li>\n<\/ul>\n<\/td>\n<td>ya disponible en los concesionarios de EE.UU.<\/td>\n<\/tr>\n<tr>\n<td>\n<ul>\n<li>Mercedes-AMG CLE 53 Cabriolet<\/li>\n<\/ul>\n<\/td>\n<td>llega a los concesionarios de EE.UU. en 2024<\/td>\n<\/tr>\n<tr>\n<td>\n<ul>\n<li>Mercedes-AMG GLC 63 S E PERFORMANCE<\/li>\n<\/ul>\n<\/td>\n<td>llega a los concesionarios de EE.UU. en 2024<\/td>\n<\/tr>\n<tr>\n<td>\n<ul>\n<li>Mercedes-AMG E 53 HYBRID<\/li>\n<\/ul>\n<\/td>\n<td>llega a los concesionarios de EE.UU. en 2024<\/td>\n<\/tr>\n<tr>\n<td>\n<ul>\n<li>Mercedes-Benz G 580 con tecnolog\u00eda EQ<\/li>\n<\/ul>\n<\/td>\n<td>llega a los concesionarios de EE.UU. en 2024<\/td>\n<\/tr>\n<tr>\n<td>\n<ul>\n<li>Mercedes-AMG G 63<\/li>\n<\/ul>\n<\/td>\n<td>llega a los concesionarios de EE.UU. en 2024<\/td>\n<\/tr>\n<tr>\n<td>\n<ul>\n<li>Mercedes-AMG GT 63 S E PERFORMANCE<\/li>\n<\/ul>\n<\/td>\n<td>llega a los concesionarios de EE.UU. en 2024<\/td>\n<\/tr>\n<tr>\n<td>\n<ul>\n<li>Mercedes-Benz EQE Berlina<\/li>\n<\/ul>\n<\/td>\n<td>llega a los concesionarios de EE.UU. en el primer semestre de 2025<\/td>\n<\/tr>\n<tr>\n<td>\n<ul>\n<li>Mercedes-Benz EQS Berlina<\/li>\n<\/ul>\n<\/td>\n<td>llega a los concesionarios de EE.UU. en el primer semestre de 2025<\/td>\n<\/tr>\n<tr>\n<td>\n<ul>\n<li>Mercedes-AMG GT 63 PRO 4MATIC+.<\/li>\n<\/ul>\n<\/td>\n<td>llega a los concesionarios de EE.UU. en el primer semestre de 2025<\/td>\n<\/tr>\n<\/tbody>\n<\/table>\n<p>&nbsp;<\/p>\n<h5 style=\"text-align: center;\"><img fetchpriority=\"high\" decoding=\"async\" data-attachment-id=\"10708\" data-permalink=\"https:\/\/evhnews.com\/es\/2024\/10\/17\/linea-de-modelos-mercedes-benz-2025-equilibrio-optimo-de-las-actualizaciones-de-eficiencia-electrica\/2025-mercedes-benz-model-line-optimum-balance-of-electric-efficiency-updates-2025mercedes-benz-eqs-sedan-europeanmodelshown\/\" data-orig-file=\"https:\/\/evhnews.com\/wp-content\/uploads\/2024\/10\/2025-Mercedes-Benz-Model-Line-Optimum-Balance-Of-Electric-Efficiency-Updates-2025Mercedes-Benz-EQS-Sedan-Europeanmodelshown.webp\" data-orig-size=\"1920,1280\" data-comments-opened=\"1\" data-image-meta=\"{&quot;aperture&quot;:&quot;0&quot;,&quot;credit&quot;:&quot;&quot;,&quot;camera&quot;:&quot;&quot;,&quot;caption&quot;:&quot;&quot;,&quot;created_timestamp&quot;:&quot;0&quot;,&quot;copyright&quot;:&quot;&quot;,&quot;focal_length&quot;:&quot;0&quot;,&quot;iso&quot;:&quot;0&quot;,&quot;shutter_speed&quot;:&quot;0&quot;,&quot;title&quot;:&quot;&quot;,&quot;orientation&quot;:&quot;0&quot;}\" data-image-title=\"2025 Mercedes-Benz Model Line Optimum Balance Of Electric Efficiency Updates 2025Mercedes-Benz EQS Sedan Europeanmodelshown\" data-image-description=\"\" data-image-caption=\"\" data-large-file=\"https:\/\/evhnews.com\/wp-content\/uploads\/2024\/10\/2025-Mercedes-Benz-Model-Line-Optimum-Balance-Of-Electric-Efficiency-Updates-2025Mercedes-Benz-EQS-Sedan-Europeanmodelshown-1024x683.jpg\" class=\"aligncenter size-large wp-image-10708\" src=\"https:\/\/evhnews.com\/wp-content\/uploads\/2024\/10\/2025-Mercedes-Benz-Model-Line-Optimum-Balance-Of-Electric-Efficiency-Updates-2025Mercedes-Benz-EQS-Sedan-Europeanmodelshown-1024x683.jpg\" alt=\"\" width=\"640\" height=\"427\" srcset=\"https:\/\/evhnews.com\/wp-content\/uploads\/2024\/10\/2025-Mercedes-Benz-Model-Line-Optimum-Balance-Of-Electric-Efficiency-Updates-2025Mercedes-Benz-EQS-Sedan-Europeanmodelshown-1024x683.jpg 1024w, https:\/\/evhnews.com\/wp-content\/uploads\/2024\/10\/2025-Mercedes-Benz-Model-Line-Optimum-Balance-Of-Electric-Efficiency-Updates-2025Mercedes-Benz-EQS-Sedan-Europeanmodelshown-300x200.jpg 300w, https:\/\/evhnews.com\/wp-content\/uploads\/2024\/10\/2025-Mercedes-Benz-Model-Line-Optimum-Balance-Of-Electric-Efficiency-Updates-2025Mercedes-Benz-EQS-Sedan-Europeanmodelshown-768x512.jpg 768w, https:\/\/evhnews.com\/wp-content\/uploads\/2024\/10\/2025-Mercedes-Benz-Model-Line-Optimum-Balance-Of-Electric-Efficiency-Updates-2025Mercedes-Benz-EQS-Sedan-Europeanmodelshown-1536x1024.jpg 1536w, https:\/\/evhnews.com\/wp-content\/uploads\/2024\/10\/2025-Mercedes-Benz-Model-Line-Optimum-Balance-Of-Electric-Efficiency-Updates-2025Mercedes-Benz-EQS-Sedan-Europeanmodelshown-2048x1365.jpg 2048w, https:\/\/evhnews.com\/wp-content\/uploads\/2024\/10\/2025-Mercedes-Benz-Model-Line-Optimum-Balance-Of-Electric-Efficiency-Updates-2025Mercedes-Benz-EQS-Sedan-Europeanmodelshown-18x12.jpg 18w, https:\/\/evhnews.com\/wp-content\/uploads\/2024\/10\/2025-Mercedes-Benz-Model-Line-Optimum-Balance-Of-Electric-Efficiency-Updates-2025Mercedes-Benz-EQS-Sedan-Europeanmodelshown-600x400.jpg 600w, https:\/\/evhnews.com\/wp-content\/uploads\/2024\/10\/2025-Mercedes-Benz-Model-Line-Optimum-Balance-Of-Electric-Efficiency-Updates-2025Mercedes-Benz-EQS-Sedan-Europeanmodelshown.webp 1920w\" sizes=\"(max-width: 640px) 100vw, 640px\" \/><br \/>\n<img decoding=\"async\" data-attachment-id=\"10710\" data-permalink=\"https:\/\/evhnews.com\/es\/2024\/10\/17\/linea-de-modelos-mercedes-benz-2025-equilibrio-optimo-de-las-actualizaciones-de-eficiencia-electrica\/2025-mercedes-benz-model-line-optimum-balance-of-electric-efficiency-updates-2025mercedes-benzglc350e-4matic-suv-europeanmodelshown\/\" data-orig-file=\"https:\/\/evhnews.com\/wp-content\/uploads\/2024\/10\/2025-Mercedes-Benz-Model-Line-Optimum-Balance-Of-Electric-Efficiency-Updates-2025Mercedes-BenzGLC350e-4MATIC-SUV-Europeanmodelshown.webp\" data-orig-size=\"1920,1273\" data-comments-opened=\"1\" data-image-meta=\"{&quot;aperture&quot;:&quot;0&quot;,&quot;credit&quot;:&quot;&quot;,&quot;camera&quot;:&quot;&quot;,&quot;caption&quot;:&quot;&quot;,&quot;created_timestamp&quot;:&quot;0&quot;,&quot;copyright&quot;:&quot;&quot;,&quot;focal_length&quot;:&quot;0&quot;,&quot;iso&quot;:&quot;0&quot;,&quot;shutter_speed&quot;:&quot;0&quot;,&quot;title&quot;:&quot;&quot;,&quot;orientation&quot;:&quot;0&quot;}\" data-image-title=\"2025 Mercedes-Benz Model Line Optimum Balance Of Electric Efficiency Updates 2025Mercedes-BenzGLC350e 4MATIC SUV Europeanmodelshown\" data-image-description=\"\" data-image-caption=\"\" data-large-file=\"https:\/\/evhnews.com\/wp-content\/uploads\/2024\/10\/2025-Mercedes-Benz-Model-Line-Optimum-Balance-Of-Electric-Efficiency-Updates-2025Mercedes-BenzGLC350e-4MATIC-SUV-Europeanmodelshown-1024x679.jpg\" class=\"aligncenter size-large wp-image-10710\" src=\"https:\/\/evhnews.com\/wp-content\/uploads\/2024\/10\/2025-Mercedes-Benz-Model-Line-Optimum-Balance-Of-Electric-Efficiency-Updates-2025Mercedes-BenzGLC350e-4MATIC-SUV-Europeanmodelshown-1024x679.jpg\" alt=\"\" width=\"640\" height=\"424\" srcset=\"https:\/\/evhnews.com\/wp-content\/uploads\/2024\/10\/2025-Mercedes-Benz-Model-Line-Optimum-Balance-Of-Electric-Efficiency-Updates-2025Mercedes-BenzGLC350e-4MATIC-SUV-Europeanmodelshown-1024x679.jpg 1024w, https:\/\/evhnews.com\/wp-content\/uploads\/2024\/10\/2025-Mercedes-Benz-Model-Line-Optimum-Balance-Of-Electric-Efficiency-Updates-2025Mercedes-BenzGLC350e-4MATIC-SUV-Europeanmodelshown-300x199.jpg 300w, https:\/\/evhnews.com\/wp-content\/uploads\/2024\/10\/2025-Mercedes-Benz-Model-Line-Optimum-Balance-Of-Electric-Efficiency-Updates-2025Mercedes-BenzGLC350e-4MATIC-SUV-Europeanmodelshown-768x509.jpg 768w, https:\/\/evhnews.com\/wp-content\/uploads\/2024\/10\/2025-Mercedes-Benz-Model-Line-Optimum-Balance-Of-Electric-Efficiency-Updates-2025Mercedes-BenzGLC350e-4MATIC-SUV-Europeanmodelshown-1536x1019.jpg 1536w, https:\/\/evhnews.com\/wp-content\/uploads\/2024\/10\/2025-Mercedes-Benz-Model-Line-Optimum-Balance-Of-Electric-Efficiency-Updates-2025Mercedes-BenzGLC350e-4MATIC-SUV-Europeanmodelshown-2048x1358.jpg 2048w, https:\/\/evhnews.com\/wp-content\/uploads\/2024\/10\/2025-Mercedes-Benz-Model-Line-Optimum-Balance-Of-Electric-Efficiency-Updates-2025Mercedes-BenzGLC350e-4MATIC-SUV-Europeanmodelshown-18x12.jpg 18w, https:\/\/evhnews.com\/wp-content\/uploads\/2024\/10\/2025-Mercedes-Benz-Model-Line-Optimum-Balance-Of-Electric-Efficiency-Updates-2025Mercedes-BenzGLC350e-4MATIC-SUV-Europeanmodelshown-600x398.jpg 600w, https:\/\/evhnews.com\/wp-content\/uploads\/2024\/10\/2025-Mercedes-Benz-Model-Line-Optimum-Balance-Of-Electric-Efficiency-Updates-2025Mercedes-BenzGLC350e-4MATIC-SUV-Europeanmodelshown.webp 1920w\" sizes=\"(max-width: 640px) 100vw, 640px\" \/><br \/>\nImage Credit: Mercedes Benz Media<\/h5>\n<p>&nbsp;<\/p>\n<p><strong>Novedades<\/strong><\/p>\n<p>El nuevo SUV Mercedes-Benz GLC 350e 4MATIC ofrece el equilibrio \u00f3ptimo entre eficiencia el\u00e9ctrica y autonom\u00eda extendida para viajes m\u00e1s largos. Ofrece una experiencia de conducci\u00f3n el\u00e9ctrica excepcional con la mejor autonom\u00eda el\u00e9ctrica EPA del segmento de hasta 54 millas. El generoso equipamiento de serie incluye suspensi\u00f3n neum\u00e1tica trasera autonivelante, infoentretenimiento MBUX (Mercedes-Benz User Experience) de tercera generaci\u00f3n con la nueva funci\u00f3n Routines, y mucho m\u00e1s.<\/p>\n<p>Totalmente nuevo para 2025, el AMG E 53 HYBRID es el \u00faltimo modelo h\u00edbrido enchufable de Mercedes-AMG, que combina unas prestaciones extraordinarias y un atractivo dinamismo de conducci\u00f3n con eficiencia el\u00e9ctrica. El motor turboalimentado de seis cilindros en l\u00ednea y 3,0 litros con tecnolog\u00eda AMG y el motor el\u00e9ctrico s\u00edncrono de excitaci\u00f3n permanente generan una potencia combinada de 577 CV (604 CV con RACE START).<\/p>\n<p>Mercedes-AMG ampl\u00eda su gama de h\u00edbridos E PERFORMANCE con el nuevo SUV AMG GLC 63 S E PERFORMANCE y el coup\u00e9 AMG GLC 63 S E PERFORMANCE. La cadena cinem\u00e1tica h\u00edbrida exclusiva de AMG en ambas variantes combina un motor turboalimentado artesanal AMG de 2,0 litros con una unidad de propulsi\u00f3n el\u00e9ctrica en el eje trasero para ofrecer una impresionante potencia combinada del sistema de 671 CV y un par motor combinado del sistema de 752 lb-pie.<sup>1<\/sup>.<\/p>\n<p>Para 2025, la gama AMG GT crece con la introducci\u00f3n de tres nuevos modelos. El nuevo AMG GT 43 incorpora un ligero motor turboalimentado AMG de 2,0 litros fabricado artesanalmente en combinaci\u00f3n con la tracci\u00f3n trasera para ofrecer una experiencia de conducci\u00f3n altamente din\u00e1mica. El AMG GT 63 PRO 4MATIC+ ofrece una experiencia de conducci\u00f3n a\u00fan m\u00e1s deportiva, con una respuesta \u00e1gil y un mayor rendimiento general. El aumento de potencia, la puesta a punto aerodin\u00e1mica y la refrigeraci\u00f3n mejorada contribuyen al excepcional dinamismo de conducci\u00f3n del coup\u00e9 y a sus tiempos por vuelta m\u00e1s r\u00e1pidos en circuito. La potente propulsi\u00f3n h\u00edbrida E PERFORMANCE del nuevo AMG GT 63 S E PERFORMANCE permite la aceleraci\u00f3n m\u00e1s r\u00e1pida de todos los modelos AMG de serie actuales: de 0 a 100 km\/h en s\u00f3lo 2,7 segundos.<\/p>\n<p>El nuevo Mercedes-AMG CLE 53 Cabriolet es el segundo modelo deportivo descapotable de Mercedes-AMG. Ofrece un interior espacioso y un amplio equipamiento de serie, que incluye AIRCAP\u00ae, AIRSCARF\u00ae y direcci\u00f3n activa del eje trasero. El motor de seis cilindros en l\u00ednea y 3,0 litros mejorado por AMG produce 443 CV y 413 lb-pie de par (443 lb-pie en overboost hasta 10 segundos) gracias a un turbocompresor de gases de escape y un compresor auxiliar el\u00e9ctrico.<\/p>\n<p>La nueva generaci\u00f3n de la Clase G de Mercedes-Benz refuerza su posici\u00f3n de liderazgo entre los todoterreno de lujo. El nuevo Mercedes-Benz G 580 con tecnolog\u00eda EQ es el primer modelo de la Clase G totalmente el\u00e9ctrico. Representa una fusi\u00f3n \u00fanica de tradici\u00f3n y tecnolog\u00eda progresiva con un robusto dise\u00f1o de bastidor en escalera, cuatro motores el\u00e9ctricos controlados individualmente situados cerca de las ruedas, reducci\u00f3n de marchas todoterreno seleccionable LOW RANGE, suspensi\u00f3n delantera independiente y eje trasero macizo. El G 550 tambi\u00e9n impresiona por su rendimiento y eficiencia mejorados gracias a una nueva cadena cinem\u00e1tica electrificada, mayor confort, tecnolog\u00eda mejorada y sistemas de asistencia al conductor ampliados.<\/p>\n<p>El nuevo Mercedes-AMG G 63 tambi\u00e9n introduce numerosas novedades y actualizaciones. El motor AMG 4.0L V8 biturbo artesanal est\u00e1 electrificado con un generador de arranque integrado (ISG) de 48 voltios para aumentar las prestaciones y reducir el consumo de combustible. El nuevo tren de rodaje opcional AMG ACTIVE RIDE CONTROL, disponible en el paquete AMG Performance y en el paquete AMG Offroad PRO, proporciona una maniobrabilidad y un confort excepcionales y mejora la articulaci\u00f3n de las ruedas. Adem\u00e1s, el AMG G 63 se beneficia de otras actualizaciones en toda la serie de modelos de la Clase G, incluido el sistema de infoentretenimiento MBUX.<\/p>\n<p>Mercedes-Benz sigue desarrollando el EQS Sed\u00e1n y su cartera de veh\u00edculos totalmente el\u00e9ctricos con nuevas actualizaciones e innovaciones incorporadas m\u00e1s r\u00e1pidamente que nunca. Para el modelo del a\u00f1o 2025, el EQS Sed\u00e1n introduce numerosas mejoras con una nueva bater\u00eda de mayor tama\u00f1o para aumentar la autonom\u00eda el\u00e9ctrica, un nuevo software de frenado regenerativo para una mayor recuperaci\u00f3n de energ\u00eda, un refinado salpicadero delantero con un nuevo dise\u00f1o de la parrilla y la estrella de Mercedes-Benz en el cap\u00f3, as\u00ed como nuevos equipamientos de serie y opcionales para mejorar el confort de los pasajeros traseros.<\/p>\n<p>Los clientes que adquieran un nuevo veh\u00edculo el\u00e9ctrico de bater\u00eda modelo 2025 recibir\u00e1n una nueva oferta de recarga: la posibilidad de elegir entre un cr\u00e9dito de $1.000 en su cuenta Mercedes me Charge o un Mercedes-Benz Home Wallbox. La red Mercedes me Charge integra m\u00e1s de 85.000 estaciones de carga de CA y CC en todo EE.UU. y est\u00e1 en continua expansi\u00f3n para ofrecer a los clientes una plataforma \u00fanica de acceso a los cargadores p\u00fablicos. La nueva oferta tiene en cuenta las preferencias y necesidades individuales de carga de los clientes para garantizar que disfruten de la experiencia de carga m\u00e1s fluida en casa o fuera de ella.<\/p>\n<p>Los clientes de los nuevos veh\u00edculos el\u00e9ctricos de bater\u00eda modelo 2025 tambi\u00e9n recibir\u00e1n dos a\u00f1os de recarga gratuita en la red de recarga de alta potencia de Mercedes-Benz.\u00a0<a href=\"https:\/\/www.mbusa.com\/content\/dam\/mb-nafta\/us\/mercedes-me-charge\/MY25%20MBUSA%20Electric%20Charging%20Offer%20Terms.pdf\">Se aplican las condiciones generales<\/a>.<\/p>\n<p><strong>CLA Coup\u00e9<\/strong><\/p>\n<p><strong>Destacados para MY25<\/strong><\/p>\n<ul>\n<li>C\u00e1mara de 360 grados Surround View System ahora tambi\u00e9n disponible como opci\u00f3n independiente<\/li>\n<\/ul>\n<p><strong>Actualizaciones AMG CLA<\/strong><\/p>\n<ul>\n<li>El Mercedes-AMG CLA regresa para el MY25 sin cambios de equipamiento<\/li>\n<\/ul>\n<p><strong>Clase C Berlina<\/strong><\/p>\n<p><strong>Destacados para MY25<\/strong><\/p>\n<ul>\n<li>El nuevo equipamiento de serie incluye el sistema de infoentretenimiento MBUX de tercera generaci\u00f3n, airbag central entre los asientos delanteros y m\u00f3dulo de comunicaciones 5G<\/li>\n<li>Incorporaci\u00f3n de MANUFAKTUR Gris Alpino a la paleta de colores exteriores<\/li>\n<li>Nueva tapicer\u00eda opcional de cuero Nappa Negro y cuero Nappa Marr\u00f3n Siena<\/li>\n<li>Volante MB-Tex disponible para un interior sin animales cuando se pide con tapicer\u00eda interior MB-Tex.<\/li>\n<\/ul>\n<p><strong>Actualizaciones de la Clase C AMG<\/strong><\/p>\n<ul>\n<li>Sistema de infoentretenimiento MBUX de tercera generaci\u00f3n, airbag central entre los asientos delanteros y m\u00f3dulo de comunicaciones 5G introducidos como equipamiento de serie.<\/li>\n<li>La potencia del motor del AMG C 43 se eleva a 416 CV (+14 CV)<\/li>\n<li>Nuevo sistema de frenos cer\u00e1micos de alto rendimiento AMG opcional para el AMG C 63 S E PERFORMANCE<\/li>\n<\/ul>\n<p><strong>CLE Coup\u00e9<\/strong><\/p>\n<p><strong>Destacados para MY25<\/strong><\/p>\n<ul>\n<li>Nueva pintura Amarillo Sol entre los 11 colores exteriores disponibles<\/li>\n<li>Volante MB-Tex opcional para un interior sin animales cuando tambi\u00e9n est\u00e1 equipado con tapicer\u00eda interior MB-Tex.<\/li>\n<\/ul>\n<p><strong>AMG CLE Actualizaciones<\/strong><\/p>\n<ul>\n<li>Nuevas llantas forjadas AMG Cross-Spoke de 20 pulgadas en acabados gris y negro.<\/li>\n<li>Ampliaci\u00f3n de la gama de pinturas exteriores con el nuevo Amarillo Sol<\/li>\n<li>El volante MB-Tex disponible permite un interior sin animales cuando se elige con tapicer\u00eda interior MB-Tex.<\/li>\n<\/ul>\n<p><strong>CLE Cabriolet<\/strong><\/p>\n<p><strong>Destacados para MY25<\/strong><\/p>\n<ul>\n<li>Nueva pintura Amarillo Sol<\/li>\n<li>Volante MB-Tex disponible para un interior sin animales cuando se especifica con tapicer\u00eda interior MB-Tex.<\/li>\n<\/ul>\n<p><strong>AMG CLE Actualizaciones<\/strong><\/p>\n<ul>\n<li>Se presenta el nuevo AMG CLE 53 Cabriolet, que combina las prestaciones caracter\u00edsticas de AMG con el placer de conducir descapotado.\n<ul>\n<li>Equipamiento de serie destacado:\n<ul>\n<li>Motor de seis cilindros en l\u00ednea mejorado AMG con turbocompresor de gases de escape, compresor auxiliar el\u00e9ctrico y sistema h\u00edbrido suave de 48 voltios.<\/li>\n<li>Tracci\u00f3n total AMG Performance 4MATIC+ totalmente variable<\/li>\n<li>Suspensi\u00f3n AMG RIDE CONTROL<\/li>\n<li>Direcci\u00f3n activa del eje trasero<\/li>\n<li>Capota ac\u00fastica con amplio aislamiento<\/li>\n<li>Sistema deflector de viento el\u00e9ctrico AIRCAP<\/li>\n<li>AIRSCARF\u00ae con calefacci\u00f3n y ventilaci\u00f3n a la altura del cuello<\/li>\n<li>Sistema de sonido envolvente 3D Burmester<\/li>\n<\/ul>\n<\/li>\n<li>Equipamiento opcional destacado:\n<ul>\n<li>El paquete AMG DYNAMIC PLUS incluye un equipamiento din\u00e1mico ampliado para una experiencia de conducci\u00f3n a\u00fan m\u00e1s atractiva.<\/li>\n<li>M\u00faltiples paquetes de dise\u00f1o exterior, incluido el paquete AMG Performance Studio<\/li>\n<li>Cuatro llantas opcionales de 20 pulgadas<\/li>\n<\/ul>\n<\/li>\n<\/ul>\n<\/li>\n<\/ul>\n<p><strong>Clase E Berlina<\/strong><\/p>\n<p><strong>Destacados para MY25<\/strong><\/p>\n<ul>\n<li>Presentaci\u00f3n del nuevo E 350 Sed\u00e1n (tracci\u00f3n trasera)<\/li>\n<li>El generoso equipamiento de serie ahora tambi\u00e9n incluye airbag central entre los asientos delanteros<\/li>\n<li>Nueva pintura opcional MANUFAKTUR Rojo Patagonia<\/li>\n<li>Volante MB-Tex disponible para un interior sin animales cuando se elige con tapicer\u00eda interior MB-Tex.<\/li>\n<\/ul>\n<p><strong>Actualizaciones de la Clase E AMG<\/strong><\/p>\n<ul>\n<li>El nuevo AMG E 53 HYBRID ofrece unas prestaciones extraordinarias, una din\u00e1mica de conducci\u00f3n atractiva y eficiencia el\u00e9ctrica.\n<ul>\n<li>Caracter\u00edsticas est\u00e1ndar destacadas:\n<ul>\n<li>El motor turboalimentado de 3.0 litros y seis cilindros en l\u00ednea mejorado por AMG y el motor el\u00e9ctrico producen una potencia combinada de 577 CV (604 CV con RACE START).<\/li>\n<li>Motor el\u00e9ctrico de 161 CV y bater\u00eda de 400 voltios y 28,6 kWh<\/li>\n<li>Siete programas de conducci\u00f3n AMG DYNAMIC SELECT, incluidos \"El\u00e9ctrico\" y \"Battery Hold\".<\/li>\n<li>Tracci\u00f3n total AMG Performance 4MATIC+ totalmente variable<\/li>\n<li>Suspensi\u00f3n de muelles de acero AMG RIDE CONTROL con amortiguaci\u00f3n regulable adaptativa<\/li>\n<li>Direcci\u00f3n activa del eje trasero<\/li>\n<\/ul>\n<\/li>\n<li>Equipamiento opcional destacado:\n<ul>\n<li>Paquete AMG DYNAMIC PLUS<\/li>\n<li>Paquete MBUX Superscreen<\/li>\n<li>Dise\u00f1os de llantas de 20 y 21 pulgadas<\/li>\n<\/ul>\n<\/li>\n<li>El exclusivo modelo \"Edici\u00f3n 1\" presenta elementos de dise\u00f1o \u00fanicos y un amplio equipamiento<\/li>\n<\/ul>\n<\/li>\n<\/ul>\n<p><strong>Clase E Todoterreno<\/strong><\/p>\n<p><strong>Destacados para MY25<\/strong><\/p>\n<ul>\n<li>Airbag central entre los asientos delanteros incluido de serie<\/li>\n<li>El volante MB-Tex opcional permite un interior sin animales cuando se combina con la tapicer\u00eda interior MB-Tex.<\/li>\n<li>Nuevo MANUFAKTUR Rojo Patagonia entre los tonos exteriores disponibles<\/li>\n<\/ul>\n<p><strong>JCA SUV<\/strong><\/p>\n<p><strong>Destacados para MY25<\/strong><\/p>\n<ul>\n<li>Nuevo acabado opcional Exclusive con c\u00e1mara de 360 grados Surround View System, sistema de sonido envolvente Burmester\u00ae con Dolby Atmos, Guard 360\u00b0 y asientos delanteros calefactados.<\/li>\n<li>Nuevo Paquete de Dise\u00f1o EQB con elementos exclusivos de dise\u00f1o exterior e interior, incluida la exclusiva tapicer\u00eda bitono MB-Tex Gris Titanio Perlado con inserciones de tejido Cupertino Oro Rosa.<\/li>\n<li>Disponible pintura MANUFAKTUR Gris Monta\u00f1a Magno<\/li>\n<li>Dos nuevas llantas opcionales de 18 y 20 pulgadas<\/li>\n<\/ul>\n<p><strong>EQE Berlina<\/strong><\/p>\n<p><strong>Destacados para MY25<\/strong><\/p>\n<ul>\n<li>Bater\u00eda totalmente nueva con celdas actualizadas para mejorar la autonom\u00eda el\u00e9ctrica.\n<ul>\n<li>Los modelos EQE 350+ y EQE 500 4MATIC est\u00e1n equipados con una bater\u00eda de 96 kWh.<\/li>\n<li>El EQE 350 4MATIC est\u00e1 equipado con una bater\u00eda de 90,6 kWh.<\/li>\n<\/ul>\n<\/li>\n<li>Software de frenado regenerativo de nuevo desarrollo<\/li>\n<li>Nuevo dise\u00f1o opcional de llantas de 20 pulgadas<\/li>\n<li>Los asientos delanteros multicontorno disponibles ahora incorporan almohadillas en los reposacabezas<\/li>\n<li>Las tapicer\u00edas opcionales de cuero y cuero Nappa incluyen cojines de confort para los pasajeros traseros<\/li>\n<li>Puertas de cierre suave disponibles<\/li>\n<\/ul>\n<p><strong>AMG EQE Actualizaciones<\/strong><\/p>\n<ul>\n<li>Bater\u00eda totalmente nueva con celdas actualizadas para mejorar la autonom\u00eda el\u00e9ctrica.<\/li>\n<li>Nuevo software de frenado regenerativo<\/li>\n<li>Airbag central entre los asientos delanteros y llave digital del veh\u00edculo introducidos como equipamiento de serie.<\/li>\n<li>Nueva pintura opcional MANUFAKTUR Moonlight White Metallic<\/li>\n<\/ul>\n<p><strong>SUV EQE<\/strong><\/p>\n<p><strong>Destacados para MY25<\/strong><\/p>\n<ul>\n<li>Equipamiento de serie ampliado con almohadas en los reposacabezas de los asientos traseros y airbag central entre los asientos delanteros.<\/li>\n<li>Los asientos delanteros multicontorno disponibles incorporan nuevas almohadillas en los reposacabezas para mejorar el confort.<\/li>\n<li>Las tapicer\u00edas interiores opcionales de cuero y cuero Nappa incluyen cojines de confort para los pasajeros traseros.<\/li>\n<li>Disponible pintura MANUFAKTUR Moonlight White Metallic<\/li>\n<li>Nuevas puertas opcionales de cierre suave<\/li>\n<\/ul>\n<p><strong>AMG EQE Actualizaciones<\/strong><\/p>\n<ul>\n<li>Almohadas en los reposacabezas traseros, airbag central entre los asientos delanteros y llave digital del veh\u00edculo de serie.<\/li>\n<li>Se introduce la pintura opcional MANUFAKTUR Moonlight White Metallic<\/li>\n<\/ul>\n<p><strong>EQS Berlina<\/strong><\/p>\n<p><strong>Destacados para MY25<\/strong><\/p>\n<ul>\n<li>Estilo exterior mejorado con la nueva l\u00ednea Luxury Line de serie, que incorpora un nuevo dise\u00f1o exclusivo de la parrilla, la estrella de Mercedes-Benz que adorna el cap\u00f3 y los parachoques delantero y trasero AMG Line.<\/li>\n<li>Nueva bater\u00eda de 118 kWh con celdas actualizadas para aumentar la autonom\u00eda el\u00e9ctrica.<\/li>\n<li>Software de frenado regenerativo totalmente nuevo<\/li>\n<li>Nuevas almohadas de serie en los reposacabezas delanteros y cojines mejorados en los asientos traseros para un mayor confort.<\/li>\n<li>Otras novedades del equipamiento de serie son las puertas de cierre suave, la llave digital del veh\u00edculo y el airbag central entre los asientos delanteros.<\/li>\n<\/ul>\n<p><strong>AMG EQS Actualizaciones<\/strong><\/p>\n<ul>\n<li>Bater\u00eda actualizada de 118 kWh con celdas de qu\u00edmica mejorada para aumentar la autonom\u00eda el\u00e9ctrica.<\/li>\n<li>Nuevo software de frenado regenerativo<\/li>\n<li>Airbag central entre los asientos delanteros introducido como equipamiento de serie<\/li>\n<\/ul>\n<p><strong>SUV EQS<\/strong><\/p>\n<p><strong>Destacados para MY25<\/strong><\/p>\n<ul>\n<li>El equipamiento de serie ampliado incluye ahora climatizador de cuatro zonas, cierre suave de las puertas, cojines en los reposacabezas delanteros y airbag central entre los asientos delanteros.<\/li>\n<li>Nuevo dise\u00f1o de llanta AMG de 22 pulgadas disponible<\/li>\n<li>Nuevo paquete opcional de puertas autom\u00e1ticas de confort con apertura y cierre totalmente autom\u00e1ticos de las puertas delanteras y traseras.<\/li>\n<li>Presentaci\u00f3n de la pintura MANUFAKTUR Moonlight White Metallic<\/li>\n<li>Energizing Air Control Plus con filtraci\u00f3n HEPA ahora incluido con los paquetes Exclusive y Pinnacle Trim<\/li>\n<\/ul>\n<p><strong>SUV Maybach EQS<\/strong><\/p>\n<p><strong>Destacados para MY25<\/strong><\/p>\n<ul>\n<li>Suscripci\u00f3n ampliada de tres a\u00f1os a SiriusXM incluida de serie<\/li>\n<li>Nuevas llantas opcionales de 22 pulgadas Maybach Forged 5-Hole Monoblock<\/li>\n<\/ul>\n<p><strong>Clase G<\/strong><\/p>\n<p><strong>Destacados para MY25<\/strong><\/p>\n<ul>\n<li>La G 580 con tecnolog\u00eda EQ, la primera Clase G totalmente el\u00e9ctrica, representa una fusi\u00f3n \u00fanica de tradici\u00f3n y tecnolog\u00eda avanzada.\n<ul>\n<li>Caracter\u00edsticas est\u00e1ndar destacadas:\n<ul>\n<li>Dise\u00f1o robusto del bastidor en escalera, reducci\u00f3n de marchas todoterreno seleccionable LOW RANGE, suspensi\u00f3n delantera independiente y eje trasero macizo.<\/li>\n<li>La bater\u00eda de iones de litio de alto voltaje de 116 kWh integrada en el bastidor de la escalera garantiza un centro de gravedad bajo<\/li>\n<li>Cuatro motores el\u00e9ctricos controlados individualmente situados cerca de las ruedas<\/li>\n<li>Bloqueo virtual del diferencial mediante vectorizaci\u00f3n del par motor<\/li>\n<li>Funciones exclusivas para la conducci\u00f3n todoterreno: G-TURN, G-STEERING y la funci\u00f3n inteligente de marcha lenta todoterreno.<\/li>\n<li>Experiencia de sonido G-ROAR con un sonido de conducci\u00f3n espec\u00edfico para el Clase G, un \"aura\" y varios sonidos de \"evento\".<\/li>\n<li>El cap\u00f3 ligeramente elevado, el nuevo embellecedor del pilar A, el labio del spoiler en la banda del techo y los pasos de rueda traseros ensanchados con \"cortinas de aire\" contribuyen a optimizar la aerodin\u00e1mica y la aeroac\u00fastica interior.<\/li>\n<\/ul>\n<\/li>\n<li>Disponible exclusivamente en la edici\u00f3n especial EDITION ONE para el MY25, con elementos de dise\u00f1o exclusivos y un amplio equipamiento de serie.<\/li>\n<\/ul>\n<\/li>\n<li>El nuevo G 550 impresiona con las prestaciones mejoradas de su nueva cadena cinem\u00e1tica electrificada, sistemas de asistencia al conductor ampliados, mayor confort y tecnolog\u00eda mejorada.\n<ul>\n<li>Caracter\u00edsticas est\u00e1ndar destacadas:\n<ul>\n<li>Nuevo motor turboalimentado de 3,0 litros y seis cilindros en l\u00ednea con generador de arranque integrado de 48 voltios para mejorar el rendimiento y la eficiencia.\n<ul>\n<li>Aceleraci\u00f3n de 0 a 100 km\/h 0,3 segundos m\u00e1s r\u00e1pida<\/li>\n<li>30% m\u00e1s de ahorro de combustible en ciudad<\/li>\n<\/ul>\n<\/li>\n<li>Sistema de infoentretenimiento MBUX con pantalla de 12,3 pulgadas para el conductor y pantalla multimedia de 12,3 pulgadas con control t\u00e1ctil<\/li>\n<li>Nuevo OFFROAD COCKPIT y funci\u00f3n de capota transparente<\/li>\n<li>KEYLESS-GO<\/li>\n<li>Sistema de sonido envolvente 3D Burmester\u00ae con Dolby Atmos<\/li>\n<li>Nuevo volante multifunci\u00f3n<\/li>\n<li>Dise\u00f1o exterior refinado con nueva parrilla del radiador con cuatro lamas horizontales y paragolpes delantero y trasero redise\u00f1ados.<\/li>\n<li>El nuevo revestimiento del montante A, el labio del spoiler en el borde del techo y los nuevos materiales aislantes contribuyen a mejorar la aerodin\u00e1mica y el confort ac\u00fastico.<\/li>\n<\/ul>\n<\/li>\n<li>Equipamiento opcional destacado:\n<ul>\n<li>Nuevas pinturas, tapicer\u00edas y guarnecidos<\/li>\n<li>Gama MANUFAKTUR ampliada para una mayor personalizaci\u00f3n exterior e interior<\/li>\n<li>Disponibles llantas de 18 - 20\" en una variedad de nuevos dise\u00f1os y acabados<\/li>\n<\/ul>\n<\/li>\n<\/ul>\n<\/li>\n<\/ul>\n<p><strong>Actualizaciones de la Clase G AMG<\/strong><\/p>\n<ul>\n<li>El nuevo Mercedes-AMG G 63 ofrece un equilibrio a\u00fan mayor entre prestaciones din\u00e1micas en carretera y capacidad todoterreno.\n<ul>\n<li>Caracter\u00edsticas est\u00e1ndar destacadas:\n<ul>\n<li>El motor AMG 4.0L V8 biturbo con nuevo generador de arranque integrado de 48 voltios contribuye a elevar las prestaciones y la eficiencia.\n<ul>\n<li>Permite acelerar de 0 a 100 km\/h en 4,2 segundos<\/li>\n<\/ul>\n<\/li>\n<li>Sistema de infoentretenimiento MBUX con pantalla de 12,3 pulgadas para el conductor y pantalla multimedia de 12,3 pulgadas con control t\u00e1ctil<\/li>\n<li>Nuevo OFFROAD COCKPIT y funci\u00f3n de capota transparente<\/li>\n<li>KEYLESS-GO<\/li>\n<li>Dise\u00f1o exterior sutilmente revisado con un nuevo parachoques delantero, entre otros elementos.<\/li>\n<\/ul>\n<\/li>\n<li>Equipamiento opcional destacado:\n<ul>\n<li>Nuevo tren de rodaje AMG ACTIVE RIDE CONTROL con estabilizaci\u00f3n hidr\u00e1ulica activa del balanceo, disponible con el nuevo paquete AMG Performance y el paquete AMG Offroad PRO.<\/li>\n<li>Cuatro nuevos dise\u00f1os de ruedas<\/li>\n<li>Gama MANUFAKTUR ampliada para una mayor personalizaci\u00f3n exterior e interior<\/li>\n<li>MANUFAKTUR Los acabados de pintura personalizados permiten una individualizaci\u00f3n a\u00fan mayor<\/li>\n<\/ul>\n<\/li>\n<\/ul>\n<\/li>\n<\/ul>\n<p><strong>GLS SUV<\/strong><\/p>\n<p><strong>Destacados para MY25<\/strong><\/p>\n<ul>\n<li>La paleta de colores exteriores incluye cuatro nuevas pinturas MANUFAKTUR Signature\n<ul>\n<li>MANUFAKTUR Signature Cote d'Azur Azul claro metalizado<\/li>\n<li>MANUFAKTUR Signature Azul M\u00edstico Metalizado<\/li>\n<li>MANUFAKTUR Signature Irlanda Verde Medio Metalizado<\/li>\n<li>MANUFAKTUR Firma Silicio Gris<\/li>\n<\/ul>\n<\/li>\n<li>Nuevas tapicer\u00edas opcionales de cuero MANUFAKTUR Signature Nappa\n<ul>\n<li>MANUFAKTUR Firma Yate Azul<\/li>\n<li>MANUFAKTUR Firma Trufa Marr\u00f3n<\/li>\n<li>MANUFAKTUR Signature Rojo Carm\u00edn<\/li>\n<\/ul>\n<\/li>\n<li>Nuevo paquete interior MANUFAKTUR Signature<\/li>\n<li>Sensor biom\u00e9trico de huellas dactilares incluido de serie<\/li>\n<\/ul>\n<p><strong>AMG GLS Actualizaciones<\/strong><\/p>\n<ul>\n<li>Cresta AMG en los reposacabezas delanteros y sensor biom\u00e9trico de huellas dactilares de serie<\/li>\n<li>Presentaci\u00f3n de las pinturas MANUFAKTUR Signature para una personalizaci\u00f3n a\u00fan mayor\n<ul>\n<li>MANUFAKTUR Firma Silicio Gris<\/li>\n<li>MANUFAKTUR Signature Cote d'Azur Azul claro metalizado<\/li>\n<li>MANUFAKTUR Signature Azul M\u00edstico Metalizado<\/li>\n<li>MANUFAKTUR Signature Irlanda Verde Medio Metalizado<\/li>\n<\/ul>\n<\/li>\n<li>Nuevas opciones de tapicer\u00eda de cuero MANUFAKTUR Signature Nappa en tres colores distintivos.\n<ul>\n<li>MANUFAKTUR Signature Rojo Carm\u00edn<\/li>\n<li>MANUFAKTUR Firma Trufa Marr\u00f3n<\/li>\n<li>MANUFAKTUR Firma Yate Azul<\/li>\n<\/ul>\n<\/li>\n<li>Paquete interior MANUFAKTUR Signature opcional<\/li>\n<\/ul>\n<p><strong>Actualizaciones del Maybach GLS<\/strong><\/p>\n<ul>\n<li>El generoso equipamiento de serie incluye ahora una suscripci\u00f3n ampliada de tres a\u00f1os a SiriusXM y un sensor biom\u00e9trico de huellas dactilares.<\/li>\n<li>Presentaci\u00f3n del nuevo paquete de dise\u00f1o Maybach Night Series con exquisitos detalles de dise\u00f1o exterior e interior, acabados, materiales y llantas.<\/li>\n<li>Paquete interior MANUFAKTUR Signature disponible<\/li>\n<li>Cuatro nuevas pinturas MANUFAKTUR Signature opcionales\n<ul>\n<li>MANUFAKTUR Signature Irlanda Verde Medio Metalizado<\/li>\n<li>MANUFAKTUR Signature Azul M\u00edstico Metalizado<\/li>\n<li>MANUFAKTUR Signature Cote d'Azur Azul claro metalizado<\/li>\n<li>MANUFAKTUR Firma Silicio Gris<\/li>\n<\/ul>\n<\/li>\n<li>Tres nuevas tapicer\u00edas de cuero MANUFAKTUR Signature Nappa\n<ul>\n<li>MANUFAKTUR Firma Trufa Marr\u00f3n<\/li>\n<li>MANUFAKTUR Firma Yate Azul<\/li>\n<li>MANUFAKTUR Signature Rojo Carm\u00edn<\/li>\n<\/ul>\n<\/li>\n<\/ul>\n<p><strong>SUV GLA<\/strong><\/p>\n<p><strong>Destacados para MY25<\/strong><\/p>\n<ul>\n<li>C\u00e1mara de 360 grados Surround View System ahora tambi\u00e9n disponible como opci\u00f3n independiente<\/li>\n<\/ul>\n<p><strong>AMG GLA Actualizaciones<\/strong><\/p>\n<ul>\n<li>El Mercedes-AMG GLA vuelve para el MY25 sin cambios de equipamiento<\/li>\n<\/ul>\n<p><strong>GLB SUV<\/strong><\/p>\n<p><strong>Destacados para MY25<\/strong><\/p>\n<ul>\n<li>Nuevo Night Package Lite para una mayor personalizaci\u00f3n exterior<\/li>\n<li>La c\u00e1mara de 360 grados Surround View System disponible ahora tambi\u00e9n se ofrece como opci\u00f3n individual<\/li>\n<\/ul>\n<p><strong>AMG GLB Actualizaciones<\/strong><\/p>\n<ul>\n<li>El Mercedes-AMG GLB regresa para el MY25 sin cambios en el equipamiento<\/li>\n<\/ul>\n<p><strong>SUV GLC<\/strong><\/p>\n<p><strong>Destacados para MY25<\/strong><\/p>\n<ul>\n<li>Nuevo SUV h\u00edbrido enchufable GLC 350e 4MATIC con 54 millas de autonom\u00eda el\u00e9ctrica, el mejor del segmento<\/li>\n<li>Ampliaci\u00f3n del equipamiento de serie en toda la serie de modelos SUV GLC con el nuevo sistema de infoentretenimiento MBUX de tercera generaci\u00f3n, llave digital del veh\u00edculo, airbag central entre los asientos delanteros y m\u00f3dulo de comunicaciones 5G.<\/li>\n<li>Dos nuevas pinturas exteriores disponibles\n<ul>\n<li>Verde Plata Metalizado<\/li>\n<li>MANUFAKTUR Gris alpino<\/li>\n<\/ul>\n<\/li>\n<li>Nuevo paquete de dise\u00f1o exterior AMG Lite<\/li>\n<li>Volante MB-Tex opcional para un interior sin animales en combinaci\u00f3n con la tapicer\u00eda interior MB-Tex.<\/li>\n<li>Dos nuevos dise\u00f1os de llantas exclusivos del GLC 350e 4MATIC<\/li>\n<\/ul>\n<p><strong>AMG GLC Actualizaciones<\/strong><\/p>\n<ul>\n<li>Nuevo AMG GLC 63 S E PERFORMANCE: el primer SUV con tecnolog\u00eda h\u00edbrida E PERFORMANCE exclusiva de AMG.\n<ul>\n<li>Caracter\u00edsticas est\u00e1ndar destacadas:\n<ul>\n<li>El motor AMG 2.0L turboalimentado en la parte delantera y la unidad de propulsi\u00f3n el\u00e9ctrica (EDU) en el eje trasero ofrecen una potencia combinada de 671 CV y un par motor combinado de 752 lb-pie.<sup>2<\/sup><\/li>\n<li>Tren de rodaje AMG RIDE CONTROL con amortiguaci\u00f3n regulable adaptativa<\/li>\n<li>Tracci\u00f3n total AMG Performance 4MATIC+ totalmente variable<\/li>\n<li>Direcci\u00f3n activa del eje trasero<\/li>\n<\/ul>\n<\/li>\n<li>Equipamiento opcional destacado:\n<ul>\n<li>Paquete AMG Performance Design<\/li>\n<li>Paquete exterior de fibra de carbono AMG<\/li>\n<li>Sistema de frenos AMG de alto rendimiento con compuesto cer\u00e1mico de carbono<\/li>\n<\/ul>\n<\/li>\n<\/ul>\n<\/li>\n<li>Nuevo sistema de infoentretenimiento MBUX de tercera generaci\u00f3n, llave digital del veh\u00edculo, airbag central entre los asientos delanteros y m\u00f3dulo de comunicaciones 5G a\u00f1adidos como equipamiento de serie.<\/li>\n<li>Dos nuevos colores para el exterior: MANUFAKTUR Gris Alpino y Verde Plata Metalizado.<\/li>\n<\/ul>\n<p><strong>GLC Coup\u00e9<\/strong><\/p>\n<p><strong>Destacados para MY25<\/strong><\/p>\n<ul>\n<li>El generoso equipamiento de serie ahora tambi\u00e9n incluye el nuevo sistema de infoentretenimiento MBUX de tercera generaci\u00f3n, la llave digital del veh\u00edculo, el m\u00f3dulo de comunicaciones 5G y el airbag central entre los asientos delanteros<\/li>\n<li>Nuevo Verde Plata Metalizado y Gris Alpino MANUFAKTUR entre las pinturas exteriores disponibles.<\/li>\n<li>El volante MB-Tex opcional permite un interior sin animales cuando se pide con tapicer\u00eda interior MB-Tex.<\/li>\n<\/ul>\n<p><strong>AMG GLC Actualizaciones<\/strong><\/p>\n<ul>\n<li>Presentaci\u00f3n del nuevo AMG GLC 63 S E PERFORMANCE: dise\u00f1o din\u00e1mico con prestaciones impresionantes.\n<ul>\n<li>Caracter\u00edsticas est\u00e1ndar destacadas:\n<ul>\n<li>El motor AMG 2.0L turboalimentado con tecnolog\u00eda h\u00edbrida AMG E PERFORMANCE produce una potencia combinada de 671 CV y un par motor combinado de 752 lb-pie2.<\/li>\n<li>Direcci\u00f3n activa del eje trasero<\/li>\n<li>Tracci\u00f3n total AMG Performance 4MATIC+ totalmente variable<\/li>\n<li>Tren de rodaje AMG RIDE CONTROL con amortiguaci\u00f3n regulable adaptativa<\/li>\n<\/ul>\n<\/li>\n<li>Equipamiento opcional destacado:\n<ul>\n<li>Paquete aerodin\u00e1mico AMG<\/li>\n<li>Paquete Nocturno AMG y Paquete Nocturno Plus<\/li>\n<li>Paquete de asientos AMG Performance Advanced<\/li>\n<\/ul>\n<\/li>\n<\/ul>\n<\/li>\n<li>Dos nuevos tonos de pintura opcionales: MANUFAKTUR Gris Alpino y Verde Plata Metalizado.<\/li>\n<li>Sistema de infoentretenimiento MBUX de tercera generaci\u00f3n, llave digital del veh\u00edculo, m\u00f3dulo de comunicaciones 5G y airbag central entre los asientos delanteros introducidos como equipamiento de serie.<\/li>\n<\/ul>\n<p><strong>SUV GLE<\/strong><\/p>\n<p><strong>Destacados para MY25<\/strong><\/p>\n<ul>\n<li>La gama de modelos crece con el nuevo GLE 350 (tracci\u00f3n trasera)<\/li>\n<li>Sensor biom\u00e9trico de huellas dactilares incluido de serie<\/li>\n<li>Nuevo paquete interior MANUFAKTUR Signature opcional<\/li>\n<li>Cuatro nuevas opciones de pintura MANUFAKTUR Signature\n<ul>\n<li>MANUFAKTUR Signature Cote d'Azur Azul claro metalizado<\/li>\n<li>MANUFAKTUR Signature Azul M\u00edstico Metalizado<\/li>\n<li>MANUFAKTUR Signature Irlanda Verde Medio Metalizado<\/li>\n<li>MANUFAKTUR Firma Silicio Gris<\/li>\n<\/ul>\n<\/li>\n<li>Presentaci\u00f3n de las tapicer\u00edas MANUFAKTUR Signature\n<ul>\n<li>MANUFAKTUR Signature Trufa Marr\u00f3n Piel de napa<\/li>\n<li>MANUFAKTUR Signature Yacht Piel napa azul<\/li>\n<li>MANUFAKTUR Signature Piel napa rojo carm\u00edn<\/li>\n<\/ul>\n<\/li>\n<\/ul>\n<p><strong>AMG GLE Actualizaciones<\/strong><\/p>\n<ul>\n<li>El generoso equipamiento de serie incluye ahora el emblema AMG en los reposacabezas delanteros y el sensor biom\u00e9trico de huellas dactilares.<\/li>\n<li>Las nuevas pinturas MANUFAKTUR Signature ofrecen a\u00fan m\u00e1s opciones de individualizaci\u00f3n\n<ul>\n<li>MANUFAKTUR Firma Silicio Gris<\/li>\n<li>MANUFAKTUR Signature Irlanda Verde Medio Metalizado<\/li>\n<li>MANUFAKTUR Signature Azul M\u00edstico Metalizado<\/li>\n<li>MANUFAKTUR Signature Cote d'Azur Azul claro metalizado<\/li>\n<\/ul>\n<\/li>\n<li>Tres nuevas tapicer\u00edas opcionales MANUFAKTUR Signature\n<ul>\n<li>MANUFAKTUR Signature Piel napa rojo carm\u00edn<\/li>\n<li>MANUFAKTUR Signature Yacht Piel napa azul<\/li>\n<li>MANUFAKTUR Signature Trufa Marr\u00f3n Piel de napa<\/li>\n<\/ul>\n<\/li>\n<\/ul>\n<p><strong>GLE Coup\u00e9<\/strong><\/p>\n<p><strong>Destacados para MY25<\/strong><\/p>\n<ul>\n<li>El nuevo GLE 450 4MATIC se une a la gama de modelos GLE Coup\u00e9\n<ul>\n<li>Caracter\u00edsticas est\u00e1ndar destacadas:\n<ul>\n<li>Exterior AMG Line<\/li>\n<li>Techo panor\u00e1mico<\/li>\n<li>Llantas AMG de 20<\/li>\n<\/ul>\n<\/li>\n<li>Equipamiento opcional destacado:\n<ul>\n<li>Paquete interior MANUFAKTUR Signature<\/li>\n<li>MANUFAKTUR Pinturas y tapicer\u00edas de autor<\/li>\n<li>Paquete AIRMATIC<\/li>\n<li>Paquete nocturno<\/li>\n<\/ul>\n<\/li>\n<\/ul>\n<\/li>\n<\/ul>\n<p><strong>AMG GLE Actualizaciones<\/strong><\/p>\n<ul>\n<li>Cresta AMG en los reposacabezas delanteros y sensor biom\u00e9trico de huellas dactilares de serie<\/li>\n<li>Introducci\u00f3n de cuatro pinturas MANUFAKTUR Signature\n<ul>\n<li>MANUFAKTUR Signature Cote d'Azur Azul claro metalizado<\/li>\n<li>MANUFAKTUR Signature Azul M\u00edstico Metalizado<\/li>\n<li>MANUFAKTUR Signature Irlanda Verde Medio Metalizado<\/li>\n<li>MANUFAKTUR Firma Silicio Gris<\/li>\n<\/ul>\n<\/li>\n<li>Tres opciones disponibles de tapicer\u00eda de cuero MANUFAKTUR Signature Nappa\n<ul>\n<li>MANUFAKTUR Firma Trufa Marr\u00f3n<\/li>\n<li>MANUFAKTUR Firma Yate Azul<\/li>\n<li>MANUFAKTUR Signature Rojo Carm\u00edn<\/li>\n<\/ul>\n<\/li>\n<\/ul>\n<p><strong>AMG GT Coup\u00e9<\/strong><\/p>\n<p><strong>Destacados para MY25<\/strong><\/p>\n<ul>\n<li>Ampliaci\u00f3n de la gama de modelos AMG GT con tres nuevos modelos distintos\n<ul>\n<li>AMG GT 43: elegante entrada en la serie de modelos AMG GT\n<ul>\n<li>Caracter\u00edsticas est\u00e1ndar destacadas:\n<ul>\n<li>Motor turboalimentado AMG de 2,0 litros con turbocompresor el\u00e9ctrico de gases de escape (416 CV)<\/li>\n<li>Configuraci\u00f3n de tracci\u00f3n trasera<\/li>\n<li>Elementos de dise\u00f1o exterior exclusivos, como el salpicadero delantero y trasero, los guardabarros y los embellecedores.<\/li>\n<\/ul>\n<\/li>\n<\/ul>\n<\/li>\n<li>AMG GT 63 PRO 4MATIC+: el modelo m\u00e1s deportivo de la familia AMG GT\n<ul>\n<li>Caracter\u00edsticas est\u00e1ndar destacadas:\n<ul>\n<li>Motor AMG 4.0L V8 biturbo de 603 CV y 627 lb-pie.<\/li>\n<li>Los exclusivos componentes de la carrocer\u00eda optimizan la aerodin\u00e1mica para reducir a\u00fan m\u00e1s la sustentaci\u00f3n aerodin\u00e1mica<\/li>\n<li>Amplio paquete de refrigeraci\u00f3n para la transmisi\u00f3n y los frenos<\/li>\n<\/ul>\n<\/li>\n<\/ul>\n<\/li>\n<li>AMG GT 63 S E PERFORMANCE: el modelo de serie AMG m\u00e1s r\u00e1pido hasta la fecha (0 a 100 km\/h en 2,7 segundos).\n<ul>\n<li>Caracter\u00edsticas est\u00e1ndar destacadas:\n<ul>\n<li>El motor biturbo AMG V8 de 4.0L en la parte delantera y el motor el\u00e9ctrico en la trasera ofrecen una respuesta rapid\u00edsima (805 CV de potencia combinada del sistema y 1.047 lb-pie de par combinado del sistema).<sup>3<\/sup>)<\/li>\n<li>Tren de rodaje AMG ACTIVE RIDE CONTROL con estabilizaci\u00f3n activa del balanceo<\/li>\n<li>Sistema de frenos cer\u00e1micos de carbono de alto rendimiento AMG<\/li>\n<\/ul>\n<\/li>\n<\/ul>\n<\/li>\n<\/ul>\n<\/li>\n<li>Introducci\u00f3n del programa MANUFAKTUR Signature para AMG GT 55, GT 63, GT 63 PRO 4MATIC+ y GT 63 S E PERFORMANCE\n<ul>\n<li>Nuevas tonalidades exteriores\n<ul>\n<li>MANUFAKTUR Signature Arena del desierto<\/li>\n<li>MANUFAKTUR Signature Cirrus Plata Magno<\/li>\n<\/ul>\n<\/li>\n<li>Nuevas opciones adicionales de tapicer\u00eda interior\n<ul>\n<li>MANUFAKTUR Signature Savanna Beige\/Negro Piel de napa<\/li>\n<li>MANUFAKTUR Signature Classic Piel napa roja\/negra<\/li>\n<\/ul>\n<\/li>\n<li>Paquete interior MANUFAKTUR Signature<\/li>\n<\/ul>\n<\/li>\n<li>Dos nuevos acabados interiores disponibles\n<ul>\n<li>Madera de abedul gris de poro abierto<\/li>\n<li>Madera de fresno marr\u00f3n de poro abierto<\/li>\n<\/ul>\n<\/li>\n<\/ul>\n<p><strong>AMG GT Coup\u00e9 de 4 puertas<\/strong><\/p>\n<p><strong>Destacados para MY25<\/strong><\/p>\n<ul>\n<li>La introducci\u00f3n de nuevas pinturas MANUFAKTUR Signature ofrece a\u00fan m\u00e1s opciones de personalizaci\u00f3n.<\/li>\n<\/ul>\n<p><strong>Clase S Berlina<\/strong><\/p>\n<p><strong>Destacados para MY25<\/strong><\/p>\n<ul>\n<li>El amplio equipamiento de serie incluye ahora tambi\u00e9n llave digital del veh\u00edculo y airbag central entre los asientos delanteros<\/li>\n<li>La nueva l\u00f3gica de oferta permite a los clientes a\u00f1adir el paquete AMG Line a los veh\u00edculos equipados con acabados Luxury o Pinnacle.<\/li>\n<li>Presentaci\u00f3n de las pinturas exteriores Plata Verde Metalizado y Marr\u00f3n Sonora Metalizado<\/li>\n<li>Disponible LUZ DIGITAL con proyecciones<\/li>\n<li>El climatizador de 4 zonas ahora tambi\u00e9n se ofrece como opci\u00f3n independiente<\/li>\n<\/ul>\n<p><strong>Actualizaciones de la Clase S AMG<\/strong><\/p>\n<ul>\n<li>Suscripci\u00f3n ampliada de tres a\u00f1os a SiriusXM y llave digital del veh\u00edculo de serie<\/li>\n<li>La amplia paleta de colores exteriores incluye los nuevos Marr\u00f3n Sonora Metalizado y Plata Verde Metalizado.<\/li>\n<li>Nuevo sistema opcional de frenos cer\u00e1micos de carbono de alto rendimiento AMG y velocidad m\u00e1xima de 186 mph.<\/li>\n<\/ul>\n<p><strong>Maybach Clase S<\/strong><\/p>\n<p><strong>Destacados para MY25<\/strong><\/p>\n<ul>\n<li>El equipamiento de serie incluye la nueva llave digital del veh\u00edculo y la suscripci\u00f3n ampliada de tres a\u00f1os a SiriusXM.<\/li>\n<li>Ampliaci\u00f3n de la gama de colores exteriores con cuatro nuevas pinturas\n<ul>\n<li>MANUFAKTUR Moonlight Metallic \/ Verde Silver Metallic bicolor<\/li>\n<li>Marr\u00f3n Sonoran metalizado \/ Negro Obsidiana metalizado bicolor<\/li>\n<li>Verde Plata Metalizado<\/li>\n<li>Marr\u00f3n Sonoran metalizado<\/li>\n<\/ul>\n<\/li>\n<li>Nuevo Maybach S 680 Edition Nordic Glow disponible en exclusiva para clientes de EE.UU., limitado a 50 unidades.<\/li>\n<\/ul>\n<p><strong>AMG SL Roadster<\/strong><\/p>\n<p><strong>Destacados para MY25<\/strong><\/p>\n<ul>\n<li>La potencia del motor del AMG SL 43 aumenta a 416 CV (+41 CV)<\/li>\n<li>Nueva capota azul oscuro para un total de cuatro opciones de color de capota<\/li>\n<li>Las pinzas de freno AMG ahora tambi\u00e9n disponibles en acabado pintado negro en los modelos SL 55, SL 63 y SL 63 S E PERFORMANCE.<\/li>\n<li>Dos nuevas pinturas MANUFAKTUR Signature\n<ul>\n<li>MANUFAKTUR Firma China Azul<\/li>\n<li>MANUFAKTUR Firma Silicio Gris<\/li>\n<\/ul>\n<\/li>\n<li>Nuevas opciones de tapicer\u00eda de cuero MANUFAKTUR Signature Nappa\n<ul>\n<li>MANUFAKTUR Signature Yacht Azul\/Negro<\/li>\n<li>MANUFAKTUR Rojo m\u00edstico\/Negro<\/li>\n<\/ul>\n<\/li>\n<\/ul>\n<p><strong>Precios del modelo del a\u00f1o 2025<\/strong><\/p>\n<table width=\"945\">\n<tbody>\n<tr>\n<td width=\"132\"><strong>Carline<\/strong><\/td>\n<td width=\"246\"><strong>Modelo<\/strong><\/td>\n<td width=\"121\"><strong>MSRP<\/strong><strong><sup>4<\/sup><\/strong><\/td>\n<\/tr>\n<tr>\n<td rowspan=\"4\" width=\"132\"><strong>CLA Coup\u00e9<\/strong><\/td>\n<td width=\"246\">CLA 250<\/td>\n<td width=\"121\">$44,400<\/td>\n<\/tr>\n<tr>\n<td width=\"246\">CLA 250 4MATIC<\/td>\n<td width=\"121\">$46,400<\/td>\n<\/tr>\n<tr>\n<td width=\"246\">AMG CLA 35<\/td>\n<td width=\"121\">$56,100<\/td>\n<\/tr>\n<tr>\n<td width=\"246\">AMG CLA 45 S<\/td>\n<td width=\"121\">$67,050<\/td>\n<\/tr>\n<tr>\n<td rowspan=\"4\" width=\"132\"><strong>Clase C Berlina<\/strong><\/td>\n<td width=\"246\">C 300<\/td>\n<td width=\"121\">$48,450<\/td>\n<\/tr>\n<tr>\n<td width=\"246\">C 300 4MATIC<\/td>\n<td width=\"121\">$50,450<\/td>\n<\/tr>\n<tr>\n<td width=\"246\">AMG C 43<\/td>\n<td width=\"121\">$62,500<\/td>\n<\/tr>\n<tr>\n<td width=\"246\">AMG C 63 E PERFORMANCE<\/td>\n<td width=\"121\">$86,050<\/td>\n<\/tr>\n<tr>\n<td rowspan=\"3\" width=\"132\"><strong>CLE Coup\u00e9<\/strong><\/td>\n<td width=\"246\">CLE 300 4MATIC<\/td>\n<td width=\"121\">$58,000<\/td>\n<\/tr>\n<tr>\n<td width=\"246\">CLE 450 4MATIC<\/td>\n<td width=\"121\">$67,450<\/td>\n<\/tr>\n<tr>\n<td width=\"246\">AMG CLE 53<\/td>\n<td width=\"121\">$74,300<\/td>\n<\/tr>\n<tr>\n<td rowspan=\"3\" width=\"132\"><strong>CLE Cabriolet<\/strong><\/td>\n<td width=\"246\">CLE 300 4MATIC<\/td>\n<td width=\"121\">$66,450<\/td>\n<\/tr>\n<tr>\n<td width=\"246\">CLE 450 4MATIC<\/td>\n<td width=\"121\">$75,800<\/td>\n<\/tr>\n<tr>\n<td width=\"246\">AMG CLE 53<\/td>\n<td width=\"121\">$82,600<\/td>\n<\/tr>\n<tr>\n<td rowspan=\"4\" width=\"132\"><strong>Clase E Berlina<\/strong><\/td>\n<td width=\"246\">E 350<\/td>\n<td width=\"121\">$62,450<\/td>\n<\/tr>\n<tr>\n<td width=\"246\">E 350 4MATIC<\/td>\n<td width=\"121\">$64,950<\/td>\n<\/tr>\n<tr>\n<td width=\"246\">E 450 4MATIC<\/td>\n<td width=\"121\">$70,850<\/td>\n<\/tr>\n<tr>\n<td width=\"246\">AMG E 53 H\u00cdBRIDO<\/td>\n<td width=\"121\">TBA<\/td>\n<\/tr>\n<tr>\n<td width=\"132\"><strong>Clase E Todoterreno<\/strong><\/td>\n<td width=\"246\">E 450 4MATIC Todoterreno<\/td>\n<td width=\"121\">$76,100<\/td>\n<\/tr>\n<tr>\n<td rowspan=\"3\" width=\"132\"><strong>JCA SUV<\/strong><\/td>\n<td width=\"246\">JCA 250+<\/td>\n<td width=\"121\">$53,050<\/td>\n<\/tr>\n<tr>\n<td width=\"246\">EQB 300 4MATIC<\/td>\n<td width=\"121\">$57,000<\/td>\n<\/tr>\n<tr>\n<td width=\"246\">EQB 350 4MATIC<\/td>\n<td width=\"121\">$60,650<\/td>\n<\/tr>\n<tr>\n<td rowspan=\"4\" width=\"132\"><strong>EQE Berlina<\/strong><\/td>\n<td width=\"246\">EQE 350+<\/td>\n<td width=\"121\">$74,900<\/td>\n<\/tr>\n<tr>\n<td width=\"246\">EQE 350 4MATIC<\/td>\n<td width=\"121\">$77,900<\/td>\n<\/tr>\n<tr>\n<td width=\"246\">EQE 500 4MATIC<\/td>\n<td width=\"121\">$85,900<\/td>\n<\/tr>\n<tr>\n<td width=\"246\">AMG EQE<\/td>\n<td width=\"121\">$106,900<\/td>\n<\/tr>\n<\/tbody>\n<\/table>\n<p># # #<\/p>\n<ol>\n<li>El par combinado del sistema especificado es un valor te\u00f3rico calculado que se utiliza a efectos comparativos.<\/li>\n<li>El par combinado del sistema especificado es un valor te\u00f3rico calculado que se utiliza a efectos comparativos.<\/li>\n<li>El par combinado del sistema especificado es un valor te\u00f3rico calculado que se utiliza a efectos comparativos.<\/li>\n<li>El precio anterior no incluye $1.150 de gastos de env\u00edo y entrega.\n<p>... Notas de SP,<\/p>\n<p>#EVHNews,<\/li>\n<\/ol>","protected":false},"excerpt":{"rendered":"<p>2025 Model Year Launch Highlights Mercedes-Benz GLC 350e 4MATIC now available at U.S. dealerships Mercedes-Benz&#8230;<\/p>","protected":false},"author":165558846,"featured_media":10707,"comment_status":"open","ping_status":"open","sticky":false,"template":"","format":"standard","meta":{"_coblocks_attr":"","_coblocks_dimensions":"","_coblocks_responsive_height":"","_coblocks_accordion_ie_support":"","_crdt_document":"","advanced_seo_description":"","jetpack_seo_html_title":"","jetpack_seo_noindex":false,"_jetpack_newsletter_access":"","_jetpack_dont_email_post_to_subs":false,"_jetpack_newsletter_tier_id":0,"_jetpack_memberships_contains_paywalled_content":false,"two_page_speed":[],"_jetpack_memberships_contains_paid_content":false,"footnotes":"","jetpack_publicize_message":"","jetpack_publicize_feature_enabled":true,"jetpack_social_post_already_shared":true,"jetpack_social_options":{"image_generator_settings":{"template":"highway","default_image_id":0,"font":"","enabled":false},"version":2},"_wpas_customize_per_network":false,"jetpack_post_was_ever_published":false},"categories":[197443],"tags":[688386225],"class_list":["post-10705","post","type-post","status-publish","format-standard","has-post-thumbnail","hentry","category-electric-vehicles","tag-evhnews-2"],"jetpack_publicize_connections":[],"featured_image_urls":{"full":["https:\/\/evhnews.com\/wp-content\/uploads\/2024\/10\/2025-Mercedes-Benz-Model-Line-Optimum-Balance-Of-Electric-Efficiency-Updates-2025Mercedes-Benz-G580-with-EQ-Technology-Europeanmodel-shown.webp",1920,1280,false],"thumbnail":["https:\/\/evhnews.com\/wp-content\/uploads\/2024\/10\/2025-Mercedes-Benz-Model-Line-Optimum-Balance-Of-Electric-Efficiency-Updates-2025Mercedes-Benz-G580-with-EQ-Technology-Europeanmodel-shown-150x150.jpg?crop=1",150,150,true],"medium":["https:\/\/evhnews.com\/wp-content\/uploads\/2024\/10\/2025-Mercedes-Benz-Model-Line-Optimum-Balance-Of-Electric-Efficiency-Updates-2025Mercedes-Benz-G580-with-EQ-Technology-Europeanmodel-shown-300x200.jpg",300,200,true],"medium_large":["https:\/\/evhnews.com\/wp-content\/uploads\/2024\/10\/2025-Mercedes-Benz-Model-Line-Optimum-Balance-Of-Electric-Efficiency-Updates-2025Mercedes-Benz-G580-with-EQ-Technology-Europeanmodel-shown-768x512.jpg",640,427,true],"large":["https:\/\/evhnews.com\/wp-content\/uploads\/2024\/10\/2025-Mercedes-Benz-Model-Line-Optimum-Balance-Of-Electric-Efficiency-Updates-2025Mercedes-Benz-G580-with-EQ-Technology-Europeanmodel-shown-1024x683.jpg",640,427,true],"1536x1536":["https:\/\/evhnews.com\/wp-content\/uploads\/2024\/10\/2025-Mercedes-Benz-Model-Line-Optimum-Balance-Of-Electric-Efficiency-Updates-2025Mercedes-Benz-G580-with-EQ-Technology-Europeanmodel-shown-1536x1024.jpg",1536,1024,true],"2048x2048":["https:\/\/evhnews.com\/wp-content\/uploads\/2024\/10\/2025-Mercedes-Benz-Model-Line-Optimum-Balance-Of-Electric-Efficiency-Updates-2025Mercedes-Benz-G580-with-EQ-Technology-Europeanmodel-shown-2048x1365.jpg",2048,1365,true],"trp-custom-language-flag":["https:\/\/evhnews.com\/wp-content\/uploads\/2024\/10\/2025-Mercedes-Benz-Model-Line-Optimum-Balance-Of-Electric-Efficiency-Updates-2025Mercedes-Benz-G580-with-EQ-Technology-Europeanmodel-shown-18x12.jpg",18,12,true],"newspack-article-block-landscape-large":["https:\/\/evhnews.com\/wp-content\/uploads\/2024\/10\/2025-Mercedes-Benz-Model-Line-Optimum-Balance-Of-Electric-Efficiency-Updates-2025Mercedes-Benz-G580-with-EQ-Technology-Europeanmodel-shown.webp",1200,800,false],"newspack-article-block-portrait-large":["https:\/\/evhnews.com\/wp-content\/uploads\/2024\/10\/2025-Mercedes-Benz-Model-Line-Optimum-Balance-Of-Electric-Efficiency-Updates-2025Mercedes-Benz-G580-with-EQ-Technology-Europeanmodel-shown.webp",900,600,false],"newspack-article-block-square-large":["https:\/\/evhnews.com\/wp-content\/uploads\/2024\/10\/2025-Mercedes-Benz-Model-Line-Optimum-Balance-Of-Electric-Efficiency-Updates-2025Mercedes-Benz-G580-with-EQ-Technology-Europeanmodel-shown.webp",1200,800,false],"newspack-article-block-landscape-medium":["https:\/\/evhnews.com\/wp-content\/uploads\/2024\/10\/2025-Mercedes-Benz-Model-Line-Optimum-Balance-Of-Electric-Efficiency-Updates-2025Mercedes-Benz-G580-with-EQ-Technology-Europeanmodel-shown.webp",800,533,false],"newspack-article-block-portrait-medium":["https:\/\/evhnews.com\/wp-content\/uploads\/2024\/10\/2025-Mercedes-Benz-Model-Line-Optimum-Balance-Of-Electric-Efficiency-Updates-2025Mercedes-Benz-G580-with-EQ-Technology-Europeanmodel-shown.webp",600,400,false],"newspack-article-block-square-medium":["https:\/\/evhnews.com\/wp-content\/uploads\/2024\/10\/2025-Mercedes-Benz-Model-Line-Optimum-Balance-Of-Electric-Efficiency-Updates-2025Mercedes-Benz-G580-with-EQ-Technology-Europeanmodel-shown.webp",800,533,false],"newspack-article-block-landscape-intermediate":["https:\/\/evhnews.com\/wp-content\/uploads\/2024\/10\/2025-Mercedes-Benz-Model-Line-Optimum-Balance-Of-Electric-Efficiency-Updates-2025Mercedes-Benz-G580-with-EQ-Technology-Europeanmodel-shown.webp",600,400,false],"newspack-article-block-portrait-intermediate":["https:\/\/evhnews.com\/wp-content\/uploads\/2024\/10\/2025-Mercedes-Benz-Model-Line-Optimum-Balance-Of-Electric-Efficiency-Updates-2025Mercedes-Benz-G580-with-EQ-Technology-Europeanmodel-shown.webp",450,300,false],"newspack-article-block-square-intermediate":["https:\/\/evhnews.com\/wp-content\/uploads\/2024\/10\/2025-Mercedes-Benz-Model-Line-Optimum-Balance-Of-Electric-Efficiency-Updates-2025Mercedes-Benz-G580-with-EQ-Technology-Europeanmodel-shown.webp",600,400,false],"newspack-article-block-landscape-small":["https:\/\/evhnews.com\/wp-content\/uploads\/2024\/10\/2025-Mercedes-Benz-Model-Line-Optimum-Balance-Of-Electric-Efficiency-Updates-2025Mercedes-Benz-G580-with-EQ-Technology-Europeanmodel-shown.webp",400,267,false],"newspack-article-block-portrait-small":["https:\/\/evhnews.com\/wp-content\/uploads\/2024\/10\/2025-Mercedes-Benz-Model-Line-Optimum-Balance-Of-Electric-Efficiency-Updates-2025Mercedes-Benz-G580-with-EQ-Technology-Europeanmodel-shown.webp",300,200,false],"newspack-article-block-square-small":["https:\/\/evhnews.com\/wp-content\/uploads\/2024\/10\/2025-Mercedes-Benz-Model-Line-Optimum-Balance-Of-Electric-Efficiency-Updates-2025Mercedes-Benz-G580-with-EQ-Technology-Europeanmodel-shown.webp",400,267,false],"newspack-article-block-landscape-tiny":["https:\/\/evhnews.com\/wp-content\/uploads\/2024\/10\/2025-Mercedes-Benz-Model-Line-Optimum-Balance-Of-Electric-Efficiency-Updates-2025Mercedes-Benz-G580-with-EQ-Technology-Europeanmodel-shown.webp",200,133,false],"newspack-article-block-portrait-tiny":["https:\/\/evhnews.com\/wp-content\/uploads\/2024\/10\/2025-Mercedes-Benz-Model-Line-Optimum-Balance-Of-Electric-Efficiency-Updates-2025Mercedes-Benz-G580-with-EQ-Technology-Europeanmodel-shown.webp",150,100,false],"newspack-article-block-square-tiny":["https:\/\/evhnews.com\/wp-content\/uploads\/2024\/10\/2025-Mercedes-Benz-Model-Line-Optimum-Balance-Of-Electric-Efficiency-Updates-2025Mercedes-Benz-G580-with-EQ-Technology-Europeanmodel-shown.webp",200,133,false],"newspack-article-block-uncropped":["https:\/\/evhnews.com\/wp-content\/uploads\/2024\/10\/2025-Mercedes-Benz-Model-Line-Optimum-Balance-Of-Electric-Efficiency-Updates-2025Mercedes-Benz-G580-with-EQ-Technology-Europeanmodel-shown.webp",1200,800,false],"enternews-featured":["https:\/\/evhnews.com\/wp-content\/uploads\/2024\/10\/2025-Mercedes-Benz-Model-Line-Optimum-Balance-Of-Electric-Efficiency-Updates-2025Mercedes-Benz-G580-with-EQ-Technology-Europeanmodel-shown-1024x683.jpg",1024,683,true],"enternews-medium":["https:\/\/evhnews.com\/wp-content\/uploads\/2024\/10\/2025-Mercedes-Benz-Model-Line-Optimum-Balance-Of-Electric-Efficiency-Updates-2025Mercedes-Benz-G580-with-EQ-Technology-Europeanmodel-shown-720x475.jpg?crop=1",720,475,true],"enternews-thumbnail":["https:\/\/evhnews.com\/wp-content\/uploads\/2024\/10\/2025-Mercedes-Benz-Model-Line-Optimum-Balance-Of-Electric-Efficiency-Updates-2025Mercedes-Benz-G580-with-EQ-Technology-Europeanmodel-shown-480x315.jpg?crop=1",480,315,true],"tenweb_optimizer_mobile":["https:\/\/evhnews.com\/wp-content\/uploads\/2024\/10\/2025-Mercedes-Benz-Model-Line-Optimum-Balance-Of-Electric-Efficiency-Updates-2025Mercedes-Benz-G580-with-EQ-Technology-Europeanmodel-shown-600x400.jpg",600,400,true],"tenweb_optimizer_tablet":["https:\/\/evhnews.com\/wp-content\/uploads\/2024\/10\/2025-Mercedes-Benz-Model-Line-Optimum-Balance-Of-Electric-Efficiency-Updates-2025Mercedes-Benz-G580-with-EQ-Technology-Europeanmodel-shown-768x512.jpg",768,512,true]},"author_info":{"display_name":"EVHNews","author_link":"https:\/\/evhnews.com\/es\/author\/evhnews\/"},"category_info":"<a href=\"https:\/\/evhnews.com\/es\/category\/electric-vehicles\/\" rel=\"category tag\">Electric Automotive Vehicles<\/a>","tag_info":"Electric Automotive Vehicles","comment_count":"0","jetpack_featured_media_url":"https:\/\/evhnews.com\/wp-content\/uploads\/2024\/10\/2025-Mercedes-Benz-Model-Line-Optimum-Balance-Of-Electric-Efficiency-Updates-2025Mercedes-Benz-G580-with-EQ-Technology-Europeanmodel-shown.webp","jetpack_likes_enabled":true,"jetpack_sharing_enabled":true,"jetpack_shortlink":"https:\/\/wp.me\/pbbbdx-2MF","amp_enabled":true,"_links":{"self":[{"href":"https:\/\/evhnews.com\/es\/wp-json\/wp\/v2\/posts\/10705","targetHints":{"allow":["GET"]}}],"collection":[{"href":"https:\/\/evhnews.com\/es\/wp-json\/wp\/v2\/posts"}],"about":[{"href":"https:\/\/evhnews.com\/es\/wp-json\/wp\/v2\/types\/post"}],"author":[{"embeddable":true,"href":"https:\/\/evhnews.com\/es\/wp-json\/wp\/v2\/users\/165558846"}],"replies":[{"embeddable":true,"href":"https:\/\/evhnews.com\/es\/wp-json\/wp\/v2\/comments?post=10705"}],"version-history":[{"count":4,"href":"https:\/\/evhnews.com\/es\/wp-json\/wp\/v2\/posts\/10705\/revisions"}],"predecessor-version":[{"id":10712,"href":"https:\/\/evhnews.com\/es\/wp-json\/wp\/v2\/posts\/10705\/revisions\/10712"}],"wp:featuredmedia":[{"embeddable":true,"href":"https:\/\/evhnews.com\/es\/wp-json\/wp\/v2\/media\/10707"}],"wp:attachment":[{"href":"https:\/\/evhnews.com\/es\/wp-json\/wp\/v2\/media?parent=10705"}],"wp:term":[{"taxonomy":"category","embeddable":true,"href":"https:\/\/evhnews.com\/es\/wp-json\/wp\/v2\/categories?post=10705"},{"taxonomy":"post_tag","embeddable":true,"href":"https:\/\/evhnews.com\/es\/wp-json\/wp\/v2\/tags?post=10705"}],"curies":[{"name":"wp","href":"https:\/\/api.w.org\/{rel}","templated":true}]}}