{"id":11849,"date":"2025-02-25T14:21:46","date_gmt":"2025-02-25T22:21:46","guid":{"rendered":"https:\/\/evhnews.com\/?p=11849"},"modified":"2025-02-25T18:40:00","modified_gmt":"2025-02-26T02:40:00","slug":"el-coche-volador-alef-pionero-del-futuro-de-la-movilidad-urbana","status":"publish","type":"post","link":"https:\/\/evhnews.com\/es\/2025\/02\/25\/el-coche-volador-alef-pionero-del-futuro-de-la-movilidad-urbana\/","title":{"rendered":"ALEF - Coche volador: El futuro de la movilidad urbana"},"content":{"rendered":"<div data-elementor-type=\"wp-post\" data-elementor-id=\"11849\" class=\"elementor elementor-11849\" data-elementor-post-type=\"post\">\n\t\t\t\t<div class=\"elementor-element elementor-element-32a01af7 e-flex e-con-boxed e-con e-parent\" data-id=\"32a01af7\" data-element_type=\"container\" data-e-type=\"container\">\n\t\t\t\t\t<div class=\"e-con-inner\">\n\t\t\t\t<div class=\"elementor-element elementor-element-6d329c4c elementor-widget elementor-widget-text-editor\" data-id=\"6d329c4c\" data-element_type=\"widget\" data-e-type=\"widget\" data-widget_type=\"text-editor.default\">\n\t\t\t\t<div class=\"elementor-widget-container\">\n\t\t\t\t\t\t\t\t\t<p style=\"text-align: center;\"><i><span style=\"font-size: x-small;\">Coche volador ALEF en pleno vuelo tras el despegue vertical desde una superficie de conducci\u00f3n. No se necesitan aeropuertos con una plataforma el\u00e9ctrica que se conduce como un coche y vuela como un avi\u00f3n Osprey. Cr\u00e9dito de la imagen: Alef Aeronautics (2024)<\/span><\/i><\/p><p><b>ALEF - Coche volador: El futuro de la movilidad urbana<\/b><\/p><p>Dise\u00f1ado para circular sin problemas por la calle, despegar verticalmente cuando sea necesario y volar por encima de las carreteras congestionadas, Alef est\u00e1 desarrollando una soluci\u00f3n innovadora a los retos del tr\u00e1fico moderno.<\/p><p>on un software l\u00edder en el sector y redundancias integradas, Alef pretende ofrecer un veh\u00edculo seguro y asequible que redefina los desplazamientos cotidianos. Utilizando tecnolog\u00eda propia, la empresa permite desplazamientos m\u00e1s r\u00e1pidos y eficientes sin necesidad de las pistas tradicionales.<\/p><div><div><span style=\"text-align: var(--text-align);\">\u00a0<\/span><\/div><div><table class=\"tr-caption-container\" style=\"margin-left: auto; margin-right: auto;\" cellspacing=\"0\" cellpadding=\"0\" align=\"center\"><tbody><tr><td style=\"text-align: center;\"><a style=\"margin-left: auto; margin-right: auto;\" href=\"https:\/\/blogger.googleusercontent.com\/img\/a\/AVvXsEhYIWb64O69WUTzb0upzKoWLDbiSoJMHeKUlwlt85ygJxGbLjh1V0RejdB8nmbuXdHZN9biXumf4fdMpngVr24aU2Pm_uu4j4eS48pxzl-tHuaCx6IN-AvLnw1WaHVk6Dy6ElszvDnCPG2Rg2ROfrtUp_Jkxq6LEAJ2XPjFCSY3-VykpqmfHrHVWyhMS5BZ\"><img fetchpriority=\"high\" decoding=\"async\" src=\"https:\/\/blogger.googleusercontent.com\/img\/a\/AVvXsEhYIWb64O69WUTzb0upzKoWLDbiSoJMHeKUlwlt85ygJxGbLjh1V0RejdB8nmbuXdHZN9biXumf4fdMpngVr24aU2Pm_uu4j4eS48pxzl-tHuaCx6IN-AvLnw1WaHVk6Dy6ElszvDnCPG2Rg2ROfrtUp_Jkxq6LEAJ2XPjFCSY3-VykpqmfHrHVWyhMS5BZ=w569-h352\" alt=\"\" width=\"569\" height=\"352\" data-original-height=\"742\" data-original-width=\"1200\" \/><\/a><\/td><\/tr><tr><td class=\"tr-caption\" style=\"text-align: center;\"><i><span style=\"font-size: x-small;\">\u00bfPor qu\u00e9 conducir por un entramado urbano congestionado y controlado por sem\u00e1foros cuando uno podr\u00eda simplemente lanzarse en l\u00ednea recta desde el lecho de la calle y en \u00e1ngulo<br \/>la plataforma para volar por encima de todo hasta alcanzar el destino. Cr\u00e9dito de la imagen: ALEF Aeronautics (2025)<\/span><\/i><\/td><\/tr><\/tbody><\/table><p>La visi\u00f3n de Alef comenz\u00f3 en 2015, cuando cuatro innovadores t\u00e9cnicos -el Dr. Constantine Kisly, Pavel Markin, Oleg Petrov y Jim Dukhovny- se reunieron en el Coupa Cafe de Palo Alto. Lo que empez\u00f3 como un simple esbozo en una servilleta se convirti\u00f3 r\u00e1pidamente en un ambicioso proyecto para crear el primer coche volador del mundo. Sin embargo, la estimaci\u00f3n inicial de seis meses para construir el prototipo se qued\u00f3 muy corta.<\/p><\/div><div><table class=\"tr-caption-container\" style=\"margin-left: auto; margin-right: auto;\" cellspacing=\"0\" cellpadding=\"0\" align=\"center\"><tbody><tr><td style=\"text-align: center;\"><a style=\"margin-left: auto; margin-right: auto;\" href=\"https:\/\/blogger.googleusercontent.com\/img\/a\/AVvXsEiOveSsixJR-IkusriBHGhxUiWc0Y0Api0r3-SF6wzeNVh3YuABKqU5qkYWREV0Y5q7-G4O_MESMLZWlEoFllihokm-0huv2r6ZrJKAnDWcynodhwGzVrH6ClIYNsECgxnhSmFU_ggC5zCjW_IPco5FjOPoP98j8vNOVcb6-16ziEYBe7QfZypMN53mjuZ_\"><img decoding=\"async\" src=\"https:\/\/blogger.googleusercontent.com\/img\/a\/AVvXsEiOveSsixJR-IkusriBHGhxUiWc0Y0Api0r3-SF6wzeNVh3YuABKqU5qkYWREV0Y5q7-G4O_MESMLZWlEoFllihokm-0huv2r6ZrJKAnDWcynodhwGzVrH6ClIYNsECgxnhSmFU_ggC5zCjW_IPco5FjOPoP98j8vNOVcb6-16ziEYBe7QfZypMN53mjuZ_=w557-h372\" alt=\"\" width=\"557\" height=\"372\" data-original-height=\"800\" data-original-width=\"1200\" \/><\/a><\/td><\/tr><tr><td class=\"tr-caption\" style=\"text-align: center;\"><i><span style=\"font-size: x-small;\">Una interesante plataforma cuyo mayor dato es que este \"coche\" est\u00e1 dise\u00f1ado para hacer otra cosa completamente distinta a<br \/>s\u00f3lo propulsi\u00f3n es la superficie superior del coche. Una rejilla de \u00e1labes entrecruzados permite aspirar el aire y empujarlo hacia el suelo,<br \/>elevando la plataforma como si fuera un dron. Una vez elevada sobre la calle y los edificios, el conductor\/piloto puede girar tanto la<br \/>c\u00e1psula de pasajeros y la plataforma de la carrocer\u00eda para que este coche\/plataforma pueda moverse r\u00e1pidamente de forma m\u00e1s horizontal para<br \/>llegada r\u00e1pida al destino.\u00a0<\/span><\/i><i><span style=\"font-size: x-small;\">Cr\u00e9dito de la imagen: ALEF Aeronautics (2025)<\/span><\/i><\/td><\/tr><\/tbody><\/table><p>Para dar vida al dise\u00f1o, Alef recurri\u00f3 al prestigioso dise\u00f1ador de autom\u00f3viles sueco Hirash Razaghi, conocido por su trabajo en veh\u00edculos Bugatti y Jaguar. Su experiencia contribuy\u00f3 a dar forma a una est\u00e9tica moderna y deportiva que combina forma y funcionalidad.<\/p><p><iframe title=\"Reproductor de v\u00eddeo YouTube\" src=\"https:\/\/www.youtube.com\/embed\/4QaTwebs5nY?si=v8EUhmQNSPcukWAY\" width=\"560\" height=\"315\" frameborder=\"0\" allowfullscreen=\"allowfullscreen\"><\/iframe><\/p><\/div><div><p>n 2022, la empresa se rebautiz\u00f3 oficialmente como \"Alef\" y lanz\u00f3 su sitio web de cara al p\u00fablico, desvelando una misi\u00f3n y una visi\u00f3n claras para el futuro del transporte de consumo. El nombre \"Alef\", derivado de la primera letra de los alfabetos fenicio, arameo, hebreo, \u00e1rabe, persa y sirio, simboliza la aspiraci\u00f3n de la empresa a liderar el sector y redefinir la movilidad personal.<\/p><p>La innovaci\u00f3n de Alef se gu\u00eda por tres principios b\u00e1sicos: el veh\u00edculo debe funcionar como un coche de verdad, capaz de circular por carreteras normales y aparcar en espacios normales; debe tener capacidad de despegue vertical, que lo distinga como un aut\u00e9ntico coche volador; y debe seguir siendo asequible, para garantizar su accesibilidad m\u00e1s all\u00e1 de los consumidores m\u00e1s adinerados.<\/p><p>Al integrar tecnolog\u00eda punta con un dise\u00f1o revolucionario, Alef est\u00e1 preparando el terreno para la pr\u00f3xima era del transporte, en la que el cielo ya no es el l\u00edmite.<\/p><p>... notas de <a href=\"https:\/\/theedje.blogspot.com\/2025\/02\/alef-flying-car-pioneering-future-of.html\" target=\"_blank\" rel=\"noopener\">El EDJE<\/a><\/p><\/div><\/div><div>\u00a0<\/div><div>\u00a0<\/div><div>\u00a0<\/div><div>\u00a0<\/div><div>\u00a0<\/div><div>\u00a0<\/div><div><span style=\"font-size: x-small;\"><b>TAGS:<\/b> <i>ALEF Aeronautics, ALEF, Coche volador, EV, VTOL, Osprey, vuelo horizontal, El EDJE<\/i><\/span><\/div>\t\t\t\t\t\t\t\t<\/div>\n\t\t\t\t<\/div>\n\t\t\t\t\t<\/div>\n\t\t\t\t<\/div>\n\t\t\t\t<\/div>","protected":false},"excerpt":{"rendered":"<p>ALEF flying car in full motion flight after vertical lift-off from a driving surface. No&#8230;<\/p>","protected":false},"author":165558846,"featured_media":11851,"comment_status":"open","ping_status":"open","sticky":false,"template":"","format":"standard","meta":{"_coblocks_attr":"","_coblocks_dimensions":"","_coblocks_responsive_height":"","_coblocks_accordion_ie_support":"","_crdt_document":"","advanced_seo_description":"","jetpack_seo_html_title":"","jetpack_seo_noindex":false,"_jetpack_newsletter_access":"","_jetpack_dont_email_post_to_subs":false,"_jetpack_newsletter_tier_id":0,"_jetpack_memberships_contains_paywalled_content":false,"two_page_speed":[],"_jetpack_memberships_contains_paid_content":false,"footnotes":"","jetpack_publicize_message":"","jetpack_publicize_feature_enabled":true,"jetpack_social_post_already_shared":true,"jetpack_social_options":{"image_generator_settings":{"template":"highway","default_image_id":0,"font":"","enabled":false},"version":2},"_wpas_customize_per_network":false,"jetpack_post_was_ever_published":false},"categories":[688379954],"tags":[688387165,688387439,688387438,688386736,688387080,688387441,688387440,688386249],"class_list":["post-11849","post","type-post","status-publish","format-standard","has-post-thumbnail","hentry","category-flying-cars-electric-hybrid-aviation","tag-vtol","tag-alef","tag-alef-aeronautics","tag-ev","tag-flying-car","tag-horizontal-flight","tag-osprey","tag-the-edje"],"jetpack_publicize_connections":[],"featured_image_urls":{"full":["https:\/\/evhnews.com\/wp-content\/uploads\/2025\/02\/Alef-in-Transition-Flight-Coming-At-You.webp",1200,674,false],"thumbnail":["https:\/\/evhnews.com\/wp-content\/uploads\/2025\/02\/Alef-in-Transition-Flight-Coming-At-You-150x150.jpg?crop=1",150,150,true],"medium":["https:\/\/evhnews.com\/wp-content\/uploads\/2025\/02\/Alef-in-Transition-Flight-Coming-At-You-300x169.jpg",300,169,true],"medium_large":["https:\/\/evhnews.com\/wp-content\/uploads\/2025\/02\/Alef-in-Transition-Flight-Coming-At-You-768x431.jpg",640,359,true],"large":["https:\/\/evhnews.com\/wp-content\/uploads\/2025\/02\/Alef-in-Transition-Flight-Coming-At-You-1024x575.jpg",640,359,true],"1536x1536":["https:\/\/evhnews.com\/wp-content\/uploads\/2025\/02\/Alef-in-Transition-Flight-Coming-At-You.webp",1200,674,false],"2048x2048":["https:\/\/evhnews.com\/wp-content\/uploads\/2025\/02\/Alef-in-Transition-Flight-Coming-At-You.webp",1200,674,false],"trp-custom-language-flag":["https:\/\/evhnews.com\/wp-content\/uploads\/2025\/02\/Alef-in-Transition-Flight-Coming-At-You-18x10.jpg",18,10,true],"newspack-article-block-landscape-large":["https:\/\/evhnews.com\/wp-content\/uploads\/2025\/02\/Alef-in-Transition-Flight-Coming-At-You.webp",1200,674,false],"newspack-article-block-portrait-large":["https:\/\/evhnews.com\/wp-content\/uploads\/2025\/02\/Alef-in-Transition-Flight-Coming-At-You.webp",900,506,false],"newspack-article-block-square-large":["https:\/\/evhnews.com\/wp-content\/uploads\/2025\/02\/Alef-in-Transition-Flight-Coming-At-You.webp",1200,674,false],"newspack-article-block-landscape-medium":["https:\/\/evhnews.com\/wp-content\/uploads\/2025\/02\/Alef-in-Transition-Flight-Coming-At-You.webp",800,449,false],"newspack-article-block-portrait-medium":["https:\/\/evhnews.com\/wp-content\/uploads\/2025\/02\/Alef-in-Transition-Flight-Coming-At-You.webp",600,337,false],"newspack-article-block-square-medium":["https:\/\/evhnews.com\/wp-content\/uploads\/2025\/02\/Alef-in-Transition-Flight-Coming-At-You.webp",800,449,false],"newspack-article-block-landscape-intermediate":["https:\/\/evhnews.com\/wp-content\/uploads\/2025\/02\/Alef-in-Transition-Flight-Coming-At-You.webp",600,337,false],"newspack-article-block-portrait-intermediate":["https:\/\/evhnews.com\/wp-content\/uploads\/2025\/02\/Alef-in-Transition-Flight-Coming-At-You.webp",450,253,false],"newspack-article-block-square-intermediate":["https:\/\/evhnews.com\/wp-content\/uploads\/2025\/02\/Alef-in-Transition-Flight-Coming-At-You.webp",600,337,false],"newspack-article-block-landscape-small":["https:\/\/evhnews.com\/wp-content\/uploads\/2025\/02\/Alef-in-Transition-Flight-Coming-At-You.webp",400,225,false],"newspack-article-block-portrait-small":["https:\/\/evhnews.com\/wp-content\/uploads\/2025\/02\/Alef-in-Transition-Flight-Coming-At-You.webp",300,169,false],"newspack-article-block-square-small":["https:\/\/evhnews.com\/wp-content\/uploads\/2025\/02\/Alef-in-Transition-Flight-Coming-At-You.webp",400,225,false],"newspack-article-block-landscape-tiny":["https:\/\/evhnews.com\/wp-content\/uploads\/2025\/02\/Alef-in-Transition-Flight-Coming-At-You.webp",200,112,false],"newspack-article-block-portrait-tiny":["https:\/\/evhnews.com\/wp-content\/uploads\/2025\/02\/Alef-in-Transition-Flight-Coming-At-You.webp",150,84,false],"newspack-article-block-square-tiny":["https:\/\/evhnews.com\/wp-content\/uploads\/2025\/02\/Alef-in-Transition-Flight-Coming-At-You.webp",200,112,false],"newspack-article-block-uncropped":["https:\/\/evhnews.com\/wp-content\/uploads\/2025\/02\/Alef-in-Transition-Flight-Coming-At-You.webp",1200,674,false],"enternews-featured":["https:\/\/evhnews.com\/wp-content\/uploads\/2025\/02\/Alef-in-Transition-Flight-Coming-At-You-1024x575.jpg",1024,575,true],"enternews-medium":["https:\/\/evhnews.com\/wp-content\/uploads\/2025\/02\/Alef-in-Transition-Flight-Coming-At-You-720x475.jpg?crop=1",720,475,true],"enternews-thumbnail":["https:\/\/evhnews.com\/wp-content\/uploads\/2025\/02\/Alef-in-Transition-Flight-Coming-At-You-480x315.jpg?crop=1",480,315,true],"tenweb_optimizer_mobile":["https:\/\/evhnews.com\/wp-content\/uploads\/2025\/02\/Alef-in-Transition-Flight-Coming-At-You-600x337.jpg",600,337,true],"tenweb_optimizer_tablet":["https:\/\/evhnews.com\/wp-content\/uploads\/2025\/02\/Alef-in-Transition-Flight-Coming-At-You-768x431.jpg",768,431,true]},"author_info":{"display_name":"EVHNews","author_link":"https:\/\/evhnews.com\/es\/author\/evhnews\/"},"category_info":"<a href=\"https:\/\/evhnews.com\/es\/category\/aviacion-hibrida-electrica\/coches-voladores-aviacion-hibrida-electrica\/\" rel=\"category tag\">Electric &amp; Hybrid Aerospace &amp; VTOL Aircrafts<\/a>","tag_info":"Electric &amp; Hybrid Aerospace &amp; VTOL Aircrafts","comment_count":"0","jetpack_featured_media_url":"https:\/\/evhnews.com\/wp-content\/uploads\/2025\/02\/Alef-in-Transition-Flight-Coming-At-You.webp","jetpack_likes_enabled":true,"jetpack_sharing_enabled":true,"jetpack_shortlink":"https:\/\/wp.me\/pbbbdx-357","amp_enabled":true,"_links":{"self":[{"href":"https:\/\/evhnews.com\/es\/wp-json\/wp\/v2\/posts\/11849","targetHints":{"allow":["GET"]}}],"collection":[{"href":"https:\/\/evhnews.com\/es\/wp-json\/wp\/v2\/posts"}],"about":[{"href":"https:\/\/evhnews.com\/es\/wp-json\/wp\/v2\/types\/post"}],"author":[{"embeddable":true,"href":"https:\/\/evhnews.com\/es\/wp-json\/wp\/v2\/users\/165558846"}],"replies":[{"embeddable":true,"href":"https:\/\/evhnews.com\/es\/wp-json\/wp\/v2\/comments?post=11849"}],"version-history":[{"count":23,"href":"https:\/\/evhnews.com\/es\/wp-json\/wp\/v2\/posts\/11849\/revisions"}],"predecessor-version":[{"id":11873,"href":"https:\/\/evhnews.com\/es\/wp-json\/wp\/v2\/posts\/11849\/revisions\/11873"}],"wp:featuredmedia":[{"embeddable":true,"href":"https:\/\/evhnews.com\/es\/wp-json\/wp\/v2\/media\/11851"}],"wp:attachment":[{"href":"https:\/\/evhnews.com\/es\/wp-json\/wp\/v2\/media?parent=11849"}],"wp:term":[{"taxonomy":"category","embeddable":true,"href":"https:\/\/evhnews.com\/es\/wp-json\/wp\/v2\/categories?post=11849"},{"taxonomy":"post_tag","embeddable":true,"href":"https:\/\/evhnews.com\/es\/wp-json\/wp\/v2\/tags?post=11849"}],"curies":[{"name":"wp","href":"https:\/\/api.w.org\/{rel}","templated":true}]}}