{"id":2488,"date":"2020-01-15T07:26:31","date_gmt":"2020-01-15T15:26:31","guid":{"rendered":"https:\/\/evhnews.com\/?p=2488"},"modified":"2020-01-17T07:32:38","modified_gmt":"2020-01-17T15:32:38","slug":"porsche-muy-motivado-para-ganar-experiencia-y-sumar-puntos-en-chile","status":"publish","type":"post","link":"https:\/\/evhnews.com\/es\/2020\/01\/15\/porsche-muy-motivado-para-ganar-experiencia-y-sumar-puntos-en-chile\/","title":{"rendered":"Porsche Highly Motivated To Gain Experience And Score Points In Chile"},"content":{"rendered":"<p><strong>Porsche Highly Motivated To Gain Experience And Score Points In Chile<\/strong><\/p>\n<p>Tras el exitoso inicio de temporada en noviembre, con un segundo puesto para el piloto oficial de Porsche Andr\u00e9 Lotterer (D) en el Diriyah E-Prix (Arabia Saud\u00ed), el equipo TAG Heuer Porsche de F\u00f3rmula E viaja a Chile para la tercera ronda del Campeonato ABB FIA de F\u00f3rmula E 2019\/2020 lleno de confianza. El objetivo para el Santiago E-Prix del 18 de enero de 2020 es terminar en los puntos y ganar m\u00e1s experiencia valiosa en el proceso.<\/p>\n<p><strong><br \/>\nPreguntas y respuestas del E-Prix de Santiago<\/strong><\/p>\n<p style=\"text-align: center;\"><img fetchpriority=\"high\" decoding=\"async\" data-attachment-id=\"2493\" data-permalink=\"https:\/\/evhnews.com\/es\/2020\/01\/15\/porsche-muy-motivado-para-ganar-experiencia-y-sumar-puntos-en-chile\/neel-jani-porsche-works-driver-18-2\/\" data-orig-file=\"https:\/\/evhnews.com\/wp-content\/uploads\/2020\/01\/Neel-Jani-Porsche-works-driver-18-1.jpg\" data-orig-size=\"800,449\" data-comments-opened=\"1\" data-image-meta=\"{&quot;aperture&quot;:&quot;0&quot;,&quot;credit&quot;:&quot;&quot;,&quot;camera&quot;:&quot;&quot;,&quot;caption&quot;:&quot;&quot;,&quot;created_timestamp&quot;:&quot;0&quot;,&quot;copyright&quot;:&quot;&quot;,&quot;focal_length&quot;:&quot;0&quot;,&quot;iso&quot;:&quot;0&quot;,&quot;shutter_speed&quot;:&quot;0&quot;,&quot;title&quot;:&quot;&quot;,&quot;orientation&quot;:&quot;1&quot;}\" data-image-title=\"Neel Jani (Porsche works driver, #18)\" data-image-description=\"\" data-image-caption=\"\" data-large-file=\"https:\/\/evhnews.com\/wp-content\/uploads\/2020\/01\/Neel-Jani-Porsche-works-driver-18-1.jpg\" class=\"alignnone size-full wp-image-2493\" src=\"https:\/\/evhnews.com\/wp-content\/uploads\/2020\/01\/Neel-Jani-Porsche-works-driver-18-1.jpg\" alt=\"Neel Jani (piloto oficial de Porsche, #18)\" width=\"800\" height=\"449\" srcset=\"https:\/\/evhnews.com\/wp-content\/uploads\/2020\/01\/Neel-Jani-Porsche-works-driver-18-1.jpg 800w, https:\/\/evhnews.com\/wp-content\/uploads\/2020\/01\/Neel-Jani-Porsche-works-driver-18-1-300x168.jpg 300w, https:\/\/evhnews.com\/wp-content\/uploads\/2020\/01\/Neel-Jani-Porsche-works-driver-18-1-768x431.jpg 768w\" sizes=\"(max-width: 800px) 100vw, 800px\" \/><\/p>\n<p style=\"text-align: center;\"><span style=\"font-size: small;\"><em>Cr\u00e9dito de la imagen: Porsche Media<\/em><\/span><\/p>\n<p><strong>Neel Jani (piloto oficial de Porsche, #18)<br \/>\n<\/strong><br \/>\n<strong>\u00bfC\u00f3mo ha pasado las \u00faltimas semanas preparando la carrera de F\u00f3rmula E en Santiago de Chile?<\/strong><\/p>\n<p>\u201cThe two races in Saudi Arabia at the end of November were a steep learning curve for me and the whole team. I was not happy with my weekend. Over the past few weeks, we have worked hard and grappled intensively with all the details to analyze the areas where we still have room for improvement. The focus was on the car set-up and energy management. The difficulty is bringing everything together. Everyone has done their homework during the winter break, so let\u2019s see how we get on in Chile. The goal is definitely to score points.\u201d<\/p>\n<p><strong>\u00bfCu\u00e1l es su primera impresi\u00f3n del circuito de Santiago?<\/strong><\/p>\n<p>\u201cMi primera impresi\u00f3n desde el simulador es que el circuito es completamente diferente al de Diriyah. Es m\u00e1s un circuito cl\u00e1sico de F\u00f3rmula E, con curvas cerradas y horquillas, no tan r\u00e1pido y con menos cambios de elevaci\u00f3n. La pista tiene una de las rectas m\u00e1s largas. De todos los circuitos de F\u00f3rmula E del calendario, aqu\u00ed es donde pudimos alcanzar una velocidad punta elevada. En cuanto al asfalto, tambi\u00e9n podr\u00eda haber variaciones, que influir\u00e1n en el nivel de agarre y, por tanto, en la puesta a punto del coche\u201d.\u201d<\/p>\n<p style=\"text-align: center;\"><img decoding=\"async\" data-attachment-id=\"2491\" data-permalink=\"https:\/\/evhnews.com\/es\/2020\/01\/15\/porsche-muy-motivado-para-ganar-experiencia-y-sumar-puntos-en-chile\/andre-lotterer-porsche-works-driver-36\/\" data-orig-file=\"https:\/\/evhnews.com\/wp-content\/uploads\/2020\/01\/Andr\u00e9-Lotterer-Porsche-works-driver-36.jpg\" data-orig-size=\"800,449\" data-comments-opened=\"1\" data-image-meta=\"{&quot;aperture&quot;:&quot;0&quot;,&quot;credit&quot;:&quot;&quot;,&quot;camera&quot;:&quot;&quot;,&quot;caption&quot;:&quot;&quot;,&quot;created_timestamp&quot;:&quot;0&quot;,&quot;copyright&quot;:&quot;&quot;,&quot;focal_length&quot;:&quot;0&quot;,&quot;iso&quot;:&quot;0&quot;,&quot;shutter_speed&quot;:&quot;0&quot;,&quot;title&quot;:&quot;&quot;,&quot;orientation&quot;:&quot;1&quot;}\" data-image-title=\"Andr\u00e9 Lotterer (Porsche works driver, #36)\" data-image-description=\"\" data-image-caption=\"\" data-large-file=\"https:\/\/evhnews.com\/wp-content\/uploads\/2020\/01\/Andr\u00e9-Lotterer-Porsche-works-driver-36.jpg\" class=\"alignnone size-full wp-image-2491\" src=\"https:\/\/evhnews.com\/wp-content\/uploads\/2020\/01\/Andr\u00e9-Lotterer-Porsche-works-driver-36.jpg\" alt=\"Andr\u00e9 Lotterer (piloto oficial de Porsche, #36)\" width=\"800\" height=\"449\" srcset=\"https:\/\/evhnews.com\/wp-content\/uploads\/2020\/01\/Andr\u00e9-Lotterer-Porsche-works-driver-36.jpg 800w, https:\/\/evhnews.com\/wp-content\/uploads\/2020\/01\/Andr\u00e9-Lotterer-Porsche-works-driver-36-300x168.jpg 300w, https:\/\/evhnews.com\/wp-content\/uploads\/2020\/01\/Andr\u00e9-Lotterer-Porsche-works-driver-36-768x431.jpg 768w\" sizes=\"(max-width: 800px) 100vw, 800px\" \/><\/p>\n<p style=\"text-align: center;\"><span style=\"font-size: small;\"><em>Cr\u00e9dito de la imagen: Porsche Media<\/em><\/span><\/p>\n<p><strong>Andr\u00e9 Lotterer (piloto oficial de Porsche, #36)<\/strong><\/p>\n<p><strong>\u00bfQu\u00e9 espera de la carrera de Chile tras su exitoso inicio de temporada?<\/strong><\/p>\n<p>\u201cGenerally speaking, I am cautiously optimistic about the race in Chile. We had a great start to the season in Saudi Arabia, but I am also aware that there is still room for improvement. As a new Formula E team, we still have a lot to learn. The break has been good for us, as it gave us time to analyze a lot of data. As such, I am confident that we will improve again in Chile. Whether we will have as good a race as in Saudi Arabia is hard to say. We must get through qualifying without any incidents, then we will have a good chance of picking up points. The potential is definitely there.\u201d<\/p>\n<p><strong>\u00bfQu\u00e9 efecto tendr\u00e1 el circuito en el Porsche 99X El\u00e9ctrico?<\/strong><\/p>\n<p>\u201cEl a\u00f1o pasado hizo mucho calor en Santiago. Eso hizo que la carrera fuera muy agotadora para los pilotos. El circuito ha sido actualizado para esta temporada y deber\u00eda adaptarse al Porsche 99X Electric. La filosof\u00eda detr\u00e1s de la puesta a punto del coche va definitivamente en la direcci\u00f3n correcta.\u201d<\/p>\n<p style=\"text-align: center;\"><img decoding=\"async\" data-attachment-id=\"2489\" data-permalink=\"https:\/\/evhnews.com\/es\/2020\/01\/15\/porsche-muy-motivado-para-ganar-experiencia-y-sumar-puntos-en-chile\/amiel-lindesay-head-of-operations-formula-e\/\" data-orig-file=\"https:\/\/evhnews.com\/wp-content\/uploads\/2020\/01\/Amiel-Lindesay-Head-of-Operations-Formula-E.jpg\" data-orig-size=\"800,449\" data-comments-opened=\"1\" data-image-meta=\"{&quot;aperture&quot;:&quot;0&quot;,&quot;credit&quot;:&quot;&quot;,&quot;camera&quot;:&quot;&quot;,&quot;caption&quot;:&quot;&quot;,&quot;created_timestamp&quot;:&quot;0&quot;,&quot;copyright&quot;:&quot;&quot;,&quot;focal_length&quot;:&quot;0&quot;,&quot;iso&quot;:&quot;0&quot;,&quot;shutter_speed&quot;:&quot;0&quot;,&quot;title&quot;:&quot;&quot;,&quot;orientation&quot;:&quot;1&quot;}\" data-image-title=\"Amiel Lindesay (Head of Operations Formula E)\" data-image-description=\"\" data-image-caption=\"\" data-large-file=\"https:\/\/evhnews.com\/wp-content\/uploads\/2020\/01\/Amiel-Lindesay-Head-of-Operations-Formula-E.jpg\" class=\"alignnone size-full wp-image-2489\" src=\"https:\/\/evhnews.com\/wp-content\/uploads\/2020\/01\/Amiel-Lindesay-Head-of-Operations-Formula-E.jpg\" alt=\"Amiel Lindesay (Jefe de Operaciones F\u00f3rmula E)\" width=\"800\" height=\"449\" srcset=\"https:\/\/evhnews.com\/wp-content\/uploads\/2020\/01\/Amiel-Lindesay-Head-of-Operations-Formula-E.jpg 800w, https:\/\/evhnews.com\/wp-content\/uploads\/2020\/01\/Amiel-Lindesay-Head-of-Operations-Formula-E-300x168.jpg 300w, https:\/\/evhnews.com\/wp-content\/uploads\/2020\/01\/Amiel-Lindesay-Head-of-Operations-Formula-E-768x431.jpg 768w\" sizes=\"(max-width: 800px) 100vw, 800px\" \/><\/p>\n<p style=\"text-align: center;\"><span style=\"font-size: small;\"><em>Cr\u00e9dito de la imagen: Porsche Media<\/em><\/span><\/p>\n<p><strong>Amiel Lindesay (Jefe de Operaciones F\u00f3rmula E)<\/strong><\/p>\n<p><strong>\u00bfHa cambiado el exitoso comienzo en Arabia Saud\u00ed los objetivos de la primera temporada de Porsche en la F\u00f3rmula E?<\/strong><\/p>\n<p>\u201cWe saw at the Diriyah E-Prix that the Porsche 99X Electric is competitive and capable of mixing it with the front-runners. Over the course of the season, however, it will be important to perform consistently in qualifying and to finish in the points in every race. These factors were key to success in recent Formula E seasons. We are confident that we have both the car and the team to succeed in this regard. Despite the positive start to the season, our goals remain the same; we are striving to get the maximum out of every race.\u201d<\/p>\n<p><strong>\u00bfCu\u00e1les son las expectativas de la carrera en Chile?<\/strong><\/p>\n<p>\u201cDesde Arabia Saud\u00ed, hemos tenido tiempo suficiente para examinar nuestros procesos y mejorar la eficacia en determinadas \u00e1reas. Pondremos en pr\u00e1ctica las conclusiones que hemos sacado en la pr\u00f3xima carrera de Chile. Queremos revalidar el \u00e9xito obtenido en el E-Prix de Diriyah. En general, acabar entre los diez primeros y puntuar es un objetivo realista\u201d.\u201d<\/p>\n<p><strong>Todo lo que necesitas saber sobre el E-Prix de Santiago<\/strong><\/p>\n<p><strong>El formato<\/strong><\/p>\n<p>La tercera ronda de la sexta temporada del Campeonato ABB FIA de F\u00f3rmula E 2019\/2020 tiene lugar en el centro de la capital chilena, Santiago, en el Parque O'Higgins. Hay una breve prueba funcional (shakedown) en la v\u00edspera de la carrera (17 de enero). El d\u00eda de la carrera (18 de enero) comienza con dos sesiones de entrenamientos libres: la primera dura 45 minutos, la segunda 30 minutos. En la calificaci\u00f3n, los pilotos se dividen en cuatro grupos de seis, en funci\u00f3n de la clasificaci\u00f3n en el Campeonato de Pilotos. Andr\u00e9 Lotterer es actualmente sexto, por lo que saldr\u00e1 en el grupo uno, mientras que Neel Jani, en el 21<sup>st<\/sup> lugar, va en el grupo cuatro. Cada piloto dispone de seis minutos para marcar el mejor tiempo posible. Los seis pilotos m\u00e1s r\u00e1pidos de todos los grupos se clasifican para la Super Pole de 20 minutos. En ella se decide qui\u00e9n saldr\u00e1 en la primera, segunda y tercera fila de la parrilla. La carrera dura 45 minutos m\u00e1s una vuelta.<\/p>\n<p><strong>La pista<\/strong><\/p>\n<p>El circuito urbano de Santiago, de 2,287 kil\u00f3metros, es una pista cl\u00e1sica de F\u00f3rmula E, con secciones estrechas, horquillas y once curvas en total. Dos caracter\u00edsticas llamativas son una larga curva a la izquierda (curva 8) y una larga recta.<\/p>\n<p><strong>Los horarios<\/strong><\/p>\n<p>La clasificaci\u00f3n y el E-Prix de Santiago ser\u00e1n retransmitidos por Eurosport.<\/p>\n<p>Clasificaci\u00f3n: Eurosport 1, 18 de enero de 2020, 19:05 - 19:45 (CET)<br \/>\nCarrera: Eurosport 1, 18 de enero de 2020, 19:45 - 21:00, en directo (CET)<\/p>\n<p><img loading=\"lazy\" decoding=\"async\" data-attachment-id=\"1490\" data-permalink=\"https:\/\/evhnews.com\/es\/2019\/12\/18\/the-efficient-drivetrain-for-the-purely-electric-bmw-ix3\/evh-news-lighting-bolt-logo\/\" data-orig-file=\"https:\/\/evhnews.com\/wp-content\/uploads\/2019\/12\/EVH-News-Lighting-Bolt-Logo-.jpg\" data-orig-size=\"100,100\" data-comments-opened=\"1\" data-image-meta=\"{&quot;aperture&quot;:&quot;0&quot;,&quot;credit&quot;:&quot;&quot;,&quot;camera&quot;:&quot;&quot;,&quot;caption&quot;:&quot;&quot;,&quot;created_timestamp&quot;:&quot;1575197468&quot;,&quot;copyright&quot;:&quot;&quot;,&quot;focal_length&quot;:&quot;0&quot;,&quot;iso&quot;:&quot;0&quot;,&quot;shutter_speed&quot;:&quot;0&quot;,&quot;title&quot;:&quot;&quot;,&quot;orientation&quot;:&quot;1&quot;}\" data-image-title=\"EVH News-Lighting-Bolt-Logo-\" data-image-description=\"\" data-image-caption=\"\" data-large-file=\"https:\/\/evhnews.com\/wp-content\/uploads\/2019\/12\/EVH-News-Lighting-Bolt-Logo-.jpg\" class=\"alignnone size-full wp-image-1490\" src=\"https:\/\/evhnews.com\/wp-content\/uploads\/2019\/12\/EVH-News-Lighting-Bolt-Logo-.jpg\" alt=\"EVH News-Lighting-Bolt-Logo-\" width=\"100\" height=\"100\" \/><\/p>","protected":false},"excerpt":{"rendered":"<p>Porsche Highly Motivated To Gain Experience And Score Points In Chile Following the successful season-opener&#8230;<\/p>","protected":false},"author":165558846,"featured_media":2399,"comment_status":"open","ping_status":"open","sticky":false,"template":"","format":"standard","meta":{"_coblocks_attr":"","_coblocks_dimensions":"","_coblocks_responsive_height":"","_coblocks_accordion_ie_support":"","_crdt_document":"","advanced_seo_description":"Porsche Highly Motivated To Gain Experience And Score Points In Chile","jetpack_seo_html_title":"","jetpack_seo_noindex":false,"_jetpack_newsletter_access":"","_jetpack_dont_email_post_to_subs":false,"_jetpack_newsletter_tier_id":0,"_jetpack_memberships_contains_paywalled_content":false,"two_page_speed":[],"_jetpack_memberships_contains_paid_content":false,"footnotes":"","jetpack_publicize_message":"","jetpack_publicize_feature_enabled":true,"jetpack_social_post_already_shared":true,"jetpack_social_options":{"image_generator_settings":{"template":"highway","default_image_id":0,"font":"","enabled":false},"version":2},"_wpas_customize_per_network":false,"jetpack_post_was_ever_published":false},"categories":[688324433,688380928],"tags":[],"class_list":["post-2488","post","type-post","status-publish","format-standard","has-post-thumbnail","hentry","category-electric-hybrid-motorsports","category-formula-e-electric-hybrid-motorsports"],"jetpack_publicize_connections":[],"featured_image_urls":{"full":["https:\/\/evhnews.com\/wp-content\/uploads\/2020\/01\/Porsche-Formula-E.png",800,450,false],"thumbnail":["https:\/\/evhnews.com\/wp-content\/uploads\/2020\/01\/Porsche-Formula-E-150x150.png",150,150,true],"medium":["https:\/\/evhnews.com\/wp-content\/uploads\/2020\/01\/Porsche-Formula-E-300x169.png",300,169,true],"medium_large":["https:\/\/evhnews.com\/wp-content\/uploads\/2020\/01\/Porsche-Formula-E-768x432.png",640,360,true],"large":["https:\/\/evhnews.com\/wp-content\/uploads\/2020\/01\/Porsche-Formula-E.png",640,360,false],"1536x1536":["https:\/\/evhnews.com\/wp-content\/uploads\/2020\/01\/Porsche-Formula-E.png",800,450,false],"2048x2048":["https:\/\/evhnews.com\/wp-content\/uploads\/2020\/01\/Porsche-Formula-E.png",800,450,false],"trp-custom-language-flag":["https:\/\/evhnews.com\/wp-content\/uploads\/2020\/01\/Porsche-Formula-E.png",18,10,false],"newspack-article-block-landscape-large":["https:\/\/evhnews.com\/wp-content\/uploads\/2020\/01\/Porsche-Formula-E.png",800,450,false],"newspack-article-block-portrait-large":["https:\/\/evhnews.com\/wp-content\/uploads\/2020\/01\/Porsche-Formula-E.png",800,450,false],"newspack-article-block-square-large":["https:\/\/evhnews.com\/wp-content\/uploads\/2020\/01\/Porsche-Formula-E.png",800,450,false],"newspack-article-block-landscape-medium":["https:\/\/evhnews.com\/wp-content\/uploads\/2020\/01\/Porsche-Formula-E.png",800,450,false],"newspack-article-block-portrait-medium":["https:\/\/evhnews.com\/wp-content\/uploads\/2020\/01\/Porsche-Formula-E-600x450.png",600,450,true],"newspack-article-block-square-medium":["https:\/\/evhnews.com\/wp-content\/uploads\/2020\/01\/Porsche-Formula-E.png",800,450,false],"newspack-article-block-landscape-intermediate":["https:\/\/evhnews.com\/wp-content\/uploads\/2020\/01\/Porsche-Formula-E.png",600,338,false],"newspack-article-block-portrait-intermediate":["https:\/\/evhnews.com\/wp-content\/uploads\/2020\/01\/Porsche-Formula-E.png",450,253,false],"newspack-article-block-square-intermediate":["https:\/\/evhnews.com\/wp-content\/uploads\/2020\/01\/Porsche-Formula-E.png",600,338,false],"newspack-article-block-landscape-small":["https:\/\/evhnews.com\/wp-content\/uploads\/2020\/01\/Porsche-Formula-E-400x300.png",400,300,true],"newspack-article-block-portrait-small":["https:\/\/evhnews.com\/wp-content\/uploads\/2020\/01\/Porsche-Formula-E-300x400.png",300,400,true],"newspack-article-block-square-small":["https:\/\/evhnews.com\/wp-content\/uploads\/2020\/01\/Porsche-Formula-E-400x400.png",400,400,true],"newspack-article-block-landscape-tiny":["https:\/\/evhnews.com\/wp-content\/uploads\/2020\/01\/Porsche-Formula-E-200x150.png",200,150,true],"newspack-article-block-portrait-tiny":["https:\/\/evhnews.com\/wp-content\/uploads\/2020\/01\/Porsche-Formula-E-150x200.png",150,200,true],"newspack-article-block-square-tiny":["https:\/\/evhnews.com\/wp-content\/uploads\/2020\/01\/Porsche-Formula-E-200x200.png",200,200,true],"newspack-article-block-uncropped":["https:\/\/evhnews.com\/wp-content\/uploads\/2020\/01\/Porsche-Formula-E.png",800,450,false],"enternews-featured":["https:\/\/evhnews.com\/wp-content\/uploads\/2020\/01\/Porsche-Formula-E.png",800,450,false],"enternews-medium":["https:\/\/evhnews.com\/wp-content\/uploads\/2020\/01\/Porsche-Formula-E.png",720,405,false],"enternews-thumbnail":["https:\/\/evhnews.com\/wp-content\/uploads\/2020\/01\/Porsche-Formula-E.png",480,270,false],"tenweb_optimizer_mobile":["https:\/\/evhnews.com\/wp-content\/uploads\/2020\/01\/Porsche-Formula-E.png",600,338,false],"tenweb_optimizer_tablet":["https:\/\/evhnews.com\/wp-content\/uploads\/2020\/01\/Porsche-Formula-E.png",768,432,false]},"author_info":{"display_name":"EVHNews","author_link":"https:\/\/evhnews.com\/es\/author\/evhnews\/"},"category_info":"<a href=\"https:\/\/evhnews.com\/es\/category\/electric-hybrid-motorsports\/\" rel=\"category tag\">Electric &amp; Hybrid Motor Sports<\/a> <a href=\"https:\/\/evhnews.com\/es\/category\/electric-hybrid-motorsports\/formula-e-electric-hybrid-motorsports\/\" rel=\"category tag\">Electric ABB FIA Formula E Racing<\/a>","tag_info":"Electric ABB FIA Formula E Racing","comment_count":"0","jetpack_featured_media_url":"https:\/\/evhnews.com\/wp-content\/uploads\/2020\/01\/Porsche-Formula-E.png","jetpack_likes_enabled":true,"jetpack_sharing_enabled":true,"jetpack_shortlink":"https:\/\/wp.me\/pbbbdx-E8","amp_enabled":true,"_links":{"self":[{"href":"https:\/\/evhnews.com\/es\/wp-json\/wp\/v2\/posts\/2488","targetHints":{"allow":["GET"]}}],"collection":[{"href":"https:\/\/evhnews.com\/es\/wp-json\/wp\/v2\/posts"}],"about":[{"href":"https:\/\/evhnews.com\/es\/wp-json\/wp\/v2\/types\/post"}],"author":[{"embeddable":true,"href":"https:\/\/evhnews.com\/es\/wp-json\/wp\/v2\/users\/165558846"}],"replies":[{"embeddable":true,"href":"https:\/\/evhnews.com\/es\/wp-json\/wp\/v2\/comments?post=2488"}],"version-history":[{"count":5,"href":"https:\/\/evhnews.com\/es\/wp-json\/wp\/v2\/posts\/2488\/revisions"}],"predecessor-version":[{"id":2497,"href":"https:\/\/evhnews.com\/es\/wp-json\/wp\/v2\/posts\/2488\/revisions\/2497"}],"wp:featuredmedia":[{"embeddable":true,"href":"https:\/\/evhnews.com\/es\/wp-json\/wp\/v2\/media\/2399"}],"wp:attachment":[{"href":"https:\/\/evhnews.com\/es\/wp-json\/wp\/v2\/media?parent=2488"}],"wp:term":[{"taxonomy":"category","embeddable":true,"href":"https:\/\/evhnews.com\/es\/wp-json\/wp\/v2\/categories?post=2488"},{"taxonomy":"post_tag","embeddable":true,"href":"https:\/\/evhnews.com\/es\/wp-json\/wp\/v2\/tags?post=2488"}],"curies":[{"name":"wp","href":"https:\/\/api.w.org\/{rel}","templated":true}]}}