{"id":2693,"date":"2020-01-23T17:08:40","date_gmt":"2020-01-24T01:08:40","guid":{"rendered":"https:\/\/evhnews.com\/?p=2693"},"modified":"2020-01-27T08:45:25","modified_gmt":"2020-01-27T16:45:25","slug":"fuerte-demanda-del-volvo-xc40-recharge-p8-awd-totalmente-electrico","status":"publish","type":"post","link":"https:\/\/evhnews.com\/es\/2020\/01\/23\/fuerte-demanda-del-volvo-xc40-recharge-p8-awd-totalmente-electrico\/","title":{"rendered":"Strong Early Consumer Demand For Fully Electric Volvo XC40 Recharge P8 AWD"},"content":{"rendered":"<p style=\"text-align: center;\"><span style=\"font-size: small;\"><em>Cr\u00e9dito de la imagen: Volvo<\/em><\/span><\/p>\n<p><strong>Strong Early Consumer Demand For Fully Electric Volvo XC40 Recharge P8 AWD<\/strong><\/p>\n<p>Volvo Cars ha abierto formalmente los libros de pedidos del XC40 Recharge P8 AWD, el primer coche totalmente el\u00e9ctrico de la compa\u00f1\u00eda basado en el SUV m\u00e1s vendido, en mercados seleccionados.<\/p>\n<p>Decenas de miles de consumidores han mostrado un gran inter\u00e9s por el XC40 totalmente el\u00e9ctrico y la empresa ya ha recibido varios miles de pedidos en firme incluso antes del inicio formal de las ventas. Est\u00e1 previsto que la producci\u00f3n y las primeras entregas a clientes del XC40 Recharge P8 comiencen a finales de este a\u00f1o.<\/p>\n<p>La entrada inicial de pedidos es la \u00faltima prueba de la fuerte demanda de la l\u00ednea de coches Recharge de Volvo Cars, el nombre de todos los Volvo con un sistema de propulsi\u00f3n totalmente el\u00e9ctrico e h\u00edbrido enchufable. El objetivo de la empresa es que los coches totalmente el\u00e9ctricos representen el 50% de las ventas mundiales en 2025, y que el resto sean h\u00edbridos.<\/p>\n<p style=\"text-align: center;\"><img fetchpriority=\"high\" decoding=\"async\" data-attachment-id=\"2696\" data-permalink=\"https:\/\/evhnews.com\/es\/2020\/01\/23\/fuerte-demanda-del-volvo-xc40-recharge-p8-awd-totalmente-electrico\/volvo-xc40-recharge-p8-awd-in-glacier-silver\/\" data-orig-file=\"https:\/\/evhnews.com\/wp-content\/uploads\/2020\/01\/Volvo-XC40-Recharge-P8-AWD-in-Glacier-Silver.png\" data-orig-size=\"800,533\" data-comments-opened=\"1\" data-image-meta=\"{&quot;aperture&quot;:&quot;0&quot;,&quot;credit&quot;:&quot;&quot;,&quot;camera&quot;:&quot;&quot;,&quot;caption&quot;:&quot;&quot;,&quot;created_timestamp&quot;:&quot;0&quot;,&quot;copyright&quot;:&quot;&quot;,&quot;focal_length&quot;:&quot;0&quot;,&quot;iso&quot;:&quot;0&quot;,&quot;shutter_speed&quot;:&quot;0&quot;,&quot;title&quot;:&quot;&quot;,&quot;orientation&quot;:&quot;0&quot;}\" data-image-title=\"Volvo XC40 Recharge P8 AWD in Glacier Silver\" data-image-description=\"\" data-image-caption=\"\" data-large-file=\"https:\/\/evhnews.com\/wp-content\/uploads\/2020\/01\/Volvo-XC40-Recharge-P8-AWD-in-Glacier-Silver.png\" class=\"alignnone size-full wp-image-2696\" src=\"https:\/\/evhnews.com\/wp-content\/uploads\/2020\/01\/Volvo-XC40-Recharge-P8-AWD-in-Glacier-Silver.png\" alt=\"Volvo XC40 Recharge P8 AWD en Plata Glaciar\" width=\"800\" height=\"533\" srcset=\"https:\/\/evhnews.com\/wp-content\/uploads\/2020\/01\/Volvo-XC40-Recharge-P8-AWD-in-Glacier-Silver.png 800w, https:\/\/evhnews.com\/wp-content\/uploads\/2020\/01\/Volvo-XC40-Recharge-P8-AWD-in-Glacier-Silver-300x200.png 300w, https:\/\/evhnews.com\/wp-content\/uploads\/2020\/01\/Volvo-XC40-Recharge-P8-AWD-in-Glacier-Silver-768x512.png 768w\" sizes=\"(max-width: 800px) 100vw, 800px\" \/><br \/>\n<img decoding=\"async\" data-attachment-id=\"2697\" data-permalink=\"https:\/\/evhnews.com\/es\/2020\/01\/23\/fuerte-demanda-del-volvo-xc40-recharge-p8-awd-totalmente-electrico\/volvo-xc40-recharge-p8-awd-in-glacier-silver-3\/\" data-orig-file=\"https:\/\/evhnews.com\/wp-content\/uploads\/2020\/01\/Volvo-XC40-Recharge-P8-AWD-in-Glacier-Silver-3.png\" data-orig-size=\"800,601\" data-comments-opened=\"1\" data-image-meta=\"{&quot;aperture&quot;:&quot;0&quot;,&quot;credit&quot;:&quot;&quot;,&quot;camera&quot;:&quot;&quot;,&quot;caption&quot;:&quot;&quot;,&quot;created_timestamp&quot;:&quot;0&quot;,&quot;copyright&quot;:&quot;&quot;,&quot;focal_length&quot;:&quot;0&quot;,&quot;iso&quot;:&quot;0&quot;,&quot;shutter_speed&quot;:&quot;0&quot;,&quot;title&quot;:&quot;&quot;,&quot;orientation&quot;:&quot;0&quot;}\" data-image-title=\"Volvo XC40 Recharge P8 AWD in Glacier Silver-3\" data-image-description=\"\" data-image-caption=\"\" data-large-file=\"https:\/\/evhnews.com\/wp-content\/uploads\/2020\/01\/Volvo-XC40-Recharge-P8-AWD-in-Glacier-Silver-3.png\" class=\"alignnone size-full wp-image-2697\" src=\"https:\/\/evhnews.com\/wp-content\/uploads\/2020\/01\/Volvo-XC40-Recharge-P8-AWD-in-Glacier-Silver-3.png\" alt=\"Volvo XC40 Recharge P8 AWD en Glacier Silver-3\" width=\"800\" height=\"601\" srcset=\"https:\/\/evhnews.com\/wp-content\/uploads\/2020\/01\/Volvo-XC40-Recharge-P8-AWD-in-Glacier-Silver-3.png 800w, https:\/\/evhnews.com\/wp-content\/uploads\/2020\/01\/Volvo-XC40-Recharge-P8-AWD-in-Glacier-Silver-3-300x225.png 300w, https:\/\/evhnews.com\/wp-content\/uploads\/2020\/01\/Volvo-XC40-Recharge-P8-AWD-in-Glacier-Silver-3-768x577.png 768w, https:\/\/evhnews.com\/wp-content\/uploads\/2020\/01\/Volvo-XC40-Recharge-P8-AWD-in-Glacier-Silver-3-400x300.png 400w, https:\/\/evhnews.com\/wp-content\/uploads\/2020\/01\/Volvo-XC40-Recharge-P8-AWD-in-Glacier-Silver-3-200x150.png 200w\" sizes=\"(max-width: 800px) 100vw, 800px\" \/><br \/>\n<img decoding=\"async\" data-attachment-id=\"2698\" data-permalink=\"https:\/\/evhnews.com\/es\/2020\/01\/23\/fuerte-demanda-del-volvo-xc40-recharge-p8-awd-totalmente-electrico\/volvo-xc40-recharge-p8-awd-in-glacier-silver-4\/\" data-orig-file=\"https:\/\/evhnews.com\/wp-content\/uploads\/2020\/01\/Volvo-XC40-Recharge-P8-AWD-in-Glacier-Silver-4.png\" data-orig-size=\"800,601\" data-comments-opened=\"1\" data-image-meta=\"{&quot;aperture&quot;:&quot;0&quot;,&quot;credit&quot;:&quot;&quot;,&quot;camera&quot;:&quot;&quot;,&quot;caption&quot;:&quot;&quot;,&quot;created_timestamp&quot;:&quot;0&quot;,&quot;copyright&quot;:&quot;&quot;,&quot;focal_length&quot;:&quot;0&quot;,&quot;iso&quot;:&quot;0&quot;,&quot;shutter_speed&quot;:&quot;0&quot;,&quot;title&quot;:&quot;&quot;,&quot;orientation&quot;:&quot;0&quot;}\" data-image-title=\"Volvo XC40 Recharge P8 AWD in Glacier Silver-4\" data-image-description=\"\" data-image-caption=\"\" data-large-file=\"https:\/\/evhnews.com\/wp-content\/uploads\/2020\/01\/Volvo-XC40-Recharge-P8-AWD-in-Glacier-Silver-4.png\" class=\"alignnone size-full wp-image-2698\" src=\"https:\/\/evhnews.com\/wp-content\/uploads\/2020\/01\/Volvo-XC40-Recharge-P8-AWD-in-Glacier-Silver-4.png\" alt=\"Volvo XC40 Recharge P8 AWD en Glacier Silver-4\" width=\"800\" height=\"601\" srcset=\"https:\/\/evhnews.com\/wp-content\/uploads\/2020\/01\/Volvo-XC40-Recharge-P8-AWD-in-Glacier-Silver-4.png 800w, https:\/\/evhnews.com\/wp-content\/uploads\/2020\/01\/Volvo-XC40-Recharge-P8-AWD-in-Glacier-Silver-4-300x225.png 300w, https:\/\/evhnews.com\/wp-content\/uploads\/2020\/01\/Volvo-XC40-Recharge-P8-AWD-in-Glacier-Silver-4-768x577.png 768w, https:\/\/evhnews.com\/wp-content\/uploads\/2020\/01\/Volvo-XC40-Recharge-P8-AWD-in-Glacier-Silver-4-400x300.png 400w, https:\/\/evhnews.com\/wp-content\/uploads\/2020\/01\/Volvo-XC40-Recharge-P8-AWD-in-Glacier-Silver-4-200x150.png 200w\" sizes=\"(max-width: 800px) 100vw, 800px\" \/><br \/>\n<img loading=\"lazy\" decoding=\"async\" data-attachment-id=\"2699\" data-permalink=\"https:\/\/evhnews.com\/es\/2020\/01\/23\/fuerte-demanda-del-volvo-xc40-recharge-p8-awd-totalmente-electrico\/volvo-xc40-recharge-p8-awd-in-glacier-silver-5\/\" data-orig-file=\"https:\/\/evhnews.com\/wp-content\/uploads\/2020\/01\/Volvo-XC40-Recharge-P8-AWD-in-Glacier-Silver-5.png\" data-orig-size=\"800,601\" data-comments-opened=\"1\" data-image-meta=\"{&quot;aperture&quot;:&quot;0&quot;,&quot;credit&quot;:&quot;&quot;,&quot;camera&quot;:&quot;&quot;,&quot;caption&quot;:&quot;&quot;,&quot;created_timestamp&quot;:&quot;0&quot;,&quot;copyright&quot;:&quot;&quot;,&quot;focal_length&quot;:&quot;0&quot;,&quot;iso&quot;:&quot;0&quot;,&quot;shutter_speed&quot;:&quot;0&quot;,&quot;title&quot;:&quot;&quot;,&quot;orientation&quot;:&quot;0&quot;}\" data-image-title=\"Volvo XC40 Recharge P8 AWD in Glacier Silver-5\" data-image-description=\"\" data-image-caption=\"\" data-large-file=\"https:\/\/evhnews.com\/wp-content\/uploads\/2020\/01\/Volvo-XC40-Recharge-P8-AWD-in-Glacier-Silver-5.png\" class=\"alignnone size-full wp-image-2699\" src=\"https:\/\/evhnews.com\/wp-content\/uploads\/2020\/01\/Volvo-XC40-Recharge-P8-AWD-in-Glacier-Silver-5.png\" alt=\"Volvo XC40 Recharge P8 AWD en Plata Glaciar-5\" width=\"800\" height=\"601\" srcset=\"https:\/\/evhnews.com\/wp-content\/uploads\/2020\/01\/Volvo-XC40-Recharge-P8-AWD-in-Glacier-Silver-5.png 800w, https:\/\/evhnews.com\/wp-content\/uploads\/2020\/01\/Volvo-XC40-Recharge-P8-AWD-in-Glacier-Silver-5-300x225.png 300w, https:\/\/evhnews.com\/wp-content\/uploads\/2020\/01\/Volvo-XC40-Recharge-P8-AWD-in-Glacier-Silver-5-768x577.png 768w, https:\/\/evhnews.com\/wp-content\/uploads\/2020\/01\/Volvo-XC40-Recharge-P8-AWD-in-Glacier-Silver-5-400x300.png 400w, https:\/\/evhnews.com\/wp-content\/uploads\/2020\/01\/Volvo-XC40-Recharge-P8-AWD-in-Glacier-Silver-5-200x150.png 200w\" sizes=\"(max-width: 800px) 100vw, 800px\" \/><br \/>\n<img loading=\"lazy\" decoding=\"async\" data-attachment-id=\"2700\" data-permalink=\"https:\/\/evhnews.com\/es\/2020\/01\/23\/fuerte-demanda-del-volvo-xc40-recharge-p8-awd-totalmente-electrico\/volvo-xc40-recharge-p8-awd-in-glacier-silver-6\/\" data-orig-file=\"https:\/\/evhnews.com\/wp-content\/uploads\/2020\/01\/Volvo-XC40-Recharge-P8-AWD-in-Glacier-Silver-6.png\" data-orig-size=\"800,533\" data-comments-opened=\"1\" data-image-meta=\"{&quot;aperture&quot;:&quot;0&quot;,&quot;credit&quot;:&quot;&quot;,&quot;camera&quot;:&quot;&quot;,&quot;caption&quot;:&quot;&quot;,&quot;created_timestamp&quot;:&quot;0&quot;,&quot;copyright&quot;:&quot;&quot;,&quot;focal_length&quot;:&quot;0&quot;,&quot;iso&quot;:&quot;0&quot;,&quot;shutter_speed&quot;:&quot;0&quot;,&quot;title&quot;:&quot;&quot;,&quot;orientation&quot;:&quot;0&quot;}\" data-image-title=\"Volvo XC40 Recharge P8 AWD in Glacier Silver-6\" data-image-description=\"\" data-image-caption=\"\" data-large-file=\"https:\/\/evhnews.com\/wp-content\/uploads\/2020\/01\/Volvo-XC40-Recharge-P8-AWD-in-Glacier-Silver-6.png\" class=\"size-full wp-image-2700 aligncenter\" src=\"https:\/\/evhnews.com\/wp-content\/uploads\/2020\/01\/Volvo-XC40-Recharge-P8-AWD-in-Glacier-Silver-6.png\" alt=\"Volvo XC40 Recharge P8 AWD en Glacier Silver-6\" width=\"800\" height=\"533\" srcset=\"https:\/\/evhnews.com\/wp-content\/uploads\/2020\/01\/Volvo-XC40-Recharge-P8-AWD-in-Glacier-Silver-6.png 800w, https:\/\/evhnews.com\/wp-content\/uploads\/2020\/01\/Volvo-XC40-Recharge-P8-AWD-in-Glacier-Silver-6-300x200.png 300w, https:\/\/evhnews.com\/wp-content\/uploads\/2020\/01\/Volvo-XC40-Recharge-P8-AWD-in-Glacier-Silver-6-768x512.png 768w\" sizes=\"(max-width: 800px) 100vw, 800px\" \/><span style=\"font-size: small;\"><em>Cr\u00e9dito de la imagen: Volvo<\/em><\/span><\/p>\n<p>Volvo Cars vendi\u00f3 casi 46.000 veh\u00edculos h\u00edbridos enchufables en 2019, un aumento del 23% en comparaci\u00f3n con 2018 y m\u00e1s del doble de la cantidad vendida en 2017. Durante el cuarto trimestre de 2019, los h\u00edbridos enchufables representaron m\u00e1s del 20% de todos los Volvo vendidos en Europa.<\/p>\n<p>La compa\u00f1\u00eda tambi\u00e9n est\u00e1 viendo un crecimiento fuerte y continuo en t\u00e9rminos de configuraciones de clientes en l\u00ednea para los coches Recharge, que contaron con alrededor de un tercio de todas las configuraciones en la regi\u00f3n durante el cuarto trimestre de 2019.<\/p>\n<p style=\"text-align: center;\"><img loading=\"lazy\" decoding=\"async\" data-attachment-id=\"2701\" data-permalink=\"https:\/\/evhnews.com\/es\/2020\/01\/23\/fuerte-demanda-del-volvo-xc40-recharge-p8-awd-totalmente-electrico\/bjorn-annwall-senior-vice-president-strategy-brand-retail\/\" data-orig-file=\"https:\/\/evhnews.com\/wp-content\/uploads\/2020\/01\/Bj\u00f6rn-Annwall-Senior-Vice-President-Strategy-Brand-Retail.png\" data-orig-size=\"800,1200\" data-comments-opened=\"1\" data-image-meta=\"{&quot;aperture&quot;:&quot;0&quot;,&quot;credit&quot;:&quot;&quot;,&quot;camera&quot;:&quot;&quot;,&quot;caption&quot;:&quot;&quot;,&quot;created_timestamp&quot;:&quot;0&quot;,&quot;copyright&quot;:&quot;&quot;,&quot;focal_length&quot;:&quot;0&quot;,&quot;iso&quot;:&quot;0&quot;,&quot;shutter_speed&quot;:&quot;0&quot;,&quot;title&quot;:&quot;&quot;,&quot;orientation&quot;:&quot;0&quot;}\" data-image-title=\"Bj\u00f6rn Annwall &amp;#8211; Senior Vice President Strategy, Brand &amp;#038; Retail\" data-image-description=\"\" data-image-caption=\"\" data-large-file=\"https:\/\/evhnews.com\/wp-content\/uploads\/2020\/01\/Bj\u00f6rn-Annwall-Senior-Vice-President-Strategy-Brand-Retail-683x1024.png\" class=\"size-full wp-image-2701 aligncenter\" src=\"https:\/\/evhnews.com\/wp-content\/uploads\/2020\/01\/Bj\u00f6rn-Annwall-Senior-Vice-President-Strategy-Brand-Retail.png\" alt=\"Bj\u00f6rn Annwall - Vicepresidente Senior de Estrategia, Marca y Retail\" width=\"800\" height=\"1200\" srcset=\"https:\/\/evhnews.com\/wp-content\/uploads\/2020\/01\/Bj\u00f6rn-Annwall-Senior-Vice-President-Strategy-Brand-Retail.png 800w, https:\/\/evhnews.com\/wp-content\/uploads\/2020\/01\/Bj\u00f6rn-Annwall-Senior-Vice-President-Strategy-Brand-Retail-200x300.png 200w, https:\/\/evhnews.com\/wp-content\/uploads\/2020\/01\/Bj\u00f6rn-Annwall-Senior-Vice-President-Strategy-Brand-Retail-683x1024.png 683w, https:\/\/evhnews.com\/wp-content\/uploads\/2020\/01\/Bj\u00f6rn-Annwall-Senior-Vice-President-Strategy-Brand-Retail-768x1152.png 768w\" sizes=\"(max-width: 800px) 100vw, 800px\" \/><span style=\"font-size: small;\"><em>Bj\u00f6rn Annwall, director de EMEA Cr\u00e9dito de la imagen: Volvo<\/em><\/span><\/p>\n<p>\"Est\u00e1 claro que a los clientes les gusta lo que ven en nuestra l\u00ednea de coches Recharge\", dijo Bj\u00f6rn Annwall, responsable de EMEA y operaciones comerciales globales. \"Nuestros coches Recharge son todo lo que los clientes esperan de un Volvo, con el a\u00f1adido de una cadena cinem\u00e1tica totalmente el\u00e9ctrica o h\u00edbrida enchufable de \u00faltima generaci\u00f3n\".<\/p>\n<p>El XC40 Recharge P8 es el primero de una familia de Volvo totalmente el\u00e9ctricos. Representa un verdadero hito para Volvo Cars, ya que es el primer coche totalmente el\u00e9ctrico de la empresa y el primer Volvo con un sistema de infoentretenimiento completamente nuevo basado en el sistema operativo Android de Google.<\/p>\n<p>Como versi\u00f3n totalmente el\u00e9ctrica del SUV superventas XC40, el primer Volvo en ganar el prestigioso premio al Coche Europeo del A\u00f1o, el XC40 Recharge P8 se basa en la Arquitectura Modular Compacta (CMA), una avanzada plataforma de veh\u00edculos codesarrollada en el Grupo Geely.<\/p>\n<p>El XC40 Recharge P8 de tracci\u00f3n total ofrece una autonom\u00eda de m\u00e1s de 400 km (WLTP) con una sola carga y una potencia de 408 CV. La bater\u00eda se carga a 80 % de su capacidad en 40 minutos con un sistema de carga r\u00e1pida.<\/p>\n<p>El nuevo sistema de infoentretenimiento basado en Android ofrece a los clientes una personalizaci\u00f3n sin precedentes, mejores niveles de intuitividad y tecnolog\u00eda y servicios de Google integrados, como el Asistente de Google, Google Maps y Google Play Store. El XC40 Recarga P8 tambi\u00e9n recibe mayores actualizaciones de software y del sistema operativo de forma inal\u00e1mbrica.<\/p>\n<p>Bas\u00e1ndose en los excelentes est\u00e1ndares de seguridad del XC40 original, los ingenieros de seguridad de Volvo Cars han redise\u00f1ado y reforzado por completo la estructura frontal del Recharge P8 para hacer frente a la ausencia de motor, cumplir con los altos requisitos de seguridad de Volvo Cars y ayudar a mantener a las personas tan seguras como en cualquier otro Volvo.<\/p>\n<p>La bater\u00eda est\u00e1 protegida por una jaula de seguridad incrustada en el centro de la estructura de la carrocer\u00eda del coche. Su colocaci\u00f3n en el suelo del coche tambi\u00e9n baja el centro de gravedad del veh\u00edculo, para una mejor protecci\u00f3n contra los vuelcos.<\/p>\n<p>En el interior, un enfoque innovador de la funcionalidad integral ofrece a los conductores mucho espacio de almacenamiento, por ejemplo en las puertas, bajo los asientos y en el maletero. Al no tener motor de combusti\u00f3n interna, el coche ofrece a los conductores a\u00fan m\u00e1s espacio de almacenamiento que el XC40 normal, a trav\u00e9s del llamado \"maletero\" bajo el cap\u00f3 delantero.<\/p>\n<p><img loading=\"lazy\" decoding=\"async\" data-attachment-id=\"1490\" data-permalink=\"https:\/\/evhnews.com\/es\/2019\/12\/18\/the-efficient-drivetrain-for-the-purely-electric-bmw-ix3\/evh-news-lighting-bolt-logo\/\" data-orig-file=\"https:\/\/evhnews.com\/wp-content\/uploads\/2019\/12\/EVH-News-Lighting-Bolt-Logo-.jpg\" data-orig-size=\"100,100\" data-comments-opened=\"1\" data-image-meta=\"{&quot;aperture&quot;:&quot;0&quot;,&quot;credit&quot;:&quot;&quot;,&quot;camera&quot;:&quot;&quot;,&quot;caption&quot;:&quot;&quot;,&quot;created_timestamp&quot;:&quot;1575197468&quot;,&quot;copyright&quot;:&quot;&quot;,&quot;focal_length&quot;:&quot;0&quot;,&quot;iso&quot;:&quot;0&quot;,&quot;shutter_speed&quot;:&quot;0&quot;,&quot;title&quot;:&quot;&quot;,&quot;orientation&quot;:&quot;1&quot;}\" data-image-title=\"EVH News-Lighting-Bolt-Logo-\" data-image-description=\"\" data-image-caption=\"\" data-large-file=\"https:\/\/evhnews.com\/wp-content\/uploads\/2019\/12\/EVH-News-Lighting-Bolt-Logo-.jpg\" class=\"alignnone size-full wp-image-1490\" src=\"https:\/\/evhnews.com\/wp-content\/uploads\/2019\/12\/EVH-News-Lighting-Bolt-Logo-.jpg\" alt=\"EVH News-Lighting-Bolt-Logo-\" width=\"100\" height=\"100\" \/><\/p>","protected":false},"excerpt":{"rendered":"<p>Image Credit: Volvo Strong Early Consumer Demand For Fully Electric Volvo XC40 Recharge P8 AWD&#8230;<\/p>","protected":false},"author":165558846,"featured_media":2695,"comment_status":"open","ping_status":"open","sticky":false,"template":"","format":"standard","meta":{"_coblocks_attr":"","_coblocks_dimensions":"","_coblocks_responsive_height":"","_coblocks_accordion_ie_support":"","_crdt_document":"","advanced_seo_description":"Strong Early Consumer Demand For Fully Electric Volvo XC40 Recharge P8 AWD","jetpack_seo_html_title":"","jetpack_seo_noindex":false,"_jetpack_newsletter_access":"","_jetpack_dont_email_post_to_subs":false,"_jetpack_newsletter_tier_id":0,"_jetpack_memberships_contains_paywalled_content":false,"two_page_speed":[],"_jetpack_memberships_contains_paid_content":false,"footnotes":"","jetpack_publicize_message":"","jetpack_publicize_feature_enabled":true,"jetpack_social_post_already_shared":true,"jetpack_social_options":{"image_generator_settings":{"template":"highway","default_image_id":0,"font":"","enabled":false},"version":2},"_wpas_customize_per_network":false,"jetpack_post_was_ever_published":false},"categories":[688377455,197443,688381798],"tags":[],"class_list":["post-2693","post","type-post","status-publish","format-standard","has-post-thumbnail","hentry","category-electric-vehicle-mobility-industry-world","category-electric-vehicles","category-suvs-electric-vehicles"],"jetpack_publicize_connections":[],"featured_image_urls":{"full":["https:\/\/evhnews.com\/wp-content\/uploads\/2020\/01\/Volvo-XC40-Recharge-P8-AWD-in-Glacier-Silver-2.png",800,601,false],"thumbnail":["https:\/\/evhnews.com\/wp-content\/uploads\/2020\/01\/Volvo-XC40-Recharge-P8-AWD-in-Glacier-Silver-2-150x150.png",150,150,true],"medium":["https:\/\/evhnews.com\/wp-content\/uploads\/2020\/01\/Volvo-XC40-Recharge-P8-AWD-in-Glacier-Silver-2-300x225.png",300,225,true],"medium_large":["https:\/\/evhnews.com\/wp-content\/uploads\/2020\/01\/Volvo-XC40-Recharge-P8-AWD-in-Glacier-Silver-2-768x577.png",640,481,true],"large":["https:\/\/evhnews.com\/wp-content\/uploads\/2020\/01\/Volvo-XC40-Recharge-P8-AWD-in-Glacier-Silver-2.png",640,481,false],"1536x1536":["https:\/\/evhnews.com\/wp-content\/uploads\/2020\/01\/Volvo-XC40-Recharge-P8-AWD-in-Glacier-Silver-2.png",800,601,false],"2048x2048":["https:\/\/evhnews.com\/wp-content\/uploads\/2020\/01\/Volvo-XC40-Recharge-P8-AWD-in-Glacier-Silver-2.png",800,601,false],"trp-custom-language-flag":["https:\/\/evhnews.com\/wp-content\/uploads\/2020\/01\/Volvo-XC40-Recharge-P8-AWD-in-Glacier-Silver-2.png",16,12,false],"newspack-article-block-landscape-large":["https:\/\/evhnews.com\/wp-content\/uploads\/2020\/01\/Volvo-XC40-Recharge-P8-AWD-in-Glacier-Silver-2.png",800,601,false],"newspack-article-block-portrait-large":["https:\/\/evhnews.com\/wp-content\/uploads\/2020\/01\/Volvo-XC40-Recharge-P8-AWD-in-Glacier-Silver-2.png",800,601,false],"newspack-article-block-square-large":["https:\/\/evhnews.com\/wp-content\/uploads\/2020\/01\/Volvo-XC40-Recharge-P8-AWD-in-Glacier-Silver-2.png",800,601,false],"newspack-article-block-landscape-medium":["https:\/\/evhnews.com\/wp-content\/uploads\/2020\/01\/Volvo-XC40-Recharge-P8-AWD-in-Glacier-Silver-2.png",799,600,false],"newspack-article-block-portrait-medium":["https:\/\/evhnews.com\/wp-content\/uploads\/2020\/01\/Volvo-XC40-Recharge-P8-AWD-in-Glacier-Silver-2-600x601.png",600,601,true],"newspack-article-block-square-medium":["https:\/\/evhnews.com\/wp-content\/uploads\/2020\/01\/Volvo-XC40-Recharge-P8-AWD-in-Glacier-Silver-2.png",800,601,false],"newspack-article-block-landscape-intermediate":["https:\/\/evhnews.com\/wp-content\/uploads\/2020\/01\/Volvo-XC40-Recharge-P8-AWD-in-Glacier-Silver-2.png",600,450,false],"newspack-article-block-portrait-intermediate":["https:\/\/evhnews.com\/wp-content\/uploads\/2020\/01\/Volvo-XC40-Recharge-P8-AWD-in-Glacier-Silver-2.png",450,338,false],"newspack-article-block-square-intermediate":["https:\/\/evhnews.com\/wp-content\/uploads\/2020\/01\/Volvo-XC40-Recharge-P8-AWD-in-Glacier-Silver-2.png",600,451,false],"newspack-article-block-landscape-small":["https:\/\/evhnews.com\/wp-content\/uploads\/2020\/01\/Volvo-XC40-Recharge-P8-AWD-in-Glacier-Silver-2-400x300.png",400,300,true],"newspack-article-block-portrait-small":["https:\/\/evhnews.com\/wp-content\/uploads\/2020\/01\/Volvo-XC40-Recharge-P8-AWD-in-Glacier-Silver-2-300x400.png",300,400,true],"newspack-article-block-square-small":["https:\/\/evhnews.com\/wp-content\/uploads\/2020\/01\/Volvo-XC40-Recharge-P8-AWD-in-Glacier-Silver-2-400x400.png",400,400,true],"newspack-article-block-landscape-tiny":["https:\/\/evhnews.com\/wp-content\/uploads\/2020\/01\/Volvo-XC40-Recharge-P8-AWD-in-Glacier-Silver-2-200x150.png",200,150,true],"newspack-article-block-portrait-tiny":["https:\/\/evhnews.com\/wp-content\/uploads\/2020\/01\/Volvo-XC40-Recharge-P8-AWD-in-Glacier-Silver-2-150x200.png",150,200,true],"newspack-article-block-square-tiny":["https:\/\/evhnews.com\/wp-content\/uploads\/2020\/01\/Volvo-XC40-Recharge-P8-AWD-in-Glacier-Silver-2-200x200.png",200,200,true],"newspack-article-block-uncropped":["https:\/\/evhnews.com\/wp-content\/uploads\/2020\/01\/Volvo-XC40-Recharge-P8-AWD-in-Glacier-Silver-2.png",800,601,false],"enternews-featured":["https:\/\/evhnews.com\/wp-content\/uploads\/2020\/01\/Volvo-XC40-Recharge-P8-AWD-in-Glacier-Silver-2.png",800,601,false],"enternews-medium":["https:\/\/evhnews.com\/wp-content\/uploads\/2020\/01\/Volvo-XC40-Recharge-P8-AWD-in-Glacier-Silver-2.png",632,475,false],"enternews-thumbnail":["https:\/\/evhnews.com\/wp-content\/uploads\/2020\/01\/Volvo-XC40-Recharge-P8-AWD-in-Glacier-Silver-2.png",419,315,false],"tenweb_optimizer_mobile":["https:\/\/evhnews.com\/wp-content\/uploads\/2020\/01\/Volvo-XC40-Recharge-P8-AWD-in-Glacier-Silver-2.png",600,451,false],"tenweb_optimizer_tablet":["https:\/\/evhnews.com\/wp-content\/uploads\/2020\/01\/Volvo-XC40-Recharge-P8-AWD-in-Glacier-Silver-2.png",768,577,false]},"author_info":{"display_name":"EVHNews","author_link":"https:\/\/evhnews.com\/es\/author\/evhnews\/"},"category_info":"<a href=\"https:\/\/evhnews.com\/es\/category\/electric-vehicles\/vehiculo-electrico-movilidad-industria-mundo\/\" rel=\"category tag\">Electric Automotive Industry<\/a> <a href=\"https:\/\/evhnews.com\/es\/category\/electric-vehicles\/\" rel=\"category tag\">Electric Automotive Vehicles<\/a> <a href=\"https:\/\/evhnews.com\/es\/category\/electric-vehicles\/suvs-vehiculos-electricos\/\" rel=\"category tag\">Electric SUV's<\/a>","tag_info":"Electric SUV's","comment_count":"0","jetpack_featured_media_url":"https:\/\/evhnews.com\/wp-content\/uploads\/2020\/01\/Volvo-XC40-Recharge-P8-AWD-in-Glacier-Silver-2.png","jetpack_likes_enabled":true,"jetpack_sharing_enabled":true,"jetpack_shortlink":"https:\/\/wp.me\/pbbbdx-Hr","amp_enabled":true,"_links":{"self":[{"href":"https:\/\/evhnews.com\/es\/wp-json\/wp\/v2\/posts\/2693","targetHints":{"allow":["GET"]}}],"collection":[{"href":"https:\/\/evhnews.com\/es\/wp-json\/wp\/v2\/posts"}],"about":[{"href":"https:\/\/evhnews.com\/es\/wp-json\/wp\/v2\/types\/post"}],"author":[{"embeddable":true,"href":"https:\/\/evhnews.com\/es\/wp-json\/wp\/v2\/users\/165558846"}],"replies":[{"embeddable":true,"href":"https:\/\/evhnews.com\/es\/wp-json\/wp\/v2\/comments?post=2693"}],"version-history":[{"count":7,"href":"https:\/\/evhnews.com\/es\/wp-json\/wp\/v2\/posts\/2693\/revisions"}],"predecessor-version":[{"id":2802,"href":"https:\/\/evhnews.com\/es\/wp-json\/wp\/v2\/posts\/2693\/revisions\/2802"}],"wp:featuredmedia":[{"embeddable":true,"href":"https:\/\/evhnews.com\/es\/wp-json\/wp\/v2\/media\/2695"}],"wp:attachment":[{"href":"https:\/\/evhnews.com\/es\/wp-json\/wp\/v2\/media?parent=2693"}],"wp:term":[{"taxonomy":"category","embeddable":true,"href":"https:\/\/evhnews.com\/es\/wp-json\/wp\/v2\/categories?post=2693"},{"taxonomy":"post_tag","embeddable":true,"href":"https:\/\/evhnews.com\/es\/wp-json\/wp\/v2\/tags?post=2693"}],"curies":[{"name":"wp","href":"https:\/\/api.w.org\/{rel}","templated":true}]}}