{"id":2840,"date":"2020-01-25T07:54:11","date_gmt":"2020-01-25T15:54:11","guid":{"rendered":"https:\/\/evhnews.com\/?p=2840"},"modified":"2020-01-28T07:56:18","modified_gmt":"2020-01-28T15:56:18","slug":"el-programa-piloto-de-carga-inductiva-del-bmw-530e-nombrado-tecnologia-del-ano-2020-de-green-car-journals","status":"publish","type":"post","link":"https:\/\/evhnews.com\/es\/2020\/01\/25\/el-programa-piloto-de-carga-inductiva-del-bmw-530e-nombrado-tecnologia-del-ano-2020-de-green-car-journals\/","title":{"rendered":"El Programa Piloto de Carga Inductiva del BMW 530e nombrado Tecnolog\u00eda Verde del A\u00f1o 2020 por Green Car Journal"},"content":{"rendered":"<p style=\"text-align: center;\"><span style=\"font-size: small;\"><em>Cr\u00e9dito de la imagen: BMW of North America, LLC<\/em><\/span><\/p>\n<h3><strong>El Programa Piloto de Carga Inductiva del BMW 530e nombrado Tecnolog\u00eda Verde del A\u00f1o 2020 por Green Car Journal<\/strong><\/h3>\n<p>Hoy, BMW tiene el honor de recibir el premio Green Car Journal's Green Car Technology of the Year por su Programa Piloto de Carga Inductiva. El Programa Piloto permite a los clientes participantes de BMW probar y proporcionar valiosos comentarios sobre el uso de la tecnolog\u00eda inductiva inal\u00e1mbrica para cargar sus sedanes BMW 530e plug-in-hybrid, en lugar de tener que enchufar el veh\u00edculo utilizando una caja de carga montada en la pared. BMW es el primer fabricante de autom\u00f3viles que pone esta tecnolog\u00eda a disposici\u00f3n de los clientes en el mercado.<\/p>\n<p style=\"text-align: center;\"><img fetchpriority=\"high\" decoding=\"async\" data-attachment-id=\"2842\" data-permalink=\"https:\/\/evhnews.com\/es\/2020\/01\/25\/el-programa-piloto-de-carga-inductiva-del-bmw-530e-nombrado-tecnologia-del-ano-2020-de-green-car-journals\/bmw-wireless-charging-2\/\" data-orig-file=\"https:\/\/evhnews.com\/wp-content\/uploads\/2020\/01\/BMW-wireless-charging-2.png\" data-orig-size=\"800,599\" data-comments-opened=\"1\" data-image-meta=\"{&quot;aperture&quot;:&quot;0&quot;,&quot;credit&quot;:&quot;&quot;,&quot;camera&quot;:&quot;&quot;,&quot;caption&quot;:&quot;&quot;,&quot;created_timestamp&quot;:&quot;0&quot;,&quot;copyright&quot;:&quot;&quot;,&quot;focal_length&quot;:&quot;0&quot;,&quot;iso&quot;:&quot;0&quot;,&quot;shutter_speed&quot;:&quot;0&quot;,&quot;title&quot;:&quot;&quot;,&quot;orientation&quot;:&quot;0&quot;}\" data-image-title=\"BMW wireless charging-2\" data-image-description=\"\" data-image-caption=\"\" data-large-file=\"https:\/\/evhnews.com\/wp-content\/uploads\/2020\/01\/BMW-wireless-charging-2.png\" class=\"alignnone size-full wp-image-2842\" src=\"https:\/\/evhnews.com\/wp-content\/uploads\/2020\/01\/BMW-wireless-charging-2.png\" alt=\"Carga inal\u00e1mbrica BMW-2\" width=\"800\" height=\"599\" srcset=\"https:\/\/evhnews.com\/wp-content\/uploads\/2020\/01\/BMW-wireless-charging-2.png 800w, https:\/\/evhnews.com\/wp-content\/uploads\/2020\/01\/BMW-wireless-charging-2-300x225.png 300w, https:\/\/evhnews.com\/wp-content\/uploads\/2020\/01\/BMW-wireless-charging-2-768x575.png 768w, https:\/\/evhnews.com\/wp-content\/uploads\/2020\/01\/BMW-wireless-charging-2-400x300.png 400w, https:\/\/evhnews.com\/wp-content\/uploads\/2020\/01\/BMW-wireless-charging-2-200x150.png 200w\" sizes=\"(max-width: 800px) 100vw, 800px\" \/><span style=\"font-size: small;\"><em>Cr\u00e9dito de la imagen: BMW of North America, LLC<\/em><\/span><\/p>\n<p>El programa piloto comenz\u00f3 en Alemania en 2018 y se expandi\u00f3 a Estados Unidos a mediados de 2019. Disponible en el estado de California para un peque\u00f1o grupo de clientes residenciales que cumpl\u00edan los requisitos, el programa inclu\u00eda el alquiler durante 36 meses de un sed\u00e1n 530e especialmente equipado y la instalaci\u00f3n en casa del equipo de carga inductiva.<\/p>\n<p>La carga inal\u00e1mbrica de BMW consiste en una estaci\u00f3n de carga inductiva (GroundPad) y un componente secundario del veh\u00edculo (CarPad) fijado a los bajos del veh\u00edculo. La transferencia de energ\u00eda sin contacto entre el GroundPad y el CarPad se realiza a una distancia de unos cinco cent\u00edmetros. Los componentes de carga inductiva generan un campo magn\u00e9tico que permite la transferencia segura de energ\u00eda con un \u00edndice de eficiencia de unos 85%.<\/p>\n<p>El sistema tiene una potencia de carga de 3,2 kW, lo que permite cargar completamente las bater\u00edas de alto voltaje a bordo del BMW 530e en unas tres horas y media.<\/p>\n<p>\"La carga inal\u00e1mbrica de BMW representa un hito en la evoluci\u00f3n de la electrificaci\u00f3n de los veh\u00edculos, haciendo que poseer y conducir un veh\u00edculo h\u00edbrido enchufable sea una experiencia a\u00fan m\u00e1s fluida\", dijo Ron Cogan, Editor y Editor de Green Car Journal y <a href=\"https:\/\/greencarjournal.com\/\">GreenCarJournal.com<\/a>. \"El emparejamiento de hoy de la innovadora carga inductiva de BMW y el h\u00edbrido enchufable 530e ilustra c\u00f3mo el futuro de la carga autom\u00e1tica de veh\u00edculos el\u00e9ctricos puede ser tan sencillo como aparcar el coche. Es un merecido ganador del premio 2020 Green Car Technology of the Year\u2122\".<\/p>\n<p><strong>BMW Group en Am\u00e9rica<\/strong><\/p>\n<p>BMW of North America, LLC est\u00e1 presente en Estados Unidos desde 1975. Rolls-Royce Motor Cars NA, LLC empez\u00f3 a distribuir veh\u00edculos en 2003. El Grupo BMW en Estados Unidos ha crecido hasta incluir organizaciones de marketing, ventas y servicios financieros para la marca de veh\u00edculos de motor BMW, incluidas las motocicletas, la marca MINI y Rolls-Royce Motor Cars; Designworks, una consultor\u00eda de dise\u00f1o estrat\u00e9gico con sede en California; oficinas tecnol\u00f3gicas en Silicon Valley y Chicago, y otras operaciones diversas en todo el pa\u00eds. BMW Manufacturing Co., LLC, en Carolina del Sur, es el centro mundial de competencia de BMW Group para los modelos BMW X y fabrica los Sports Activity Vehicles X3, X4, X5, X6 y X7. La organizaci\u00f3n de ventas de BMW Group est\u00e1 representada en EE.UU. a trav\u00e9s de redes de 348 centros BMW de turismos y BMW Sports Activity Vehicle, 145 concesionarios BMW de motocicletas, 121 concesionarios MINI de turismos y 38 concesionarios Rolls-Royce Motor Car. BMW (US) Holding Corp., la sede central de ventas de BMW Group para Norteam\u00e9rica, est\u00e1 situada en Woodcliff Lake, Nueva Jersey.<\/p>\n<p><img decoding=\"async\" data-attachment-id=\"1490\" data-permalink=\"https:\/\/evhnews.com\/es\/2019\/12\/18\/the-efficient-drivetrain-for-the-purely-electric-bmw-ix3\/evh-news-lighting-bolt-logo\/\" data-orig-file=\"https:\/\/evhnews.com\/wp-content\/uploads\/2019\/12\/EVH-News-Lighting-Bolt-Logo-.jpg\" data-orig-size=\"100,100\" data-comments-opened=\"1\" data-image-meta=\"{&quot;aperture&quot;:&quot;0&quot;,&quot;credit&quot;:&quot;&quot;,&quot;camera&quot;:&quot;&quot;,&quot;caption&quot;:&quot;&quot;,&quot;created_timestamp&quot;:&quot;1575197468&quot;,&quot;copyright&quot;:&quot;&quot;,&quot;focal_length&quot;:&quot;0&quot;,&quot;iso&quot;:&quot;0&quot;,&quot;shutter_speed&quot;:&quot;0&quot;,&quot;title&quot;:&quot;&quot;,&quot;orientation&quot;:&quot;1&quot;}\" data-image-title=\"EVH News-Lighting-Bolt-Logo-\" data-image-description=\"\" data-image-caption=\"\" data-large-file=\"https:\/\/evhnews.com\/wp-content\/uploads\/2019\/12\/EVH-News-Lighting-Bolt-Logo-.jpg\" class=\"alignnone size-full wp-image-1490\" src=\"https:\/\/evhnews.com\/wp-content\/uploads\/2019\/12\/EVH-News-Lighting-Bolt-Logo-.jpg\" alt=\"EVH News-Lighting-Bolt-Logo-\" width=\"100\" height=\"100\" \/><\/p>","protected":false},"excerpt":{"rendered":"<p>Image Credit: BMW of North America, LLC BMW 530e Inductive Charging Pilot Program Named Green&#8230;<\/p>","protected":false},"author":165558846,"featured_media":2841,"comment_status":"open","ping_status":"open","sticky":false,"template":"","format":"standard","meta":{"_coblocks_attr":"","_coblocks_dimensions":"","_coblocks_responsive_height":"","_coblocks_accordion_ie_support":"","_crdt_document":"","advanced_seo_description":"BMW 530e Inductive Charging Pilot Program Named Green Car Journal\u2019s 2020 Green Car Technology Of The Year","jetpack_seo_html_title":"","jetpack_seo_noindex":false,"_jetpack_newsletter_access":"","_jetpack_dont_email_post_to_subs":false,"_jetpack_newsletter_tier_id":0,"_jetpack_memberships_contains_paywalled_content":false,"two_page_speed":[],"_jetpack_memberships_contains_paid_content":false,"footnotes":"","jetpack_publicize_message":"","jetpack_publicize_feature_enabled":true,"jetpack_social_post_already_shared":true,"jetpack_social_options":{"image_generator_settings":{"template":"highway","default_image_id":0,"font":"","enabled":false},"version":2},"_wpas_customize_per_network":false,"jetpack_post_was_ever_published":false},"categories":[688378161,688324445],"tags":[],"class_list":["post-2840","post","type-post","status-publish","format-standard","has-post-thumbnail","hentry","category-cars-chargers-charging-guide-chargers-charging-guide","category-chargers-charging-guide"],"jetpack_publicize_connections":[],"featured_image_urls":{"full":["https:\/\/evhnews.com\/wp-content\/uploads\/2020\/01\/BMW-wireless-charging.png",800,618,false],"thumbnail":["https:\/\/evhnews.com\/wp-content\/uploads\/2020\/01\/BMW-wireless-charging-150x150.png",150,150,true],"medium":["https:\/\/evhnews.com\/wp-content\/uploads\/2020\/01\/BMW-wireless-charging-300x232.png",300,232,true],"medium_large":["https:\/\/evhnews.com\/wp-content\/uploads\/2020\/01\/BMW-wireless-charging-768x593.png",640,494,true],"large":["https:\/\/evhnews.com\/wp-content\/uploads\/2020\/01\/BMW-wireless-charging.png",640,494,false],"1536x1536":["https:\/\/evhnews.com\/wp-content\/uploads\/2020\/01\/BMW-wireless-charging.png",800,618,false],"2048x2048":["https:\/\/evhnews.com\/wp-content\/uploads\/2020\/01\/BMW-wireless-charging.png",800,618,false],"trp-custom-language-flag":["https:\/\/evhnews.com\/wp-content\/uploads\/2020\/01\/BMW-wireless-charging.png",16,12,false],"newspack-article-block-landscape-large":["https:\/\/evhnews.com\/wp-content\/uploads\/2020\/01\/BMW-wireless-charging.png",800,618,false],"newspack-article-block-portrait-large":["https:\/\/evhnews.com\/wp-content\/uploads\/2020\/01\/BMW-wireless-charging.png",800,618,false],"newspack-article-block-square-large":["https:\/\/evhnews.com\/wp-content\/uploads\/2020\/01\/BMW-wireless-charging.png",800,618,false],"newspack-article-block-landscape-medium":["https:\/\/evhnews.com\/wp-content\/uploads\/2020\/01\/BMW-wireless-charging-800x600.png",800,600,true],"newspack-article-block-portrait-medium":["https:\/\/evhnews.com\/wp-content\/uploads\/2020\/01\/BMW-wireless-charging-600x618.png",600,618,true],"newspack-article-block-square-medium":["https:\/\/evhnews.com\/wp-content\/uploads\/2020\/01\/BMW-wireless-charging.png",800,618,false],"newspack-article-block-landscape-intermediate":["https:\/\/evhnews.com\/wp-content\/uploads\/2020\/01\/BMW-wireless-charging.png",583,450,false],"newspack-article-block-portrait-intermediate":["https:\/\/evhnews.com\/wp-content\/uploads\/2020\/01\/BMW-wireless-charging.png",450,348,false],"newspack-article-block-square-intermediate":["https:\/\/evhnews.com\/wp-content\/uploads\/2020\/01\/BMW-wireless-charging.png",600,464,false],"newspack-article-block-landscape-small":["https:\/\/evhnews.com\/wp-content\/uploads\/2020\/01\/BMW-wireless-charging-400x300.png",400,300,true],"newspack-article-block-portrait-small":["https:\/\/evhnews.com\/wp-content\/uploads\/2020\/01\/BMW-wireless-charging-300x400.png",300,400,true],"newspack-article-block-square-small":["https:\/\/evhnews.com\/wp-content\/uploads\/2020\/01\/BMW-wireless-charging-400x400.png",400,400,true],"newspack-article-block-landscape-tiny":["https:\/\/evhnews.com\/wp-content\/uploads\/2020\/01\/BMW-wireless-charging-200x150.png",200,150,true],"newspack-article-block-portrait-tiny":["https:\/\/evhnews.com\/wp-content\/uploads\/2020\/01\/BMW-wireless-charging-150x200.png",150,200,true],"newspack-article-block-square-tiny":["https:\/\/evhnews.com\/wp-content\/uploads\/2020\/01\/BMW-wireless-charging-200x200.png",200,200,true],"newspack-article-block-uncropped":["https:\/\/evhnews.com\/wp-content\/uploads\/2020\/01\/BMW-wireless-charging.png",800,618,false],"enternews-featured":["https:\/\/evhnews.com\/wp-content\/uploads\/2020\/01\/BMW-wireless-charging.png",800,618,false],"enternews-medium":["https:\/\/evhnews.com\/wp-content\/uploads\/2020\/01\/BMW-wireless-charging.png",615,475,false],"enternews-thumbnail":["https:\/\/evhnews.com\/wp-content\/uploads\/2020\/01\/BMW-wireless-charging.png",408,315,false],"tenweb_optimizer_mobile":["https:\/\/evhnews.com\/wp-content\/uploads\/2020\/01\/BMW-wireless-charging.png",600,464,false],"tenweb_optimizer_tablet":["https:\/\/evhnews.com\/wp-content\/uploads\/2020\/01\/BMW-wireless-charging.png",768,593,false]},"author_info":{"display_name":"EVHNews","author_link":"https:\/\/evhnews.com\/es\/author\/evhnews\/"},"category_info":"<a href=\"https:\/\/evhnews.com\/es\/category\/cargadores-guia-de-carga\/coches-cargadores-guia-de-carga-cargadores-guia-de-carga\/\" rel=\"category tag\">Automotive<\/a> <a href=\"https:\/\/evhnews.com\/es\/category\/cargadores-guia-de-carga\/\" rel=\"category tag\">Chargers &amp; Charging<\/a>","tag_info":"Chargers &amp; Charging","comment_count":"0","jetpack_featured_media_url":"https:\/\/evhnews.com\/wp-content\/uploads\/2020\/01\/BMW-wireless-charging.png","jetpack_likes_enabled":true,"jetpack_sharing_enabled":true,"jetpack_shortlink":"https:\/\/wp.me\/pbbbdx-JO","amp_enabled":true,"_links":{"self":[{"href":"https:\/\/evhnews.com\/es\/wp-json\/wp\/v2\/posts\/2840","targetHints":{"allow":["GET"]}}],"collection":[{"href":"https:\/\/evhnews.com\/es\/wp-json\/wp\/v2\/posts"}],"about":[{"href":"https:\/\/evhnews.com\/es\/wp-json\/wp\/v2\/types\/post"}],"author":[{"embeddable":true,"href":"https:\/\/evhnews.com\/es\/wp-json\/wp\/v2\/users\/165558846"}],"replies":[{"embeddable":true,"href":"https:\/\/evhnews.com\/es\/wp-json\/wp\/v2\/comments?post=2840"}],"version-history":[{"count":3,"href":"https:\/\/evhnews.com\/es\/wp-json\/wp\/v2\/posts\/2840\/revisions"}],"predecessor-version":[{"id":2845,"href":"https:\/\/evhnews.com\/es\/wp-json\/wp\/v2\/posts\/2840\/revisions\/2845"}],"wp:featuredmedia":[{"embeddable":true,"href":"https:\/\/evhnews.com\/es\/wp-json\/wp\/v2\/media\/2841"}],"wp:attachment":[{"href":"https:\/\/evhnews.com\/es\/wp-json\/wp\/v2\/media?parent=2840"}],"wp:term":[{"taxonomy":"category","embeddable":true,"href":"https:\/\/evhnews.com\/es\/wp-json\/wp\/v2\/categories?post=2840"},{"taxonomy":"post_tag","embeddable":true,"href":"https:\/\/evhnews.com\/es\/wp-json\/wp\/v2\/tags?post=2840"}],"curies":[{"name":"wp","href":"https:\/\/api.w.org\/{rel}","templated":true}]}}