{"id":919,"date":"2019-12-04T03:40:08","date_gmt":"2019-12-04T03:40:08","guid":{"rendered":"https:\/\/evhnews.com\/?p=919"},"modified":"2019-12-17T11:20:53","modified_gmt":"2019-12-17T19:20:53","slug":"the-e-talian-job-escape-from-everyday-life-sustainably-in-the-new-mini-cooper-se","status":"publish","type":"post","link":"https:\/\/evhnews.com\/es\/2019\/12\/04\/the-e-talian-job-escape-from-everyday-life-sustainably-in-the-new-mini-cooper-se\/","title":{"rendered":"\"El trabajo e-taliano\": Escapa de la vida cotidiana de forma sostenible en el nuevo MINI Cooper SE"},"content":{"rendered":"<p style=\"text-align: center;\"><span style=\"font-size: small;\"><em>MINI contin\u00faa su espectacular serie de videoclips en v\u00edsperas del lanzamiento al mercado del primer modelo totalmente el\u00e9ctrico de la marca - Nuevo cortometraje como r\u00e1pido homenaje al cl\u00e1sico del cine de 1969. Imagen y v\u00eddeo: BMW Group<\/em><\/span><\/p>\n<p><strong>\"El trabajo e-taliano\": Escapa de la vida cotidiana de forma sostenible en el nuevo MINI Cooper SE<\/strong><\/p>\n<p>M\u00fanich. El cl\u00e1sico tr\u00e1fico urbano era ayer, hoy tenemos diversi\u00f3n al volante urbana que pronto ser\u00e1 el\u00e9ctrica con el inconfundible estilo MINI. El nuevo MINI Cooper SE (consumo combinado de combustible: 0,0 l\/100 km; consumo combinado de energ\u00eda: 16,8 - 14,8 kWh\/100 km; emisiones combinadas de CO2: 0 g\/km) saldr\u00e1 a la carretera en la primavera de 2020. En v\u00edsperas del lanzamiento al mercado del primer modelo de producci\u00f3n totalmente el\u00e9ctrico en los 60 a\u00f1os de historia de la marca brit\u00e1nica, MINI presenta ahora otro videoclip que ilustra las ventajas de la movilidad sin emisiones locales. En el cortometraje \"The Getaway Car\", que puede verse en los canales de medios sociales de BMW Group, el nuevo MINI Cooper SE demuestra ser el veh\u00edculo ideal para escapar del tr\u00e1fico urbano cotidiano.<\/p>\n<p style=\"text-align: center;\"><div class=\"jetpack-video-wrapper\"><span class=\"embed-youtube\" style=\"text-align:center; display: block;\"><iframe class=\"youtube-player\" width=\"560\" height=\"315\" src=\"https:\/\/www.youtube.com\/embed\/UlRK9F-pbLY?version=3&#038;rel=1&#038;showsearch=0&#038;showinfo=1&#038;iv_load_policy=1&#038;fs=1&#038;hl=es-ES&#038;autohide=2&#038;wmode=transparent\" allowfullscreen=\"true\" style=\"border:0;\" sandbox=\"allow-scripts allow-same-origin allow-popups allow-presentation allow-popups-to-escape-sandbox\"><\/iframe><\/span><\/div><span style=\"font-size: small;\"><em>Esquina inferior derecha: haga clic en pantalla completa para una mejor visualizaci\u00f3n.<\/em><\/span><\/p>\n<p>El clip est\u00e1 ambientado en la metr\u00f3polis de Tur\u00edn, en el norte de Italia, como siempre con el t\u00edpico estilo ir\u00f3nico de MINI. El conductor del nuevo MINI Cooper SE escapa de los angustiosos atascos de tr\u00e1fico de la hora punta dando un rodeo por estrechas calles laterales que le llevan directamente a la azotea del edificio Lingotto en el distrito del mismo nombre en la Via Nizza. El hist\u00f3rico complejo industrial fue en su d\u00eda el mayor centro de producci\u00f3n de un fabricante de autom\u00f3viles italiano, e incluye una pista de pruebas en la azotea, trazada como un circuito y de aproximadamente un kil\u00f3metro de longitud.<\/p>\n<p><img fetchpriority=\"high\" decoding=\"async\" data-attachment-id=\"921\" data-permalink=\"https:\/\/evhnews.com\/es\/2019\/12\/04\/the-e-talian-job-escape-from-everyday-life-sustainably-in-the-new-mini-cooper-se\/p90378256_highres_the-new-mini-electri\/\" data-orig-file=\"https:\/\/evhnews.com\/wp-content\/uploads\/2019\/12\/P90378256_highRes_the-new-mini-electri.jpg\" data-orig-size=\"800,534\" data-comments-opened=\"1\" data-image-meta=\"{&quot;aperture&quot;:&quot;0&quot;,&quot;credit&quot;:&quot;Bernhard Filser&quot;,&quot;camera&quot;:&quot;&quot;,&quot;caption&quot;:&quot;&quot;,&quot;created_timestamp&quot;:&quot;1572019756&quot;,&quot;copyright&quot;:&quot;&quot;,&quot;focal_length&quot;:&quot;0&quot;,&quot;iso&quot;:&quot;0&quot;,&quot;shutter_speed&quot;:&quot;0&quot;,&quot;title&quot;:&quot;&quot;,&quot;orientation&quot;:&quot;0&quot;}\" data-image-title=\"P90378256_highRes_the-new-mini-electri\" data-image-description=\"\" data-image-caption=\"\" data-large-file=\"https:\/\/evhnews.com\/wp-content\/uploads\/2019\/12\/P90378256_highRes_the-new-mini-electri.jpg\" class=\"alignnone size-full wp-image-921\" src=\"https:\/\/evhnews.com\/wp-content\/uploads\/2019\/12\/P90378256_highRes_the-new-mini-electri.jpg\" alt=\"P90378256_highRes_the-new-mini-electri\" width=\"800\" height=\"534\" srcset=\"https:\/\/evhnews.com\/wp-content\/uploads\/2019\/12\/P90378256_highRes_the-new-mini-electri.jpg 800w, https:\/\/evhnews.com\/wp-content\/uploads\/2019\/12\/P90378256_highRes_the-new-mini-electri-300x200.jpg 300w, https:\/\/evhnews.com\/wp-content\/uploads\/2019\/12\/P90378256_highRes_the-new-mini-electri-768x513.jpg 768w\" sizes=\"(max-width: 800px) 100vw, 800px\" \/><\/p>\n<p>En la actualidad, el edificio Lingotto alberga, entre otras cosas, un centro comercial y hoteles. La pista de pruebas de la azotea, sin embargo, permaneci\u00f3 intacta incluso despu\u00e9s de la reconversi\u00f3n. Es aqu\u00ed donde el nuevo MINI Cooper SE se encuentra con un Mini Cooper cl\u00e1sico rojo dando vueltas en la hist\u00f3rica pista, que recuerda a una legendaria escena del cl\u00e1sico del cine de 1969 \"The Italian Job\".<\/p>\n<p>En la comedia polic\u00edaca, tres Mini Coopers cl\u00e1sicos protagonizan -junto al actor brit\u00e1nico Michael Caine- la huida tras un espectacular robo de oro. El punto culminante es una alocada persecuci\u00f3n por Tur\u00edn, que tambi\u00e9n conduce al tejado del edificio Lingotto. En la edici\u00f3n de Hollywood de 2003, \"The Italian Job\" se traslad\u00f3 a Los \u00c1ngeles. Se utilizaron tres MINI modernos para transportar el bot\u00edn y, por supuesto, una impresionante huida volvi\u00f3 a estar en el gui\u00f3n.<\/p>\n<p><img decoding=\"async\" data-attachment-id=\"922\" data-permalink=\"https:\/\/evhnews.com\/es\/2019\/12\/04\/the-e-talian-job-escape-from-everyday-life-sustainably-in-the-new-mini-cooper-se\/p90378257_highres_the-new-mini-electri\/\" data-orig-file=\"https:\/\/evhnews.com\/wp-content\/uploads\/2019\/12\/P90378257_highRes_the-new-mini-electri.jpg\" data-orig-size=\"800,534\" data-comments-opened=\"1\" data-image-meta=\"{&quot;aperture&quot;:&quot;0&quot;,&quot;credit&quot;:&quot;Bernhard Filser&quot;,&quot;camera&quot;:&quot;&quot;,&quot;caption&quot;:&quot;&quot;,&quot;created_timestamp&quot;:&quot;1572024234&quot;,&quot;copyright&quot;:&quot;&quot;,&quot;focal_length&quot;:&quot;0&quot;,&quot;iso&quot;:&quot;0&quot;,&quot;shutter_speed&quot;:&quot;0&quot;,&quot;title&quot;:&quot;&quot;,&quot;orientation&quot;:&quot;0&quot;}\" data-image-title=\"P90378257_highRes_the-new-mini-electri\" data-image-description=\"\" data-image-caption=\"\" data-large-file=\"https:\/\/evhnews.com\/wp-content\/uploads\/2019\/12\/P90378257_highRes_the-new-mini-electri.jpg\" class=\"alignnone size-full wp-image-922\" src=\"https:\/\/evhnews.com\/wp-content\/uploads\/2019\/12\/P90378257_highRes_the-new-mini-electri.jpg\" alt=\"P90378257_highRes_the-new-mini-electri\" width=\"800\" height=\"534\" srcset=\"https:\/\/evhnews.com\/wp-content\/uploads\/2019\/12\/P90378257_highRes_the-new-mini-electri.jpg 800w, https:\/\/evhnews.com\/wp-content\/uploads\/2019\/12\/P90378257_highRes_the-new-mini-electri-300x200.jpg 300w, https:\/\/evhnews.com\/wp-content\/uploads\/2019\/12\/P90378257_highRes_the-new-mini-electri-768x513.jpg 768w\" sizes=\"(max-width: 800px) 100vw, 800px\" \/><\/p>\n<p>En 2019, el golpe de los ladrones de oro se convierte en \"The E-talian Job\". Sin emisiones locales y casi sin ruido, el MINI el\u00e9ctrico elude las molestias del tr\u00e1fico cotidiano para descubrir el lugar perfecto para una ronda de diversi\u00f3n al volante en plena ciudad de Tur\u00edn. Su motor el\u00e9ctrico de 135 kW\/184 CV es un aut\u00e9ntico thriller con su espont\u00e1nea entrega de potencia. La bater\u00eda de alto voltaje situada en los bajos de la carrocer\u00eda baja considerablemente el centro de gravedad del veh\u00edculo. Adem\u00e1s, la suspensi\u00f3n contribuye a que, por primera vez, la movilidad el\u00e9ctrica vaya de la mano de la sensaci\u00f3n t\u00edpica de los karts MINI, y no s\u00f3lo sobre el tejado del famoso edificio Lingotto.<\/p>\n<p>El nuevo MINI Cooper SE acelera de 0 a 60 km\/h en 3,9 segundos y de parado a 100 km\/h en 7,3 segundos. Adem\u00e1s de sus \u00e1giles caracter\u00edsticas de conducci\u00f3n, sus inconfundibles caracter\u00edsticas incluyen una amplia gama de equipamiento de serie, elementos de indicaci\u00f3n y control espec\u00edficos para cada modelo, as\u00ed como la recuperaci\u00f3n de energ\u00eda de frenado en dos etapas que puede configurarse mediante un interruptor basculante. Con una autonom\u00eda de 235 a 270 kil\u00f3metros, el nuevo MINI Cooper SE tambi\u00e9n est\u00e1 perfectamente equipado no s\u00f3lo para una movilidad urbana sostenible, sino tambi\u00e9n para escapadas de la vida cotidiana que duren un poco m\u00e1s.<\/p>\n<p>El consumo de combustible, las cifras de emisiones de CO2 y el consumo de energ\u00eda se midieron utilizando los m\u00e9todos requeridos de acuerdo con el Reglamento VO (CE) 2007\/715 en su versi\u00f3n modificada. Las cifras se han calculado utilizando un veh\u00edculo equipado con el equipamiento b\u00e1sico en Alemania, los rangos indicados tienen en cuenta las diferencias en los tama\u00f1os de ruedas y neum\u00e1ticos seleccionados, as\u00ed como el equipamiento opcional. Pueden cambiar durante la configuraci\u00f3n.<\/p>\n<p>Las cifras ya se han calculado sobre la base del nuevo ciclo de pruebas WLTP y se han adaptado al NEDC a efectos comparativos. En estos veh\u00edculos pueden aplicarse cifras diferentes a las aqu\u00ed publicadas para la evaluaci\u00f3n de impuestos y otros derechos relacionados con los veh\u00edculos que (tambi\u00e9n) se basan en las emisiones de CO2.<\/p>\n<p><img decoding=\"async\" data-attachment-id=\"773\" data-permalink=\"https:\/\/evhnews.com\/es\/2019\/11\/30\/los-evs-no-se-generalizaran-hasta-que-no-se-solucionen-los-problemas-segun-gms-reuss\/evhn-lighting-bolt-logo-square-100px\/\" data-orig-file=\"https:\/\/evhnews.com\/wp-content\/uploads\/2019\/12\/EVHN-Lighting-Bolt-Logo-Square-100px.jpg\" data-orig-size=\"100,100\" data-comments-opened=\"1\" data-image-meta=\"{&quot;aperture&quot;:&quot;0&quot;,&quot;credit&quot;:&quot;&quot;,&quot;camera&quot;:&quot;&quot;,&quot;caption&quot;:&quot;&quot;,&quot;created_timestamp&quot;:&quot;1575197468&quot;,&quot;copyright&quot;:&quot;&quot;,&quot;focal_length&quot;:&quot;0&quot;,&quot;iso&quot;:&quot;0&quot;,&quot;shutter_speed&quot;:&quot;0&quot;,&quot;title&quot;:&quot;&quot;,&quot;orientation&quot;:&quot;1&quot;}\" data-image-title=\"EVHN Lighting Bolt Logo &amp;#8211; Square &amp;#8211; 100px\" data-image-description=\"\" data-image-caption=\"\" data-large-file=\"https:\/\/evhnews.com\/wp-content\/uploads\/2019\/12\/EVHN-Lighting-Bolt-Logo-Square-100px.jpg\" class=\"alignnone size-full wp-image-773\" src=\"https:\/\/evhnews.com\/wp-content\/uploads\/2019\/12\/EVHN-Lighting-Bolt-Logo-Square-100px.jpg\" alt=\"EVHN Lighting Bolt Logo - Square - 100px\" width=\"100\" height=\"100\" \/><\/p>","protected":false},"excerpt":{"rendered":"<p>El cl\u00e1sico tr\u00e1fico urbano era ayer, hoy tenemos diversi\u00f3n al volante urbana que pronto ser\u00e1 el\u00e9ctrica con el inconfundible estilo MINI.<\/p>","protected":false},"author":165558846,"featured_media":923,"comment_status":"open","ping_status":"open","sticky":false,"template":"","format":"standard","meta":{"_coblocks_attr":"","_coblocks_dimensions":"","_coblocks_responsive_height":"","_coblocks_accordion_ie_support":"","_crdt_document":"","advanced_seo_description":"Munich. Classic city traffic was yesterday, today we have urban driving fun which is soon to be electric in unmistakable MINI style. ","jetpack_seo_html_title":"","jetpack_seo_noindex":false,"_jetpack_newsletter_access":"","_jetpack_dont_email_post_to_subs":false,"_jetpack_newsletter_tier_id":0,"_jetpack_memberships_contains_paywalled_content":false,"two_page_speed":[],"_jetpack_memberships_contains_paid_content":false,"footnotes":"","jetpack_publicize_message":"","jetpack_publicize_feature_enabled":true,"jetpack_social_post_already_shared":true,"jetpack_social_options":{"image_generator_settings":{"template":"highway","default_image_id":0,"font":"","enabled":false},"version":2},"_wpas_customize_per_network":false,"jetpack_post_was_ever_published":false},"categories":[197443,95322809],"tags":[688386222,688386221,688386218,688386223,688386219,688386220],"class_list":["post-919","post","type-post","status-publish","format-standard","has-post-thumbnail","hentry","category-electric-vehicles","category-new-technology-electric-vehicles","tag-evhn","tag-thee-talianjob","tag-bmw","tag-evhnews","tag-the-bmw-group","tag-the-e-talian-job"],"jetpack_publicize_connections":[],"featured_image_urls":{"full":["https:\/\/evhnews.com\/wp-content\/uploads\/2019\/12\/P90378255_highRes_the-new-mini-electri.jpg",800,534,false],"thumbnail":["https:\/\/evhnews.com\/wp-content\/uploads\/2019\/12\/P90378255_highRes_the-new-mini-electri-150x150.jpg",150,150,true],"medium":["https:\/\/evhnews.com\/wp-content\/uploads\/2019\/12\/P90378255_highRes_the-new-mini-electri-300x200.jpg",300,200,true],"medium_large":["https:\/\/evhnews.com\/wp-content\/uploads\/2019\/12\/P90378255_highRes_the-new-mini-electri-768x513.jpg",640,428,true],"large":["https:\/\/evhnews.com\/wp-content\/uploads\/2019\/12\/P90378255_highRes_the-new-mini-electri.jpg",640,427,false],"1536x1536":["https:\/\/evhnews.com\/wp-content\/uploads\/2019\/12\/P90378255_highRes_the-new-mini-electri.jpg",800,534,false],"2048x2048":["https:\/\/evhnews.com\/wp-content\/uploads\/2019\/12\/P90378255_highRes_the-new-mini-electri.jpg",800,534,false],"trp-custom-language-flag":["https:\/\/evhnews.com\/wp-content\/uploads\/2019\/12\/P90378255_highRes_the-new-mini-electri.jpg",18,12,false],"newspack-article-block-landscape-large":["https:\/\/evhnews.com\/wp-content\/uploads\/2019\/12\/P90378255_highRes_the-new-mini-electri.jpg",800,534,false],"newspack-article-block-portrait-large":["https:\/\/evhnews.com\/wp-content\/uploads\/2019\/12\/P90378255_highRes_the-new-mini-electri.jpg",800,534,false],"newspack-article-block-square-large":["https:\/\/evhnews.com\/wp-content\/uploads\/2019\/12\/P90378255_highRes_the-new-mini-electri.jpg",800,534,false],"newspack-article-block-landscape-medium":["https:\/\/evhnews.com\/wp-content\/uploads\/2019\/12\/P90378255_highRes_the-new-mini-electri.jpg",800,534,false],"newspack-article-block-portrait-medium":["https:\/\/evhnews.com\/wp-content\/uploads\/2019\/12\/P90378255_highRes_the-new-mini-electri.jpg",600,401,false],"newspack-article-block-square-medium":["https:\/\/evhnews.com\/wp-content\/uploads\/2019\/12\/P90378255_highRes_the-new-mini-electri.jpg",800,534,false],"newspack-article-block-landscape-intermediate":["https:\/\/evhnews.com\/wp-content\/uploads\/2019\/12\/P90378255_highRes_the-new-mini-electri.jpg",600,401,false],"newspack-article-block-portrait-intermediate":["https:\/\/evhnews.com\/wp-content\/uploads\/2019\/12\/P90378255_highRes_the-new-mini-electri.jpg",450,300,false],"newspack-article-block-square-intermediate":["https:\/\/evhnews.com\/wp-content\/uploads\/2019\/12\/P90378255_highRes_the-new-mini-electri.jpg",600,401,false],"newspack-article-block-landscape-small":["https:\/\/evhnews.com\/wp-content\/uploads\/2019\/12\/P90378255_highRes_the-new-mini-electri.jpg",400,267,false],"newspack-article-block-portrait-small":["https:\/\/evhnews.com\/wp-content\/uploads\/2019\/12\/P90378255_highRes_the-new-mini-electri.jpg",300,200,false],"newspack-article-block-square-small":["https:\/\/evhnews.com\/wp-content\/uploads\/2019\/12\/P90378255_highRes_the-new-mini-electri.jpg",400,267,false],"newspack-article-block-landscape-tiny":["https:\/\/evhnews.com\/wp-content\/uploads\/2019\/12\/P90378255_highRes_the-new-mini-electri.jpg",200,134,false],"newspack-article-block-portrait-tiny":["https:\/\/evhnews.com\/wp-content\/uploads\/2019\/12\/P90378255_highRes_the-new-mini-electri.jpg",150,100,false],"newspack-article-block-square-tiny":["https:\/\/evhnews.com\/wp-content\/uploads\/2019\/12\/P90378255_highRes_the-new-mini-electri.jpg",200,134,false],"newspack-article-block-uncropped":["https:\/\/evhnews.com\/wp-content\/uploads\/2019\/12\/P90378255_highRes_the-new-mini-electri.jpg",800,534,false],"enternews-featured":["https:\/\/evhnews.com\/wp-content\/uploads\/2019\/12\/P90378255_highRes_the-new-mini-electri.jpg",800,534,false],"enternews-medium":["https:\/\/evhnews.com\/wp-content\/uploads\/2019\/12\/P90378255_highRes_the-new-mini-electri.jpg",712,475,false],"enternews-thumbnail":["https:\/\/evhnews.com\/wp-content\/uploads\/2019\/12\/P90378255_highRes_the-new-mini-electri.jpg",472,315,false],"tenweb_optimizer_mobile":["https:\/\/evhnews.com\/wp-content\/uploads\/2019\/12\/P90378255_highRes_the-new-mini-electri.jpg",600,401,false],"tenweb_optimizer_tablet":["https:\/\/evhnews.com\/wp-content\/uploads\/2019\/12\/P90378255_highRes_the-new-mini-electri.jpg",768,513,false]},"author_info":{"display_name":"EVHNews","author_link":"https:\/\/evhnews.com\/es\/author\/evhnews\/"},"category_info":"<a href=\"https:\/\/evhnews.com\/es\/category\/electric-vehicles\/\" rel=\"category tag\">Electric Automotive Vehicles<\/a> <a href=\"https:\/\/evhnews.com\/es\/category\/electric-vehicles\/nuevas-tecnologias-vehiculos-electricos\/\" rel=\"category tag\">New Electric Automotive Technology<\/a>","tag_info":"New Electric Automotive Technology","comment_count":"0","jetpack_featured_media_url":"https:\/\/evhnews.com\/wp-content\/uploads\/2019\/12\/P90378255_highRes_the-new-mini-electri.jpg","jetpack_likes_enabled":true,"jetpack_sharing_enabled":true,"jetpack_shortlink":"https:\/\/wp.me\/pbbbdx-eP","amp_enabled":true,"_links":{"self":[{"href":"https:\/\/evhnews.com\/es\/wp-json\/wp\/v2\/posts\/919","targetHints":{"allow":["GET"]}}],"collection":[{"href":"https:\/\/evhnews.com\/es\/wp-json\/wp\/v2\/posts"}],"about":[{"href":"https:\/\/evhnews.com\/es\/wp-json\/wp\/v2\/types\/post"}],"author":[{"embeddable":true,"href":"https:\/\/evhnews.com\/es\/wp-json\/wp\/v2\/users\/165558846"}],"replies":[{"embeddable":true,"href":"https:\/\/evhnews.com\/es\/wp-json\/wp\/v2\/comments?post=919"}],"version-history":[{"count":7,"href":"https:\/\/evhnews.com\/es\/wp-json\/wp\/v2\/posts\/919\/revisions"}],"predecessor-version":[{"id":1354,"href":"https:\/\/evhnews.com\/es\/wp-json\/wp\/v2\/posts\/919\/revisions\/1354"}],"wp:featuredmedia":[{"embeddable":true,"href":"https:\/\/evhnews.com\/es\/wp-json\/wp\/v2\/media\/923"}],"wp:attachment":[{"href":"https:\/\/evhnews.com\/es\/wp-json\/wp\/v2\/media?parent=919"}],"wp:term":[{"taxonomy":"category","embeddable":true,"href":"https:\/\/evhnews.com\/es\/wp-json\/wp\/v2\/categories?post=919"},{"taxonomy":"post_tag","embeddable":true,"href":"https:\/\/evhnews.com\/es\/wp-json\/wp\/v2\/tags?post=919"}],"curies":[{"name":"wp","href":"https:\/\/api.w.org\/{rel}","templated":true}]}}