{"id":2693,"date":"2020-01-23T17:08:40","date_gmt":"2020-01-24T01:08:40","guid":{"rendered":"https:\/\/evhnews.com\/?p=2693"},"modified":"2020-01-27T08:45:25","modified_gmt":"2020-01-27T16:45:25","slug":"strong-early-consumer-demand-for-fully-electric-volvo-xc40-recharge-p8-awd","status":"publish","type":"post","link":"https:\/\/evhnews.com\/fr\/2020\/01\/23\/strong-early-consumer-demand-for-fully-electric-volvo-xc40-recharge-p8-awd\/","title":{"rendered":"La Volvo XC40 Recharge P8 AWD enti\u00e8rement \u00e9lectrique fait l'objet d'une forte demande de la part des premiers consommateurs"},"content":{"rendered":"<p style=\"text-align: center;\"><span style=\"font-size: small;\"><em>Cr\u00e9dit photo : Volvo<\/em><\/span><\/p>\n<p><strong>La Volvo XC40 Recharge P8 AWD enti\u00e8rement \u00e9lectrique fait l'objet d'une forte demande de la part des premiers consommateurs<\/strong><\/p>\n<p>Volvo Cars a officiellement ouvert les carnets de commande pour le XC40 Recharge P8 AWD, la premi\u00e8re voiture enti\u00e8rement \u00e9lectrique de la soci\u00e9t\u00e9 bas\u00e9e sur le SUV le plus vendu, sur certains march\u00e9s.<\/p>\n<p>Des dizaines de milliers de consommateurs ont manifest\u00e9 un vif int\u00e9r\u00eat pour la XC40 tout \u00e9lectrique et l'entreprise a d\u00e9j\u00e0 re\u00e7u plusieurs milliers de commandes fermes avant m\u00eame le d\u00e9but officiel des ventes. La production et les premi\u00e8res livraisons de la XC40 Recharge P8 devraient d\u00e9buter dans le courant de l'ann\u00e9e.<\/p>\n<p>Cette premi\u00e8re commande est la derni\u00e8re preuve de la forte demande pour la gamme Recharge de Volvo Cars, qui d\u00e9signe toutes les Volvo dot\u00e9es d'un groupe motopropulseur enti\u00e8rement \u00e9lectrique ou hybride rechargeable. L'entreprise a pour objectif de faire en sorte que les voitures enti\u00e8rement \u00e9lectriques repr\u00e9sentent 50 % des ventes mondiales d'ici \u00e0 2025, le reste \u00e9tant constitu\u00e9 de v\u00e9hicules hybrides.<\/p>\n<p style=\"text-align: center;\"><img fetchpriority=\"high\" decoding=\"async\" data-attachment-id=\"2696\" data-permalink=\"https:\/\/evhnews.com\/fr\/2020\/01\/23\/strong-early-consumer-demand-for-fully-electric-volvo-xc40-recharge-p8-awd\/volvo-xc40-recharge-p8-awd-in-glacier-silver\/\" data-orig-file=\"https:\/\/evhnews.com\/wp-content\/uploads\/2020\/01\/Volvo-XC40-Recharge-P8-AWD-in-Glacier-Silver.png\" data-orig-size=\"800,533\" data-comments-opened=\"1\" data-image-meta=\"{&quot;aperture&quot;:&quot;0&quot;,&quot;credit&quot;:&quot;&quot;,&quot;camera&quot;:&quot;&quot;,&quot;caption&quot;:&quot;&quot;,&quot;created_timestamp&quot;:&quot;0&quot;,&quot;copyright&quot;:&quot;&quot;,&quot;focal_length&quot;:&quot;0&quot;,&quot;iso&quot;:&quot;0&quot;,&quot;shutter_speed&quot;:&quot;0&quot;,&quot;title&quot;:&quot;&quot;,&quot;orientation&quot;:&quot;0&quot;}\" data-image-title=\"Volvo XC40 Recharge P8 AWD in Glacier Silver\" data-image-description=\"\" data-image-caption=\"\" data-large-file=\"https:\/\/evhnews.com\/wp-content\/uploads\/2020\/01\/Volvo-XC40-Recharge-P8-AWD-in-Glacier-Silver.png\" class=\"alignnone size-full wp-image-2696\" src=\"https:\/\/evhnews.com\/wp-content\/uploads\/2020\/01\/Volvo-XC40-Recharge-P8-AWD-in-Glacier-Silver.png\" alt=\"Volvo XC40 Recharge P8 AWD in Glacier Silver\" width=\"800\" height=\"533\" srcset=\"https:\/\/evhnews.com\/wp-content\/uploads\/2020\/01\/Volvo-XC40-Recharge-P8-AWD-in-Glacier-Silver.png 800w, https:\/\/evhnews.com\/wp-content\/uploads\/2020\/01\/Volvo-XC40-Recharge-P8-AWD-in-Glacier-Silver-300x200.png 300w, https:\/\/evhnews.com\/wp-content\/uploads\/2020\/01\/Volvo-XC40-Recharge-P8-AWD-in-Glacier-Silver-768x512.png 768w\" sizes=\"(max-width: 800px) 100vw, 800px\" \/><br \/>\n<img decoding=\"async\" data-attachment-id=\"2697\" data-permalink=\"https:\/\/evhnews.com\/fr\/2020\/01\/23\/strong-early-consumer-demand-for-fully-electric-volvo-xc40-recharge-p8-awd\/volvo-xc40-recharge-p8-awd-in-glacier-silver-3\/\" data-orig-file=\"https:\/\/evhnews.com\/wp-content\/uploads\/2020\/01\/Volvo-XC40-Recharge-P8-AWD-in-Glacier-Silver-3.png\" data-orig-size=\"800,601\" data-comments-opened=\"1\" data-image-meta=\"{&quot;aperture&quot;:&quot;0&quot;,&quot;credit&quot;:&quot;&quot;,&quot;camera&quot;:&quot;&quot;,&quot;caption&quot;:&quot;&quot;,&quot;created_timestamp&quot;:&quot;0&quot;,&quot;copyright&quot;:&quot;&quot;,&quot;focal_length&quot;:&quot;0&quot;,&quot;iso&quot;:&quot;0&quot;,&quot;shutter_speed&quot;:&quot;0&quot;,&quot;title&quot;:&quot;&quot;,&quot;orientation&quot;:&quot;0&quot;}\" data-image-title=\"Volvo XC40 Recharge P8 AWD in Glacier Silver-3\" data-image-description=\"\" data-image-caption=\"\" data-large-file=\"https:\/\/evhnews.com\/wp-content\/uploads\/2020\/01\/Volvo-XC40-Recharge-P8-AWD-in-Glacier-Silver-3.png\" class=\"alignnone size-full wp-image-2697\" src=\"https:\/\/evhnews.com\/wp-content\/uploads\/2020\/01\/Volvo-XC40-Recharge-P8-AWD-in-Glacier-Silver-3.png\" alt=\"Volvo XC40 Recharge P8 AWD in Glacier Silver-3\" width=\"800\" height=\"601\" srcset=\"https:\/\/evhnews.com\/wp-content\/uploads\/2020\/01\/Volvo-XC40-Recharge-P8-AWD-in-Glacier-Silver-3.png 800w, https:\/\/evhnews.com\/wp-content\/uploads\/2020\/01\/Volvo-XC40-Recharge-P8-AWD-in-Glacier-Silver-3-300x225.png 300w, https:\/\/evhnews.com\/wp-content\/uploads\/2020\/01\/Volvo-XC40-Recharge-P8-AWD-in-Glacier-Silver-3-768x577.png 768w, https:\/\/evhnews.com\/wp-content\/uploads\/2020\/01\/Volvo-XC40-Recharge-P8-AWD-in-Glacier-Silver-3-400x300.png 400w, https:\/\/evhnews.com\/wp-content\/uploads\/2020\/01\/Volvo-XC40-Recharge-P8-AWD-in-Glacier-Silver-3-200x150.png 200w\" sizes=\"(max-width: 800px) 100vw, 800px\" \/><br \/>\n<img decoding=\"async\" data-attachment-id=\"2698\" data-permalink=\"https:\/\/evhnews.com\/fr\/2020\/01\/23\/strong-early-consumer-demand-for-fully-electric-volvo-xc40-recharge-p8-awd\/volvo-xc40-recharge-p8-awd-in-glacier-silver-4\/\" data-orig-file=\"https:\/\/evhnews.com\/wp-content\/uploads\/2020\/01\/Volvo-XC40-Recharge-P8-AWD-in-Glacier-Silver-4.png\" data-orig-size=\"800,601\" data-comments-opened=\"1\" data-image-meta=\"{&quot;aperture&quot;:&quot;0&quot;,&quot;credit&quot;:&quot;&quot;,&quot;camera&quot;:&quot;&quot;,&quot;caption&quot;:&quot;&quot;,&quot;created_timestamp&quot;:&quot;0&quot;,&quot;copyright&quot;:&quot;&quot;,&quot;focal_length&quot;:&quot;0&quot;,&quot;iso&quot;:&quot;0&quot;,&quot;shutter_speed&quot;:&quot;0&quot;,&quot;title&quot;:&quot;&quot;,&quot;orientation&quot;:&quot;0&quot;}\" data-image-title=\"Volvo XC40 Recharge P8 AWD in Glacier Silver-4\" data-image-description=\"\" data-image-caption=\"\" data-large-file=\"https:\/\/evhnews.com\/wp-content\/uploads\/2020\/01\/Volvo-XC40-Recharge-P8-AWD-in-Glacier-Silver-4.png\" class=\"alignnone size-full wp-image-2698\" src=\"https:\/\/evhnews.com\/wp-content\/uploads\/2020\/01\/Volvo-XC40-Recharge-P8-AWD-in-Glacier-Silver-4.png\" alt=\"Volvo XC40 Recharge P8 AWD in Glacier Silver-4\" width=\"800\" height=\"601\" srcset=\"https:\/\/evhnews.com\/wp-content\/uploads\/2020\/01\/Volvo-XC40-Recharge-P8-AWD-in-Glacier-Silver-4.png 800w, https:\/\/evhnews.com\/wp-content\/uploads\/2020\/01\/Volvo-XC40-Recharge-P8-AWD-in-Glacier-Silver-4-300x225.png 300w, https:\/\/evhnews.com\/wp-content\/uploads\/2020\/01\/Volvo-XC40-Recharge-P8-AWD-in-Glacier-Silver-4-768x577.png 768w, https:\/\/evhnews.com\/wp-content\/uploads\/2020\/01\/Volvo-XC40-Recharge-P8-AWD-in-Glacier-Silver-4-400x300.png 400w, https:\/\/evhnews.com\/wp-content\/uploads\/2020\/01\/Volvo-XC40-Recharge-P8-AWD-in-Glacier-Silver-4-200x150.png 200w\" sizes=\"(max-width: 800px) 100vw, 800px\" \/><br \/>\n<img loading=\"lazy\" decoding=\"async\" data-attachment-id=\"2699\" data-permalink=\"https:\/\/evhnews.com\/fr\/2020\/01\/23\/strong-early-consumer-demand-for-fully-electric-volvo-xc40-recharge-p8-awd\/volvo-xc40-recharge-p8-awd-in-glacier-silver-5\/\" data-orig-file=\"https:\/\/evhnews.com\/wp-content\/uploads\/2020\/01\/Volvo-XC40-Recharge-P8-AWD-in-Glacier-Silver-5.png\" data-orig-size=\"800,601\" data-comments-opened=\"1\" data-image-meta=\"{&quot;aperture&quot;:&quot;0&quot;,&quot;credit&quot;:&quot;&quot;,&quot;camera&quot;:&quot;&quot;,&quot;caption&quot;:&quot;&quot;,&quot;created_timestamp&quot;:&quot;0&quot;,&quot;copyright&quot;:&quot;&quot;,&quot;focal_length&quot;:&quot;0&quot;,&quot;iso&quot;:&quot;0&quot;,&quot;shutter_speed&quot;:&quot;0&quot;,&quot;title&quot;:&quot;&quot;,&quot;orientation&quot;:&quot;0&quot;}\" data-image-title=\"Volvo XC40 Recharge P8 AWD in Glacier Silver-5\" data-image-description=\"\" data-image-caption=\"\" data-large-file=\"https:\/\/evhnews.com\/wp-content\/uploads\/2020\/01\/Volvo-XC40-Recharge-P8-AWD-in-Glacier-Silver-5.png\" class=\"alignnone size-full wp-image-2699\" src=\"https:\/\/evhnews.com\/wp-content\/uploads\/2020\/01\/Volvo-XC40-Recharge-P8-AWD-in-Glacier-Silver-5.png\" alt=\"Volvo XC40 Recharge P8 AWD in Glacier Silver-5\" width=\"800\" height=\"601\" srcset=\"https:\/\/evhnews.com\/wp-content\/uploads\/2020\/01\/Volvo-XC40-Recharge-P8-AWD-in-Glacier-Silver-5.png 800w, https:\/\/evhnews.com\/wp-content\/uploads\/2020\/01\/Volvo-XC40-Recharge-P8-AWD-in-Glacier-Silver-5-300x225.png 300w, https:\/\/evhnews.com\/wp-content\/uploads\/2020\/01\/Volvo-XC40-Recharge-P8-AWD-in-Glacier-Silver-5-768x577.png 768w, https:\/\/evhnews.com\/wp-content\/uploads\/2020\/01\/Volvo-XC40-Recharge-P8-AWD-in-Glacier-Silver-5-400x300.png 400w, https:\/\/evhnews.com\/wp-content\/uploads\/2020\/01\/Volvo-XC40-Recharge-P8-AWD-in-Glacier-Silver-5-200x150.png 200w\" sizes=\"(max-width: 800px) 100vw, 800px\" \/><br \/>\n<img loading=\"lazy\" decoding=\"async\" data-attachment-id=\"2700\" data-permalink=\"https:\/\/evhnews.com\/fr\/2020\/01\/23\/strong-early-consumer-demand-for-fully-electric-volvo-xc40-recharge-p8-awd\/volvo-xc40-recharge-p8-awd-in-glacier-silver-6\/\" data-orig-file=\"https:\/\/evhnews.com\/wp-content\/uploads\/2020\/01\/Volvo-XC40-Recharge-P8-AWD-in-Glacier-Silver-6.png\" data-orig-size=\"800,533\" data-comments-opened=\"1\" data-image-meta=\"{&quot;aperture&quot;:&quot;0&quot;,&quot;credit&quot;:&quot;&quot;,&quot;camera&quot;:&quot;&quot;,&quot;caption&quot;:&quot;&quot;,&quot;created_timestamp&quot;:&quot;0&quot;,&quot;copyright&quot;:&quot;&quot;,&quot;focal_length&quot;:&quot;0&quot;,&quot;iso&quot;:&quot;0&quot;,&quot;shutter_speed&quot;:&quot;0&quot;,&quot;title&quot;:&quot;&quot;,&quot;orientation&quot;:&quot;0&quot;}\" data-image-title=\"Volvo XC40 Recharge P8 AWD in Glacier Silver-6\" data-image-description=\"\" data-image-caption=\"\" data-large-file=\"https:\/\/evhnews.com\/wp-content\/uploads\/2020\/01\/Volvo-XC40-Recharge-P8-AWD-in-Glacier-Silver-6.png\" class=\"size-full wp-image-2700 aligncenter\" src=\"https:\/\/evhnews.com\/wp-content\/uploads\/2020\/01\/Volvo-XC40-Recharge-P8-AWD-in-Glacier-Silver-6.png\" alt=\"Volvo XC40 Recharge P8 AWD in Glacier Silver-6\" width=\"800\" height=\"533\" srcset=\"https:\/\/evhnews.com\/wp-content\/uploads\/2020\/01\/Volvo-XC40-Recharge-P8-AWD-in-Glacier-Silver-6.png 800w, https:\/\/evhnews.com\/wp-content\/uploads\/2020\/01\/Volvo-XC40-Recharge-P8-AWD-in-Glacier-Silver-6-300x200.png 300w, https:\/\/evhnews.com\/wp-content\/uploads\/2020\/01\/Volvo-XC40-Recharge-P8-AWD-in-Glacier-Silver-6-768x512.png 768w\" sizes=\"(max-width: 800px) 100vw, 800px\" \/><span style=\"font-size: small;\"><em>Cr\u00e9dit photo : Volvo<\/em><\/span><\/p>\n<p>Volvo Cars a vendu pr\u00e8s de 46 000 voitures hybrides rechargeables en 2019, soit une augmentation de 23 % par rapport \u00e0 2018 et plus du double de la quantit\u00e9 vendue en 2017. Au cours du quatri\u00e8me trimestre 2019, les hybrides rechargeables repr\u00e9sentaient plus de 20 % de toutes les Volvo vendues en Europe.<\/p>\n<p>La soci\u00e9t\u00e9 observe \u00e9galement une croissance forte et continue en termes de configurations de clients en ligne pour les voitures Recharge, qui ont compt\u00e9 pour environ un tiers de toutes les configurations dans la r\u00e9gion au cours du quatri\u00e8me trimestre 2019.<\/p>\n<p style=\"text-align: center;\"><img loading=\"lazy\" decoding=\"async\" data-attachment-id=\"2701\" data-permalink=\"https:\/\/evhnews.com\/fr\/2020\/01\/23\/strong-early-consumer-demand-for-fully-electric-volvo-xc40-recharge-p8-awd\/bjorn-annwall-senior-vice-president-strategy-brand-retail\/\" data-orig-file=\"https:\/\/evhnews.com\/wp-content\/uploads\/2020\/01\/Bj\u00f6rn-Annwall-Senior-Vice-President-Strategy-Brand-Retail.png\" data-orig-size=\"800,1200\" data-comments-opened=\"1\" data-image-meta=\"{&quot;aperture&quot;:&quot;0&quot;,&quot;credit&quot;:&quot;&quot;,&quot;camera&quot;:&quot;&quot;,&quot;caption&quot;:&quot;&quot;,&quot;created_timestamp&quot;:&quot;0&quot;,&quot;copyright&quot;:&quot;&quot;,&quot;focal_length&quot;:&quot;0&quot;,&quot;iso&quot;:&quot;0&quot;,&quot;shutter_speed&quot;:&quot;0&quot;,&quot;title&quot;:&quot;&quot;,&quot;orientation&quot;:&quot;0&quot;}\" data-image-title=\"Bj\u00f6rn Annwall &amp;#8211; Senior Vice President Strategy, Brand &amp;#038; Retail\" data-image-description=\"\" data-image-caption=\"\" data-large-file=\"https:\/\/evhnews.com\/wp-content\/uploads\/2020\/01\/Bj\u00f6rn-Annwall-Senior-Vice-President-Strategy-Brand-Retail-683x1024.png\" class=\"size-full wp-image-2701 aligncenter\" src=\"https:\/\/evhnews.com\/wp-content\/uploads\/2020\/01\/Bj\u00f6rn-Annwall-Senior-Vice-President-Strategy-Brand-Retail.png\" alt=\"Bj\u00f6rn Annwall - Senior Vice President Strategy, Brand &amp; Retail\" width=\"800\" height=\"1200\" srcset=\"https:\/\/evhnews.com\/wp-content\/uploads\/2020\/01\/Bj\u00f6rn-Annwall-Senior-Vice-President-Strategy-Brand-Retail.png 800w, https:\/\/evhnews.com\/wp-content\/uploads\/2020\/01\/Bj\u00f6rn-Annwall-Senior-Vice-President-Strategy-Brand-Retail-200x300.png 200w, https:\/\/evhnews.com\/wp-content\/uploads\/2020\/01\/Bj\u00f6rn-Annwall-Senior-Vice-President-Strategy-Brand-Retail-683x1024.png 683w, https:\/\/evhnews.com\/wp-content\/uploads\/2020\/01\/Bj\u00f6rn-Annwall-Senior-Vice-President-Strategy-Brand-Retail-768x1152.png 768w\" sizes=\"(max-width: 800px) 100vw, 800px\" \/><span style=\"font-size: small;\"><em>Bj\u00f6rn Annwall, responsable de la r\u00e9gion EMEA Cr\u00e9dit photo : Volvo<\/em><\/span><\/p>\n<p>\"Il est clair que les clients aiment ce qu'ils voient dans notre gamme de voitures Recharge\", a d\u00e9clar\u00e9 Bj\u00f6rn Annwall, responsable de la r\u00e9gion EMEA et des op\u00e9rations commerciales mondiales. \"Nos voitures Recharge sont tout ce que les clients attendent d'une Volvo, avec en plus un groupe motopropulseur enti\u00e8rement \u00e9lectrique ou hybride rechargeable \u00e0 la pointe de la technologie.\"<\/p>\n<p>La XC40 Recharge P8 est la premi\u00e8re d'une famille de Volvo enti\u00e8rement \u00e9lectriques. Il repr\u00e9sente une v\u00e9ritable \u00e9tape pour Volvo Cars, puisqu'il s'agit de la premi\u00e8re voiture enti\u00e8rement \u00e9lectrique de la soci\u00e9t\u00e9 et de la premi\u00e8re Volvo \u00e9quip\u00e9e d'un tout nouveau syst\u00e8me d'infodivertissement fonctionnant avec le syst\u00e8me d'exploitation Android de Google.<\/p>\n<p>Version enti\u00e8rement \u00e9lectrique du SUV XC40, le premier Volvo \u00e0 avoir remport\u00e9 le prestigieux prix de la Voiture europ\u00e9enne de l'ann\u00e9e, le XC40 Recharge P8 est bas\u00e9 sur l'architecture modulaire compacte (CMA), une plate-forme automobile avanc\u00e9e co-d\u00e9velopp\u00e9e au sein du groupe Geely.<\/p>\n<p>La XC40 Recharge P8 \u00e0 transmission int\u00e9grale offre une autonomie de plus de 400 km (WLTP) en une seule charge et une puissance de 408 ch. La batterie se charge \u00e0 80 % de sa capacit\u00e9 en 40 minutes gr\u00e2ce \u00e0 un syst\u00e8me de chargement rapide.<\/p>\n<p>Le nouveau syst\u00e8me d'infodivertissement fonctionnant sous Android offre aux clients une personnalisation sans pr\u00e9c\u00e9dent, des niveaux am\u00e9lior\u00e9s d'intuitivit\u00e9 et des technologies et services Google int\u00e9gr\u00e9s, tels que l'Assistant Google, Google Maps et le Google Play Store. Le XC40 Recharge P8 re\u00e7oit \u00e9galement des mises \u00e0 jour plus importantes du logiciel et du syst\u00e8me d'exploitation par voie hertzienne.<\/p>\n<p>Tout en s'appuyant sur les excellentes normes de s\u00e9curit\u00e9 du XC40 original, les ing\u00e9nieurs en s\u00e9curit\u00e9 de Volvo Cars ont enti\u00e8rement redessin\u00e9 et renforc\u00e9 la structure frontale du Recharge P8 pour pallier l'absence de moteur, r\u00e9pondre aux exigences \u00e9lev\u00e9es de Volvo Cars en mati\u00e8re de s\u00e9curit\u00e9 et contribuer \u00e0 ce que les gens soient aussi en s\u00e9curit\u00e9 qu'\u00e0 bord de n'importe quelle autre Volvo.<\/p>\n<p>La batterie est prot\u00e9g\u00e9e par une cage de s\u00e9curit\u00e9 encastr\u00e9e au milieu de la structure de la voiture. Son placement dans le plancher de la voiture permet \u00e9galement d'abaisser le centre de gravit\u00e9 de la voiture, pour une meilleure protection contre les tonneaux.<\/p>\n<p>\u00c0 l'int\u00e9rieur, une approche innovante de la fonctionnalit\u00e9 globale offre aux conducteurs de nombreux espaces de rangement, par exemple dans les portes, sous les si\u00e8ges et dans le coffre. Sans moteur \u00e0 combustion interne, la voiture offre encore plus d'espace de rangement que le XC40 classique, gr\u00e2ce \u00e0 un \"coffre\" situ\u00e9 sous le capot avant.<\/p>\n<p><img loading=\"lazy\" decoding=\"async\" data-attachment-id=\"1490\" data-permalink=\"https:\/\/evhnews.com\/fr\/2019\/12\/18\/the-efficient-drivetrain-for-the-purely-electric-bmw-ix3\/evh-news-lighting-bolt-logo\/\" data-orig-file=\"https:\/\/evhnews.com\/wp-content\/uploads\/2019\/12\/EVH-News-Lighting-Bolt-Logo-.jpg\" data-orig-size=\"100,100\" data-comments-opened=\"1\" data-image-meta=\"{&quot;aperture&quot;:&quot;0&quot;,&quot;credit&quot;:&quot;&quot;,&quot;camera&quot;:&quot;&quot;,&quot;caption&quot;:&quot;&quot;,&quot;created_timestamp&quot;:&quot;1575197468&quot;,&quot;copyright&quot;:&quot;&quot;,&quot;focal_length&quot;:&quot;0&quot;,&quot;iso&quot;:&quot;0&quot;,&quot;shutter_speed&quot;:&quot;0&quot;,&quot;title&quot;:&quot;&quot;,&quot;orientation&quot;:&quot;1&quot;}\" data-image-title=\"EVH News-Lighting-Bolt-Logo-\" data-image-description=\"\" data-image-caption=\"\" data-large-file=\"https:\/\/evhnews.com\/wp-content\/uploads\/2019\/12\/EVH-News-Lighting-Bolt-Logo-.jpg\" class=\"alignnone size-full wp-image-1490\" src=\"https:\/\/evhnews.com\/wp-content\/uploads\/2019\/12\/EVH-News-Lighting-Bolt-Logo-.jpg\" alt=\"EVH News-Lighting-Bolt-Logo-\" width=\"100\" height=\"100\" \/><\/p>","protected":false},"excerpt":{"rendered":"<p>Image Credit: Volvo Strong Early Consumer Demand For Fully Electric Volvo XC40 Recharge P8 AWD&#8230;<\/p>","protected":false},"author":165558846,"featured_media":2695,"comment_status":"open","ping_status":"open","sticky":false,"template":"","format":"standard","meta":{"_coblocks_attr":"","_coblocks_dimensions":"","_coblocks_responsive_height":"","_coblocks_accordion_ie_support":"","_crdt_document":"","advanced_seo_description":"Strong Early Consumer Demand For Fully Electric Volvo XC40 Recharge P8 AWD","jetpack_seo_html_title":"","jetpack_seo_noindex":false,"_jetpack_newsletter_access":"","_jetpack_dont_email_post_to_subs":false,"_jetpack_newsletter_tier_id":0,"_jetpack_memberships_contains_paywalled_content":false,"two_page_speed":[],"_jetpack_memberships_contains_paid_content":false,"footnotes":"","jetpack_publicize_message":"","jetpack_publicize_feature_enabled":true,"jetpack_social_post_already_shared":true,"jetpack_social_options":{"image_generator_settings":{"template":"highway","default_image_id":0,"font":"","enabled":false},"version":2},"_wpas_customize_per_network":false,"jetpack_post_was_ever_published":false},"categories":[688377455,197443,688381798],"tags":[],"class_list":["post-2693","post","type-post","status-publish","format-standard","has-post-thumbnail","hentry","category-electric-vehicle-mobility-industry-world","category-electric-vehicles","category-suvs-electric-vehicles"],"jetpack_publicize_connections":[],"featured_image_urls":{"full":["https:\/\/evhnews.com\/wp-content\/uploads\/2020\/01\/Volvo-XC40-Recharge-P8-AWD-in-Glacier-Silver-2.png",800,601,false],"thumbnail":["https:\/\/evhnews.com\/wp-content\/uploads\/2020\/01\/Volvo-XC40-Recharge-P8-AWD-in-Glacier-Silver-2-150x150.png",150,150,true],"medium":["https:\/\/evhnews.com\/wp-content\/uploads\/2020\/01\/Volvo-XC40-Recharge-P8-AWD-in-Glacier-Silver-2-300x225.png",300,225,true],"medium_large":["https:\/\/evhnews.com\/wp-content\/uploads\/2020\/01\/Volvo-XC40-Recharge-P8-AWD-in-Glacier-Silver-2-768x577.png",640,481,true],"large":["https:\/\/evhnews.com\/wp-content\/uploads\/2020\/01\/Volvo-XC40-Recharge-P8-AWD-in-Glacier-Silver-2.png",640,481,false],"1536x1536":["https:\/\/evhnews.com\/wp-content\/uploads\/2020\/01\/Volvo-XC40-Recharge-P8-AWD-in-Glacier-Silver-2.png",800,601,false],"2048x2048":["https:\/\/evhnews.com\/wp-content\/uploads\/2020\/01\/Volvo-XC40-Recharge-P8-AWD-in-Glacier-Silver-2.png",800,601,false],"trp-custom-language-flag":["https:\/\/evhnews.com\/wp-content\/uploads\/2020\/01\/Volvo-XC40-Recharge-P8-AWD-in-Glacier-Silver-2.png",16,12,false],"newspack-article-block-landscape-large":["https:\/\/evhnews.com\/wp-content\/uploads\/2020\/01\/Volvo-XC40-Recharge-P8-AWD-in-Glacier-Silver-2.png",800,601,false],"newspack-article-block-portrait-large":["https:\/\/evhnews.com\/wp-content\/uploads\/2020\/01\/Volvo-XC40-Recharge-P8-AWD-in-Glacier-Silver-2.png",800,601,false],"newspack-article-block-square-large":["https:\/\/evhnews.com\/wp-content\/uploads\/2020\/01\/Volvo-XC40-Recharge-P8-AWD-in-Glacier-Silver-2.png",800,601,false],"newspack-article-block-landscape-medium":["https:\/\/evhnews.com\/wp-content\/uploads\/2020\/01\/Volvo-XC40-Recharge-P8-AWD-in-Glacier-Silver-2.png",799,600,false],"newspack-article-block-portrait-medium":["https:\/\/evhnews.com\/wp-content\/uploads\/2020\/01\/Volvo-XC40-Recharge-P8-AWD-in-Glacier-Silver-2-600x601.png",600,601,true],"newspack-article-block-square-medium":["https:\/\/evhnews.com\/wp-content\/uploads\/2020\/01\/Volvo-XC40-Recharge-P8-AWD-in-Glacier-Silver-2.png",800,601,false],"newspack-article-block-landscape-intermediate":["https:\/\/evhnews.com\/wp-content\/uploads\/2020\/01\/Volvo-XC40-Recharge-P8-AWD-in-Glacier-Silver-2.png",600,450,false],"newspack-article-block-portrait-intermediate":["https:\/\/evhnews.com\/wp-content\/uploads\/2020\/01\/Volvo-XC40-Recharge-P8-AWD-in-Glacier-Silver-2.png",450,338,false],"newspack-article-block-square-intermediate":["https:\/\/evhnews.com\/wp-content\/uploads\/2020\/01\/Volvo-XC40-Recharge-P8-AWD-in-Glacier-Silver-2.png",600,451,false],"newspack-article-block-landscape-small":["https:\/\/evhnews.com\/wp-content\/uploads\/2020\/01\/Volvo-XC40-Recharge-P8-AWD-in-Glacier-Silver-2-400x300.png",400,300,true],"newspack-article-block-portrait-small":["https:\/\/evhnews.com\/wp-content\/uploads\/2020\/01\/Volvo-XC40-Recharge-P8-AWD-in-Glacier-Silver-2-300x400.png",300,400,true],"newspack-article-block-square-small":["https:\/\/evhnews.com\/wp-content\/uploads\/2020\/01\/Volvo-XC40-Recharge-P8-AWD-in-Glacier-Silver-2-400x400.png",400,400,true],"newspack-article-block-landscape-tiny":["https:\/\/evhnews.com\/wp-content\/uploads\/2020\/01\/Volvo-XC40-Recharge-P8-AWD-in-Glacier-Silver-2-200x150.png",200,150,true],"newspack-article-block-portrait-tiny":["https:\/\/evhnews.com\/wp-content\/uploads\/2020\/01\/Volvo-XC40-Recharge-P8-AWD-in-Glacier-Silver-2-150x200.png",150,200,true],"newspack-article-block-square-tiny":["https:\/\/evhnews.com\/wp-content\/uploads\/2020\/01\/Volvo-XC40-Recharge-P8-AWD-in-Glacier-Silver-2-200x200.png",200,200,true],"newspack-article-block-uncropped":["https:\/\/evhnews.com\/wp-content\/uploads\/2020\/01\/Volvo-XC40-Recharge-P8-AWD-in-Glacier-Silver-2.png",800,601,false],"enternews-featured":["https:\/\/evhnews.com\/wp-content\/uploads\/2020\/01\/Volvo-XC40-Recharge-P8-AWD-in-Glacier-Silver-2.png",800,601,false],"enternews-medium":["https:\/\/evhnews.com\/wp-content\/uploads\/2020\/01\/Volvo-XC40-Recharge-P8-AWD-in-Glacier-Silver-2.png",632,475,false],"enternews-thumbnail":["https:\/\/evhnews.com\/wp-content\/uploads\/2020\/01\/Volvo-XC40-Recharge-P8-AWD-in-Glacier-Silver-2.png",419,315,false],"tenweb_optimizer_mobile":["https:\/\/evhnews.com\/wp-content\/uploads\/2020\/01\/Volvo-XC40-Recharge-P8-AWD-in-Glacier-Silver-2.png",600,451,false],"tenweb_optimizer_tablet":["https:\/\/evhnews.com\/wp-content\/uploads\/2020\/01\/Volvo-XC40-Recharge-P8-AWD-in-Glacier-Silver-2.png",768,577,false]},"author_info":{"display_name":"EVHNews","author_link":"https:\/\/evhnews.com\/fr\/author\/evhnews\/"},"category_info":"<a href=\"https:\/\/evhnews.com\/fr\/category\/vehicules-electriques\/vehicule-electrique-industrie-de-la-mobilite-monde\/\" rel=\"category tag\">Electric Automotive Industry<\/a> <a href=\"https:\/\/evhnews.com\/fr\/category\/vehicules-electriques\/\" rel=\"category tag\">Electric Automotive Vehicles<\/a> <a href=\"https:\/\/evhnews.com\/fr\/category\/vehicules-electriques\/suvs-vehicules-electriques\/\" rel=\"category tag\">Electric SUV's<\/a>","tag_info":"Electric SUV's","comment_count":"0","jetpack_featured_media_url":"https:\/\/evhnews.com\/wp-content\/uploads\/2020\/01\/Volvo-XC40-Recharge-P8-AWD-in-Glacier-Silver-2.png","jetpack_likes_enabled":true,"jetpack_sharing_enabled":true,"jetpack_shortlink":"https:\/\/wp.me\/pbbbdx-Hr","amp_enabled":true,"_links":{"self":[{"href":"https:\/\/evhnews.com\/fr\/wp-json\/wp\/v2\/posts\/2693","targetHints":{"allow":["GET"]}}],"collection":[{"href":"https:\/\/evhnews.com\/fr\/wp-json\/wp\/v2\/posts"}],"about":[{"href":"https:\/\/evhnews.com\/fr\/wp-json\/wp\/v2\/types\/post"}],"author":[{"embeddable":true,"href":"https:\/\/evhnews.com\/fr\/wp-json\/wp\/v2\/users\/165558846"}],"replies":[{"embeddable":true,"href":"https:\/\/evhnews.com\/fr\/wp-json\/wp\/v2\/comments?post=2693"}],"version-history":[{"count":7,"href":"https:\/\/evhnews.com\/fr\/wp-json\/wp\/v2\/posts\/2693\/revisions"}],"predecessor-version":[{"id":2802,"href":"https:\/\/evhnews.com\/fr\/wp-json\/wp\/v2\/posts\/2693\/revisions\/2802"}],"wp:featuredmedia":[{"embeddable":true,"href":"https:\/\/evhnews.com\/fr\/wp-json\/wp\/v2\/media\/2695"}],"wp:attachment":[{"href":"https:\/\/evhnews.com\/fr\/wp-json\/wp\/v2\/media?parent=2693"}],"wp:term":[{"taxonomy":"category","embeddable":true,"href":"https:\/\/evhnews.com\/fr\/wp-json\/wp\/v2\/categories?post=2693"},{"taxonomy":"post_tag","embeddable":true,"href":"https:\/\/evhnews.com\/fr\/wp-json\/wp\/v2\/tags?post=2693"}],"curies":[{"name":"wp","href":"https:\/\/api.w.org\/{rel}","templated":true}]}}