{"id":8091,"date":"2023-08-03T14:48:21","date_gmt":"2023-08-03T21:48:21","guid":{"rendered":"https:\/\/evhnews.com\/?p=8091"},"modified":"2023-08-03T14:48:21","modified_gmt":"2023-08-03T21:48:21","slug":"all-electric-acura-zdx-will-light-up-monterey-car-week","status":"publish","type":"post","link":"https:\/\/evhnews.com\/fr\/2023\/08\/03\/all-electric-acura-zdx-will-light-up-monterey-car-week\/","title":{"rendered":"L'Acura ZDX tout \u00e9lectrique illuminera la semaine de l'automobile de Monterey"},"content":{"rendered":"<p>Acura acc\u00e9l\u00e8re vers son avenir \u00e9lectrifi\u00e9 avec la pr\u00e9sentation mondiale de la ZDX 2024 enti\u00e8rement \u00e9lectrique le 17 ao\u00fbt, lors de la c\u00e9l\u00e8bre Monterey Car Week. Con\u00e7u par le studio de design Acura en Californie du Sud, le SUV aux lignes spectaculaires refl\u00e8te de nombreux th\u00e8mes ext\u00e9rieurs pr\u00e9sent\u00e9s en avant-premi\u00e8re avec la ZDX 2024, qui sera pr\u00e9sent\u00e9e en avant-premi\u00e8re \u00e0 Monterey.\u00a0<a href=\"https:\/\/acuranews.com\/en-US\/releases\/release-40b876fa88ce36bf41449f6e441cf947-acura-precision-ev-concept-debuts-at-monterey-previews-future-design-language-for-electrified-era\">Concept Acura Precision EV<\/a>Le design de l'Acura est plus moderne, avec notamment une \u00e9volution lumineuse de la calandre Diamond Pentagon d'Acura qui attire l'attention.<\/p>\n<p><iframe title=\"Acura ZDX tout \u00e9lectrique - Teaser\" src=\"https:\/\/www.youtube.com\/embed\/9lojjRzCyUk\" width=\"750\" height=\"315\" frameborder=\"0\" allowfullscreen=\"allowfullscreen\"><\/iframe><\/p>\n<p>La ZDX 2024 et la variante de performance ZDX Type S seront commercialis\u00e9es au d\u00e9but de l'ann\u00e9e prochaine et seront dot\u00e9es de technologies intuitives intelligemment int\u00e9gr\u00e9es en tant qu'\u00e9quipement de s\u00e9rie, notamment\u00a0<a href=\"https:\/\/acuranews.com\/en-US\/releases\/release-28a0418eb9f96c2502c6b994171bce2d-first-acura-ev-2024-zdx-marks-first-acura-integration-of-google-built-in-for-seamless-on-the-go-connectivity\">La premi\u00e8re int\u00e9gration de Google par Acura<\/a>\u00a0<em>avec les applications et les services les plus r\u00e9cents.<\/em>\u00a0Le ZDX marque \u00e9galement le lancement de la collaboration avec\u00a0<a href=\"https:\/\/acuranews.com\/en-US\/releases\/acura-and-bang-olufsen-launch-new-premium-audio-collaboration-for-all-future-acura-models\">Syst\u00e8me audio de luxe Bang &amp; Olufsen<\/a>qui s'\u00e9tendra \u00e0 l'ensemble de la gamme Acura dans les ann\u00e9es \u00e0 venir.<\/p>\n<p>\"L'engagement in\u00e9branlable d'Acura \u00e0 respecter la promesse de la marque Precision Crafted Performance se poursuivra dans l'avenir \u00e9lectrifi\u00e9, illustr\u00e9 par les mod\u00e8les Type S qui placent l'exp\u00e9rience du conducteur au premier plan\", a d\u00e9clar\u00e9 Emile Korkor, vice-pr\u00e9sident adjoint des ventes nationales d'Acura. \"En tant que SUV le plus puissant et le plus rapide de l'histoire de la marque, le ZDX Type S tiendra cette promesse et apportera une exp\u00e9rience de conduite exaltante sur le march\u00e9 des v\u00e9hicules \u00e9lectriques.\"<\/p>\n<p>Plus de d\u00e9tails sur les nouvelles Acura ZDX et ZDX Type S sont disponibles.\u00a0<a href=\"https:\/\/acuranews.com\/en-US\/channels\/acura-zdx\" data-uw-rm-vglnk=\"\" aria-label=\"Pour plus de d\u00e9tails sur les nouvelles Acura ZDX et ZDX Type S, cliquez ici.\">ici<\/a>.<\/p>\n<p>... notes du SP<br \/>\n<img decoding=\"async\" data-attachment-id=\"8029\" data-permalink=\"https:\/\/evhnews.com\/fr\/2023\/07\/13\/la-purete-rencontre-le-performance-le-nouveau-porsche-vision-357-speedster-tout-electrique\/evhn-lighting-bolt-logo-square-125\/\" data-orig-file=\"https:\/\/evhnews.com\/wp-content\/uploads\/2023\/07\/EVHN-Lighting-Bolt-Logo-Square-125.jpg\" data-orig-size=\"125,125\" data-comments-opened=\"1\" data-image-meta=\"{&quot;aperture&quot;:&quot;0&quot;,&quot;credit&quot;:&quot;&quot;,&quot;camera&quot;:&quot;&quot;,&quot;caption&quot;:&quot;&quot;,&quot;created_timestamp&quot;:&quot;1575197468&quot;,&quot;copyright&quot;:&quot;&quot;,&quot;focal_length&quot;:&quot;0&quot;,&quot;iso&quot;:&quot;0&quot;,&quot;shutter_speed&quot;:&quot;0&quot;,&quot;title&quot;:&quot;&quot;,&quot;orientation&quot;:&quot;1&quot;}\" data-image-title=\"EVHN Lighting Bolt Logo &amp;#8211; Square &amp;#8211; 125\" data-image-description=\"\" data-image-caption=\"\" data-large-file=\"https:\/\/evhnews.com\/wp-content\/uploads\/2023\/07\/EVHN-Lighting-Bolt-Logo-Square-125.jpg\" class=\"alignleft size-full wp-image-8029\" src=\"https:\/\/evhnews.com\/wp-content\/uploads\/2023\/07\/EVHN-Lighting-Bolt-Logo-Square-125.jpg\" alt=\"\" width=\"125\" height=\"125\" \/><\/p>","protected":false},"excerpt":{"rendered":"<p>Acura is accelerating toward its electrified future with the world debut of the all-electric 2024&#8230;<\/p>","protected":false},"author":165558846,"featured_media":8093,"comment_status":"open","ping_status":"open","sticky":false,"template":"","format":"standard","meta":{"_coblocks_attr":"","_coblocks_dimensions":"","_coblocks_responsive_height":"","_coblocks_accordion_ie_support":"","_crdt_document":"","advanced_seo_description":"","jetpack_seo_html_title":"","jetpack_seo_noindex":false,"_jetpack_newsletter_access":"","_jetpack_dont_email_post_to_subs":false,"_jetpack_newsletter_tier_id":0,"_jetpack_memberships_contains_paywalled_content":false,"two_page_speed":[],"_jetpack_memberships_contains_paid_content":false,"footnotes":"","jetpack_publicize_message":"","jetpack_publicize_feature_enabled":true,"jetpack_social_post_already_shared":true,"jetpack_social_options":{"image_generator_settings":{"template":"highway","default_image_id":0,"font":"","enabled":false},"version":2},"_wpas_customize_per_network":false,"jetpack_post_was_ever_published":false},"categories":[688381798],"tags":[],"class_list":["post-8091","post","type-post","status-publish","format-standard","has-post-thumbnail","hentry","category-suvs-electric-vehicles"],"jetpack_publicize_connections":[],"featured_image_urls":{"full":["https:\/\/evhnews.com\/wp-content\/uploads\/2023\/08\/All-Electric-Acura-ZDX-Will-Light-Up-Monterey-Car-Week.jpg",3500,1968,false],"thumbnail":["https:\/\/evhnews.com\/wp-content\/uploads\/2023\/08\/All-Electric-Acura-ZDX-Will-Light-Up-Monterey-Car-Week-150x150.jpg?crop=1",150,150,true],"medium":["https:\/\/evhnews.com\/wp-content\/uploads\/2023\/08\/All-Electric-Acura-ZDX-Will-Light-Up-Monterey-Car-Week-300x169.jpg",300,169,true],"medium_large":["https:\/\/evhnews.com\/wp-content\/uploads\/2023\/08\/All-Electric-Acura-ZDX-Will-Light-Up-Monterey-Car-Week-768x432.jpg",640,360,true],"large":["https:\/\/evhnews.com\/wp-content\/uploads\/2023\/08\/All-Electric-Acura-ZDX-Will-Light-Up-Monterey-Car-Week-1024x576.jpg",640,360,true],"1536x1536":["https:\/\/evhnews.com\/wp-content\/uploads\/2023\/08\/All-Electric-Acura-ZDX-Will-Light-Up-Monterey-Car-Week-1536x864.jpg",1536,864,true],"2048x2048":["https:\/\/evhnews.com\/wp-content\/uploads\/2023\/08\/All-Electric-Acura-ZDX-Will-Light-Up-Monterey-Car-Week-2048x1152.jpg",2048,1152,true],"trp-custom-language-flag":["https:\/\/evhnews.com\/wp-content\/uploads\/2023\/08\/All-Electric-Acura-ZDX-Will-Light-Up-Monterey-Car-Week.jpg",18,10,false],"newspack-article-block-landscape-large":["https:\/\/evhnews.com\/wp-content\/uploads\/2023\/08\/All-Electric-Acura-ZDX-Will-Light-Up-Monterey-Car-Week-1200x900.jpg?crop=1",1200,900,true],"newspack-article-block-portrait-large":["https:\/\/evhnews.com\/wp-content\/uploads\/2023\/08\/All-Electric-Acura-ZDX-Will-Light-Up-Monterey-Car-Week-900x1200.jpg?crop=1",900,1200,true],"newspack-article-block-square-large":["https:\/\/evhnews.com\/wp-content\/uploads\/2023\/08\/All-Electric-Acura-ZDX-Will-Light-Up-Monterey-Car-Week-1200x1200.jpg?crop=1",1200,1200,true],"newspack-article-block-landscape-medium":["https:\/\/evhnews.com\/wp-content\/uploads\/2023\/08\/All-Electric-Acura-ZDX-Will-Light-Up-Monterey-Car-Week-800x600.jpg?crop=1",800,600,true],"newspack-article-block-portrait-medium":["https:\/\/evhnews.com\/wp-content\/uploads\/2023\/08\/All-Electric-Acura-ZDX-Will-Light-Up-Monterey-Car-Week-600x800.jpg?crop=1",600,800,true],"newspack-article-block-square-medium":["https:\/\/evhnews.com\/wp-content\/uploads\/2023\/08\/All-Electric-Acura-ZDX-Will-Light-Up-Monterey-Car-Week-800x800.jpg?crop=1",800,800,true],"newspack-article-block-landscape-intermediate":["https:\/\/evhnews.com\/wp-content\/uploads\/2023\/08\/All-Electric-Acura-ZDX-Will-Light-Up-Monterey-Car-Week.jpg",600,337,false],"newspack-article-block-portrait-intermediate":["https:\/\/evhnews.com\/wp-content\/uploads\/2023\/08\/All-Electric-Acura-ZDX-Will-Light-Up-Monterey-Car-Week.jpg",450,253,false],"newspack-article-block-square-intermediate":["https:\/\/evhnews.com\/wp-content\/uploads\/2023\/08\/All-Electric-Acura-ZDX-Will-Light-Up-Monterey-Car-Week.jpg",600,337,false],"newspack-article-block-landscape-small":["https:\/\/evhnews.com\/wp-content\/uploads\/2023\/08\/All-Electric-Acura-ZDX-Will-Light-Up-Monterey-Car-Week-400x300.jpg?crop=1",400,300,true],"newspack-article-block-portrait-small":["https:\/\/evhnews.com\/wp-content\/uploads\/2023\/08\/All-Electric-Acura-ZDX-Will-Light-Up-Monterey-Car-Week-300x400.jpg?crop=1",300,400,true],"newspack-article-block-square-small":["https:\/\/evhnews.com\/wp-content\/uploads\/2023\/08\/All-Electric-Acura-ZDX-Will-Light-Up-Monterey-Car-Week-400x400.jpg?crop=1",400,400,true],"newspack-article-block-landscape-tiny":["https:\/\/evhnews.com\/wp-content\/uploads\/2023\/08\/All-Electric-Acura-ZDX-Will-Light-Up-Monterey-Car-Week-200x150.jpg?crop=1",200,150,true],"newspack-article-block-portrait-tiny":["https:\/\/evhnews.com\/wp-content\/uploads\/2023\/08\/All-Electric-Acura-ZDX-Will-Light-Up-Monterey-Car-Week-150x200.jpg?crop=1",150,200,true],"newspack-article-block-square-tiny":["https:\/\/evhnews.com\/wp-content\/uploads\/2023\/08\/All-Electric-Acura-ZDX-Will-Light-Up-Monterey-Car-Week-200x200.jpg?crop=1",200,200,true],"newspack-article-block-uncropped":["https:\/\/evhnews.com\/wp-content\/uploads\/2023\/08\/All-Electric-Acura-ZDX-Will-Light-Up-Monterey-Car-Week-1200x675.jpg",1200,675,true],"enternews-featured":["https:\/\/evhnews.com\/wp-content\/uploads\/2023\/08\/All-Electric-Acura-ZDX-Will-Light-Up-Monterey-Car-Week-1024x576.jpg",1024,576,true],"enternews-medium":["https:\/\/evhnews.com\/wp-content\/uploads\/2023\/08\/All-Electric-Acura-ZDX-Will-Light-Up-Monterey-Car-Week-720x475.jpg?crop=1",720,475,true],"enternews-thumbnail":["https:\/\/evhnews.com\/wp-content\/uploads\/2023\/08\/All-Electric-Acura-ZDX-Will-Light-Up-Monterey-Car-Week-480x315.jpg?crop=1",480,315,true],"tenweb_optimizer_mobile":["https:\/\/evhnews.com\/wp-content\/uploads\/2023\/08\/All-Electric-Acura-ZDX-Will-Light-Up-Monterey-Car-Week-600x337.jpg",600,337,true],"tenweb_optimizer_tablet":["https:\/\/evhnews.com\/wp-content\/uploads\/2023\/08\/All-Electric-Acura-ZDX-Will-Light-Up-Monterey-Car-Week-768x432.jpg",768,432,true]},"author_info":{"display_name":"EVHNews","author_link":"https:\/\/evhnews.com\/fr\/author\/evhnews\/"},"category_info":"<a href=\"https:\/\/evhnews.com\/fr\/category\/vehicules-electriques\/suvs-vehicules-electriques\/\" rel=\"category tag\">Electric SUV's<\/a>","tag_info":"Electric SUV's","comment_count":"0","jetpack_featured_media_url":"https:\/\/evhnews.com\/wp-content\/uploads\/2023\/08\/All-Electric-Acura-ZDX-Will-Light-Up-Monterey-Car-Week.jpg","jetpack_likes_enabled":true,"jetpack_sharing_enabled":true,"jetpack_shortlink":"https:\/\/wp.me\/pbbbdx-26v","amp_enabled":true,"_links":{"self":[{"href":"https:\/\/evhnews.com\/fr\/wp-json\/wp\/v2\/posts\/8091","targetHints":{"allow":["GET"]}}],"collection":[{"href":"https:\/\/evhnews.com\/fr\/wp-json\/wp\/v2\/posts"}],"about":[{"href":"https:\/\/evhnews.com\/fr\/wp-json\/wp\/v2\/types\/post"}],"author":[{"embeddable":true,"href":"https:\/\/evhnews.com\/fr\/wp-json\/wp\/v2\/users\/165558846"}],"replies":[{"embeddable":true,"href":"https:\/\/evhnews.com\/fr\/wp-json\/wp\/v2\/comments?post=8091"}],"version-history":[{"count":2,"href":"https:\/\/evhnews.com\/fr\/wp-json\/wp\/v2\/posts\/8091\/revisions"}],"predecessor-version":[{"id":8094,"href":"https:\/\/evhnews.com\/fr\/wp-json\/wp\/v2\/posts\/8091\/revisions\/8094"}],"wp:featuredmedia":[{"embeddable":true,"href":"https:\/\/evhnews.com\/fr\/wp-json\/wp\/v2\/media\/8093"}],"wp:attachment":[{"href":"https:\/\/evhnews.com\/fr\/wp-json\/wp\/v2\/media?parent=8091"}],"wp:term":[{"taxonomy":"category","embeddable":true,"href":"https:\/\/evhnews.com\/fr\/wp-json\/wp\/v2\/categories?post=8091"},{"taxonomy":"post_tag","embeddable":true,"href":"https:\/\/evhnews.com\/fr\/wp-json\/wp\/v2\/tags?post=8091"}],"curies":[{"name":"wp","href":"https:\/\/api.w.org\/{rel}","templated":true}]}}