{"id":2082,"date":"2020-01-06T06:56:05","date_gmt":"2020-01-06T14:56:05","guid":{"rendered":"https:\/\/evhnews.com\/?p=2082"},"modified":"2020-01-06T06:56:37","modified_gmt":"2020-01-06T14:56:37","slug":"%d7%9e%d7%a8%d7%a6%d7%93%d7%a1-%d7%91%d7%a0%d7%a5-%d7%95%d7%91%d7%95%d7%a9-%d7%9e%d7%a7%d7%99%d7%9e%d7%95%d7%aa-%d7%9e%d7%a8%d7%9b%d7%96-%d7%91%d7%93%d7%99%d7%a7%d7%95%d7%aa-%d7%a0%d7%94%d7%99%d7%92","status":"publish","type":"post","link":"https:\/\/evhnews.com\/he\/2020\/01\/06\/%d7%9e%d7%a8%d7%a6%d7%93%d7%a1-%d7%91%d7%a0%d7%a5-%d7%95%d7%91%d7%95%d7%a9-%d7%9e%d7%a7%d7%99%d7%9e%d7%95%d7%aa-%d7%9e%d7%a8%d7%9b%d7%96-%d7%91%d7%93%d7%99%d7%a7%d7%95%d7%aa-%d7%a0%d7%94%d7%99%d7%92\/","title":{"rendered":"Mercedes-Benz And Bosch Build A Modern Semi-Automated Autonomous Driving Testing Center In Iracem\u00e1polis Brazil"},"content":{"rendered":"<p style=\"text-align: center;\"><em>Image Credit: Daimler Media\u00a0<\/em><\/p>\n<p><strong><br \/>\nMercedes-Benz And Bosch Build A Modern Semi-Automated Autonomous Driving Testing Center In Iracem\u00e1polis Brazil<\/strong><\/p>\n<p>\u05de\u05e8\u05e6\u05d3\u05e1-\u05d1\u05e0\u05e5 \u05d5\u05d1\u05d5\u05e9 \u05d7\u05d1\u05e8\u05d5 \u05db\u05d5\u05d7\u05d5\u05ea \u05d1\u05d1\u05e8\u05d6\u05d9\u05dc \u05db\u05d3\u05d9 \u05dc\u05d4\u05e7\u05d9\u05dd \u05de\u05e8\u05db\u05d6 \u05d1\u05d3\u05d9\u05e7\u05d5\u05ea \u05e8\u05db\u05d1 \u05de\u05ea\u05e7\u05d3\u05dd. \u05d1\u05e0\u05d5\u05e1\u05e3 \u05dc\u05de\u05e9\u05d0\u05d9\u05d5\u05ea \u05d5\u05d0\u05d5\u05d8\u05d5\u05d1\u05d5\u05e1\u05d9\u05dd, \u05d1\u05e2\u05ea\u05d9\u05d3 \u05e0\u05d9\u05ea\u05df \u05d9\u05d4\u05d9\u05d4 \u05dc\u05d1\u05d3\u05d5\u05e7 \u05d2\u05dd \u05de\u05db\u05d5\u05e0\u05d9\u05d5\u05ea \u05e0\u05d5\u05e1\u05e2\u05d9\u05dd, \u05db\u05dc\u05d9 \u05e8\u05db\u05d1 \u05de\u05e1\u05d7\u05e8\u05d9\u05d9\u05dd \u05e7\u05dc\u05d9\u05dd \u05d5\u05d0\u05d5\u05e4\u05e0\u05d5\u05e2\u05d9\u05dd. \u05d0\u05d7\u05d3 \u05d4\u05d4\u05d9\u05d1\u05d8\u05d9\u05dd \u05d4\u05d7\u05d3\u05e9\u05e0\u05d9\u05d9\u05dd \u05d1\u05e4\u05e8\u05d5\u05d9\u05e7\u05d8 \u05d4\u05de\u05e9\u05d5\u05ea\u05e3 \u05d4\u05d5\u05d0 \u05e9\u05d4\u05de\u05ea\u05e7\u05df \u05d4\u05d7\u05d3\u05e9 \u05d9\u05e2\u05de\u05d5\u05d3 \u05dc\u05e8\u05e9\u05d5\u05ea \u05d9\u05e6\u05e8\u05e0\u05d9 \u05e8\u05db\u05d1\u05d9\u05dd, \u05de\u05e2\u05e8\u05db\u05d5\u05ea \u05d5\u05e8\u05db\u05d9\u05d1\u05d9 \u05e8\u05db\u05d1 \u05d0\u05d7\u05e8\u05d9\u05dd. \u05de\u05e8\u05db\u05d6 \u05d1\u05d3\u05d9\u05e7\u05ea \u05d4\u05e8\u05db\u05d1\u05d9\u05dd \u05d9\u05d5\u05e7\u05dd \u05d1\u05de\u05ea\u05d7\u05dd \u05d4\u05d1\u05d3\u05d9\u05e7\u05d5\u05ea \u05d4\u05e7\u05d9\u05d9\u05dd \u05e9\u05dc \u05de\u05e8\u05e6\u05d3\u05e1-\u05d1\u05e0\u05e5 \u05d1\u05d0\u05d9\u05d9\u05e8\u05e1\u05de\u05e4\u05d5\u05dc\u05d9\u05e1 (\u05de\u05d3\u05d9\u05e0\u05ea \u05e1\u05d0\u05d5 \u05e4\u05d0\u05d5\u05dc\u05d5).<\/p>\n<p>\u05e2\u05d1\u05d5\u05d3\u05d5\u05ea \u05d4\u05d1\u05e0\u05d9\u05d9\u05d4 \u05d4\u05e8\u05d0\u05e9\u05d5\u05e0\u05d9\u05d5\u05ea \u05e9\u05dc \u05de\u05e8\u05db\u05d6 \u05d4\u05d1\u05d3\u05d9\u05e7\u05d5\u05ea \u05d4\u05d7\u05d3\u05e9 \u05d9\u05d7\u05dc\u05d5 \u05d1\u05de\u05d7\u05e6\u05d9\u05ea \u05d4\u05e8\u05d0\u05e9\u05d5\u05e0\u05d4 \u05e9\u05dc 2020. \u05ea\u05d7\u05d9\u05dc\u05ea \u05d4\u05e4\u05e2\u05d9\u05dc\u05d5\u05ea \u05de\u05ea\u05d5\u05db\u05e0\u05e0\u05ea \u05dc\u05e9\u05e0\u05ea 2021. \u05de\u05e8\u05e6\u05d3\u05e1-\u05d1\u05e0\u05e5 \u05d5\u05d1\u05d5\u05e9 \u05d9\u05e9\u05e7\u05d9\u05e2\u05d5 \u05d1\u05de\u05e9\u05d5\u05ea\u05e3 70 \u05de\u05d9\u05dc\u05d9\u05d5\u05df \u05e8\u05d9\u05d0\u05dc \u05d1\u05e8\u05d6\u05d9\u05dc\u05d0\u05d9 (\u05db-15 \u05de\u05d9\u05dc\u05d9\u05d5\u05df \u05d0\u05d9\u05e8\u05d5) \u05d1\u05de\u05e8\u05db\u05d6. \u05de\u05e8\u05db\u05d6 \u05d4\u05d1\u05d3\u05d9\u05e7\u05d5\u05ea \u05d4\u05d7\u05d3\u05e9 \u05d9\u05ea\u05de\u05e7\u05d3 \u05d1\u05d1\u05d3\u05d9\u05e7\u05d5\u05ea \u05dc\u05e4\u05d9\u05ea\u05d5\u05d7 \u05de\u05e2\u05e8\u05db\u05d5\u05ea \u05dc\u05d1\u05d8\u05d9\u05d7\u05d5\u05ea \u05db\u05dc\u05d9 \u05e8\u05db\u05d1 \u05d5\u05d1\u05e7\u05e8\u05ea \u05de\u05ea\u05dc\u05d9\u05dd, \u05d5\u05db\u05df \u05de\u05e2\u05e8\u05db\u05d5\u05ea \u05dc\u05e9\u05d9\u05e4\u05d5\u05e8 \u05d4\u05d9\u05e2\u05d9\u05dc\u05d5\u05ea \u05d4\u05d0\u05e0\u05e8\u05d2\u05d8\u05d9\u05ea \u05d5\u05dc\u05e0\u05d4\u05d9\u05d2\u05d4 \u05d0\u05d5\u05d8\u05d5\u05e0\u05d5\u05de\u05d9\u05ea (\u05d7\u05e6\u05d9) \u05d0\u05d5\u05d8\u05d5\u05de\u05d8\u05d9\u05ea.<\/p>\n<p>\u05de\u05e8\u05db\u05d6 \u05d4\u05d1\u05d3\u05d9\u05e7\u05d5\u05ea \u05d4\u05d7\u05d3\u05e9 \u05db\u05d5\u05dc\u05dc \u05d7\u05de\u05d9\u05e9\u05d4 \u05d0\u05d6\u05d5\u05e8\u05d9\u05dd \u05e9\u05d5\u05e0\u05d9\u05dd \u05d1\u05e9\u05d8\u05d7 \u05db\u05d5\u05dc\u05dc \u05e9\u05dc 400,000 \u05de\"\u05e8. \u05d1\u05de\u05e1\u05d2\u05e8\u05ea \u05e4\u05e8\u05d5\u05d9\u05e7\u05d8 \u05d4\u05d1\u05e0\u05d9\u05d9\u05d4, \u05de\u05e1\u05e4\u05e8 \u05de\u05e1\u05dc\u05d5\u05dc\u05d9 \u05d4\u05d1\u05d3\u05d9\u05e7\u05d4 \u05d1\u05d0\u05d9\u05d9\u05e8\u05e1\u05de\u05e4\u05d5\u05dc\u05d9\u05e1 \u05d9\u05d5\u05d2\u05d3\u05dc \u05de-16 \u05db\u05d9\u05d5\u05dd \u05dc-21, \u05d5\u05d9\u05ea\u05d5\u05d5\u05e1\u05e4\u05d5 \u05d2\u05dd \u05ea\u05d0\u05d9 \u05e2\u05d1\u05d5\u05d3\u05d4 \u05d5\u05de\u05e9\u05e8\u05d3\u05d9\u05dd \u05e0\u05d5\u05e1\u05e4\u05d9\u05dd.<\/p>\n<p style=\"text-align: center;\"><img fetchpriority=\"high\" decoding=\"async\" data-attachment-id=\"2086\" data-permalink=\"https:\/\/evhnews.com\/he\/2020\/01\/06\/%d7%9e%d7%a8%d7%a6%d7%93%d7%a1-%d7%91%d7%a0%d7%a5-%d7%95%d7%91%d7%95%d7%a9-%d7%9e%d7%a7%d7%99%d7%9e%d7%95%d7%aa-%d7%9e%d7%a8%d7%9b%d7%96-%d7%91%d7%93%d7%99%d7%a7%d7%95%d7%aa-%d7%a0%d7%94%d7%99%d7%92\/kooperation-in-brasilien-mercedes-benz-und-bosch-errichten-modernes-testzentrum-fur-fahrzeuge-in-iracemapoliscooperation-in-brazil-mercedes-benz-and-bosch-build-a-modern-testing-centre-for-vehic-2\/\" data-orig-file=\"https:\/\/evhnews.com\/wp-content\/uploads\/2020\/01\/Daimler-subsidiary-Mercedes-Benz-do-Brasil-largest-truck-and-bus-testing-centre-in-Iracemapolis-State-of-So-Paulo.-2.jpg\" data-orig-size=\"800,533\" data-comments-opened=\"1\" data-image-meta=\"{&quot;aperture&quot;:&quot;8&quot;,&quot;credit&quot;:&quot;Daimler AG&quot;,&quot;camera&quot;:&quot;Canon EOS 5D Mark IV&quot;,&quot;caption&quot;:&quot;Im Mai 2018 hat die Daimler-Tochter Mercedes-Benz do Brasil in Iracem\\u00e1polis\/Bundesstaat S\\u201eo Paulo das gr\\u00f6\\u00dfte Lkw- und Bus-Testzentrum in Lateinamerika er\\u00f6ffnet. Jetzt haben sich Mercedes-Benz und Bosch zusammengeschlossen, das Gel\\u00e4nde um ein hochmodernes Zentrum f\\u00fcr Fahrzeugtests (Vehicle Test Center) zu erg\\u00e4nzen, das anderen Herstellern von Fahrzeugen, Systemen und Fahrzeugkomponenten ebenfalls zug\\u00e4nglich gemacht werden soll. \\r\\rIn May 2018, the Daimler subsidiary, Mercedes-Benz do Brasil, opened Latin America\\u2019s largest truck and bus testing centre in Iracem\\u00e1polis\/State of S\\u201eo Paulo. Now Mercedes-Benz and Bosch have joined forces in Brazil to add an state-of-the-art Vehicle Test Center on the premises. The new facility is to be made available to other manufacturers of vehicles, systems and vehicle components.&quot;,&quot;created_timestamp&quot;:&quot;1525859999&quot;,&quot;copyright&quot;:&quot;\\u00a9 Daimler Truck AG&quot;,&quot;focal_length&quot;:&quot;24&quot;,&quot;iso&quot;:&quot;320&quot;,&quot;shutter_speed&quot;:&quot;0.01&quot;,&quot;title&quot;:&quot;Kooperation in Brasilien:  Mercedes-Benz und Bosch errichten modernes Testzentrum f\\u00fcr Fahrzeuge in Iracem\\u00e1polis\\r\\rCooperation in Brazil:  Mercedes-Benz and Bosch build a modern testing centre for vehicles in Iracem\\u00e1polis&quot;,&quot;orientation&quot;:&quot;1&quot;}\" data-image-title=\"Kooperation in Brasilien:  Mercedes-Benz und Bosch errichten modernes Testzentrum f\u00fcr Fahrzeuge in Iracem\u00e1polisCooperation in Brazil:  Mercedes-Benz and Bosch build a modern testing centre for vehicles in Iracem\u00e1polis\" data-image-description=\"\" data-image-caption=\"&lt;p&gt;Im Mai 2018 hat die Daimler-Tochter Mercedes-Benz do Brasil in Iracem\u00e1polis\/Bundesstaat S\u201eo Paulo das gr\u00f6\u00dfte Lkw- und Bus-Testzentrum in Lateinamerika er\u00f6ffnet. Jetzt haben sich Mercedes-Benz und Bosch zusammengeschlossen, das Gel\u00e4nde um ein hochmodernes Zentrum f\u00fcr Fahrzeugtests (Vehicle Test Center) zu erg\u00e4nzen, das anderen Herstellern von Fahrzeugen, Systemen und Fahrzeugkomponenten ebenfalls zug\u00e4nglich gemacht werden soll. &lt;\/p&gt;&lt;p&gt;In May 2018, the Daimler subsidiary, Mercedes-Benz do Brasil, opened Latin America\u2019s largest truck and bus testing centre in Iracem\u00e1polis\/State of S\u201eo Paulo. Now Mercedes-Benz and Bosch have joined forces in Brazil to add an state-of-the-art Vehicle Test Center on the premises. The new facility is to be made available to other manufacturers of vehicles, systems and vehicle components.&lt;\/p&gt;\" data-large-file=\"https:\/\/evhnews.com\/wp-content\/uploads\/2020\/01\/Daimler-subsidiary-Mercedes-Benz-do-Brasil-largest-truck-and-bus-testing-centre-in-Iracemapolis-State-of-So-Paulo.-2.jpg\" class=\"alignnone size-full wp-image-2086\" src=\"https:\/\/evhnews.com\/wp-content\/uploads\/2020\/01\/Daimler-subsidiary-Mercedes-Benz-do-Brasil-largest-truck-and-bus-testing-centre-in-Iracemapolis-State-of-So-Paulo.-2.jpg\" alt=\"\u05e9\u05d9\u05ea\u05d5\u05e3 \u05e4\u05e2\u05d5\u05dc\u05d4 \u05d1\u05d1\u05e8\u05d6\u05d9\u05dc: \u05de\u05e8\u05e6\u05d3\u05e1-\u05d1\u05e0\u05e5 \u05d5\u05d1\u05d5\u05e9 \u05de\u05e7\u05d9\u05de\u05d5\u05ea \u05de\u05e8\u05db\u05d6 \u05d1\u05d3\u05d9\u05e7\u05d5\u05ea \u05de\u05d5\u05d3\u05e8\u05e0\u05d9 \u05dc\u05e8\u05db\u05d1\u05d9\u05dd \u05d1\u05d0\u05d9\u05d9\u05e8\u05e1\u05de\u05e4\u05d5\u05dc\u05d9\u05e1 \u05e9\u05d9\u05ea\u05d5\u05e3 \u05e4\u05e2\u05d5\u05dc\u05d4 \u05d1\u05d1\u05e8\u05d6\u05d9\u05dc: \u05de\u05e8\u05e6\u05d3\u05e1-\u05d1\u05e0\u05e5 \u05d5\u05d1\u05d5\u05e9 \u05de\u05e7\u05d9\u05de\u05d5\u05ea \u05de\u05e8\u05db\u05d6 \u05d1\u05d3\u05d9\u05e7\u05d5\u05ea \u05de\u05d5\u05d3\u05e8\u05e0\u05d9 \u05dc\u05e8\u05db\u05d1\u05d9\u05dd \u05d1\u05d0\u05d9\u05d9\u05e8\u05e1\u05de\u05e4\u05d5\u05dc\u05d9\u05e1\" width=\"800\" height=\"533\" srcset=\"https:\/\/evhnews.com\/wp-content\/uploads\/2020\/01\/Daimler-subsidiary-Mercedes-Benz-do-Brasil-largest-truck-and-bus-testing-centre-in-Iracemapolis-State-of-So-Paulo.-2.jpg 800w, https:\/\/evhnews.com\/wp-content\/uploads\/2020\/01\/Daimler-subsidiary-Mercedes-Benz-do-Brasil-largest-truck-and-bus-testing-centre-in-Iracemapolis-State-of-So-Paulo.-2-300x200.jpg 300w, https:\/\/evhnews.com\/wp-content\/uploads\/2020\/01\/Daimler-subsidiary-Mercedes-Benz-do-Brasil-largest-truck-and-bus-testing-centre-in-Iracemapolis-State-of-So-Paulo.-2-768x512.jpg 768w\" sizes=\"(max-width: 800px) 100vw, 800px\" \/><\/p>\n<p><img decoding=\"async\" data-attachment-id=\"2088\" data-permalink=\"https:\/\/evhnews.com\/he\/2020\/01\/06\/%d7%9e%d7%a8%d7%a6%d7%93%d7%a1-%d7%91%d7%a0%d7%a5-%d7%95%d7%91%d7%95%d7%a9-%d7%9e%d7%a7%d7%99%d7%9e%d7%95%d7%aa-%d7%9e%d7%a8%d7%9b%d7%96-%d7%91%d7%93%d7%99%d7%a7%d7%95%d7%aa-%d7%a0%d7%94%d7%99%d7%92\/kooperation-in-brasilien-mercedes-benz-und-bosch-errichten-modernes-testzentrum-fur-fahrzeuge-in-iracemapoliscooperation-in-brazil-mercedes-benz-and-bosch-build-a-modern-testing-centre-for-vehic-3\/\" data-orig-file=\"https:\/\/evhnews.com\/wp-content\/uploads\/2020\/01\/Daimler-subsidiary-Mercedes-Benz-do-Brasil-largest-truck-and-bus-testing-centre-in-Iracemapolis-State-of-So-Paulo.-3.jpg\" data-orig-size=\"800,533\" data-comments-opened=\"1\" data-image-meta=\"{&quot;aperture&quot;:&quot;4&quot;,&quot;credit&quot;:&quot;Daimler AG&quot;,&quot;camera&quot;:&quot;Canon EOS 5D Mark IV&quot;,&quot;caption&quot;:&quot;Im Mai 2018 hat die Daimler-Tochter Mercedes-Benz do Brasil in Iracem\\u00e1polis\/Bundesstaat S\\u201eo Paulo das gr\\u00f6\\u00dfte Lkw- und Bus-Testzentrum in Lateinamerika er\\u00f6ffnet. Jetzt haben sich Mercedes-Benz und Bosch zusammengeschlossen, das Gel\\u00e4nde um ein hochmodernes Zentrum f\\u00fcr Fahrzeugtests (Vehicle Test Center) zu erg\\u00e4nzen, das anderen Herstellern von Fahrzeugen, Systemen und Fahrzeugkomponenten ebenfalls zug\\u00e4nglich gemacht werden soll. \\r\\rIn May 2018, the Daimler subsidiary, Mercedes-Benz do Brasil, opened Latin America\\u2019s largest truck and bus testing centre in Iracem\\u00e1polis\/State of S\\u201eo Paulo. Now Mercedes-Benz and Bosch have joined forces in Brazil to add an state-of-the-art Vehicle Test Center on the premises. The new facility is to be made available to other manufacturers of vehicles, systems and vehicle components.&quot;,&quot;created_timestamp&quot;:&quot;1525859999&quot;,&quot;copyright&quot;:&quot;\\u00a9 Daimler Truck AG&quot;,&quot;focal_length&quot;:&quot;84&quot;,&quot;iso&quot;:&quot;640&quot;,&quot;shutter_speed&quot;:&quot;0.008&quot;,&quot;title&quot;:&quot;Kooperation in Brasilien:  Mercedes-Benz und Bosch errichten modernes Testzentrum f\\u00fcr Fahrzeuge in Iracem\\u00e1polis\\r\\rCooperation in Brazil:  Mercedes-Benz and Bosch build a modern testing centre for vehicles in Iracem\\u00e1polis&quot;,&quot;orientation&quot;:&quot;1&quot;}\" data-image-title=\"Kooperation in Brasilien:  Mercedes-Benz und Bosch errichten modernes Testzentrum f\u00fcr Fahrzeuge in Iracem\u00e1polisCooperation in Brazil:  Mercedes-Benz and Bosch build a modern testing centre for vehicles in Iracem\u00e1polis\" data-image-description=\"\" data-image-caption=\"&lt;p&gt;Im Mai 2018 hat die Daimler-Tochter Mercedes-Benz do Brasil in Iracem\u00e1polis\/Bundesstaat S\u201eo Paulo das gr\u00f6\u00dfte Lkw- und Bus-Testzentrum in Lateinamerika er\u00f6ffnet. Jetzt haben sich Mercedes-Benz und Bosch zusammengeschlossen, das Gel\u00e4nde um ein hochmodernes Zentrum f\u00fcr Fahrzeugtests (Vehicle Test Center) zu erg\u00e4nzen, das anderen Herstellern von Fahrzeugen, Systemen und Fahrzeugkomponenten ebenfalls zug\u00e4nglich gemacht werden soll. &lt;\/p&gt;&lt;p&gt;In May 2018, the Daimler subsidiary, Mercedes-Benz do Brasil, opened Latin America\u2019s largest truck and bus testing centre in Iracem\u00e1polis\/State of S\u201eo Paulo. Now Mercedes-Benz and Bosch have joined forces in Brazil to add an state-of-the-art Vehicle Test Center on the premises. The new facility is to be made available to other manufacturers of vehicles, systems and vehicle components.&lt;\/p&gt;\" data-large-file=\"https:\/\/evhnews.com\/wp-content\/uploads\/2020\/01\/Daimler-subsidiary-Mercedes-Benz-do-Brasil-largest-truck-and-bus-testing-centre-in-Iracemapolis-State-of-So-Paulo.-3.jpg\" class=\"alignnone size-full wp-image-2088\" src=\"https:\/\/evhnews.com\/wp-content\/uploads\/2020\/01\/Daimler-subsidiary-Mercedes-Benz-do-Brasil-largest-truck-and-bus-testing-centre-in-Iracemapolis-State-of-So-Paulo.-3.jpg\" alt=\"\u05e9\u05d9\u05ea\u05d5\u05e3 \u05e4\u05e2\u05d5\u05dc\u05d4 \u05d1\u05d1\u05e8\u05d6\u05d9\u05dc: \u05de\u05e8\u05e6\u05d3\u05e1-\u05d1\u05e0\u05e5 \u05d5\u05d1\u05d5\u05e9 \u05de\u05e7\u05d9\u05de\u05d5\u05ea \u05de\u05e8\u05db\u05d6 \u05d1\u05d3\u05d9\u05e7\u05d5\u05ea \u05de\u05d5\u05d3\u05e8\u05e0\u05d9 \u05dc\u05e8\u05db\u05d1\u05d9\u05dd \u05d1\u05d0\u05d9\u05d9\u05e8\u05e1\u05de\u05e4\u05d5\u05dc\u05d9\u05e1 \u05e9\u05d9\u05ea\u05d5\u05e3 \u05e4\u05e2\u05d5\u05dc\u05d4 \u05d1\u05d1\u05e8\u05d6\u05d9\u05dc: \u05de\u05e8\u05e6\u05d3\u05e1-\u05d1\u05e0\u05e5 \u05d5\u05d1\u05d5\u05e9 \u05de\u05e7\u05d9\u05de\u05d5\u05ea \u05de\u05e8\u05db\u05d6 \u05d1\u05d3\u05d9\u05e7\u05d5\u05ea \u05de\u05d5\u05d3\u05e8\u05e0\u05d9 \u05dc\u05e8\u05db\u05d1\u05d9\u05dd \u05d1\u05d0\u05d9\u05d9\u05e8\u05e1\u05de\u05e4\u05d5\u05dc\u05d9\u05e1\" width=\"800\" height=\"533\" srcset=\"https:\/\/evhnews.com\/wp-content\/uploads\/2020\/01\/Daimler-subsidiary-Mercedes-Benz-do-Brasil-largest-truck-and-bus-testing-centre-in-Iracemapolis-State-of-So-Paulo.-3.jpg 800w, https:\/\/evhnews.com\/wp-content\/uploads\/2020\/01\/Daimler-subsidiary-Mercedes-Benz-do-Brasil-largest-truck-and-bus-testing-centre-in-Iracemapolis-State-of-So-Paulo.-3-300x200.jpg 300w, https:\/\/evhnews.com\/wp-content\/uploads\/2020\/01\/Daimler-subsidiary-Mercedes-Benz-do-Brasil-largest-truck-and-bus-testing-centre-in-Iracemapolis-State-of-So-Paulo.-3-768x512.jpg 768w\" sizes=\"(max-width: 800px) 100vw, 800px\" \/><\/p>\n<p style=\"text-align: center;\"><em>\u05d1\u05de\u05d0\u05d9 2018, \u05d7\u05d1\u05e8\u05ea \u05d4\u05d1\u05ea \u05e9\u05dc \u05d3\u05d9\u05d9\u05de\u05dc\u05e8, \u05de\u05e8\u05e6\u05d3\u05e1-\u05d1\u05e0\u05e5 \u05d3\u05d5 \u05d1\u05e8\u05d6\u05d9\u05dc, \u05e4\u05ea\u05d7\u05d4 \u05d0\u05ea \u05de\u05e8\u05db\u05d6 \u05d4\u05d1\u05d3\u05d9\u05e7\u05d5\u05ea \u05d4\u05d2\u05d3\u05d5\u05dc \u05d1\u05d9\u05d5\u05ea\u05e8 \u05d1\u05d0\u05de\u05e8\u05d9\u05e7\u05d4 \u05d4\u05dc\u05d8\u05d9\u05e0\u05d9\u05ea \u05dc\u05de\u05e9\u05d0\u05d9\u05ea \u05d5\u05d0\u05d5\u05d8\u05d5\u05d1\u05d5\u05e1\u05d9\u05dd \u05d1\u05e2\u05d9\u05e8 Iracem\u00e1polis\/\u05de\u05d3\u05d9\u05e0\u05ea \u05e1\u05d0\u05d5 \u05e4\u05d0\u05d5\u05dc\u05d5. \u05db\u05e2\u05ea, \u05de\u05e8\u05e6\u05d3\u05e1-\u05d1\u05e0\u05e5 \u05d5\u05d1\u05d5\u05e9 \u05d7\u05d1\u05e8\u05d5 \u05db\u05d5\u05d7\u05d5\u05ea \u05d1\u05d1\u05e8\u05d6\u05d9\u05dc \u05db\u05d3\u05d9 \u05dc\u05d4\u05d5\u05e1\u05d9\u05e3 \u05dc\u05de\u05ea\u05d7\u05dd \u05de\u05e8\u05db\u05d6 \u05d1\u05d3\u05d9\u05e7\u05d5\u05ea \u05e8\u05db\u05d1 \u05d7\u05d3\u05d9\u05e9. \u05d4\u05de\u05ea\u05e7\u05df \u05d4\u05d7\u05d3\u05e9 \u05d9\u05d5\u05e2\u05de\u05d3 \u05dc\u05e8\u05e9\u05d5\u05ea \u05d9\u05e6\u05e8\u05e0\u05d9 \u05e8\u05db\u05d1, \u05de\u05e2\u05e8\u05db\u05d5\u05ea \u05d5\u05e8\u05db\u05d9\u05d1\u05d9 \u05e8\u05db\u05d1 \u05d0\u05d7\u05e8\u05d9\u05dd. \u05e7\u05e8\u05d3\u05d9\u05d8 \u05ea\u05de\u05d5\u05e0\u05d4: Daimler Media\u00a0<\/em><\/p>\n<p>&nbsp;<\/p>\n<p><strong>\u05d0\u05d5\u05d3\u05d5\u05ea \u05de\u05ea\u05e7\u05df \u05d4\u05e0\u05d9\u05e1\u05d5\u05d9\u05d9\u05dd \u05d4\u05e7\u05d9\u05d9\u05dd \u05e9\u05dc \u05de\u05e8\u05e6\u05d3\u05e1-\u05d1\u05e0\u05e5 \u05d1\u05d0\u05d9\u05d9\u05e8\u05e1\u05de\u05e4\u05d5\u05dc\u05d9\u05e1<\/strong><\/p>\n<p>\u05d1\u05de\u05d0\u05d9 2018, \u05d7\u05d1\u05e8\u05ea \u05d4\u05d1\u05ea \u05e9\u05dc \u05d3\u05d9\u05d9\u05de\u05dc\u05e8, \u05de\u05e8\u05e6\u05d3\u05e1-\u05d1\u05e0\u05e5 \u05d3\u05d5 \u05d1\u05e8\u05d6\u05d9\u05dc, \u05e4\u05ea\u05d7\u05d4 \u05d0\u05ea \u05de\u05e8\u05db\u05d6 \u05d4\u05d1\u05d3\u05d9\u05e7\u05d5\u05ea \u05d4\u05d2\u05d3\u05d5\u05dc \u05d1\u05d9\u05d5\u05ea\u05e8 \u05d1\u05d0\u05de\u05e8\u05d9\u05e7\u05d4 \u05d4\u05dc\u05d8\u05d9\u05e0\u05d9\u05ea \u05dc\u05de\u05e9\u05d0\u05d9\u05ea \u05d5\u05d0\u05d5\u05d8\u05d5\u05d1\u05d5\u05e1\u05d9\u05dd \u05d1\u05de\u05ea\u05d7\u05dd \u05e9\u05dc\u05d4 \u05d1\u05d0\u05d9\u05d9\u05e8\u05e1\u05de\u05e4\u05d5\u05dc\u05d9\u05e1\/\u05de\u05d3\u05d9\u05e0\u05ea \u05e1\u05d0\u05d5 \u05e4\u05d0\u05d5\u05dc\u05d5. \u05e2\u05dc \u05e9\u05d8\u05d7 \u05e9\u05dc \u05db-1.3 \u05de\u05d9\u05dc\u05d9\u05d5\u05df \u05de\"\u05e8 \u2013 \u05db-150 \u05de\u05d2\u05e8\u05e9\u05d9 \u05db\u05d3\u05d5\u05e8\u05d2\u05dc \u2013 \u05d9\u05e6\u05e8\u05e0\u05d9\u05ea \u05d4\u05e8\u05db\u05d1 \u05d4\u05de\u05e1\u05d7\u05e8\u05d9 \u05d4\u05d2\u05d3\u05d5\u05dc\u05d4 \u05d1\u05e2\u05d5\u05dc\u05dd \u05d1\u05d5\u05d3\u05e7\u05ea \u05de\u05e9\u05d0\u05d9\u05d5\u05ea \u05d5\u05d0\u05d5\u05d8\u05d5\u05d1\u05d5\u05e1\u05d9\u05dd. \u05db\u05d9\u05d5\u05dd \u05e0\u05d9\u05ea\u05df \u05dc\u05d1\u05e6\u05e2 \u05d1\u05d3\u05d9\u05e7\u05d5\u05ea \u05e2\u05dc 16 \u05e4\u05e8\u05d5\u05e4\u05d9\u05dc\u05d9\u05dd \u05e9\u05d5\u05e0\u05d9\u05dd \u05e9\u05dc \u05de\u05e9\u05d8\u05d7\u05d9 \u05db\u05d1\u05d9\u05e9: \u05d1\u05d0\u05de\u05e6\u05e2\u05d5\u05ea\u05dd \u05e0\u05d9\u05ea\u05df \u05dc\u05d3\u05de\u05d5\u05ea \u05d0\u05ea \u05d4\u05de\u05d2\u05d5\u05d5\u05df \u05d4\u05e8\u05d7\u05d1 \u05e9\u05dc \u05d4\u05db\u05d1\u05d9\u05e9\u05d9\u05dd \u05e9\u05d1\u05d4\u05dd \u05e4\u05d5\u05e2\u05dc\u05d9\u05dd \u05db\u05dc\u05d9 \u05e8\u05db\u05d1 \u05d1\u05e8\u05d7\u05d1\u05d9 \u05d4\u05e2\u05d5\u05dc\u05dd. \u05dc\u05e9\u05dd \u05e9\u05d7\u05d6\u05d5\u05e8 \u05e4\u05e8\u05d5\u05e4\u05d9\u05dc\u05d9\u05dd \u05d0\u05dc\u05d4, \u05de\u05e9\u05d0\u05d9\u05ea \u05de\u05e2\u05d1\u05d3\u05d4 \u05de\u05e1\u05d5\u05d2 Mercedes-Benz Actros, \u05d4\u05de\u05e6\u05d5\u05d9\u05d3\u05ea \u05d1-260 \u05d7\u05d9\u05d9\u05e9\u05e0\u05d9\u05dd, \u05de\u05d3\u05d3\u05d4 \u05de\u05d2\u05d5\u05d5\u05df \u05e8\u05d7\u05d1 \u05e9\u05dc \u05de\u05e1\u05dc\u05d5\u05dc\u05d9\u05dd \u05d5\u05db\u05d1\u05d9\u05e9\u05d9\u05dd, \u05d5\u05d1\u05db\u05da \u05db\u05d9\u05e1\u05ea\u05d4 \u05db-16,000 \u05e7\u05d9\u05dc\u05d5\u05de\u05d8\u05e8\u05d9\u05dd \u05d1\u05e4\u05d7\u05d5\u05ea \u05de\u05d0\u05e8\u05d1\u05e2\u05d4 \u05d7\u05d5\u05d3\u05e9\u05d9\u05dd. \u05de\u05e8\u05e6\u05d3\u05e1-\u05d1\u05e0\u05e5 \u05d3\u05d5 \u05d1\u05e8\u05d6\u05d9\u05dc \u05d4\u05e9\u05e7\u05d9\u05e2\u05d4 \u05db-20 \u05de\u05d9\u05dc\u05d9\u05d5\u05df \u05d0\u05d9\u05e8\u05d5 \u05d1\u05de\u05e8\u05db\u05d6 \u05d4\u05d1\u05d3\u05d9\u05e7\u05d5\u05ea, \u05e9\u05ea\u05d5\u05db\u05e0\u05df \u05d1\u05d4\u05e9\u05e8\u05d0\u05ea \u05de\u05e8\u05db\u05d6 \u05d4\u05e4\u05d9\u05ea\u05d5\u05d7 \u05d5\u05d4\u05d1\u05d3\u05d9\u05e7\u05d5\u05ea (EVZ) \u05d1\u05de\u05e4\u05e2\u05dc \u05d4\u05de\u05e9\u05d0\u05d9\u05d5\u05ea \u05e9\u05dc \u05de\u05e8\u05e6\u05d3\u05e1-\u05d1\u05e0\u05e5 \u05d1\u05d5\u05d5\u05e8\u05ea'.<\/p>\n<p><img decoding=\"async\" data-attachment-id=\"1490\" data-permalink=\"https:\/\/evhnews.com\/he\/2019\/12\/18\/the-efficient-drivetrain-for-the-purely-electric-bmw-ix3\/evh-news-lighting-bolt-logo\/\" data-orig-file=\"https:\/\/evhnews.com\/wp-content\/uploads\/2019\/12\/EVH-News-Lighting-Bolt-Logo-.jpg\" data-orig-size=\"100,100\" data-comments-opened=\"1\" data-image-meta=\"{&quot;aperture&quot;:&quot;0&quot;,&quot;credit&quot;:&quot;&quot;,&quot;camera&quot;:&quot;&quot;,&quot;caption&quot;:&quot;&quot;,&quot;created_timestamp&quot;:&quot;1575197468&quot;,&quot;copyright&quot;:&quot;&quot;,&quot;focal_length&quot;:&quot;0&quot;,&quot;iso&quot;:&quot;0&quot;,&quot;shutter_speed&quot;:&quot;0&quot;,&quot;title&quot;:&quot;&quot;,&quot;orientation&quot;:&quot;1&quot;}\" data-image-title=\"EVH News-Lighting-Bolt-Logo-\" data-image-description=\"\" data-image-caption=\"\" data-large-file=\"https:\/\/evhnews.com\/wp-content\/uploads\/2019\/12\/EVH-News-Lighting-Bolt-Logo-.jpg\" class=\"alignnone size-full wp-image-1490\" src=\"https:\/\/evhnews.com\/wp-content\/uploads\/2019\/12\/EVH-News-Lighting-Bolt-Logo-.jpg\" alt=\"EVH News-Lighting-Bolt-Logo-\" width=\"100\" height=\"100\" \/><\/p>","protected":false},"excerpt":{"rendered":"<p>Image Credit: Daimler Media\u00a0 Mercedes-Benz And Bosch Build A Modern Semi-Automated Autonomous Driving Testing Center&#8230;<\/p>","protected":false},"author":165558846,"featured_media":2085,"comment_status":"open","ping_status":"open","sticky":false,"template":"","format":"standard","meta":{"_coblocks_attr":"","_coblocks_dimensions":"","_coblocks_responsive_height":"","_coblocks_accordion_ie_support":"","_crdt_document":"","advanced_seo_description":"Mercedes-Benz And Bosch Build A Modern Semi-Automated Autonomous Driving Testing Center In Iracem\u00e1polis Brazil","jetpack_seo_html_title":"","jetpack_seo_noindex":false,"_jetpack_newsletter_access":"","_jetpack_dont_email_post_to_subs":false,"_jetpack_newsletter_tier_id":0,"_jetpack_memberships_contains_paywalled_content":false,"two_page_speed":[],"_jetpack_memberships_contains_paid_content":false,"footnotes":"","jetpack_publicize_message":"","jetpack_publicize_feature_enabled":true,"jetpack_social_post_already_shared":true,"jetpack_social_options":{"image_generator_settings":{"template":"highway","default_image_id":0,"font":"","enabled":false},"version":2},"_wpas_customize_per_network":false,"jetpack_post_was_ever_published":false},"categories":[688324394,688386226,688324407],"tags":[],"class_list":["post-2082","post","type-post","status-publish","format-standard","has-post-thumbnail","hentry","category-electric-commercial-semi-trucks","category-autonomous-industry-news","category-hybrid-commercial-semi-trucks"],"jetpack_publicize_connections":[],"featured_image_urls":{"full":["https:\/\/evhnews.com\/wp-content\/uploads\/2020\/01\/Daimler-subsidiary-Mercedes-Benz-do-Brasil-largest-truck-and-bus-testing-centre-in-Iracemapolis-State-of-So-Paulo.-.jpg",800,533,false],"thumbnail":["https:\/\/evhnews.com\/wp-content\/uploads\/2020\/01\/Daimler-subsidiary-Mercedes-Benz-do-Brasil-largest-truck-and-bus-testing-centre-in-Iracemapolis-State-of-So-Paulo.--150x150.jpg",150,150,true],"medium":["https:\/\/evhnews.com\/wp-content\/uploads\/2020\/01\/Daimler-subsidiary-Mercedes-Benz-do-Brasil-largest-truck-and-bus-testing-centre-in-Iracemapolis-State-of-So-Paulo.--300x200.jpg",300,200,true],"medium_large":["https:\/\/evhnews.com\/wp-content\/uploads\/2020\/01\/Daimler-subsidiary-Mercedes-Benz-do-Brasil-largest-truck-and-bus-testing-centre-in-Iracemapolis-State-of-So-Paulo.--768x512.jpg",640,427,true],"large":["https:\/\/evhnews.com\/wp-content\/uploads\/2020\/01\/Daimler-subsidiary-Mercedes-Benz-do-Brasil-largest-truck-and-bus-testing-centre-in-Iracemapolis-State-of-So-Paulo.-.jpg",640,426,false],"1536x1536":["https:\/\/evhnews.com\/wp-content\/uploads\/2020\/01\/Daimler-subsidiary-Mercedes-Benz-do-Brasil-largest-truck-and-bus-testing-centre-in-Iracemapolis-State-of-So-Paulo.-.jpg",800,533,false],"2048x2048":["https:\/\/evhnews.com\/wp-content\/uploads\/2020\/01\/Daimler-subsidiary-Mercedes-Benz-do-Brasil-largest-truck-and-bus-testing-centre-in-Iracemapolis-State-of-So-Paulo.-.jpg",800,533,false],"trp-custom-language-flag":["https:\/\/evhnews.com\/wp-content\/uploads\/2020\/01\/Daimler-subsidiary-Mercedes-Benz-do-Brasil-largest-truck-and-bus-testing-centre-in-Iracemapolis-State-of-So-Paulo.-.jpg",18,12,false],"newspack-article-block-landscape-large":["https:\/\/evhnews.com\/wp-content\/uploads\/2020\/01\/Daimler-subsidiary-Mercedes-Benz-do-Brasil-largest-truck-and-bus-testing-centre-in-Iracemapolis-State-of-So-Paulo.-.jpg",800,533,false],"newspack-article-block-portrait-large":["https:\/\/evhnews.com\/wp-content\/uploads\/2020\/01\/Daimler-subsidiary-Mercedes-Benz-do-Brasil-largest-truck-and-bus-testing-centre-in-Iracemapolis-State-of-So-Paulo.-.jpg",800,533,false],"newspack-article-block-square-large":["https:\/\/evhnews.com\/wp-content\/uploads\/2020\/01\/Daimler-subsidiary-Mercedes-Benz-do-Brasil-largest-truck-and-bus-testing-centre-in-Iracemapolis-State-of-So-Paulo.-.jpg",800,533,false],"newspack-article-block-landscape-medium":["https:\/\/evhnews.com\/wp-content\/uploads\/2020\/01\/Daimler-subsidiary-Mercedes-Benz-do-Brasil-largest-truck-and-bus-testing-centre-in-Iracemapolis-State-of-So-Paulo.-.jpg",800,533,false],"newspack-article-block-portrait-medium":["https:\/\/evhnews.com\/wp-content\/uploads\/2020\/01\/Daimler-subsidiary-Mercedes-Benz-do-Brasil-largest-truck-and-bus-testing-centre-in-Iracemapolis-State-of-So-Paulo.--600x533.jpg",600,533,true],"newspack-article-block-square-medium":["https:\/\/evhnews.com\/wp-content\/uploads\/2020\/01\/Daimler-subsidiary-Mercedes-Benz-do-Brasil-largest-truck-and-bus-testing-centre-in-Iracemapolis-State-of-So-Paulo.-.jpg",800,533,false],"newspack-article-block-landscape-intermediate":["https:\/\/evhnews.com\/wp-content\/uploads\/2020\/01\/Daimler-subsidiary-Mercedes-Benz-do-Brasil-largest-truck-and-bus-testing-centre-in-Iracemapolis-State-of-So-Paulo.-.jpg",600,400,false],"newspack-article-block-portrait-intermediate":["https:\/\/evhnews.com\/wp-content\/uploads\/2020\/01\/Daimler-subsidiary-Mercedes-Benz-do-Brasil-largest-truck-and-bus-testing-centre-in-Iracemapolis-State-of-So-Paulo.-.jpg",450,300,false],"newspack-article-block-square-intermediate":["https:\/\/evhnews.com\/wp-content\/uploads\/2020\/01\/Daimler-subsidiary-Mercedes-Benz-do-Brasil-largest-truck-and-bus-testing-centre-in-Iracemapolis-State-of-So-Paulo.-.jpg",600,400,false],"newspack-article-block-landscape-small":["https:\/\/evhnews.com\/wp-content\/uploads\/2020\/01\/Daimler-subsidiary-Mercedes-Benz-do-Brasil-largest-truck-and-bus-testing-centre-in-Iracemapolis-State-of-So-Paulo.--400x300.jpg",400,300,true],"newspack-article-block-portrait-small":["https:\/\/evhnews.com\/wp-content\/uploads\/2020\/01\/Daimler-subsidiary-Mercedes-Benz-do-Brasil-largest-truck-and-bus-testing-centre-in-Iracemapolis-State-of-So-Paulo.--300x400.jpg",300,400,true],"newspack-article-block-square-small":["https:\/\/evhnews.com\/wp-content\/uploads\/2020\/01\/Daimler-subsidiary-Mercedes-Benz-do-Brasil-largest-truck-and-bus-testing-centre-in-Iracemapolis-State-of-So-Paulo.--400x400.jpg",400,400,true],"newspack-article-block-landscape-tiny":["https:\/\/evhnews.com\/wp-content\/uploads\/2020\/01\/Daimler-subsidiary-Mercedes-Benz-do-Brasil-largest-truck-and-bus-testing-centre-in-Iracemapolis-State-of-So-Paulo.--200x150.jpg",200,150,true],"newspack-article-block-portrait-tiny":["https:\/\/evhnews.com\/wp-content\/uploads\/2020\/01\/Daimler-subsidiary-Mercedes-Benz-do-Brasil-largest-truck-and-bus-testing-centre-in-Iracemapolis-State-of-So-Paulo.--150x200.jpg",150,200,true],"newspack-article-block-square-tiny":["https:\/\/evhnews.com\/wp-content\/uploads\/2020\/01\/Daimler-subsidiary-Mercedes-Benz-do-Brasil-largest-truck-and-bus-testing-centre-in-Iracemapolis-State-of-So-Paulo.--200x200.jpg",200,200,true],"newspack-article-block-uncropped":["https:\/\/evhnews.com\/wp-content\/uploads\/2020\/01\/Daimler-subsidiary-Mercedes-Benz-do-Brasil-largest-truck-and-bus-testing-centre-in-Iracemapolis-State-of-So-Paulo.-.jpg",800,533,false],"enternews-featured":["https:\/\/evhnews.com\/wp-content\/uploads\/2020\/01\/Daimler-subsidiary-Mercedes-Benz-do-Brasil-largest-truck-and-bus-testing-centre-in-Iracemapolis-State-of-So-Paulo.-.jpg",800,533,false],"enternews-medium":["https:\/\/evhnews.com\/wp-content\/uploads\/2020\/01\/Daimler-subsidiary-Mercedes-Benz-do-Brasil-largest-truck-and-bus-testing-centre-in-Iracemapolis-State-of-So-Paulo.-.jpg",713,475,false],"enternews-thumbnail":["https:\/\/evhnews.com\/wp-content\/uploads\/2020\/01\/Daimler-subsidiary-Mercedes-Benz-do-Brasil-largest-truck-and-bus-testing-centre-in-Iracemapolis-State-of-So-Paulo.-.jpg",473,315,false],"tenweb_optimizer_mobile":["https:\/\/evhnews.com\/wp-content\/uploads\/2020\/01\/Daimler-subsidiary-Mercedes-Benz-do-Brasil-largest-truck-and-bus-testing-centre-in-Iracemapolis-State-of-So-Paulo.-.jpg",600,400,false],"tenweb_optimizer_tablet":["https:\/\/evhnews.com\/wp-content\/uploads\/2020\/01\/Daimler-subsidiary-Mercedes-Benz-do-Brasil-largest-truck-and-bus-testing-centre-in-Iracemapolis-State-of-So-Paulo.-.jpg",768,512,false]},"author_info":{"display_name":"EVHNews","author_link":"https:\/\/evhnews.com\/he\/author\/evhnews\/"},"category_info":"<a href=\"https:\/\/evhnews.com\/he\/category\/%d7%9e%d7%a9%d7%90%d7%99%d7%95%d7%aa-%d7%a1%d7%9e%d7%99-%d7%9e%d7%a1%d7%97%d7%a8%d7%99%d7%95%d7%aa-%d7%97%d7%a9%d7%9e%d7%9c%d7%99%d7%95%d7%aa\/\" rel=\"category tag\">Electric Commercial Semi Trucks &amp; Trucks<\/a> <a href=\"https:\/\/evhnews.com\/he\/category\/%d7%97%d7%93%d7%a9%d7%95%d7%aa-%d7%91%d7%aa%d7%a2%d7%a9%d7%99%d7%99%d7%94-%d7%94%d7%90%d7%95%d7%98%d7%95%d7%a0%d7%95%d7%9e%d7%99%d7%aa\/\" rel=\"category tag\">EV &amp; Hybrid Technology Industry News<\/a> <a href=\"https:\/\/evhnews.com\/he\/category\/hybrid-commercial-semi-trucks\/\" rel=\"category tag\">Hybrid Commercial Semi Trucks &amp; Trucks<\/a>","tag_info":"Hybrid Commercial Semi Trucks &amp; Trucks","comment_count":"0","jetpack_featured_media_url":"https:\/\/evhnews.com\/wp-content\/uploads\/2020\/01\/Daimler-subsidiary-Mercedes-Benz-do-Brasil-largest-truck-and-bus-testing-centre-in-Iracemapolis-State-of-So-Paulo.-.jpg","jetpack_likes_enabled":true,"jetpack_sharing_enabled":true,"jetpack_shortlink":"https:\/\/wp.me\/pbbbdx-xA","amp_enabled":true,"_links":{"self":[{"href":"https:\/\/evhnews.com\/he\/wp-json\/wp\/v2\/posts\/2082","targetHints":{"allow":["GET"]}}],"collection":[{"href":"https:\/\/evhnews.com\/he\/wp-json\/wp\/v2\/posts"}],"about":[{"href":"https:\/\/evhnews.com\/he\/wp-json\/wp\/v2\/types\/post"}],"author":[{"embeddable":true,"href":"https:\/\/evhnews.com\/he\/wp-json\/wp\/v2\/users\/165558846"}],"replies":[{"embeddable":true,"href":"https:\/\/evhnews.com\/he\/wp-json\/wp\/v2\/comments?post=2082"}],"version-history":[{"count":9,"href":"https:\/\/evhnews.com\/he\/wp-json\/wp\/v2\/posts\/2082\/revisions"}],"predecessor-version":[{"id":2094,"href":"https:\/\/evhnews.com\/he\/wp-json\/wp\/v2\/posts\/2082\/revisions\/2094"}],"wp:featuredmedia":[{"embeddable":true,"href":"https:\/\/evhnews.com\/he\/wp-json\/wp\/v2\/media\/2085"}],"wp:attachment":[{"href":"https:\/\/evhnews.com\/he\/wp-json\/wp\/v2\/media?parent=2082"}],"wp:term":[{"taxonomy":"category","embeddable":true,"href":"https:\/\/evhnews.com\/he\/wp-json\/wp\/v2\/categories?post=2082"},{"taxonomy":"post_tag","embeddable":true,"href":"https:\/\/evhnews.com\/he\/wp-json\/wp\/v2\/tags?post=2082"}],"curies":[{"name":"wp","href":"https:\/\/api.w.org\/{rel}","templated":true}]}}