{"id":11391,"date":"2025-01-06T12:48:08","date_gmt":"2025-01-06T20:48:08","guid":{"rendered":"https:\/\/evhnews.com\/?p=11391"},"modified":"2025-01-16T18:16:59","modified_gmt":"2025-01-17T02:16:59","slug":"fiat-topolino-ev-una-microcar-progettata-per-i-tempi-della-nostra-comunita-definita-in-espansione","status":"publish","type":"post","link":"https:\/\/evhnews.com\/it\/2025\/01\/06\/fiat-topolino-ev-una-microcar-progettata-per-i-tempi-della-nostra-comunita-definita-in-espansione\/","title":{"rendered":"Fiat Topolino EV: una microcar progettata per i tempi della nostra comunit\u00e0 in espansione"},"content":{"rendered":"<div data-elementor-type=\"wp-post\" data-elementor-id=\"11391\" class=\"elementor elementor-11391\" data-elementor-post-type=\"post\">\n\t\t\t\t<div class=\"elementor-element elementor-element-2a78a080 e-flex e-con-boxed e-con e-parent\" data-id=\"2a78a080\" data-element_type=\"container\" data-e-type=\"container\">\n\t\t\t\t\t<div class=\"e-con-inner\">\n\t\t\t\t<div class=\"elementor-element elementor-element-347dfcaa elementor-widget elementor-widget-text-editor\" data-id=\"347dfcaa\" data-element_type=\"widget\" data-e-type=\"widget\" data-widget_type=\"text-editor.default\">\n\t\t\t\t<div class=\"elementor-widget-container\">\n\t\t\t\t\t\t\t\t\t<p style=\"text-align: center;\"><i><span style=\"font-size: x-small;\">Nello stand Stellantis di AutoMobility LA (la giornata dedicata alla stampa al Salone dell'Auto di Los Angeles) \u00e8 stata presentata in anteprima una microcar EV definita community run-a-bout. Il quadriciclo Fiat Topolino - presentato per la prima volta in Italia insieme alla 600E il 4 luglio 2023 - \u00e8 stato progettato per un ampio pubblico che vive in spazi definiti, compresi i clienti pi\u00f9 giovani, le famiglie e gli appassionati di citt\u00e0.&nbsp;<span style=\"text-align: start;\">*Dolce Vita* configurazione open cockpit<\/span>. Credito immagine: Edmund Jenks (2024)&nbsp;<\/span><\/i><\/p>\n<div>\n<p><strong>Fiat Topolino EV: una microcar progettata per i tempi della nostra comunit\u00e0 in espansione<\/strong><\/p>\n<p>Ahhhh, la microcar: una risposta per portare il divertimento e lo spirito di celebrazione della cultura motoristica in una nuova era della mobilit\u00e0.<\/p>\n<p>Dal momento che gran parte della nostra popolazione sta invecchiando e si sta trasferendo in comunit\u00e0 pianificate, o che le generazioni pi\u00f9 giovani sono alla ricerca di soluzioni semplici per la mobilit\u00e0 elettrica che siano molto pi\u00f9 civili e utili di uno scooter o di una bicicletta elettrica, o di destinazioni turistiche con impronte strette e affascinanti come quelle dell'isola di Catalina, nella California meridionale, la microcar sembra essere una soluzione perfetta. Cos\u00ec dice Stellantis, aggregatore di produttori di automobili con sede a Hoofddorp, nei Paesi Bassi, presentando la Fiat Topolino.<span style=\"text-align: var(--text-align);\">&nbsp;<\/span><\/p><\/div><div>\n<div data-original-attrs=\"{&quot;style&quot;:&quot;&quot;}\">\n<table class=\"tr-caption-container\" cellspacing=\"0\" cellpadding=\"0\" align=\"center\" data-original-attrs=\"{&quot;style&quot;:&quot;&quot;}\">\n<tbody>\n<tr>\n<td data-original-attrs=\"{&quot;style&quot;:&quot;&quot;}\"><a href=\"https:\/\/www.blogger.com\/blog\/post\/edit\/3449582523691865062\/109015108365426584#\" data-original-attrs=\"{&quot;data-original-href&quot;:&quot;https:\/\/blogger.googleusercontent.com\/img\/a\/AVvXsEizh8f-jUTHNCrNWEJdk2zUpEI53vmWpNyMPMc6skAN6_d2I0NCOYo8h7taQ5NrUz21YFLNTtCgM4mnDQa4LKNOpQDAb1ZBh0c3D8Hrau_4nVIebrRYrU3tpRvDZpdZMCoyPUtlarwz_jnLyQUurbSfBlViM56k-lp6Ru3BKSQc5SReL1nY_T_Qv1tEaVDh&quot;,&quot;style&quot;:&quot;&quot;}\"><img fetchpriority=\"high\" decoding=\"async\" class=\"aligncenter\" src=\"https:\/\/blogger.googleusercontent.com\/img\/a\/AVvXsEizh8f-jUTHNCrNWEJdk2zUpEI53vmWpNyMPMc6skAN6_d2I0NCOYo8h7taQ5NrUz21YFLNTtCgM4mnDQa4LKNOpQDAb1ZBh0c3D8Hrau_4nVIebrRYrU3tpRvDZpdZMCoyPUtlarwz_jnLyQUurbSfBlViM56k-lp6Ru3BKSQc5SReL1nY_T_Qv1tEaVDh=w556-h370\" alt=\"\" width=\"556\" height=\"370\" data-original-height=\"853\" data-original-width=\"1280\"><\/a><\/td>\n<\/tr>\n<tr>\n<td class=\"tr-caption\" data-original-attrs=\"{&quot;style&quot;:&quot;&quot;}\">\n<p style=\"text-align: center;\"><i><span style=\"font-size: small;\" data-keep-original-tag=\"false\" data-original-attrs=\"{&quot;style&quot;:&quot;&quot;}\">La bella vita diventa un'esposizione con la microcar EV Fiat Topolino. Crediti immagine:&nbsp;<a href=\"https:\/\/www.blogger.com\/blog\/post\/edit\/3449582523691865062\/109015108365426584#\" data-original-attrs=\"{&quot;data-original-href&quot;:&quot;https:\/\/motori.quotidiano.net\/news\/fiat-topolino-microcar-elettrica.htm&quot;,&quot;target&quot;:&quot;_blank&quot;}\">MotoriQuotidiano (luglio 2023)<\/a><\/span><\/i><\/p>\n<\/td>\n<\/tr>\n<\/tbody>\n<\/table>\n<\/div>\n<div>\n<p>Questo estratto e modificato da un comunicato stampa prodotto per Citt\u00e0 del Messico con l'introduzione della Topolino fuori dall'Italia ...<\/p>\n<p><strong><em>**Stellantis Messico: Nuova Fiat Topolino - Il modo pi\u00f9 bello di elettrificare le citt\u00e0**<\/em><\/strong><\/p>\n<p><em>La Fiat Topolino, un nome che \u00e8 stato pioniere della mobilit\u00e0 urbana, \u00e8 ora destinata a guidare la mobilit\u00e0 urbana sostenibile.<\/em><\/p>\n<p><em>**Progettato per la citt\u00e0** <\/em><br><em>Il Topolino amplia la mobilit\u00e0 e la libert\u00e0, anche per gli utenti pi\u00f9 giovani.<\/em><\/p>\n<p><em>100% elettrica, rappresenta un altro passo nel viaggio del marchio verso l'elettrificazione. <\/em><br><em>--<\/em><br><em>FIAT ha svelato il nome e la prima immagine della sua nuova soluzione di mobilit\u00e0 urbana sostenibile: la Topolino.<\/em><\/p>\n<p><em>Questo quadriciclo\/microcar completamente elettrico \u00e8 pronto a contribuire alla crescita della mobilit\u00e0 elettrica urbana, offrendo una versione accessibile e completamente elettrica che racchiude il fascino di Fiat 500.<\/em><\/p>\n<\/div>\n<div>\n<div data-original-attrs=\"{&quot;style&quot;:&quot;&quot;}\">\n<table class=\"tr-caption-container\" cellspacing=\"0\" cellpadding=\"0\" align=\"center\" data-original-attrs=\"{&quot;style&quot;:&quot;&quot;}\">\n<tbody>\n<tr>\n<td data-original-attrs=\"{&quot;style&quot;:&quot;&quot;}\"><a href=\"https:\/\/www.blogger.com\/blog\/post\/edit\/3449582523691865062\/109015108365426584#\" data-original-attrs=\"{&quot;data-original-href&quot;:&quot;https:\/\/blogger.googleusercontent.com\/img\/a\/AVvXsEji43BdDurOgxUAgh5dShMvsiY2er1dwMDP_Bb1moyKBPVKj4LdYboZ965tU_AJXuqZBhfCQdByKcevatGxczt5vjuvGu6xXnIBEdUEjP4Cam6FXHNkQ6WjHlMGdHI5Zfw60aJ9XNoN74Hshqi4ssj7hrW5Ba8ZdHBosKAznMvvaiovDib13oMJPGwwK9Fz&quot;,&quot;style&quot;:&quot;&quot;}\"><img decoding=\"async\" class=\"aligncenter\" src=\"https:\/\/blogger.googleusercontent.com\/img\/a\/AVvXsEji43BdDurOgxUAgh5dShMvsiY2er1dwMDP_Bb1moyKBPVKj4LdYboZ965tU_AJXuqZBhfCQdByKcevatGxczt5vjuvGu6xXnIBEdUEjP4Cam6FXHNkQ6WjHlMGdHI5Zfw60aJ9XNoN74Hshqi4ssj7hrW5Ba8ZdHBosKAznMvvaiovDib13oMJPGwwK9Fz=w564-h378\" alt=\"\" width=\"564\" height=\"378\" data-original-height=\"855\" data-original-width=\"1280\"><\/a><\/td>\n<\/tr>\n<tr>\n<td class=\"tr-caption\" style=\"text-align: center;\" data-original-attrs=\"{&quot;style&quot;:&quot;&quot;}\"><i data-original-attrs=\"{&quot;style&quot;:&quot;&quot;}\"><span style=\"font-size: small;\" data-keep-original-tag=\"false\" data-original-attrs=\"{&quot;style&quot;:&quot;&quot;}\">Sulla pagina web dedicata agli accessori Fiat o agli optional sono disponibili presso i concessionari Fiat Topolino: una borsa portaoggetti, un ventilatore USB, un altoparlante Bluetooth, una borraccia termica e due coprisedili che, all'occorrenza, si trasformano in teli mare. Il tutto in colore Green Life. Crediti immagine:&nbsp;<a href=\"https:\/\/www.blogger.com\/blog\/post\/edit\/3449582523691865062\/109015108365426584#\" data-original-attrs=\"{&quot;data-original-href&quot;:&quot;https:\/\/motori.quotidiano.net\/news\/fiat-topolino-microcar-elettrica.htm&quot;,&quot;target&quot;:&quot;_blank&quot;}\">MotoriQuotidiano (luglio 2023)<\/a><\/span><\/i><\/td>\n<\/tr>\n<\/tbody>\n<\/table>\n<div style=\"text-align: left;\" data-original-attrs=\"{&quot;style&quot;:&quot;&quot;}\"><em style=\"text-align: var(--text-align);\">Questo nome rinomato ed evocativo, che ha originariamente aperto la strada alla mobilit\u00e0 urbana, richiama immediatamente alla mente la prima Fiat 500. Prodotta da FIAT dal 1936 al 1955, la Fiat 500, comunemente nota come \u201cTopolino\u201d, ha sostanzialmente inventato il concetto di mobilit\u00e0 personale. La nuova Topolino incarna perfettamente la *Dolce Vita* e lo spirito italiano di FIAT. Progettata per far sorridere, la Topolino porta in strada una nuova visione della *Dolce Vita*: gioia, ottimismo e divertimento. \u00c8 un nuovo dispositivo di mobilit\u00e0 elettrica progettato per un pubblico ampio, che comprende i clienti pi\u00f9 giovani, le famiglie e gli amanti della citt\u00e0.<\/em><\/div>\n<\/div>\n<\/div>\n<div>\n<div>\n<div data-original-attrs=\"{&quot;style&quot;:&quot;&quot;}\">\n<div data-original-attrs=\"{&quot;style&quot;:&quot;&quot;}\"><em>--<\/em><\/div>\n<div data-original-attrs=\"{&quot;style&quot;:&quot;&quot;}\"><em>**Pi\u00f9 della mobilit\u00e0**<\/em><\/div>\n<div data-original-attrs=\"{&quot;style&quot;:&quot;&quot;}\"><em>La Topolino \u00e8 pi\u00f9 di un dispositivo di mobilit\u00e0. Grazie al suo design affascinante, adatto a tutte le generazioni, far\u00e0 innamorare di nuovo i pi\u00f9 giovani delle automobili.<\/em><\/div>\n<div data-original-attrs=\"{&quot;style&quot;:&quot;&quot;}\">ENDS<\/div>\n<\/div>\n<\/div>\n<div data-original-attrs=\"{&quot;style&quot;:&quot;&quot;}\">\n<table class=\"tr-caption-container\" cellspacing=\"0\" cellpadding=\"0\" align=\"center\" data-original-attrs=\"{&quot;style&quot;:&quot;&quot;}\">\n<tbody>\n<tr>\n<td data-original-attrs=\"{&quot;style&quot;:&quot;&quot;}\"><a href=\"https:\/\/www.blogger.com\/blog\/post\/edit\/3449582523691865062\/109015108365426584#\" data-original-attrs=\"{&quot;data-original-href&quot;:&quot;https:\/\/blogger.googleusercontent.com\/img\/a\/AVvXsEjNtXLlbjf683g7pqgH7jG6B7LVPcLunKsAr3spotZVmupzO9saLWHLf682y_ltDdw8nvlUl2UeT2bZ49qicL07ApXj4_ailCqtXAe1X1mJXQa7hjQxVE0gTBdXkz57Qzoru2JG_x9PuY7p2oz8s8bSb6ZKTKVpJxAnJk5FRa-2gm5pue5yBrmvb19WbpFm&quot;,&quot;style&quot;:&quot;&quot;}\"><img decoding=\"async\" class=\"aligncenter\" src=\"https:\/\/blogger.googleusercontent.com\/img\/a\/AVvXsEjNtXLlbjf683g7pqgH7jG6B7LVPcLunKsAr3spotZVmupzO9saLWHLf682y_ltDdw8nvlUl2UeT2bZ49qicL07ApXj4_ailCqtXAe1X1mJXQa7hjQxVE0gTBdXkz57Qzoru2JG_x9PuY7p2oz8s8bSb6ZKTKVpJxAnJk5FRa-2gm5pue5yBrmvb19WbpFm=w539-h359\" alt=\"\" width=\"539\" height=\"359\" data-original-height=\"853\" data-original-width=\"1280\"><\/a><\/td>\n<\/tr>\n<tr>\n<td class=\"tr-caption\" data-original-attrs=\"{&quot;style&quot;:&quot;&quot;}\">\n<p style=\"text-align: center;\"><i><span style=\"font-size: small;\" data-keep-original-tag=\"false\" data-original-attrs=\"{&quot;style&quot;:&quot;&quot;}\">Fiat Topolino con porte e tetto apribile per una maggiore sicurezza e protezione dalle intemperie durante la guida in ambienti ad alta densit\u00e0.&nbsp;<\/span><\/i><span style=\"font-size: medium;\" data-keep-original-tag=\"false\" data-original-attrs=\"{&quot;style&quot;:&quot;&quot;}\">Credito d'immagine:&nbsp;<a href=\"https:\/\/www.blogger.com\/blog\/post\/edit\/3449582523691865062\/109015108365426584#\" data-original-attrs=\"{&quot;data-original-href&quot;:&quot;https:\/\/motori.quotidiano.net\/news\/fiat-topolino-microcar-elettrica.htm&quot;,&quot;target&quot;:&quot;_blank&quot;}\">MotoriQuotidiano (luglio 2023)<\/a><\/span><\/p>\n<\/td>\n<\/tr>\n<\/tbody>\n<\/table>\n<\/div>\n<div>&nbsp;<span style=\"text-align: var(--text-align);\">Il Topolino \u00e8 anche un veicolo completamente chiuso, per un livello di protezione pi\u00f9 elevato durante la marcia negli stretti spazi urbani della comunit\u00e0.<\/span><\/div><div>\n<p>Questa microcar si distingue per le dimensioni estremamente ridotte - dimensioni ridotte - rispetto a un'auto con i suoi circa 8,5 piedi di lunghezza. Si concentra sulla maneggevolezza, senza stress, con una velocit\u00e0 massima di circa 28 miglia orarie.<\/p>\n<\/div>\n<div>&nbsp;<\/div>\n<div style=\"text-align: center;\"><iframe title=\"YouTube video player\" src=\"https:\/\/www.youtube.com\/embed\/pWPhhi4Cz3s?si=H5ngO0KEenH6M4dC\" width=\"560\" height=\"315\" frameborder=\"0\" allowfullscreen=\"allowfullscreen\"><\/iframe><\/div>\n<div>&nbsp;<\/div>\n<div>\n<p>Entrambe le versioni possono essere acquistate a un prezzo stimato a partire da circa $12.000, a cui possono essere applicati, se disponibili, gli incentivi federali e\/o statali dedicati ai quadricicli elettrici.<\/p>\n<p>Velocit\u00e0 massima - 28 mph (45 chilometri all'ora \u2248 27,961704 miglia all'ora)<\/p>\n<p>Da 0 a 28 miglia orarie - 10 secondi<\/p>\n<p>Raggio d'azione - 45 miglia (75 chilometri \u2248 46,602839 miglia)<\/p>\n<p>Carica da zero - 4 ore<\/p>\n<p>Questi punti salienti sono interessanti e aiutano a restringere il campo d'azione e il mercato di riferimento per la sua applicazione e il suo utilizzo.<\/p>\n<p>Le microcar stanno ridisegnando la mobilit\u00e0 urbana, fornendo una risposta compatta ed ecologica alle sfide pressanti delle citt\u00e0 moderne. Le loro dimensioni ridotte, l'impressionante efficienza dei consumi e l'accessibilit\u00e0 economica combattono direttamente problemi come la congestione del traffico e il degrado ambientale. Pi\u00f9 che un semplice mezzo di trasporto, le microcar rappresentano un impegno lungimirante per una vita urbana pi\u00f9 intelligente e pulita.<\/p>\n<p>Dotati di tecnologie all'avanguardia, come i propulsori elettrici, la connettivit\u00e0 intelligente e il potenziale di guida autonoma, questi veicoli sono i motori chiave della continua evoluzione del trasporto urbano. Adottando le microcar, le citt\u00e0 possono aumentare la connettivit\u00e0, migliorare l'efficienza e promuovere la sostenibilit\u00e0. La loro versatilit\u00e0 li rende ideali per le comunit\u00e0 di anziani e di vacanza, nonch\u00e9 per le aree urbane ad alta densit\u00e0, offrendo un passo trasformativo verso un futuro urbano inclusivo ed ecologico.<\/p>\n<p>Mi piace l'affermazione della cultura motoristica di quest'auto: chi ha bisogno di un E-scooter quando ci si pu\u00f2 sedere e guidare in un modello Topolino (chiuso) o Topolino Dolcevita (aperto).<\/p>\n<p>Lo scopo della \u201cmobilit\u00e0\u201d moderna non \u00e8 solo quello di andare dal punto \u201cA\u201d al punto \u201cB\u201d, ma di celebrare la vita con strumenti e soluzioni tecnologiche avanzate che rendono questa esperienza speciale. La cultura motoristica e il vivere la bella vita - come dicono gli italiani, la Dolce Vita - \u00e8 la chiave di lettura che si trova in questo formato di quadriciclo\/microcar e di opzione di potenza.<\/p>\n<p>... note da <a href=\"https:\/\/www.blogger.com\/blog\/post\/edit\/3449582523691865062\/109015108365426584#\" data-original-attrs=\"{&quot;data-original-href&quot;:&quot;https:\/\/theedje.blogspot.com\/2025\/01\/fiat-topolino-ev-microcar-designed-for.html&quot;,&quot;target&quot;:&quot;_blank&quot;}\">L'EDJE<\/a><\/p>\n<\/div>\n<\/div>\n<div>\n<div>\n<p><img loading=\"lazy\" decoding=\"async\" data-attachment-id=\"11224\" data-permalink=\"https:\/\/evhnews.com\/it\/2025\/01\/06\/fiat-topolino-ev-una-microcar-progettata-per-i-tempi-della-nostra-comunita-definita-in-espansione\/evhnews-logo\/\" data-orig-file=\"https:\/\/evhnews.com\/wp-content\/uploads\/2024\/12\/EVHNews-Logo--e1747078486872.webp\" data-orig-size=\"150,150\" data-comments-opened=\"1\" data-image-meta=\"{&quot;aperture&quot;:&quot;0&quot;,&quot;credit&quot;:&quot;&quot;,&quot;camera&quot;:&quot;&quot;,&quot;caption&quot;:&quot;&quot;,&quot;created_timestamp&quot;:&quot;0&quot;,&quot;copyright&quot;:&quot;&quot;,&quot;focal_length&quot;:&quot;0&quot;,&quot;iso&quot;:&quot;0&quot;,&quot;shutter_speed&quot;:&quot;0&quot;,&quot;title&quot;:&quot;&quot;,&quot;orientation&quot;:&quot;0&quot;}\" data-image-title=\"EVHNews Logo evhnews.com\" data-image-description=\"\" data-image-caption=\"\" data-medium-file=\"https:\/\/evhnews.com\/wp-content\/uploads\/2024\/12\/EVHNews-Logo--300x300.png\" data-large-file=\"https:\/\/evhnews.com\/wp-content\/uploads\/2024\/12\/EVHNews-Logo--e1747078486872.webp\" class=\"alignleft wp-image-11224 size-thumbnail\" src=\"https:\/\/evhnews.com\/wp-content\/uploads\/2024\/12\/EVHNews-Logo--150x150.png?crop=1\" alt=\"\" width=\"150\" height=\"150\"><\/p>\n<p><\/p>\n<h6>&nbsp;<\/h6>\n<h6>&nbsp;<\/h6>\n<h6>&nbsp;<\/h6>\n<h6>&nbsp;<\/h6>\n<h6><strong>TAGS:<\/strong><em> AutoMobility LA 2024, Fiat, Topolino, Dolcevita, Stellantis, Microcar, quadriciclo, vacanze, comunit\u00e0 pianificate, paesaggi urbani, EVHN, The EDJE<\/em><i><\/i><\/h6>\n<\/div>\n<\/div>\n<\/div>\t\t\t\t\t\t\t\t<\/div>\n\t\t\t\t<\/div>\n\t\t\t\t\t<\/div>\n\t\t\t\t<\/div>\n\t\t\t\t<\/div>","protected":false},"excerpt":{"rendered":"<p>Tucked off to the side in the Stellantis stand at AutoMobility LA (Press Day at&#8230;<\/p>","protected":false},"author":165558846,"featured_media":11393,"comment_status":"open","ping_status":"open","sticky":false,"template":"","format":"standard","meta":{"_coblocks_attr":"","_coblocks_dimensions":"","_coblocks_responsive_height":"","_coblocks_accordion_ie_support":"","_crdt_document":"","advanced_seo_description":"","jetpack_seo_html_title":"","jetpack_seo_noindex":false,"jetpack_post_was_ever_published":false,"_jetpack_newsletter_access":"","_jetpack_dont_email_post_to_subs":false,"_jetpack_newsletter_tier_id":0,"_jetpack_memberships_contains_paywalled_content":false,"two_page_speed":[],"_jetpack_memberships_contains_paid_content":false,"footnotes":"","jetpack_publicize_message":"","jetpack_publicize_feature_enabled":true,"jetpack_social_post_already_shared":true,"jetpack_social_options":{"image_generator_settings":{"template":"highway","default_image_id":0,"font":"","enabled":false},"version":2},"_wpas_customize_per_network":false},"categories":[688377455,197443],"tags":[688386222,688387133,688387412,688387414,688386246,688387417,688387415,688387418,688387416,688386249,688387413,688387419],"class_list":["post-11391","post","type-post","status-publish","format-standard","has-post-thumbnail","hentry","category-electric-vehicle-mobility-industry-world","category-electric-vehicles","tag-evhn","tag-stellantis","tag-automobility-la-2024","tag-dolcevita","tag-fiat","tag-holiday","tag-microcar","tag-planned-communities","tag-quadricycle","tag-the-edje","tag-topolino","tag-urban-cityscapes"],"jetpack_publicize_connections":[],"featured_image_urls":{"full":["https:\/\/evhnews.com\/wp-content\/uploads\/2025\/01\/DSC03972-e1736195703585.webp",1200,800,false],"thumbnail":["https:\/\/evhnews.com\/wp-content\/uploads\/2025\/01\/DSC03972-150x150.jpg?crop=1",150,150,true],"medium":["https:\/\/evhnews.com\/wp-content\/uploads\/2025\/01\/DSC03972-300x200.jpg",300,200,true],"medium_large":["https:\/\/evhnews.com\/wp-content\/uploads\/2025\/01\/DSC03972-768x512.jpg",640,427,true],"large":["https:\/\/evhnews.com\/wp-content\/uploads\/2025\/01\/DSC03972-1024x683.jpg",640,427,true],"1536x1536":["https:\/\/evhnews.com\/wp-content\/uploads\/2025\/01\/DSC03972-1536x1024.jpg",1536,1024,true],"2048x2048":["https:\/\/evhnews.com\/wp-content\/uploads\/2025\/01\/DSC03972-2048x1365.jpg",2048,1365,true],"trp-custom-language-flag":["https:\/\/evhnews.com\/wp-content\/uploads\/2025\/01\/DSC03972-18x12.jpg",18,12,true],"newspack-article-block-landscape-large":["https:\/\/evhnews.com\/wp-content\/uploads\/2025\/01\/DSC03972-e1736195703585.webp",1200,800,false],"newspack-article-block-portrait-large":["https:\/\/evhnews.com\/wp-content\/uploads\/2025\/01\/DSC03972-e1736195703585.webp",900,600,false],"newspack-article-block-square-large":["https:\/\/evhnews.com\/wp-content\/uploads\/2025\/01\/DSC03972-e1736195703585.webp",1200,800,false],"newspack-article-block-landscape-medium":["https:\/\/evhnews.com\/wp-content\/uploads\/2025\/01\/DSC03972-e1736195703585.webp",800,533,false],"newspack-article-block-portrait-medium":["https:\/\/evhnews.com\/wp-content\/uploads\/2025\/01\/DSC03972-e1736195703585.webp",600,400,false],"newspack-article-block-square-medium":["https:\/\/evhnews.com\/wp-content\/uploads\/2025\/01\/DSC03972-e1736195703585.webp",800,533,false],"newspack-article-block-landscape-intermediate":["https:\/\/evhnews.com\/wp-content\/uploads\/2025\/01\/DSC03972-e1736195703585.webp",600,400,false],"newspack-article-block-portrait-intermediate":["https:\/\/evhnews.com\/wp-content\/uploads\/2025\/01\/DSC03972-e1736195703585.webp",450,300,false],"newspack-article-block-square-intermediate":["https:\/\/evhnews.com\/wp-content\/uploads\/2025\/01\/DSC03972-e1736195703585.webp",600,400,false],"newspack-article-block-landscape-small":["https:\/\/evhnews.com\/wp-content\/uploads\/2025\/01\/DSC03972-e1736195703585.webp",400,267,false],"newspack-article-block-portrait-small":["https:\/\/evhnews.com\/wp-content\/uploads\/2025\/01\/DSC03972-e1736195703585.webp",300,200,false],"newspack-article-block-square-small":["https:\/\/evhnews.com\/wp-content\/uploads\/2025\/01\/DSC03972-e1736195703585.webp",400,267,false],"newspack-article-block-landscape-tiny":["https:\/\/evhnews.com\/wp-content\/uploads\/2025\/01\/DSC03972-e1736195703585.webp",200,133,false],"newspack-article-block-portrait-tiny":["https:\/\/evhnews.com\/wp-content\/uploads\/2025\/01\/DSC03972-e1736195703585.webp",150,100,false],"newspack-article-block-square-tiny":["https:\/\/evhnews.com\/wp-content\/uploads\/2025\/01\/DSC03972-e1736195703585.webp",200,133,false],"newspack-article-block-uncropped":["https:\/\/evhnews.com\/wp-content\/uploads\/2025\/01\/DSC03972-e1736195703585.webp",1200,800,false],"enternews-featured":["https:\/\/evhnews.com\/wp-content\/uploads\/2025\/01\/DSC03972-1024x683.jpg",1024,683,true],"enternews-medium":["https:\/\/evhnews.com\/wp-content\/uploads\/2025\/01\/DSC03972-720x475.jpg?crop=1",720,475,true],"enternews-thumbnail":["https:\/\/evhnews.com\/wp-content\/uploads\/2025\/01\/DSC03972-480x315.jpg?crop=1",480,315,true],"tenweb_optimizer_mobile":["https:\/\/evhnews.com\/wp-content\/uploads\/2025\/01\/DSC03972-600x400.jpg",600,400,true],"tenweb_optimizer_tablet":["https:\/\/evhnews.com\/wp-content\/uploads\/2025\/01\/DSC03972-768x512.jpg",768,512,true]},"author_info":{"display_name":"EVHNews","author_link":"https:\/\/evhnews.com\/it\/author\/evhnews\/"},"category_info":"<a href=\"https:\/\/evhnews.com\/it\/category\/veicoli-elettrici\/veicoli-elettrici-industria-della-mobilita-mondo\/\" rel=\"category tag\">Electric Automotive Industry<\/a> <a href=\"https:\/\/evhnews.com\/it\/category\/veicoli-elettrici\/\" rel=\"category tag\">Electric Automotive Vehicles<\/a>","tag_info":"Electric Automotive Vehicles","comment_count":"0","jetpack_featured_media_url":"https:\/\/evhnews.com\/wp-content\/uploads\/2025\/01\/DSC03972-e1736195703585.webp","jetpack_likes_enabled":true,"jetpack_sharing_enabled":true,"jetpack_shortlink":"https:\/\/wp.me\/pbbbdx-2XJ","amp_enabled":true,"_links":{"self":[{"href":"https:\/\/evhnews.com\/it\/wp-json\/wp\/v2\/posts\/11391","targetHints":{"allow":["GET"]}}],"collection":[{"href":"https:\/\/evhnews.com\/it\/wp-json\/wp\/v2\/posts"}],"about":[{"href":"https:\/\/evhnews.com\/it\/wp-json\/wp\/v2\/types\/post"}],"author":[{"embeddable":true,"href":"https:\/\/evhnews.com\/it\/wp-json\/wp\/v2\/users\/165558846"}],"replies":[{"embeddable":true,"href":"https:\/\/evhnews.com\/it\/wp-json\/wp\/v2\/comments?post=11391"}],"version-history":[{"count":32,"href":"https:\/\/evhnews.com\/it\/wp-json\/wp\/v2\/posts\/11391\/revisions"}],"predecessor-version":[{"id":11521,"href":"https:\/\/evhnews.com\/it\/wp-json\/wp\/v2\/posts\/11391\/revisions\/11521"}],"wp:featuredmedia":[{"embeddable":true,"href":"https:\/\/evhnews.com\/it\/wp-json\/wp\/v2\/media\/11393"}],"wp:attachment":[{"href":"https:\/\/evhnews.com\/it\/wp-json\/wp\/v2\/media?parent=11391"}],"wp:term":[{"taxonomy":"category","embeddable":true,"href":"https:\/\/evhnews.com\/it\/wp-json\/wp\/v2\/categories?post=11391"},{"taxonomy":"post_tag","embeddable":true,"href":"https:\/\/evhnews.com\/it\/wp-json\/wp\/v2\/tags?post=11391"}],"curies":[{"name":"wp","href":"https:\/\/api.w.org\/{rel}","templated":true}]}}