{"id":1254,"date":"2019-12-05T16:48:03","date_gmt":"2019-12-06T00:48:03","guid":{"rendered":"https:\/\/evhnews.com\/?p=1254"},"modified":"2019-12-17T10:59:44","modified_gmt":"2019-12-17T18:59:44","slug":"i-leader-delle-auto-volanti-parlano-della-percezione-pubblica-in-un-vertice-segreto","status":"publish","type":"post","link":"https:\/\/evhnews.com\/it\/2019\/12\/05\/i-leader-delle-auto-volanti-parlano-della-percezione-pubblica-in-un-vertice-segreto\/","title":{"rendered":"Flying Car Leaders Talk Public Perception At A Secret Summit"},"content":{"rendered":"<p style=\"text-align: center;\"><span style=\"font-size: small;\"><em>I leader delle auto volanti parlano della percezione pubblica in un vertice segreto. Immagine: Eric Adams<\/em><\/span><\/p>\n<p><strong>Flying Car Leaders Talk Public Perception At A Secret Summit<\/strong><br \/>\n<span style=\"font-size: small;\">Storia di Eric Adams - Wired<\/span><\/p>\n<p>Alla conferenza texana organizzata da Ross Perot Jr. gli innovatori degli aerotaxi si sono concentrati su come convincere il pubblico a sostenere le loro idee.<\/p>\n<p>Nei pochi anni in cui il moderno <a href=\"https:\/\/www.wired.com\/tag\/flying-cars\">movimento di aerotaxi elettrici<\/a> \u00e8 stato in gestazione-lancio sul serio con <a href=\"https:\/\/www.wired.com\/2016\/10\/uber-flying-cars-elevate-plan\/\">Proposta di Uber dell'ottobre 2016<\/a> per un servizio di questo tipo - l'attenzione si \u00e8 concentrata sui principali ostacoli tecnologici e politici, dalla propulsione a batteria ai nuovi progetti di aeromobili, fino alla regolamentazione. Poco, per\u00f2, si \u00e8 concentrato su quello che potrebbe essere il pi\u00f9 grande facilitatore, o ostacolo, di questo nuovo modo di muoversi: il pubblico.<\/p>\n<p>Le persone che viaggeranno davvero su questi nuovi aggeggi. Capiscono come funzionano? Si sentiranno a loro agio nel volare in aria su piccoli veicoli, eventualmente senza pilota? Non \u00e8 sufficiente promettere che <a href=\"https:\/\/www.wired.com\/story\/kitty-hawk-heaviside-larry-page-flying-car\/\">questi aerei saranno pi\u00f9 silenziosi<\/a> di elicotteri o di mostrare animazioni in CGI di un volo tipico. Se queste cose riempiranno i cieli, le persone che oggi sono a terra devono essere a bordo, sia metaforicamente che letteralmente.<\/p>\n<p>Questa \u00e8 stata l'essenza del messaggio lanciato dall'ex governatore del Wyoming Matt Mead a un raduno del settore in un ranch fuori Dallas il mese scorso. \"Dico alla gente che sto andando a un raduno eVTOL e loro pensano che io intenda una conferenza sulla salute\", ha detto a TexasUP, un summit su invito e senza preavviso che ha fatto seguito a una conferenza di settore. <a href=\"https:\/\/www.wired.com\/story\/inside-secret-conference-plotting-flying-cars\/\">evento simile<\/a> tenutosi in Arkansas l'anno scorso. \"Voi tutti vivete in questo mondo e lo capite molto bene. Ma per un profano come me, \u00e8 difficile cogliere la passione. \u00c8 difficile trovare l'entusiasmo quando si deve spiegare il significato delle lettere. Poi ti dicono: 'Oh, stai parlando di macchine volanti?'\".<\/p>\n<p style=\"text-align: center;\"><img fetchpriority=\"high\" decoding=\"async\" data-attachment-id=\"1344\" data-permalink=\"https:\/\/evhnews.com\/it\/2019\/12\/05\/i-leader-delle-auto-volanti-parlano-della-percezione-pubblica-in-un-vertice-segreto\/ross-perot-jr-flying-cars-summit-amazon-news\/\" data-orig-file=\"https:\/\/evhnews.com\/wp-content\/uploads\/2019\/12\/Ross-Perot-Jr.-Flying-Cars-Summit-Amazon-News.jpg\" data-orig-size=\"800,868\" data-comments-opened=\"1\" data-image-meta=\"{&quot;aperture&quot;:&quot;0&quot;,&quot;credit&quot;:&quot;&quot;,&quot;camera&quot;:&quot;&quot;,&quot;caption&quot;:&quot;&quot;,&quot;created_timestamp&quot;:&quot;1574193379&quot;,&quot;copyright&quot;:&quot;&quot;,&quot;focal_length&quot;:&quot;0&quot;,&quot;iso&quot;:&quot;0&quot;,&quot;shutter_speed&quot;:&quot;0&quot;,&quot;title&quot;:&quot;&quot;,&quot;orientation&quot;:&quot;1&quot;}\" data-image-title=\"Ross Perot, Jr. &amp;#8211; Flying Cars Summit &amp;#8211; Amazon News\" data-image-description=\"\" data-image-caption=\"\" data-large-file=\"https:\/\/evhnews.com\/wp-content\/uploads\/2019\/12\/Ross-Perot-Jr.-Flying-Cars-Summit-Amazon-News.jpg\" class=\"size-full wp-image-1344 aligncenter\" style=\"text-align: center;\" src=\"https:\/\/evhnews.com\/wp-content\/uploads\/2019\/12\/Ross-Perot-Jr.-Flying-Cars-Summit-Amazon-News.jpg\" alt=\"Ross Perot, Jr. - Summit sulle auto volanti - Amazon News\" width=\"800\" height=\"868\" srcset=\"https:\/\/evhnews.com\/wp-content\/uploads\/2019\/12\/Ross-Perot-Jr.-Flying-Cars-Summit-Amazon-News.jpg 800w, https:\/\/evhnews.com\/wp-content\/uploads\/2019\/12\/Ross-Perot-Jr.-Flying-Cars-Summit-Amazon-News-276x300.jpg 276w, https:\/\/evhnews.com\/wp-content\/uploads\/2019\/12\/Ross-Perot-Jr.-Flying-Cars-Summit-Amazon-News-768x833.jpg 768w\" sizes=\"(max-width: 800px) 100vw, 800px\" \/><em><span style=\"font-size: small;\">Ross Perot, Jr. (a sinistra) saluta i partecipanti al summit. risorse aggiuntive - <a href=\"https:\/\/www.dallasnews.com\/business\/technology\/2019\/11\/23\/at-invitation-only-summit-in-north-texas-aviation-futurists-talk-progress-toward-flying-cars-electric-powered-aircraft\/\" target=\"_blank\" rel=\"noopener noreferrer\">Il Dallas Morning News<\/a><\/span><\/em><\/p>\n<p>Il punto di vista di Mead non era solo che l'industria deve eliminare o standardizzare il gergo, ma che farlo aiuter\u00e0 a spingere i cittadini, compresi i politici, a sostenerla. Il pubblico \u00e8 generalmente favorevole all'idea di taxi aerei elettrici, secondo un'indagine di <a href=\"https:\/\/drive.google.com\/file\/d\/15YTiXudG_eb5IIkqqCMcE2SGvDBJA7_L\/view\" data-event-click=\"{\">studio pubblicato all'inizio di quest'anno<\/a> di Airbus, anche se le preoccupazioni riguardano la sicurezza e il rumore. Ma gli studi devono ancora valutare l'impatto pi\u00f9 ampio della tecnologia. \"Dobbiamo parlare dei benefici e della realizzazione del sogno: il numero di ore risparmiate per i pendolari, cosa significherebbe per il PIL, cosa significherebbe per la sicurezza pubblica, la ricerca e il salvataggio e altro ancora\", ha detto Mead. \"Inoltre, questa \u00e8 un'opportunit\u00e0 per democratizzare il nostro spazio aereo e per farlo in modo sicuro\".<\/p>\n<p><strong>Dico alle persone che sto andando a un raduno eVTOL e pensano che mi riferisca a una conferenza sulla salute\".<\/strong><\/p>\n<p><strong>Matt Mead, ex governatore del Wyoming<\/strong><\/p>\n<p>L'evento \u00e8 stato organizzato dagli imprenditori dell'aviazione Cyrus Sigari e Ben Marcus e ospitato da Ross Perot Jr. Perot ha colto l'occasione per parlare di Alliance, Texas, un progetto di sviluppo da lui creato a nord di Dallas che comprende il primo aeroporto della nazione interamente privo di servizio passeggeri convenzionale. Fornisce invece servizi di aviazione d'affari e cargo per le aziende con grandi strutture in citt\u00e0, tra cui Amazon, Craftsman, FedEx e Facebook. Perot ha proposto l'aeroporto come terreno di sperimentazione per nuovi velivoli e come fonte di primi clienti per i servizi commerciali eVTOL. Questo potrebbe significare spostare personale e rifornimenti o, come nel caso della BNSF Railway, ispezionare e manutenere le infrastrutture. (Anche Uber sta puntando a Dallas come primo sito di prova per un pilota di aerotaxi).<\/p>\n<p>La conferenza ha visto un discorso motivazionale dell'ex presidente George W. Bush. L'ex CTO di Tesla JB Straubel ha parlato della sfida di portare la nuova tecnologia in una conversazione pubblica pi\u00f9 ampia. E non sono mancate le novit\u00e0 tecnologiche: Richard Wang di Cuberg ha parlato del miglioramento del 70% della capacit\u00e0 delle batterie agli ioni di litio della sua azienda, Near Earth Autonomy ha illustrato i progressi del controllo autonomo, Skyports ha sostenuto che terminal passeggeri ben progettati possono generare un senso di eccitazione e di familiarit\u00e0 nel pubblico e altro ancora.<\/p>\n<p>Per quanto riguarda il tema non ufficiale della conferenza, ovvero come portare il pubblico a bordo, l'oratore pi\u00f9 impressionante \u00e8 stato forse Ken Dial, il cui <a href=\"http:\/\/hs.umt.edu\/dbs\/flightlab\/\" data-event-click=\"{\">Laboratorio di volo dell'Universit\u00e0 del Montana<\/a> studia il volo degli uccelli per migliorare l'aviazione umana. Voleva sottolineare la meraviglia del volo, un sentimento che si perde facilmente nelle conversazioni incentrate sul business, ma che potrebbe ispirare un pubblico diffidente a prendere il volo. Cos\u00ec ha parlato della capacit\u00e0, poco conosciuta, di alcuni uccelli predatori di mantenere la testa perfettamente stabilizzata mentre puntano la preda, anche se il corpo e le ali oscillano. Ha spiegato la sorprendente velocit\u00e0 e la capacit\u00e0 di manovra del colibr\u00ec, che riesce a schivare ostacoli o attacchi, e la capacit\u00e0 della dea bendata di volare senza scalo dall'Alaska alla Nuova Zelanda. \"Se non sei impressionato da questo, non mi piaci nemmeno\", ha detto Dial. Ma in realt\u00e0 non importa cosa abbia impressionato i partecipanti alla conferenza. Il loro compito sar\u00e0 quello di impressionare il pubblico e di fargli apprezzare l'idea di un nuovo modo di spostarsi nel cielo.<\/p>\n<p><span style=\"font-size: small;\"><em>Nota: la storia \u00e8 stata aggiornata alle 13:35 ET di gioved\u00ec 5 dicembre 2019 per includere il ruolo di Cyrus Sigari e Ben Marcus.<\/em><\/span><\/p>\n<p>Risorse aggiuntive - <a href=\"https:\/\/www.dallasnews.com\/business\/technology\/2019\/11\/23\/at-invitation-only-summit-in-north-texas-aviation-futurists-talk-progress-toward-flying-cars-electric-powered-aircraft\/\" target=\"_blank\" rel=\"noopener noreferrer\">Il Dallas Morning News<\/a><\/p>\n<p><img decoding=\"async\" data-attachment-id=\"1178\" data-permalink=\"https:\/\/evhnews.com\/it\/evhn-lighting-bolt-logo-square-100px-2\/\" data-orig-file=\"https:\/\/evhnews.com\/wp-content\/uploads\/2019\/12\/EVHN-Lighting-Bolt-Logo-Square-100px-1.jpg\" data-orig-size=\"100,100\" data-comments-opened=\"1\" data-image-meta=\"{&quot;aperture&quot;:&quot;0&quot;,&quot;credit&quot;:&quot;&quot;,&quot;camera&quot;:&quot;&quot;,&quot;caption&quot;:&quot;&quot;,&quot;created_timestamp&quot;:&quot;1575197468&quot;,&quot;copyright&quot;:&quot;&quot;,&quot;focal_length&quot;:&quot;0&quot;,&quot;iso&quot;:&quot;0&quot;,&quot;shutter_speed&quot;:&quot;0&quot;,&quot;title&quot;:&quot;&quot;,&quot;orientation&quot;:&quot;1&quot;}\" data-image-title=\"EVHN Lighting Bolt Logo &amp;#8211; Square &amp;#8211; 100px\" data-image-description=\"\" data-image-caption=\"\" data-large-file=\"https:\/\/evhnews.com\/wp-content\/uploads\/2019\/12\/EVHN-Lighting-Bolt-Logo-Square-100px-1.jpg\" class=\"alignnone size-full wp-image-1178\" src=\"https:\/\/evhnews.com\/wp-content\/uploads\/2019\/12\/EVHN-Lighting-Bolt-Logo-Square-100px-1.jpg\" alt=\"EVHN Lighting Bolt Logo - Square - 100px\" width=\"100\" height=\"100\" \/><\/p>","protected":false},"excerpt":{"rendered":"<p>Flying Car Leaders Talk Public Perception At A Secret Summit. Image Credit: Eric Adams Flying&#8230;<\/p>","protected":false},"author":165558846,"featured_media":1257,"comment_status":"open","ping_status":"open","sticky":false,"template":"","format":"standard","meta":{"_coblocks_attr":"","_coblocks_dimensions":"","_coblocks_responsive_height":"","_coblocks_accordion_ie_support":"","_crdt_document":"","advanced_seo_description":"Flying Car Leaders Talk Public Perception At A Secret Summit","jetpack_seo_html_title":"","jetpack_seo_noindex":false,"_jetpack_newsletter_access":"","_jetpack_dont_email_post_to_subs":false,"_jetpack_newsletter_tier_id":0,"_jetpack_memberships_contains_paywalled_content":false,"two_page_speed":[],"_jetpack_memberships_contains_paid_content":false,"footnotes":"","jetpack_publicize_message":"","jetpack_publicize_feature_enabled":true,"jetpack_social_post_already_shared":true,"jetpack_social_options":{"image_generator_settings":{"template":"highway","default_image_id":0,"font":"","enabled":false},"version":2},"_wpas_customize_per_network":false,"jetpack_post_was_ever_published":false},"categories":[688324415,688379954],"tags":[],"class_list":["post-1254","post","type-post","status-publish","format-standard","has-post-thumbnail","hentry","category-electric-hybrid-aviation","category-flying-cars-electric-hybrid-aviation"],"jetpack_publicize_connections":[],"featured_image_urls":{"full":["https:\/\/evhnews.com\/wp-content\/uploads\/2019\/12\/Flying-Car-Leaders-Talk-Public-Perception-at-a-Secret-Summit-at-transpo_ranch_.jpg",800,533,false],"thumbnail":["https:\/\/evhnews.com\/wp-content\/uploads\/2019\/12\/Flying-Car-Leaders-Talk-Public-Perception-at-a-Secret-Summit-at-transpo_ranch_-150x150.jpg",150,150,true],"medium":["https:\/\/evhnews.com\/wp-content\/uploads\/2019\/12\/Flying-Car-Leaders-Talk-Public-Perception-at-a-Secret-Summit-at-transpo_ranch_-300x200.jpg",300,200,true],"medium_large":["https:\/\/evhnews.com\/wp-content\/uploads\/2019\/12\/Flying-Car-Leaders-Talk-Public-Perception-at-a-Secret-Summit-at-transpo_ranch_-768x512.jpg",640,427,true],"large":["https:\/\/evhnews.com\/wp-content\/uploads\/2019\/12\/Flying-Car-Leaders-Talk-Public-Perception-at-a-Secret-Summit-at-transpo_ranch_.jpg",640,426,false],"1536x1536":["https:\/\/evhnews.com\/wp-content\/uploads\/2019\/12\/Flying-Car-Leaders-Talk-Public-Perception-at-a-Secret-Summit-at-transpo_ranch_.jpg",800,533,false],"2048x2048":["https:\/\/evhnews.com\/wp-content\/uploads\/2019\/12\/Flying-Car-Leaders-Talk-Public-Perception-at-a-Secret-Summit-at-transpo_ranch_.jpg",800,533,false],"trp-custom-language-flag":["https:\/\/evhnews.com\/wp-content\/uploads\/2019\/12\/Flying-Car-Leaders-Talk-Public-Perception-at-a-Secret-Summit-at-transpo_ranch_.jpg",18,12,false],"newspack-article-block-landscape-large":["https:\/\/evhnews.com\/wp-content\/uploads\/2019\/12\/Flying-Car-Leaders-Talk-Public-Perception-at-a-Secret-Summit-at-transpo_ranch_.jpg",800,533,false],"newspack-article-block-portrait-large":["https:\/\/evhnews.com\/wp-content\/uploads\/2019\/12\/Flying-Car-Leaders-Talk-Public-Perception-at-a-Secret-Summit-at-transpo_ranch_.jpg",800,533,false],"newspack-article-block-square-large":["https:\/\/evhnews.com\/wp-content\/uploads\/2019\/12\/Flying-Car-Leaders-Talk-Public-Perception-at-a-Secret-Summit-at-transpo_ranch_.jpg",800,533,false],"newspack-article-block-landscape-medium":["https:\/\/evhnews.com\/wp-content\/uploads\/2019\/12\/Flying-Car-Leaders-Talk-Public-Perception-at-a-Secret-Summit-at-transpo_ranch_.jpg",800,533,false],"newspack-article-block-portrait-medium":["https:\/\/evhnews.com\/wp-content\/uploads\/2019\/12\/Flying-Car-Leaders-Talk-Public-Perception-at-a-Secret-Summit-at-transpo_ranch_.jpg",600,400,false],"newspack-article-block-square-medium":["https:\/\/evhnews.com\/wp-content\/uploads\/2019\/12\/Flying-Car-Leaders-Talk-Public-Perception-at-a-Secret-Summit-at-transpo_ranch_.jpg",800,533,false],"newspack-article-block-landscape-intermediate":["https:\/\/evhnews.com\/wp-content\/uploads\/2019\/12\/Flying-Car-Leaders-Talk-Public-Perception-at-a-Secret-Summit-at-transpo_ranch_.jpg",600,400,false],"newspack-article-block-portrait-intermediate":["https:\/\/evhnews.com\/wp-content\/uploads\/2019\/12\/Flying-Car-Leaders-Talk-Public-Perception-at-a-Secret-Summit-at-transpo_ranch_.jpg",450,300,false],"newspack-article-block-square-intermediate":["https:\/\/evhnews.com\/wp-content\/uploads\/2019\/12\/Flying-Car-Leaders-Talk-Public-Perception-at-a-Secret-Summit-at-transpo_ranch_.jpg",600,400,false],"newspack-article-block-landscape-small":["https:\/\/evhnews.com\/wp-content\/uploads\/2019\/12\/Flying-Car-Leaders-Talk-Public-Perception-at-a-Secret-Summit-at-transpo_ranch_.jpg",400,267,false],"newspack-article-block-portrait-small":["https:\/\/evhnews.com\/wp-content\/uploads\/2019\/12\/Flying-Car-Leaders-Talk-Public-Perception-at-a-Secret-Summit-at-transpo_ranch_.jpg",300,200,false],"newspack-article-block-square-small":["https:\/\/evhnews.com\/wp-content\/uploads\/2019\/12\/Flying-Car-Leaders-Talk-Public-Perception-at-a-Secret-Summit-at-transpo_ranch_.jpg",400,267,false],"newspack-article-block-landscape-tiny":["https:\/\/evhnews.com\/wp-content\/uploads\/2019\/12\/Flying-Car-Leaders-Talk-Public-Perception-at-a-Secret-Summit-at-transpo_ranch_.jpg",200,133,false],"newspack-article-block-portrait-tiny":["https:\/\/evhnews.com\/wp-content\/uploads\/2019\/12\/Flying-Car-Leaders-Talk-Public-Perception-at-a-Secret-Summit-at-transpo_ranch_.jpg",150,100,false],"newspack-article-block-square-tiny":["https:\/\/evhnews.com\/wp-content\/uploads\/2019\/12\/Flying-Car-Leaders-Talk-Public-Perception-at-a-Secret-Summit-at-transpo_ranch_.jpg",200,133,false],"newspack-article-block-uncropped":["https:\/\/evhnews.com\/wp-content\/uploads\/2019\/12\/Flying-Car-Leaders-Talk-Public-Perception-at-a-Secret-Summit-at-transpo_ranch_.jpg",800,533,false],"enternews-featured":["https:\/\/evhnews.com\/wp-content\/uploads\/2019\/12\/Flying-Car-Leaders-Talk-Public-Perception-at-a-Secret-Summit-at-transpo_ranch_.jpg",800,533,false],"enternews-medium":["https:\/\/evhnews.com\/wp-content\/uploads\/2019\/12\/Flying-Car-Leaders-Talk-Public-Perception-at-a-Secret-Summit-at-transpo_ranch_.jpg",713,475,false],"enternews-thumbnail":["https:\/\/evhnews.com\/wp-content\/uploads\/2019\/12\/Flying-Car-Leaders-Talk-Public-Perception-at-a-Secret-Summit-at-transpo_ranch_.jpg",473,315,false],"tenweb_optimizer_mobile":["https:\/\/evhnews.com\/wp-content\/uploads\/2019\/12\/Flying-Car-Leaders-Talk-Public-Perception-at-a-Secret-Summit-at-transpo_ranch_.jpg",600,400,false],"tenweb_optimizer_tablet":["https:\/\/evhnews.com\/wp-content\/uploads\/2019\/12\/Flying-Car-Leaders-Talk-Public-Perception-at-a-Secret-Summit-at-transpo_ranch_.jpg",768,512,false]},"author_info":{"display_name":"EVHNews","author_link":"https:\/\/evhnews.com\/it\/author\/evhnews\/"},"category_info":"<a href=\"https:\/\/evhnews.com\/it\/category\/aviazione-ibrida-elettrica\/\" rel=\"category tag\">Electric &amp; Hybrid Aerospace &amp; Alternative Fuel Aviation<\/a> <a href=\"https:\/\/evhnews.com\/it\/category\/aviazione-ibrida-elettrica\/auto-volanti-aviazione-elettrica-ibrida\/\" rel=\"category tag\">Electric &amp; Hybrid Aerospace &amp; VTOL Aircrafts<\/a>","tag_info":"Electric &amp; Hybrid Aerospace &amp; VTOL Aircrafts","comment_count":"0","jetpack_featured_media_url":"https:\/\/evhnews.com\/wp-content\/uploads\/2019\/12\/Flying-Car-Leaders-Talk-Public-Perception-at-a-Secret-Summit-at-transpo_ranch_.jpg","jetpack_likes_enabled":true,"jetpack_sharing_enabled":true,"jetpack_shortlink":"https:\/\/wp.me\/pbbbdx-ke","amp_enabled":true,"_links":{"self":[{"href":"https:\/\/evhnews.com\/it\/wp-json\/wp\/v2\/posts\/1254","targetHints":{"allow":["GET"]}}],"collection":[{"href":"https:\/\/evhnews.com\/it\/wp-json\/wp\/v2\/posts"}],"about":[{"href":"https:\/\/evhnews.com\/it\/wp-json\/wp\/v2\/types\/post"}],"author":[{"embeddable":true,"href":"https:\/\/evhnews.com\/it\/wp-json\/wp\/v2\/users\/165558846"}],"replies":[{"embeddable":true,"href":"https:\/\/evhnews.com\/it\/wp-json\/wp\/v2\/comments?post=1254"}],"version-history":[{"count":12,"href":"https:\/\/evhnews.com\/it\/wp-json\/wp\/v2\/posts\/1254\/revisions"}],"predecessor-version":[{"id":1349,"href":"https:\/\/evhnews.com\/it\/wp-json\/wp\/v2\/posts\/1254\/revisions\/1349"}],"wp:featuredmedia":[{"embeddable":true,"href":"https:\/\/evhnews.com\/it\/wp-json\/wp\/v2\/media\/1257"}],"wp:attachment":[{"href":"https:\/\/evhnews.com\/it\/wp-json\/wp\/v2\/media?parent=1254"}],"wp:term":[{"taxonomy":"category","embeddable":true,"href":"https:\/\/evhnews.com\/it\/wp-json\/wp\/v2\/categories?post=1254"},{"taxonomy":"post_tag","embeddable":true,"href":"https:\/\/evhnews.com\/it\/wp-json\/wp\/v2\/tags?post=1254"}],"curies":[{"name":"wp","href":"https:\/\/api.w.org\/{rel}","templated":true}]}}