{"id":1485,"date":"2019-12-18T14:37:17","date_gmt":"2019-12-18T22:37:17","guid":{"rendered":"https:\/\/evhnews.com\/?p=1485"},"modified":"2019-12-22T19:19:16","modified_gmt":"2019-12-23T03:19:16","slug":"la-trasmissione-efficiente-per-la-bmw-ix3-puramente-elettrica","status":"publish","type":"post","link":"https:\/\/evhnews.com\/it\/2019\/12\/18\/la-trasmissione-efficiente-per-la-bmw-ix3-puramente-elettrica\/","title":{"rendered":"The Efficient Drivetrain For The Purely Electric BMW iX3"},"content":{"rendered":"<p style=\"text-align: center;\"><span style=\"font-size: small;\"><em>\u00a0<\/em><\/span><em>L'efficiente trasmissione della BMW iX3 puramente elettrica Immagine a cura di BMW Media<\/em><\/p>\n<p><strong>The Efficient Drivetrain For The Purely Electric BMW iX3<\/strong><\/p>\n<p>Il seguente comunicato globale non contiene informazioni specifiche sul mercato statunitense. Entrare in una nuova era della mobilit\u00e0 elettrica: La trasmissione efficiente per la BMW iX3 puramente elettrica. Il precursore della quinta generazione della tecnologia BMW eDrive - Innovazioni per il motore elettrico e la batteria ad alto voltaggio - Maggiore autonomia grazie a una maggiore efficienza anzich\u00e9 a una batteria pi\u00f9 grande.<\/p>\n<p><strong><span style=\"color: black; font-family: 'Georgia',serif;\">Il seguente comunicato globale non contiene informazioni specifiche sul mercato statunitense. <\/span><\/strong><\/p>\n<p><span style=\"color: black; font-family: 'Georgia',serif;\">La BMW iX3, la cui produzione inizier\u00e0 nel 2020, facilita la guida senza emissioni locali in una forma nuova ed efficiente, pur essendo adatta all'uso quotidiano. L'autonomia di oltre 440 km* nel ciclo di prova WLTP sar\u00e0 raggiunta con una batteria netta di 74 kWh*. <\/span><\/p>\n<p><span style=\"color: black; font-family: 'Georgia',serif;\">Il primo Sports Activity Vehicle (SAV) puramente elettrico \u00e8 il precursore della tecnologia BMW eDrive di quinta generazione che, a partire dal 2021, sar\u00e0 utilizzata anche nella BMW i4 e nella BMW iNEXT. A questo scopo, sia il sistema di propulsione che l'unit\u00e0 di batteria ad alta tensione, caratterizzata da una tecnologia pionieristica delle celle, sono stati completamente rinnovati. Nella BMW iX3, questi progressi garantiscono un'esperienza di guida tipica del marchio, unita a un'efficienza straordinaria e a un inedito equilibrio tra peso e autonomia.<\/span><\/p>\n<p>La BMW iX3 \u00e8 un'ulteriore pietra miliare nella realizzazione coerente della strategia di elettrificazione del BMW Group. Nel 2020 la BMW X3 diventer\u00e0 il primo modello del marchio disponibile sia con motori convenzionali a benzina e diesel sia con motorizzazione ibrida plug-in e puramente elettrica. Con questa offerta \"power of choice\", l'azienda che opera a livello globale tiene conto delle diverse esigenze e necessit\u00e0 dei suoi clienti in tutto il mondo, nonch\u00e9 della massima efficacia nella riduzione delle emissioni di CO2. La BMW iX3 \u00e8 prodotta per il mercato mondiale dalla joint venture BMW Brilliance Automotive di Shenyang, in Cina.<\/p>\n<p style=\"text-align: center;\"><span style=\"color: black; font-family: 'Georgia',serif;\"><img fetchpriority=\"high\" decoding=\"async\" data-attachment-id=\"1492\" data-permalink=\"https:\/\/evhnews.com\/it\/2019\/12\/18\/la-trasmissione-efficiente-per-la-bmw-ix3-puramente-elettrica\/the-bmw-inext-the-bmw-i4-and-the-bmw-ix3-undergo-winter-trial-tests\/\" data-orig-file=\"https:\/\/evhnews.com\/wp-content\/uploads\/2019\/12\/The-BMW-iNEXT-the-BMW-i4-and-the-BMW-iX3-undergo-winter-trial-tests.jpg\" data-orig-size=\"800,421\" data-comments-opened=\"1\" data-image-meta=\"{&quot;aperture&quot;:&quot;0&quot;,&quot;credit&quot;:&quot;&quot;,&quot;camera&quot;:&quot;&quot;,&quot;caption&quot;:&quot;&quot;,&quot;created_timestamp&quot;:&quot;0&quot;,&quot;copyright&quot;:&quot;&quot;,&quot;focal_length&quot;:&quot;0&quot;,&quot;iso&quot;:&quot;0&quot;,&quot;shutter_speed&quot;:&quot;0&quot;,&quot;title&quot;:&quot;&quot;,&quot;orientation&quot;:&quot;1&quot;}\" data-image-title=\"The BMW iNEXT, the BMW i4 and the BMW iX3 undergo winter trial tests\" data-image-description=\"\" data-image-caption=\"\" data-large-file=\"https:\/\/evhnews.com\/wp-content\/uploads\/2019\/12\/The-BMW-iNEXT-the-BMW-i4-and-the-BMW-iX3-undergo-winter-trial-tests.jpg\" class=\"size-full wp-image-1492 aligncenter\" src=\"https:\/\/evhnews.com\/wp-content\/uploads\/2019\/12\/The-BMW-iNEXT-the-BMW-i4-and-the-BMW-iX3-undergo-winter-trial-tests.jpg\" alt=\"La BMW iNEXT, la BMW i4 e la BMW iX3 sono sottoposte a test di collaudo invernale\" width=\"800\" height=\"421\" srcset=\"https:\/\/evhnews.com\/wp-content\/uploads\/2019\/12\/The-BMW-iNEXT-the-BMW-i4-and-the-BMW-iX3-undergo-winter-trial-tests.jpg 800w, https:\/\/evhnews.com\/wp-content\/uploads\/2019\/12\/The-BMW-iNEXT-the-BMW-i4-and-the-BMW-iX3-undergo-winter-trial-tests-300x158.jpg 300w, https:\/\/evhnews.com\/wp-content\/uploads\/2019\/12\/The-BMW-iNEXT-the-BMW-i4-and-the-BMW-iX3-undergo-winter-trial-tests-768x404.jpg 768w\" sizes=\"(max-width: 800px) 100vw, 800px\" \/><br \/>\n<img decoding=\"async\" data-attachment-id=\"1494\" data-permalink=\"https:\/\/evhnews.com\/it\/2019\/12\/18\/la-trasmissione-efficiente-per-la-bmw-ix3-puramente-elettrica\/bmw-concept-ix3\/\" data-orig-file=\"https:\/\/evhnews.com\/wp-content\/uploads\/2019\/12\/BMW-Concept-iX3.jpg\" data-orig-size=\"800,492\" data-comments-opened=\"1\" data-image-meta=\"{&quot;aperture&quot;:&quot;0&quot;,&quot;credit&quot;:&quot;&quot;,&quot;camera&quot;:&quot;LiDE 110&quot;,&quot;caption&quot;:&quot;&quot;,&quot;created_timestamp&quot;:&quot;0&quot;,&quot;copyright&quot;:&quot;&quot;,&quot;focal_length&quot;:&quot;0&quot;,&quot;iso&quot;:&quot;0&quot;,&quot;shutter_speed&quot;:&quot;0&quot;,&quot;title&quot;:&quot;&quot;,&quot;orientation&quot;:&quot;1&quot;}\" data-image-title=\"BMW Concept iX3\" data-image-description=\"\" data-image-caption=\"\" data-large-file=\"https:\/\/evhnews.com\/wp-content\/uploads\/2019\/12\/BMW-Concept-iX3.jpg\" class=\"size-full wp-image-1494 aligncenter\" src=\"https:\/\/evhnews.com\/wp-content\/uploads\/2019\/12\/BMW-Concept-iX3.jpg\" alt=\"Concetto BMW iX3\" width=\"800\" height=\"492\" srcset=\"https:\/\/evhnews.com\/wp-content\/uploads\/2019\/12\/BMW-Concept-iX3.jpg 800w, https:\/\/evhnews.com\/wp-content\/uploads\/2019\/12\/BMW-Concept-iX3-300x185.jpg 300w, https:\/\/evhnews.com\/wp-content\/uploads\/2019\/12\/BMW-Concept-iX3-768x472.jpg 768w\" sizes=\"(max-width: 800px) 100vw, 800px\" \/><\/span><span style=\"color: black; font-family: 'Georgia',serif;\"><span style=\"font-size: small;\"><em><em>L'efficiente trasmissione della BMW iX3 puramente elettrica. Immagine a cura di BMW Media<\/em><\/em><\/span><br \/>\n<\/span><\/p>\n<p><span style=\"color: black; font-family: 'Georgia',serif;\">La tecnologia BMW eDrive di quinta generazione \u00e8 la chiave della sostenibilit\u00e0 orientata al futuro per i veicoli con sistemi di trazione elettrificati. \u00c8 il risultato di un costante lavoro di sviluppo nell'ambito di BMW Efficient Dynamics e dell'esperienza acquisita dal BMW Group nel campo della mobilit\u00e0 elettrica in oltre 10 anni. <\/span><\/p>\n<p><span style=\"color: black; font-family: 'Georgia',serif;\">Tutti i componenti del gruppo propulsore utilizzati per la tecnologia BMW eDrive sono stati sviluppati esclusivamente dal BMW Group. Inoltre, il motore elettrico e le batterie ad alta tensione sono prodotti in stabilimenti di propriet\u00e0 dell'azienda. In questo modo, il BMW Group si assicura di avere un'influenza decisiva sulle propriet\u00e0 del prodotto e sulla qualit\u00e0 di ogni componente.\u00a0<\/span><span style=\"color: black; font-family: 'Georgia',serif;\">Inoltre, l'unit\u00e0 motrice e l'unit\u00e0 batteria ad alta tensione sono scalabili in modo flessibile in termini di potenza e contenuto energetico e possono quindi essere utilizzate in diversi concetti e segmenti di veicoli.<\/span><\/p>\n<p><strong><span style=\"color: black; font-family: 'Georgia',serif;\">Dinamica efficiente al massimo: Nuovo componente di trasmissione ad alta efficienza e con caratteristiche di potenza tipiche del marchio.<br \/>\n<\/span><\/strong><span style=\"color: black; font-family: 'Georgia',serif;\"><br \/>\nNella BMW iX3, l'Efficient Dynamics raggiunge un nuovo livello. La tecnologia BMW eDrive di quinta generazione del veicolo comprende un'unit\u00e0 di propulsione in cui motore elettrico, elettronica di sistema e trasmissione sono riuniti in un alloggiamento centrale. Di conseguenza, lo spazio necessario per l'installazione della tecnologia di azionamento e il suo peso sono notevolmente ridotti. Il rapporto tra potenza del motore e peso del sistema di trazione migliora di circa il 30% rispetto alla generazione precedente.<\/span><\/p>\n<p><span style=\"color: black; font-family: 'Georgia',serif;\">Il motore elettrico della BMW iX3 eroga una potenza massima di 210 kW\/286 CV*. La coppia di 400 Nm* consente un'elevata accelerazione iniziale e mantiene un livello elevato anche ai regimi superiori del motore grazie alle esclusive misure di progettazione BMW.<\/span><\/p>\n<p>Un'altra caratteristica speciale del motore elettrico che viene utilizzato per la prima volta nella BMW iX3 \u00e8 un metodo di costruzione che elimina la necessit\u00e0 di materiali a base di terre rare.<\/p>\n<p>Il motore elettrico utilizzato nella BMW iX3 trasferisce la potenza alle ruote posteriori. Ci\u00f2 consente di aumentare ulteriormente l'efficienza del sistema di trazione. Inoltre, la gamma della BMW iX3 beneficia di un design di guida che trasmette la tradizionale esperienza della trazione posteriore BMW.<span style=\"color: black; font-family: 'Georgia',serif;\">\u00a0<\/span><\/p>\n<p><strong><span style=\"color: black; font-family: 'Georgia',serif;\">Batterie ad alta tensione con una densit\u00e0 energetica significativamente superiore e un uso responsabile delle materie prime.<\/span><\/strong><\/p>\n<p><span style=\"color: black; font-family: 'Georgia',serif;\">L'unit\u00e0 batteria ad alta tensione della BMW iX3 \u00e8 parte integrante della quinta generazione eDrive di BMW e si basa sull'ultima evoluzione della tecnologia NMC-811 nel tipico design prismatico di BMW. Il BMW Group dispone di eccezionali capacit\u00e0 di sviluppo in questo campo. Questo know-how si traduce in specifiche precise per quanto riguarda l'uso dei materiali e il design della batteria, in base alle quali vengono prodotte le celle della batteria. Il costante lavoro di ricerca e sviluppo non solo aumenta la densit\u00e0 energetica, ma migliora costantemente tutte le caratteristiche delle celle della batteria, in particolare la durata e la sicurezza. In totale, la batteria ad alta tensione BMW rappresenta il massimo di ci\u00f2 che \u00e8 possibile fare al giorno d'oggi.<\/span><\/p>\n<p><span style=\"color: black; font-family: 'Georgia',serif;\">Allo stesso tempo, gli ingegneri BMW sono riusciti a ridurre di altri due terzi la quota di cobalto contenuta nella batteria. Rispetto alla precedente tecnologia utilizzata dal BMW Group, la densit\u00e0 energetica gravimetrica a livello di cella della BMW iX3 \u00e8 superiore di circa il 20%.<\/span><\/p>\n<p>Con la BMW iX3, per la prima volta le materie prime Cobalto e Litio vengono acquistate direttamente da BMW e poi consegnate al produttore delle celle della batteria.<\/p>\n<p><span style=\"color: black; font-family: 'Georgia',serif;\">Inoltre, la scalabilit\u00e0 e il design compatto dell'unit\u00e0 batteria ad alta tensione sono stati ulteriormente ottimizzati. Le celle della batteria vengono raggruppate in moduli in stabilimenti di produzione BMW specializzati e infine assemblate come pacchi batteria ad alto voltaggio allineati a ciascun modello. L'unit\u00e0 batteria ad alta tensione della BMW iX3 \u00e8 installata in una posizione estremamente piatta nel pavimento del veicolo. Grazie a questa disposizione, non c'\u00e8 alcuna perdita di spazio per i passeggeri e per il bagagliaio rispetto alle versioni a motore tradizionale della BMW X3.<\/span><span style=\"color: black; font-family: 'Georgia',serif;\">\u00a0<\/span><\/p>\n<p><strong><span style=\"color: black; font-family: 'Georgia',serif;\">Maggiore autonomia grazie all'alta efficienza piuttosto che a una batteria pi\u00f9 grande<\/span><\/strong><\/p>\n<p><span style=\"color: black; font-family: 'Georgia',serif;\">Con un contenuto energetico lordo di 74 kWh*, l'unit\u00e0 batteria ad alto voltaggio installata nella BMW iX3 raggiunge un'autonomia di oltre 440 km* nel ciclo di prova legislativo WLTP. All'interno del suo segmento, la BMW iX3 vanta non solo un basso consumo energetico, inferiore a 20 kWh\/100 km* secondo il ciclo di prova WLTP, ma anche un rapporto inedito tra dimensioni della batteria e autonomia.<\/span><\/p>\n<p><span style=\"color: black; font-family: 'Georgia',serif;\">Grazie alla favorevole efficienza dei componenti di trasmissione e all'alta densit\u00e0 energetica della batteria ad alta tensione, la BMW iX3 raggiunge un'autonomia che \u00e8 possibile solo per i comuni veicoli elettrici con batterie pi\u00f9 grandi e quindi pi\u00f9 pesanti.<\/span><\/p>\n<p><strong><span style=\"font-family: 'Georgia',serif;\">Impatto ambientale positivo assicurato.<br \/>\n<\/span><\/strong><br \/>\nL'impronta ecologica \"reale\" dei veicoli elettrici \u00e8 talvolta messa in discussione, in particolare nei mercati che hanno ancora una bassa percentuale di elettricit\u00e0 verde nella rete elettrica pubblica. Nel BMW Group ogni modello elettrificato deve dimostrare che per l'intero ciclo, che comprende l'approvvigionamento delle materie prime, la catena di fornitura, la produzione e la fase di utilizzo, nonch\u00e9 il riciclaggio, il suo bilancio di CO2 \u00e8 sostanzialmente migliore rispetto a quello di un fratello alimentato in modo tradizionale.  Per la BMW iX3 il relativo vantaggio \u00e8 di oltre il 30% rispetto a una BMW X3 sDrive 20d se si utilizza l'alimentazione media europea durante la fase di utilizzo dell'auto. Se il veicolo viene caricato con elettricit\u00e0 verde, il vantaggio \u00e8 di circa il 60%.<\/p>\n<p><span style=\"color: black; font-family: 'Georgia',serif;\">Inoltre, in analogia con la tecnologia Plug&amp;Play della BMW i3, la batteria ad alto voltaggio presente nella BMW iX3 \u00e8 prevista per una seconda vita come pacco batteria stazionario per il periodo successivo alla prima lunga vita nella vettura. In questo modo, il bilancio di CO2 gi\u00e0 positivo della BMW iX3 pu\u00f2 essere ulteriormente migliorato.<\/span><\/p>\n<div class=\"clickable model tag-searchable\" data-type=\"model\" data-area=\"article\" data-tag-id=\"7542\">\n<p>#G08 #Tecnologia #Alternative Drive Systems, Mobilit\u00e0 del futuro #Efficient Dynamics #Electrification #BMW i Automobiles #BMW iX3<\/p>\n<p><span style=\"color: black; font-family: Georgia, serif;\">* = dati preliminari<\/span><\/div>\n<p><img decoding=\"async\" data-attachment-id=\"1178\" data-permalink=\"https:\/\/evhnews.com\/it\/evhn-lighting-bolt-logo-square-100px-2\/\" data-orig-file=\"https:\/\/evhnews.com\/wp-content\/uploads\/2019\/12\/EVHN-Lighting-Bolt-Logo-Square-100px-1.jpg\" data-orig-size=\"100,100\" data-comments-opened=\"1\" data-image-meta=\"{&quot;aperture&quot;:&quot;0&quot;,&quot;credit&quot;:&quot;&quot;,&quot;camera&quot;:&quot;&quot;,&quot;caption&quot;:&quot;&quot;,&quot;created_timestamp&quot;:&quot;1575197468&quot;,&quot;copyright&quot;:&quot;&quot;,&quot;focal_length&quot;:&quot;0&quot;,&quot;iso&quot;:&quot;0&quot;,&quot;shutter_speed&quot;:&quot;0&quot;,&quot;title&quot;:&quot;&quot;,&quot;orientation&quot;:&quot;1&quot;}\" data-image-title=\"EVHN Lighting Bolt Logo &amp;#8211; Square &amp;#8211; 100px\" data-image-description=\"\" data-image-caption=\"\" data-large-file=\"https:\/\/evhnews.com\/wp-content\/uploads\/2019\/12\/EVHN-Lighting-Bolt-Logo-Square-100px-1.jpg\" class=\"alignnone size-full wp-image-1178\" src=\"https:\/\/evhnews.com\/wp-content\/uploads\/2019\/12\/EVHN-Lighting-Bolt-Logo-Square-100px-1.jpg\" alt=\"EVHN Lighting Bolt Logo - Square - 100px\" width=\"100\" height=\"100\" \/><\/p>","protected":false},"excerpt":{"rendered":"<p>\u00a0The Efficient Drivetrain For The Purely Electric BMW iX3 Image Credit BMW Media The Efficient&#8230;<\/p>","protected":false},"author":165558846,"featured_media":1491,"comment_status":"open","ping_status":"open","sticky":false,"template":"","format":"standard","meta":{"_coblocks_attr":"","_coblocks_dimensions":"","_coblocks_responsive_height":"","_coblocks_accordion_ie_support":"","_crdt_document":"","advanced_seo_description":"The Efficient Drivetrain For The Purely Electric BMW iX3","jetpack_seo_html_title":"","jetpack_seo_noindex":false,"_jetpack_newsletter_access":"","_jetpack_dont_email_post_to_subs":false,"_jetpack_newsletter_tier_id":0,"_jetpack_memberships_contains_paywalled_content":false,"two_page_speed":[],"_jetpack_memberships_contains_paid_content":false,"footnotes":"","jetpack_publicize_message":"","jetpack_publicize_feature_enabled":true,"jetpack_social_post_already_shared":true,"jetpack_social_options":{"image_generator_settings":{"template":"highway","default_image_id":0,"font":"","enabled":false},"version":2},"_wpas_customize_per_network":false,"jetpack_post_was_ever_published":false},"categories":[688377455,197443,688381798,95322809],"tags":[],"class_list":["post-1485","post","type-post","status-publish","format-standard","has-post-thumbnail","hentry","category-electric-vehicle-mobility-industry-world","category-electric-vehicles","category-suvs-electric-vehicles","category-new-technology-electric-vehicles"],"jetpack_publicize_connections":[],"featured_image_urls":{"full":["https:\/\/evhnews.com\/wp-content\/uploads\/2019\/12\/The-BMW-iX3-undergoes-winter-trial-tests.jpg",800,450,false],"thumbnail":["https:\/\/evhnews.com\/wp-content\/uploads\/2019\/12\/The-BMW-iX3-undergoes-winter-trial-tests-150x150.jpg",150,150,true],"medium":["https:\/\/evhnews.com\/wp-content\/uploads\/2019\/12\/The-BMW-iX3-undergoes-winter-trial-tests-300x169.jpg",300,169,true],"medium_large":["https:\/\/evhnews.com\/wp-content\/uploads\/2019\/12\/The-BMW-iX3-undergoes-winter-trial-tests-768x432.jpg",640,360,true],"large":["https:\/\/evhnews.com\/wp-content\/uploads\/2019\/12\/The-BMW-iX3-undergoes-winter-trial-tests.jpg",640,360,false],"1536x1536":["https:\/\/evhnews.com\/wp-content\/uploads\/2019\/12\/The-BMW-iX3-undergoes-winter-trial-tests.jpg",800,450,false],"2048x2048":["https:\/\/evhnews.com\/wp-content\/uploads\/2019\/12\/The-BMW-iX3-undergoes-winter-trial-tests.jpg",800,450,false],"trp-custom-language-flag":["https:\/\/evhnews.com\/wp-content\/uploads\/2019\/12\/The-BMW-iX3-undergoes-winter-trial-tests.jpg",18,10,false],"newspack-article-block-landscape-large":["https:\/\/evhnews.com\/wp-content\/uploads\/2019\/12\/The-BMW-iX3-undergoes-winter-trial-tests.jpg",800,450,false],"newspack-article-block-portrait-large":["https:\/\/evhnews.com\/wp-content\/uploads\/2019\/12\/The-BMW-iX3-undergoes-winter-trial-tests.jpg",800,450,false],"newspack-article-block-square-large":["https:\/\/evhnews.com\/wp-content\/uploads\/2019\/12\/The-BMW-iX3-undergoes-winter-trial-tests.jpg",800,450,false],"newspack-article-block-landscape-medium":["https:\/\/evhnews.com\/wp-content\/uploads\/2019\/12\/The-BMW-iX3-undergoes-winter-trial-tests.jpg",800,450,false],"newspack-article-block-portrait-medium":["https:\/\/evhnews.com\/wp-content\/uploads\/2019\/12\/The-BMW-iX3-undergoes-winter-trial-tests.jpg",600,338,false],"newspack-article-block-square-medium":["https:\/\/evhnews.com\/wp-content\/uploads\/2019\/12\/The-BMW-iX3-undergoes-winter-trial-tests.jpg",800,450,false],"newspack-article-block-landscape-intermediate":["https:\/\/evhnews.com\/wp-content\/uploads\/2019\/12\/The-BMW-iX3-undergoes-winter-trial-tests.jpg",600,338,false],"newspack-article-block-portrait-intermediate":["https:\/\/evhnews.com\/wp-content\/uploads\/2019\/12\/The-BMW-iX3-undergoes-winter-trial-tests.jpg",450,253,false],"newspack-article-block-square-intermediate":["https:\/\/evhnews.com\/wp-content\/uploads\/2019\/12\/The-BMW-iX3-undergoes-winter-trial-tests.jpg",600,338,false],"newspack-article-block-landscape-small":["https:\/\/evhnews.com\/wp-content\/uploads\/2019\/12\/The-BMW-iX3-undergoes-winter-trial-tests.jpg",400,225,false],"newspack-article-block-portrait-small":["https:\/\/evhnews.com\/wp-content\/uploads\/2019\/12\/The-BMW-iX3-undergoes-winter-trial-tests.jpg",300,169,false],"newspack-article-block-square-small":["https:\/\/evhnews.com\/wp-content\/uploads\/2019\/12\/The-BMW-iX3-undergoes-winter-trial-tests.jpg",400,225,false],"newspack-article-block-landscape-tiny":["https:\/\/evhnews.com\/wp-content\/uploads\/2019\/12\/The-BMW-iX3-undergoes-winter-trial-tests.jpg",200,113,false],"newspack-article-block-portrait-tiny":["https:\/\/evhnews.com\/wp-content\/uploads\/2019\/12\/The-BMW-iX3-undergoes-winter-trial-tests.jpg",150,84,false],"newspack-article-block-square-tiny":["https:\/\/evhnews.com\/wp-content\/uploads\/2019\/12\/The-BMW-iX3-undergoes-winter-trial-tests.jpg",200,113,false],"newspack-article-block-uncropped":["https:\/\/evhnews.com\/wp-content\/uploads\/2019\/12\/The-BMW-iX3-undergoes-winter-trial-tests.jpg",800,450,false],"enternews-featured":["https:\/\/evhnews.com\/wp-content\/uploads\/2019\/12\/The-BMW-iX3-undergoes-winter-trial-tests.jpg",800,450,false],"enternews-medium":["https:\/\/evhnews.com\/wp-content\/uploads\/2019\/12\/The-BMW-iX3-undergoes-winter-trial-tests.jpg",720,405,false],"enternews-thumbnail":["https:\/\/evhnews.com\/wp-content\/uploads\/2019\/12\/The-BMW-iX3-undergoes-winter-trial-tests.jpg",480,270,false],"tenweb_optimizer_mobile":["https:\/\/evhnews.com\/wp-content\/uploads\/2019\/12\/The-BMW-iX3-undergoes-winter-trial-tests.jpg",600,338,false],"tenweb_optimizer_tablet":["https:\/\/evhnews.com\/wp-content\/uploads\/2019\/12\/The-BMW-iX3-undergoes-winter-trial-tests.jpg",768,432,false]},"author_info":{"display_name":"EVHNews","author_link":"https:\/\/evhnews.com\/it\/author\/evhnews\/"},"category_info":"<a href=\"https:\/\/evhnews.com\/it\/category\/veicoli-elettrici\/veicoli-elettrici-industria-della-mobilita-mondo\/\" rel=\"category tag\">Electric Automotive Industry<\/a> <a href=\"https:\/\/evhnews.com\/it\/category\/veicoli-elettrici\/\" rel=\"category tag\">Electric Automotive Vehicles<\/a> <a href=\"https:\/\/evhnews.com\/it\/category\/veicoli-elettrici\/suv-veicoli-elettrici\/\" rel=\"category tag\">Electric SUV's<\/a> <a href=\"https:\/\/evhnews.com\/it\/category\/veicoli-elettrici\/new-technology-electric-vehicles\/\" rel=\"category tag\">New Electric Automotive Technology<\/a>","tag_info":"New Electric Automotive Technology","comment_count":"0","jetpack_featured_media_url":"https:\/\/evhnews.com\/wp-content\/uploads\/2019\/12\/The-BMW-iX3-undergoes-winter-trial-tests.jpg","jetpack_likes_enabled":true,"jetpack_sharing_enabled":true,"jetpack_shortlink":"https:\/\/wp.me\/pbbbdx-nX","amp_enabled":true,"_links":{"self":[{"href":"https:\/\/evhnews.com\/it\/wp-json\/wp\/v2\/posts\/1485","targetHints":{"allow":["GET"]}}],"collection":[{"href":"https:\/\/evhnews.com\/it\/wp-json\/wp\/v2\/posts"}],"about":[{"href":"https:\/\/evhnews.com\/it\/wp-json\/wp\/v2\/types\/post"}],"author":[{"embeddable":true,"href":"https:\/\/evhnews.com\/it\/wp-json\/wp\/v2\/users\/165558846"}],"replies":[{"embeddable":true,"href":"https:\/\/evhnews.com\/it\/wp-json\/wp\/v2\/comments?post=1485"}],"version-history":[{"count":19,"href":"https:\/\/evhnews.com\/it\/wp-json\/wp\/v2\/posts\/1485\/revisions"}],"predecessor-version":[{"id":1759,"href":"https:\/\/evhnews.com\/it\/wp-json\/wp\/v2\/posts\/1485\/revisions\/1759"}],"wp:featuredmedia":[{"embeddable":true,"href":"https:\/\/evhnews.com\/it\/wp-json\/wp\/v2\/media\/1491"}],"wp:attachment":[{"href":"https:\/\/evhnews.com\/it\/wp-json\/wp\/v2\/media?parent=1485"}],"wp:term":[{"taxonomy":"category","embeddable":true,"href":"https:\/\/evhnews.com\/it\/wp-json\/wp\/v2\/categories?post=1485"},{"taxonomy":"post_tag","embeddable":true,"href":"https:\/\/evhnews.com\/it\/wp-json\/wp\/v2\/tags?post=1485"}],"curies":[{"name":"wp","href":"https:\/\/api.w.org\/{rel}","templated":true}]}}