{"id":2647,"date":"2020-01-21T17:54:08","date_gmt":"2020-01-22T01:54:08","guid":{"rendered":"https:\/\/evhnews.com\/?p=2647"},"modified":"2020-01-22T17:55:07","modified_gmt":"2020-01-23T01:55:07","slug":"connected-technologies-steve-basra-promosso-a-vicepresidente-del-gruppo","status":"publish","type":"post","link":"https:\/\/evhnews.com\/it\/2020\/01\/21\/connected-technologies-steve-basra-promosso-a-vicepresidente-del-gruppo\/","title":{"rendered":"Connected Technologies Steve Basra Promoted to Group Vice President"},"content":{"rendered":"<p style=\"text-align: center;\"><span style=\"font-size: small;\"><em>Credito d'immagine: Toyota<\/em><\/span><\/p>\n<p><strong>Connected Technologies Steve Basra Promoted to Group Vice President<\/strong><\/p>\n<p>Steve Basra \u00e8 stato promosso a Group Vice President, Connected Technologies di Toyota Motor North America (TMNA), a partire da gennaio 2020. Continuer\u00e0 a riferire a Zack Hicks, Executive Vice President, Digital Transformation &amp; Mobility e Chief Digital Officer.<\/p>\n<p>In precedenza ha ricoperto il ruolo di Vicepresidente delle Tecnologie Connesse dall'ottobre 2017, Basra ha guidato gli sforzi di TMNA per migliorare l'esperienza di bordo dei clienti. Ha supervisionato la trasformazione e l'espansione del gruppo Connected Technologies, che si \u00e8 trasformato in un'organizzazione agile e focalizzata sui prodotti.<\/p>\n<p>Oltre alle sue mansioni presso TMNA, Basra ricopre il ruolo di Chief Operating Officer per Toyota Connected North America. Nel suo doppio ruolo, supervisiona la progettazione, lo sviluppo e l'implementazione dell'ecosistema di auto connesse dell'azienda. Lanciata a Plano nel 2016, Toyota Connected North America \u00e8 una societ\u00e0 tecnologica globale fondata da Toyota per trasformare il modo in cui i clienti di tutto il mondo vivono la mobilit\u00e0.<\/p>\n<p>\"Da quando \u00e8 entrato a far parte di Connected Technologies e Toyota Connected, Steve \u00e8 stato determinante nel guidare la nostra visione di offrire esperienze connesse sorprendenti e personali che definiranno il futuro della mobilit\u00e0\", ha dichiarato Hicks. \"Attraverso la nostra filosofia di miglioramento continuo, Steve ha ispirato e sfidato i nostri team a esplorare ulteriormente il futuro dei servizi di sicurezza e convenienza migliorati e predittivi.\"<\/p>\n<p><img decoding=\"async\" data-attachment-id=\"1490\" data-permalink=\"https:\/\/evhnews.com\/it\/2019\/12\/18\/la-trasmissione-efficiente-per-la-bmw-ix3-puramente-elettrica\/evh-news-lighting-bolt-logo\/\" data-orig-file=\"https:\/\/evhnews.com\/wp-content\/uploads\/2019\/12\/EVH-News-Lighting-Bolt-Logo-.jpg\" data-orig-size=\"100,100\" data-comments-opened=\"1\" data-image-meta=\"{&quot;aperture&quot;:&quot;0&quot;,&quot;credit&quot;:&quot;&quot;,&quot;camera&quot;:&quot;&quot;,&quot;caption&quot;:&quot;&quot;,&quot;created_timestamp&quot;:&quot;1575197468&quot;,&quot;copyright&quot;:&quot;&quot;,&quot;focal_length&quot;:&quot;0&quot;,&quot;iso&quot;:&quot;0&quot;,&quot;shutter_speed&quot;:&quot;0&quot;,&quot;title&quot;:&quot;&quot;,&quot;orientation&quot;:&quot;1&quot;}\" data-image-title=\"EVH News-Lighting-Bolt-Logo-\" data-image-description=\"\" data-image-caption=\"\" data-medium-file=\"https:\/\/evhnews.com\/wp-content\/uploads\/2019\/12\/EVH-News-Lighting-Bolt-Logo-.jpg\" data-large-file=\"https:\/\/evhnews.com\/wp-content\/uploads\/2019\/12\/EVH-News-Lighting-Bolt-Logo-.jpg\" class=\"alignnone size-full wp-image-1490\" src=\"https:\/\/evhnews.com\/wp-content\/uploads\/2019\/12\/EVH-News-Lighting-Bolt-Logo-.jpg\" alt=\"EVH News-Lighting-Bolt-Logo-\" width=\"100\" height=\"100\" \/><\/p>","protected":false},"excerpt":{"rendered":"<p>Image Credit: Toyota Connected Technologies Steve Basra Promoted to Group Vice President Steve Basra has&#8230;<\/p>","protected":false},"author":165558846,"featured_media":2648,"comment_status":"open","ping_status":"open","sticky":false,"template":"","format":"standard","meta":{"_coblocks_attr":"","_coblocks_dimensions":"","_coblocks_responsive_height":"","_coblocks_accordion_ie_support":"","_crdt_document":"","advanced_seo_description":"Connected Technologies Steve Basra Promoted to Group Vice President","jetpack_seo_html_title":"","jetpack_seo_noindex":false,"jetpack_post_was_ever_published":false,"_jetpack_newsletter_access":"","_jetpack_dont_email_post_to_subs":false,"_jetpack_newsletter_tier_id":0,"_jetpack_memberships_contains_paywalled_content":false,"two_page_speed":[],"_jetpack_memberships_contains_paid_content":false,"footnotes":"","jetpack_publicize_message":"","jetpack_publicize_feature_enabled":true,"jetpack_social_post_already_shared":true,"jetpack_social_options":{"image_generator_settings":{"template":"highway","default_image_id":0,"font":"","enabled":false},"version":2},"_wpas_customize_per_network":false},"categories":[688377455],"tags":[],"class_list":["post-2647","post","type-post","status-publish","format-standard","has-post-thumbnail","hentry","category-electric-vehicle-mobility-industry-world"],"jetpack_publicize_connections":[],"featured_image_urls":{"full":["https:\/\/evhnews.com\/wp-content\/uploads\/2020\/01\/Steve-Basra-Group-Vice-President-Connected-Technologies-at-Toyota-Motor-North-America.png",800,533,false],"thumbnail":["https:\/\/evhnews.com\/wp-content\/uploads\/2020\/01\/Steve-Basra-Group-Vice-President-Connected-Technologies-at-Toyota-Motor-North-America-150x150.png",150,150,true],"medium":["https:\/\/evhnews.com\/wp-content\/uploads\/2020\/01\/Steve-Basra-Group-Vice-President-Connected-Technologies-at-Toyota-Motor-North-America-300x200.png",300,200,true],"medium_large":["https:\/\/evhnews.com\/wp-content\/uploads\/2020\/01\/Steve-Basra-Group-Vice-President-Connected-Technologies-at-Toyota-Motor-North-America-768x512.png",640,427,true],"large":["https:\/\/evhnews.com\/wp-content\/uploads\/2020\/01\/Steve-Basra-Group-Vice-President-Connected-Technologies-at-Toyota-Motor-North-America.png",640,426,false],"1536x1536":["https:\/\/evhnews.com\/wp-content\/uploads\/2020\/01\/Steve-Basra-Group-Vice-President-Connected-Technologies-at-Toyota-Motor-North-America.png",800,533,false],"2048x2048":["https:\/\/evhnews.com\/wp-content\/uploads\/2020\/01\/Steve-Basra-Group-Vice-President-Connected-Technologies-at-Toyota-Motor-North-America.png",800,533,false],"trp-custom-language-flag":["https:\/\/evhnews.com\/wp-content\/uploads\/2020\/01\/Steve-Basra-Group-Vice-President-Connected-Technologies-at-Toyota-Motor-North-America.png",18,12,false],"newspack-article-block-landscape-large":["https:\/\/evhnews.com\/wp-content\/uploads\/2020\/01\/Steve-Basra-Group-Vice-President-Connected-Technologies-at-Toyota-Motor-North-America.png",800,533,false],"newspack-article-block-portrait-large":["https:\/\/evhnews.com\/wp-content\/uploads\/2020\/01\/Steve-Basra-Group-Vice-President-Connected-Technologies-at-Toyota-Motor-North-America.png",800,533,false],"newspack-article-block-square-large":["https:\/\/evhnews.com\/wp-content\/uploads\/2020\/01\/Steve-Basra-Group-Vice-President-Connected-Technologies-at-Toyota-Motor-North-America.png",800,533,false],"newspack-article-block-landscape-medium":["https:\/\/evhnews.com\/wp-content\/uploads\/2020\/01\/Steve-Basra-Group-Vice-President-Connected-Technologies-at-Toyota-Motor-North-America.png",800,533,false],"newspack-article-block-portrait-medium":["https:\/\/evhnews.com\/wp-content\/uploads\/2020\/01\/Steve-Basra-Group-Vice-President-Connected-Technologies-at-Toyota-Motor-North-America-600x533.png",600,533,true],"newspack-article-block-square-medium":["https:\/\/evhnews.com\/wp-content\/uploads\/2020\/01\/Steve-Basra-Group-Vice-President-Connected-Technologies-at-Toyota-Motor-North-America.png",800,533,false],"newspack-article-block-landscape-intermediate":["https:\/\/evhnews.com\/wp-content\/uploads\/2020\/01\/Steve-Basra-Group-Vice-President-Connected-Technologies-at-Toyota-Motor-North-America.png",600,400,false],"newspack-article-block-portrait-intermediate":["https:\/\/evhnews.com\/wp-content\/uploads\/2020\/01\/Steve-Basra-Group-Vice-President-Connected-Technologies-at-Toyota-Motor-North-America.png",450,300,false],"newspack-article-block-square-intermediate":["https:\/\/evhnews.com\/wp-content\/uploads\/2020\/01\/Steve-Basra-Group-Vice-President-Connected-Technologies-at-Toyota-Motor-North-America.png",600,400,false],"newspack-article-block-landscape-small":["https:\/\/evhnews.com\/wp-content\/uploads\/2020\/01\/Steve-Basra-Group-Vice-President-Connected-Technologies-at-Toyota-Motor-North-America-400x300.png",400,300,true],"newspack-article-block-portrait-small":["https:\/\/evhnews.com\/wp-content\/uploads\/2020\/01\/Steve-Basra-Group-Vice-President-Connected-Technologies-at-Toyota-Motor-North-America-300x400.png",300,400,true],"newspack-article-block-square-small":["https:\/\/evhnews.com\/wp-content\/uploads\/2020\/01\/Steve-Basra-Group-Vice-President-Connected-Technologies-at-Toyota-Motor-North-America-400x400.png",400,400,true],"newspack-article-block-landscape-tiny":["https:\/\/evhnews.com\/wp-content\/uploads\/2020\/01\/Steve-Basra-Group-Vice-President-Connected-Technologies-at-Toyota-Motor-North-America-200x150.png",200,150,true],"newspack-article-block-portrait-tiny":["https:\/\/evhnews.com\/wp-content\/uploads\/2020\/01\/Steve-Basra-Group-Vice-President-Connected-Technologies-at-Toyota-Motor-North-America-150x200.png",150,200,true],"newspack-article-block-square-tiny":["https:\/\/evhnews.com\/wp-content\/uploads\/2020\/01\/Steve-Basra-Group-Vice-President-Connected-Technologies-at-Toyota-Motor-North-America-200x200.png",200,200,true],"newspack-article-block-uncropped":["https:\/\/evhnews.com\/wp-content\/uploads\/2020\/01\/Steve-Basra-Group-Vice-President-Connected-Technologies-at-Toyota-Motor-North-America.png",800,533,false],"enternews-featured":["https:\/\/evhnews.com\/wp-content\/uploads\/2020\/01\/Steve-Basra-Group-Vice-President-Connected-Technologies-at-Toyota-Motor-North-America.png",800,533,false],"enternews-medium":["https:\/\/evhnews.com\/wp-content\/uploads\/2020\/01\/Steve-Basra-Group-Vice-President-Connected-Technologies-at-Toyota-Motor-North-America.png",713,475,false],"enternews-thumbnail":["https:\/\/evhnews.com\/wp-content\/uploads\/2020\/01\/Steve-Basra-Group-Vice-President-Connected-Technologies-at-Toyota-Motor-North-America.png",473,315,false],"tenweb_optimizer_mobile":["https:\/\/evhnews.com\/wp-content\/uploads\/2020\/01\/Steve-Basra-Group-Vice-President-Connected-Technologies-at-Toyota-Motor-North-America.png",600,400,false],"tenweb_optimizer_tablet":["https:\/\/evhnews.com\/wp-content\/uploads\/2020\/01\/Steve-Basra-Group-Vice-President-Connected-Technologies-at-Toyota-Motor-North-America.png",768,512,false]},"author_info":{"display_name":"EVHNews","author_link":"https:\/\/evhnews.com\/it\/author\/evhnews\/"},"category_info":"<a href=\"https:\/\/evhnews.com\/it\/category\/veicoli-elettrici\/veicoli-elettrici-industria-della-mobilita-mondo\/\" rel=\"category tag\">Electric Automotive Industry<\/a>","tag_info":"Electric Automotive Industry","comment_count":"0","jetpack_featured_media_url":"https:\/\/evhnews.com\/wp-content\/uploads\/2020\/01\/Steve-Basra-Group-Vice-President-Connected-Technologies-at-Toyota-Motor-North-America.png","jetpack_likes_enabled":true,"jetpack_sharing_enabled":true,"jetpack_shortlink":"https:\/\/wp.me\/pbbbdx-GH","amp_enabled":true,"_links":{"self":[{"href":"https:\/\/evhnews.com\/it\/wp-json\/wp\/v2\/posts\/2647","targetHints":{"allow":["GET"]}}],"collection":[{"href":"https:\/\/evhnews.com\/it\/wp-json\/wp\/v2\/posts"}],"about":[{"href":"https:\/\/evhnews.com\/it\/wp-json\/wp\/v2\/types\/post"}],"author":[{"embeddable":true,"href":"https:\/\/evhnews.com\/it\/wp-json\/wp\/v2\/users\/165558846"}],"replies":[{"embeddable":true,"href":"https:\/\/evhnews.com\/it\/wp-json\/wp\/v2\/comments?post=2647"}],"version-history":[{"count":1,"href":"https:\/\/evhnews.com\/it\/wp-json\/wp\/v2\/posts\/2647\/revisions"}],"predecessor-version":[{"id":2649,"href":"https:\/\/evhnews.com\/it\/wp-json\/wp\/v2\/posts\/2647\/revisions\/2649"}],"wp:featuredmedia":[{"embeddable":true,"href":"https:\/\/evhnews.com\/it\/wp-json\/wp\/v2\/media\/2648"}],"wp:attachment":[{"href":"https:\/\/evhnews.com\/it\/wp-json\/wp\/v2\/media?parent=2647"}],"wp:term":[{"taxonomy":"category","embeddable":true,"href":"https:\/\/evhnews.com\/it\/wp-json\/wp\/v2\/categories?post=2647"},{"taxonomy":"post_tag","embeddable":true,"href":"https:\/\/evhnews.com\/it\/wp-json\/wp\/v2\/tags?post=2647"}],"curies":[{"name":"wp","href":"https:\/\/api.w.org\/{rel}","templated":true}]}}