{"id":3051,"date":"2020-02-03T06:18:00","date_gmt":"2020-02-03T14:18:00","guid":{"rendered":"https:\/\/evhnews.com\/?p=3051"},"modified":"2020-02-03T06:18:00","modified_gmt":"2020-02-03T14:18:00","slug":"daimler-opens-new-charging-park-for-electric-commercial-vehicles","status":"publish","type":"post","link":"https:\/\/evhnews.com\/ko\/2020\/02\/03\/daimler-opens-new-charging-park-for-electric-commercial-vehicles\/","title":{"rendered":"Daimler Opens New Charging Park For Electric Commercial Vehicles"},"content":{"rendered":"<p><span style=\"font-size: small;\"><em>\u00a0<\/em><\/span><\/p>\n<h3>Daimler Opens New Charging Park For Electric Commercial Vehicles<\/h3>\n<p style=\"text-align: center;\"><img fetchpriority=\"high\" decoding=\"async\" data-attachment-id=\"3053\" data-permalink=\"https:\/\/evhnews.com\/ko\/2020\/02\/03\/daimler-opens-new-charging-park-for-electric-commercial-vehicles\/daimler-eroffnet-neuen-ladepark-fur-elektrische-nutzfahrzeugedaimler-opens-new-charging-park-for-electric-commercial-vehicles-2\/\" data-orig-file=\"https:\/\/evhnews.com\/wp-content\/uploads\/2020\/02\/Daimler-opens-new-charging-park-for-electric-commercial-vehicles-at-the-Stuttgart-Untert\u00fcrkheim-headquarters-3.jpg\" data-orig-size=\"800,534\" data-comments-opened=\"1\" data-image-meta=\"{&quot;aperture&quot;:&quot;0&quot;,&quot;credit&quot;:&quot;Daimler AG&quot;,&quot;camera&quot;:&quot;&quot;,&quot;caption&quot;:&quot;Daimler er\\u00f6ffnet neuen Ladepark f\\u00fcr elektrische Nutzfahrzeuge am Standort Untert\\u00fcrkheim. \\r\\rDaimler opens  new charging park for electric commercial vehicles at the Stuttgart-Untert\\u00fcrkheim headquarters.&quot;,&quot;created_timestamp&quot;:&quot;1580468399&quot;,&quot;copyright&quot;:&quot;\\u00a9 Daimler Truck AG&quot;,&quot;focal_length&quot;:&quot;0&quot;,&quot;iso&quot;:&quot;0&quot;,&quot;shutter_speed&quot;:&quot;0&quot;,&quot;title&quot;:&quot;Daimler er\\u00f6ffnet neuen Ladepark f\\u00fcr elektrische Nutzfahrzeuge\\r\\rDaimler opens new charging park for electric commercial vehicles&quot;,&quot;orientation&quot;:&quot;1&quot;}\" data-image-title=\"Daimler er\u00f6ffnet neuen Ladepark f\u00fcr elektrische NutzfahrzeugeDaimler opens new charging park for electric commercial vehicles\" data-image-description=\"\" data-image-caption=\"&lt;p&gt;Daimler er\u00f6ffnet neuen Ladepark f\u00fcr elektrische Nutzfahrzeuge am Standort Untert\u00fcrkheim. &lt;\/p&gt;&lt;p&gt;Daimler opens  new charging park for electric commercial vehicles at the Stuttgart-Untert\u00fcrkheim headquarters.&lt;\/p&gt;\" data-large-file=\"https:\/\/evhnews.com\/wp-content\/uploads\/2020\/02\/Daimler-opens-new-charging-park-for-electric-commercial-vehicles-at-the-Stuttgart-Untert\u00fcrkheim-headquarters-3.jpg\" class=\"alignnone size-full wp-image-3053\" src=\"https:\/\/evhnews.com\/wp-content\/uploads\/2020\/02\/Daimler-opens-new-charging-park-for-electric-commercial-vehicles-at-the-Stuttgart-Untert\u00fcrkheim-headquarters-3.jpg\" alt=\"Daimler er\u00f6ffnet neuen Ladepark f\u00fcr elektrische Nutzfahrzeuge Daimler opens new charging park for electric commercial vehicles\" width=\"800\" height=\"534\" srcset=\"https:\/\/evhnews.com\/wp-content\/uploads\/2020\/02\/Daimler-opens-new-charging-park-for-electric-commercial-vehicles-at-the-Stuttgart-Untert\u00fcrkheim-headquarters-3.jpg 800w, https:\/\/evhnews.com\/wp-content\/uploads\/2020\/02\/Daimler-opens-new-charging-park-for-electric-commercial-vehicles-at-the-Stuttgart-Untert\u00fcrkheim-headquarters-3-300x200.jpg 300w, https:\/\/evhnews.com\/wp-content\/uploads\/2020\/02\/Daimler-opens-new-charging-park-for-electric-commercial-vehicles-at-the-Stuttgart-Untert\u00fcrkheim-headquarters-3-768x513.jpg 768w\" sizes=\"(max-width: 800px) 100vw, 800px\" \/><br \/>\n<img decoding=\"async\" data-attachment-id=\"3055\" data-permalink=\"https:\/\/evhnews.com\/ko\/2020\/02\/03\/daimler-opens-new-charging-park-for-electric-commercial-vehicles\/daimler-eroffnet-neuen-ladepark-fur-elektrische-nutzfahrzeugedaimler-opens-new-charging-park-for-electric-commercial-vehicles-3\/\" data-orig-file=\"https:\/\/evhnews.com\/wp-content\/uploads\/2020\/02\/Daimler-opens-new-charging-park-for-electric-commercial-vehicles-at-the-Stuttgart-Untert\u00fcrkheim-headquarters.jpg\" data-orig-size=\"800,534\" data-comments-opened=\"1\" data-image-meta=\"{&quot;aperture&quot;:&quot;0&quot;,&quot;credit&quot;:&quot;Daimler AG&quot;,&quot;camera&quot;:&quot;&quot;,&quot;caption&quot;:&quot;Daimler er\\u00f6ffnet neuen Ladepark f\\u00fcr elektrische Nutzfahrzeuge am Standort Untert\\u00fcrkheim. \\r\\rDaimler opens  new charging park for electric commercial vehicles at the Stuttgart-Untert\\u00fcrkheim headquarters.&quot;,&quot;created_timestamp&quot;:&quot;1580468399&quot;,&quot;copyright&quot;:&quot;\\u00a9 Daimler Truck AG&quot;,&quot;focal_length&quot;:&quot;0&quot;,&quot;iso&quot;:&quot;0&quot;,&quot;shutter_speed&quot;:&quot;0&quot;,&quot;title&quot;:&quot;Daimler er\\u00f6ffnet neuen Ladepark f\\u00fcr elektrische Nutzfahrzeuge\\r\\rDaimler opens new charging park for electric commercial vehicles&quot;,&quot;orientation&quot;:&quot;1&quot;}\" data-image-title=\"Daimler er\u00f6ffnet neuen Ladepark f\u00fcr elektrische NutzfahrzeugeDaimler opens new charging park for electric commercial vehicles\" data-image-description=\"\" data-image-caption=\"&lt;p&gt;Daimler er\u00f6ffnet neuen Ladepark f\u00fcr elektrische Nutzfahrzeuge am Standort Untert\u00fcrkheim. &lt;\/p&gt;&lt;p&gt;Daimler opens  new charging park for electric commercial vehicles at the Stuttgart-Untert\u00fcrkheim headquarters.&lt;\/p&gt;\" data-large-file=\"https:\/\/evhnews.com\/wp-content\/uploads\/2020\/02\/Daimler-opens-new-charging-park-for-electric-commercial-vehicles-at-the-Stuttgart-Untert\u00fcrkheim-headquarters.jpg\" class=\"alignnone size-full wp-image-3055\" src=\"https:\/\/evhnews.com\/wp-content\/uploads\/2020\/02\/Daimler-opens-new-charging-park-for-electric-commercial-vehicles-at-the-Stuttgart-Untert\u00fcrkheim-headquarters.jpg\" alt=\"Daimler er\u00f6ffnet neuen Ladepark f\u00fcr elektrische Nutzfahrzeuge Daimler opens new charging park for electric commercial vehicles\" width=\"800\" height=\"534\" srcset=\"https:\/\/evhnews.com\/wp-content\/uploads\/2020\/02\/Daimler-opens-new-charging-park-for-electric-commercial-vehicles-at-the-Stuttgart-Untert\u00fcrkheim-headquarters.jpg 800w, https:\/\/evhnews.com\/wp-content\/uploads\/2020\/02\/Daimler-opens-new-charging-park-for-electric-commercial-vehicles-at-the-Stuttgart-Untert\u00fcrkheim-headquarters-300x200.jpg 300w, https:\/\/evhnews.com\/wp-content\/uploads\/2020\/02\/Daimler-opens-new-charging-park-for-electric-commercial-vehicles-at-the-Stuttgart-Untert\u00fcrkheim-headquarters-768x513.jpg 768w\" sizes=\"(max-width: 800px) 100vw, 800px\" \/><span style=\"font-size: small;\"><em>\uc774\ubbf8\uc9c0 \ucd9c\ucc98: Daimler AG<\/em><\/span><\/p>\n<p>\ub2e4\uc784\ub7ec\uac00 \uc288\ud22c\ud2b8\uac00\ub974\ud2b8-\uc6b4\ud130\ud22c\ub974\ud06c\ud558\uc784 \ubcf8\uc0ac\uc5d0 \uc804\uae30 \uc0c1\uc6a9\ucc28\ub97c \uc704\ud55c \uc0c8\ub85c\uc6b4 \ucda9\uc804\uc18c\ub97c \uc624\ud508\ud588\uc2b5\ub2c8\ub2e4. \ub2e4\uc784\ub7ec \ud2b8\ub7ed\uacfc \uba54\ub974\uc138\ub370\uc2a4-\ubca4\uce20 \ubc34\uc740 \uc774 \ucda9\uc804\uc18c\ub97c \uc804\uae30 \uc2dc\ud5d8\uc6a9 \ucc28\ub7c9\uc5d0 \uacf5\ub3d9\uc73c\ub85c \uc0ac\uc6a9\ud560 \uc608\uc815\uc785\ub2c8\ub2e4. \uc0c8\ub85c\uc6b4 \ucda9\uc804\uc18c\ub294 \uc804\uae30\ud654 \uc804\ub7b5\uacfc \uc5f0\uacb0\ub41c \uae30\uc5c5 \ud65c\ub3d9\uc758 \uc9c4\uc77c\ubcf4\ud55c \ub2e8\uacc4\uac00 \ub420 \uac83\uc785\ub2c8\ub2e4. \uc774 \ud601\uc2e0\uc801\uc778 \ucda9\uc804\uc18c\uc758 \ucd1d \ucd9c\ub825\uc740 1\uba54\uac00\uc640\ud2b8\uc774\uba70, \ud2b8\ub7ed\uc744 \uc704\ud55c 300\ud0ac\ub85c\uc640\ud2b8 \ucd9c\ub825\uc758 DC \uae09\uc18d \ucda9\uc804\uc18c 2\uac1c\uc640 \ubc34\uc744 \uc704\ud55c 150\ud0ac\ub85c\uc640\ud2b8 \ucd9c\ub825\uc758 \ucda9\uc804\uc18c 3\uac1c\ub85c \ub098\ub258\uc5b4\uc838 \uc788\uc2b5\ub2c8\ub2e4. \ucc28\ub7c9\uc774 \uc801\uc808\ud55c \ucda9\uc804\uc18c\uc5d0 \uc5f0\uacb0\ub418\uba74 \ucda9\uc804\uc18c\uac00 \ud574\ub2f9 \ucc28\ub7c9\uc744 \uc790\ub3d9\uc73c\ub85c \uc778\uc2dd\ud558\ub294 \uce69\uc744 \ud1b5\ud574 \ucda9\uc804 \ud504\ub85c\uc138\uc2a4\uac00 \uc2dc\uc791\ub429\ub2c8\ub2e4. \ucda9\uc804\uc18c\uc5d0\ub294 \uc804\uae30 \ud2b8\ub7ed\uc744 \uc704\ud55c \ubaa8\ub4e0 \uc77c\ubc18\uc801\uc778 \ud50c\ub7ec\uadf8 \ubcc0\ud615\uc774 \uc7a5\ucc29\ub418\uc5b4 \uc788\uc2b5\ub2c8\ub2e4.<\/p>\n<p><img decoding=\"async\" data-attachment-id=\"1490\" data-permalink=\"https:\/\/evhnews.com\/ko\/2019\/12\/18\/%ec%88%9c%ec%88%98-%ec%a0%84%ea%b8%b0%ec%b0%a8%ec%9d%b8-bmw-ix3%eb%a5%bc-%ec%9c%84%ed%95%9c-%ed%9a%a8%ec%9c%a8%ec%a0%81%ec%9d%b8-%eb%93%9c%eb%9d%bc%ec%9d%b4%eb%b8%8c%ed%8a%b8%eb%a0%88%ec%9d%b8\/evh-news-lighting-bolt-logo\/\" data-orig-file=\"https:\/\/evhnews.com\/wp-content\/uploads\/2019\/12\/EVH-News-Lighting-Bolt-Logo-.jpg\" data-orig-size=\"100,100\" data-comments-opened=\"1\" data-image-meta=\"{&quot;aperture&quot;:&quot;0&quot;,&quot;credit&quot;:&quot;&quot;,&quot;camera&quot;:&quot;&quot;,&quot;caption&quot;:&quot;&quot;,&quot;created_timestamp&quot;:&quot;1575197468&quot;,&quot;copyright&quot;:&quot;&quot;,&quot;focal_length&quot;:&quot;0&quot;,&quot;iso&quot;:&quot;0&quot;,&quot;shutter_speed&quot;:&quot;0&quot;,&quot;title&quot;:&quot;&quot;,&quot;orientation&quot;:&quot;1&quot;}\" data-image-title=\"EVH News-Lighting-Bolt-Logo-\" data-image-description=\"\" data-image-caption=\"\" data-large-file=\"https:\/\/evhnews.com\/wp-content\/uploads\/2019\/12\/EVH-News-Lighting-Bolt-Logo-.jpg\" class=\"alignnone size-full wp-image-1490\" src=\"https:\/\/evhnews.com\/wp-content\/uploads\/2019\/12\/EVH-News-Lighting-Bolt-Logo-.jpg\" alt=\"EVH News-Lighting-Bolt-Logo-\" width=\"100\" height=\"100\" \/><\/p>\n<p style=\"text-align: center;\">","protected":false},"excerpt":{"rendered":"<p>\u00a0 Daimler Opens New Charging Park For Electric Commercial Vehicles Image Credit: Daimler AG Daimler&#8230;<\/p>","protected":false},"author":165558846,"featured_media":3052,"comment_status":"open","ping_status":"open","sticky":false,"template":"","format":"standard","meta":{"_coblocks_attr":"","_coblocks_dimensions":"","_coblocks_responsive_height":"","_coblocks_accordion_ie_support":"","_crdt_document":"","advanced_seo_description":"Daimler Opens New Charging Park For Electric Commercial Vehicles","jetpack_seo_html_title":"","jetpack_seo_noindex":false,"_jetpack_newsletter_access":"","_jetpack_dont_email_post_to_subs":false,"_jetpack_newsletter_tier_id":0,"_jetpack_memberships_contains_paywalled_content":false,"two_page_speed":[],"_jetpack_memberships_contains_paid_content":false,"footnotes":"","jetpack_publicize_message":"","jetpack_publicize_feature_enabled":true,"jetpack_social_post_already_shared":true,"jetpack_social_options":{"image_generator_settings":{"template":"highway","default_image_id":0,"font":"","enabled":false},"version":2},"_wpas_customize_per_network":false,"jetpack_post_was_ever_published":false},"categories":[688324445,688378176],"tags":[],"class_list":["post-3051","post","type-post","status-publish","format-standard","has-post-thumbnail","hentry","category-chargers-charging-guide","category-commercial-chargers-charging-guide-chargers-charging-guide"],"jetpack_publicize_connections":[],"featured_image_urls":{"full":["https:\/\/evhnews.com\/wp-content\/uploads\/2020\/02\/Daimler-opens-new-charging-park-for-electric-commercial-vehicles-at-the-Stuttgart-Untert\u00fcrkheim-headquarters-2.jpg",800,534,false],"thumbnail":["https:\/\/evhnews.com\/wp-content\/uploads\/2020\/02\/Daimler-opens-new-charging-park-for-electric-commercial-vehicles-at-the-Stuttgart-Untert\u00fcrkheim-headquarters-2-150x150.jpg",150,150,true],"medium":["https:\/\/evhnews.com\/wp-content\/uploads\/2020\/02\/Daimler-opens-new-charging-park-for-electric-commercial-vehicles-at-the-Stuttgart-Untert\u00fcrkheim-headquarters-2-300x200.jpg",300,200,true],"medium_large":["https:\/\/evhnews.com\/wp-content\/uploads\/2020\/02\/Daimler-opens-new-charging-park-for-electric-commercial-vehicles-at-the-Stuttgart-Untert\u00fcrkheim-headquarters-2-768x513.jpg",640,428,true],"large":["https:\/\/evhnews.com\/wp-content\/uploads\/2020\/02\/Daimler-opens-new-charging-park-for-electric-commercial-vehicles-at-the-Stuttgart-Untert\u00fcrkheim-headquarters-2.jpg",640,427,false],"1536x1536":["https:\/\/evhnews.com\/wp-content\/uploads\/2020\/02\/Daimler-opens-new-charging-park-for-electric-commercial-vehicles-at-the-Stuttgart-Untert\u00fcrkheim-headquarters-2.jpg",800,534,false],"2048x2048":["https:\/\/evhnews.com\/wp-content\/uploads\/2020\/02\/Daimler-opens-new-charging-park-for-electric-commercial-vehicles-at-the-Stuttgart-Untert\u00fcrkheim-headquarters-2.jpg",800,534,false],"trp-custom-language-flag":["https:\/\/evhnews.com\/wp-content\/uploads\/2020\/02\/Daimler-opens-new-charging-park-for-electric-commercial-vehicles-at-the-Stuttgart-Untert\u00fcrkheim-headquarters-2.jpg",18,12,false],"newspack-article-block-landscape-large":["https:\/\/evhnews.com\/wp-content\/uploads\/2020\/02\/Daimler-opens-new-charging-park-for-electric-commercial-vehicles-at-the-Stuttgart-Untert\u00fcrkheim-headquarters-2.jpg",800,534,false],"newspack-article-block-portrait-large":["https:\/\/evhnews.com\/wp-content\/uploads\/2020\/02\/Daimler-opens-new-charging-park-for-electric-commercial-vehicles-at-the-Stuttgart-Untert\u00fcrkheim-headquarters-2.jpg",800,534,false],"newspack-article-block-square-large":["https:\/\/evhnews.com\/wp-content\/uploads\/2020\/02\/Daimler-opens-new-charging-park-for-electric-commercial-vehicles-at-the-Stuttgart-Untert\u00fcrkheim-headquarters-2.jpg",800,534,false],"newspack-article-block-landscape-medium":["https:\/\/evhnews.com\/wp-content\/uploads\/2020\/02\/Daimler-opens-new-charging-park-for-electric-commercial-vehicles-at-the-Stuttgart-Untert\u00fcrkheim-headquarters-2.jpg",800,534,false],"newspack-article-block-portrait-medium":["https:\/\/evhnews.com\/wp-content\/uploads\/2020\/02\/Daimler-opens-new-charging-park-for-electric-commercial-vehicles-at-the-Stuttgart-Untert\u00fcrkheim-headquarters-2-600x534.jpg",600,534,true],"newspack-article-block-square-medium":["https:\/\/evhnews.com\/wp-content\/uploads\/2020\/02\/Daimler-opens-new-charging-park-for-electric-commercial-vehicles-at-the-Stuttgart-Untert\u00fcrkheim-headquarters-2.jpg",800,534,false],"newspack-article-block-landscape-intermediate":["https:\/\/evhnews.com\/wp-content\/uploads\/2020\/02\/Daimler-opens-new-charging-park-for-electric-commercial-vehicles-at-the-Stuttgart-Untert\u00fcrkheim-headquarters-2.jpg",600,401,false],"newspack-article-block-portrait-intermediate":["https:\/\/evhnews.com\/wp-content\/uploads\/2020\/02\/Daimler-opens-new-charging-park-for-electric-commercial-vehicles-at-the-Stuttgart-Untert\u00fcrkheim-headquarters-2.jpg",450,300,false],"newspack-article-block-square-intermediate":["https:\/\/evhnews.com\/wp-content\/uploads\/2020\/02\/Daimler-opens-new-charging-park-for-electric-commercial-vehicles-at-the-Stuttgart-Untert\u00fcrkheim-headquarters-2.jpg",600,401,false],"newspack-article-block-landscape-small":["https:\/\/evhnews.com\/wp-content\/uploads\/2020\/02\/Daimler-opens-new-charging-park-for-electric-commercial-vehicles-at-the-Stuttgart-Untert\u00fcrkheim-headquarters-2-400x300.jpg",400,300,true],"newspack-article-block-portrait-small":["https:\/\/evhnews.com\/wp-content\/uploads\/2020\/02\/Daimler-opens-new-charging-park-for-electric-commercial-vehicles-at-the-Stuttgart-Untert\u00fcrkheim-headquarters-2-300x400.jpg",300,400,true],"newspack-article-block-square-small":["https:\/\/evhnews.com\/wp-content\/uploads\/2020\/02\/Daimler-opens-new-charging-park-for-electric-commercial-vehicles-at-the-Stuttgart-Untert\u00fcrkheim-headquarters-2-400x400.jpg",400,400,true],"newspack-article-block-landscape-tiny":["https:\/\/evhnews.com\/wp-content\/uploads\/2020\/02\/Daimler-opens-new-charging-park-for-electric-commercial-vehicles-at-the-Stuttgart-Untert\u00fcrkheim-headquarters-2-200x150.jpg",200,150,true],"newspack-article-block-portrait-tiny":["https:\/\/evhnews.com\/wp-content\/uploads\/2020\/02\/Daimler-opens-new-charging-park-for-electric-commercial-vehicles-at-the-Stuttgart-Untert\u00fcrkheim-headquarters-2-150x200.jpg",150,200,true],"newspack-article-block-square-tiny":["https:\/\/evhnews.com\/wp-content\/uploads\/2020\/02\/Daimler-opens-new-charging-park-for-electric-commercial-vehicles-at-the-Stuttgart-Untert\u00fcrkheim-headquarters-2-200x200.jpg",200,200,true],"newspack-article-block-uncropped":["https:\/\/evhnews.com\/wp-content\/uploads\/2020\/02\/Daimler-opens-new-charging-park-for-electric-commercial-vehicles-at-the-Stuttgart-Untert\u00fcrkheim-headquarters-2.jpg",800,534,false],"enternews-featured":["https:\/\/evhnews.com\/wp-content\/uploads\/2020\/02\/Daimler-opens-new-charging-park-for-electric-commercial-vehicles-at-the-Stuttgart-Untert\u00fcrkheim-headquarters-2.jpg",800,534,false],"enternews-medium":["https:\/\/evhnews.com\/wp-content\/uploads\/2020\/02\/Daimler-opens-new-charging-park-for-electric-commercial-vehicles-at-the-Stuttgart-Untert\u00fcrkheim-headquarters-2.jpg",712,475,false],"enternews-thumbnail":["https:\/\/evhnews.com\/wp-content\/uploads\/2020\/02\/Daimler-opens-new-charging-park-for-electric-commercial-vehicles-at-the-Stuttgart-Untert\u00fcrkheim-headquarters-2.jpg",472,315,false],"tenweb_optimizer_mobile":["https:\/\/evhnews.com\/wp-content\/uploads\/2020\/02\/Daimler-opens-new-charging-park-for-electric-commercial-vehicles-at-the-Stuttgart-Untert\u00fcrkheim-headquarters-2.jpg",600,401,false],"tenweb_optimizer_tablet":["https:\/\/evhnews.com\/wp-content\/uploads\/2020\/02\/Daimler-opens-new-charging-park-for-electric-commercial-vehicles-at-the-Stuttgart-Untert\u00fcrkheim-headquarters-2.jpg",768,513,false]},"author_info":{"display_name":"EVHNews","author_link":"https:\/\/evhnews.com\/ko\/author\/evhnews\/"},"category_info":"<a href=\"https:\/\/evhnews.com\/ko\/category\/%ec%b6%a9%ec%a0%84%ea%b8%b0-%ec%b6%a9%ec%a0%84-%ea%b0%80%ec%9d%b4%eb%93%9c\/\" rel=\"category tag\">Chargers &amp; Charging<\/a> <a href=\"https:\/\/evhnews.com\/ko\/category\/%ec%b6%a9%ec%a0%84%ea%b8%b0-%ec%b6%a9%ec%a0%84-%ea%b0%80%ec%9d%b4%eb%93%9c\/%ec%83%81%ec%97%85%ec%9a%a9-%ec%b6%a9%ec%a0%84%ea%b8%b0-%ec%b6%a9%ec%a0%84-%ea%b0%80%ec%9d%b4%eb%93%9c-%ec%b6%a9%ec%a0%84%ea%b8%b0-%ec%b6%a9%ec%a0%84-%ea%b0%80%ec%9d%b4%eb%93%9c\/\" rel=\"category tag\">Commercial Truck<\/a>","tag_info":"Commercial Truck","comment_count":"0","jetpack_featured_media_url":"https:\/\/evhnews.com\/wp-content\/uploads\/2020\/02\/Daimler-opens-new-charging-park-for-electric-commercial-vehicles-at-the-Stuttgart-Untert\u00fcrkheim-headquarters-2.jpg","jetpack_likes_enabled":true,"jetpack_sharing_enabled":true,"jetpack_shortlink":"https:\/\/wp.me\/pbbbdx-Nd","amp_enabled":true,"_links":{"self":[{"href":"https:\/\/evhnews.com\/ko\/wp-json\/wp\/v2\/posts\/3051","targetHints":{"allow":["GET"]}}],"collection":[{"href":"https:\/\/evhnews.com\/ko\/wp-json\/wp\/v2\/posts"}],"about":[{"href":"https:\/\/evhnews.com\/ko\/wp-json\/wp\/v2\/types\/post"}],"author":[{"embeddable":true,"href":"https:\/\/evhnews.com\/ko\/wp-json\/wp\/v2\/users\/165558846"}],"replies":[{"embeddable":true,"href":"https:\/\/evhnews.com\/ko\/wp-json\/wp\/v2\/comments?post=3051"}],"version-history":[{"count":3,"href":"https:\/\/evhnews.com\/ko\/wp-json\/wp\/v2\/posts\/3051\/revisions"}],"predecessor-version":[{"id":3057,"href":"https:\/\/evhnews.com\/ko\/wp-json\/wp\/v2\/posts\/3051\/revisions\/3057"}],"wp:featuredmedia":[{"embeddable":true,"href":"https:\/\/evhnews.com\/ko\/wp-json\/wp\/v2\/media\/3052"}],"wp:attachment":[{"href":"https:\/\/evhnews.com\/ko\/wp-json\/wp\/v2\/media?parent=3051"}],"wp:term":[{"taxonomy":"category","embeddable":true,"href":"https:\/\/evhnews.com\/ko\/wp-json\/wp\/v2\/categories?post=3051"},{"taxonomy":"post_tag","embeddable":true,"href":"https:\/\/evhnews.com\/ko\/wp-json\/wp\/v2\/tags?post=3051"}],"curies":[{"name":"wp","href":"https:\/\/api.w.org\/{rel}","templated":true}]}}