{"id":11353,"date":"2025-01-02T18:28:12","date_gmt":"2025-01-03T02:28:12","guid":{"rendered":"https:\/\/evhnews.com\/?p=11353"},"modified":"2025-01-03T18:36:46","modified_gmt":"2025-01-04T02:36:46","slug":"dwa-prototypowe-modele-hondy-serii-0-beda-mialy-swoja-premiere-na-targach-ces-2025","status":"publish","type":"post","link":"https:\/\/evhnews.com\/pl\/2025\/01\/02\/dwa-prototypowe-modele-hondy-serii-0-beda-mialy-swoja-premiere-na-targach-ces-2025\/","title":{"rendered":"Dwa prototypowe modele Hondy serii 0 b\u0119d\u0105 mia\u0142y premier\u0119 na targach CES 2025"},"content":{"rendered":"<p>Honda og\u0142osi\u0142a, \u017ce na targach CES 2025 zaprezentuje dwa nowe prototypy pojazd\u00f3w elektrycznych. Prototypy reprezentuj\u0105 kolejne modele Hondy serii 0, kt\u00f3re pojawi\u0105 si\u0119 na globalnym rynku w 2026 roku. Honda zaprezentuje r\u00f3wnie\u017c nowy, zastrze\u017cony system operacyjny pojazdu (OS), kt\u00f3ry zostanie zastosowany w modelach Hondy serii 0. Konferencja prasowa Honda CES 2025 odb\u0119dzie si\u0119 7 stycznia o godzinie 10:30 czasu PT w Las Vegas.<\/p>\n<p>W styczniu na targach CES 2024 Honda zaprezentowa\u0142a premierowo Hond\u0119 serii 0 i jej podej\u015bcie do rozwoju \"Thin, Light and Wise\". Na targach CES 2025 Honda przedstawi dalsze szczeg\u00f3\u0142y dotycz\u0105ce tego podej\u015bcia, koncentruj\u0105c si\u0119 na warto\u015bci \"Wise\". Honda zaprezentuje nowy system operacyjny pojazdu i technologie zautomatyzowanej jazdy, kt\u00f3re b\u0119d\u0105 dost\u0119pne w modelach Hondy serii 0. Ponadto Honda przedstawi przegl\u0105d uk\u0142adu SoC (System on Chip), kt\u00f3ry b\u0119dzie obs\u0142ugiwa\u0142 modele Hondy serii 0, a tak\u017ce Software Defined Vehicles (SDV), kt\u00f3ry jest podstaw\u0105 warto\u015bci \"Wise\".<\/p>\n<p>Honda planuje r\u00f3wnie\u017c wprowadzenie nowej us\u0142ugi energetycznej, kt\u00f3ra ma zosta\u0107 uruchomiona wraz z modelami Hondy serii 0, w ramach inicjatyw zmierzaj\u0105cych do osi\u0105gni\u0119cia neutralno\u015bci w\u0119glowej.<\/p>\n<p>... notatki od SP<\/p>\n<p>#EVHNews, #CES 2025, #Honda 0, #EV Prototypes,<\/p>","protected":false},"excerpt":{"rendered":"<p>Honda announced that it will unveil two dramatic new EV prototypes at CES 2025. The&#8230;<\/p>","protected":false},"author":165558846,"featured_media":11355,"comment_status":"open","ping_status":"open","sticky":false,"template":"","format":"standard","meta":{"_coblocks_attr":"","_coblocks_dimensions":"","_coblocks_responsive_height":"","_coblocks_accordion_ie_support":"","_crdt_document":"","advanced_seo_description":"","jetpack_seo_html_title":"","jetpack_seo_noindex":false,"_jetpack_newsletter_access":"","_jetpack_dont_email_post_to_subs":false,"_jetpack_newsletter_tier_id":0,"_jetpack_memberships_contains_paywalled_content":false,"two_page_speed":[],"_jetpack_memberships_contains_paid_content":false,"footnotes":"","jetpack_publicize_message":"","jetpack_publicize_feature_enabled":true,"jetpack_social_post_already_shared":true,"jetpack_social_options":{"image_generator_settings":{"template":"highway","default_image_id":0,"font":"","enabled":false},"version":2},"_wpas_customize_per_network":false,"jetpack_post_was_ever_published":false},"categories":[197443],"tags":[688387405,688387407,688386225,688387406],"class_list":["post-11353","post","type-post","status-publish","format-standard","has-post-thumbnail","hentry","category-electric-vehicles","tag-ces-2025","tag-ev-prototypes","tag-evhnews-2","tag-honda-0"],"jetpack_publicize_connections":[],"featured_image_urls":{"full":["https:\/\/evhnews.com\/wp-content\/uploads\/2025\/01\/Two-Honda-0-Series-Prototype-Models-to-Premiere-at-CES-2025-e1735957979212.webp",1920,1080,false],"thumbnail":["https:\/\/evhnews.com\/wp-content\/uploads\/2025\/01\/Two-Honda-0-Series-Prototype-Models-to-Premiere-at-CES-2025-150x150.jpg?crop=1",150,150,true],"medium":["https:\/\/evhnews.com\/wp-content\/uploads\/2025\/01\/Two-Honda-0-Series-Prototype-Models-to-Premiere-at-CES-2025-300x169.jpg",300,169,true],"medium_large":["https:\/\/evhnews.com\/wp-content\/uploads\/2025\/01\/Two-Honda-0-Series-Prototype-Models-to-Premiere-at-CES-2025-768x432.jpg",640,360,true],"large":["https:\/\/evhnews.com\/wp-content\/uploads\/2025\/01\/Two-Honda-0-Series-Prototype-Models-to-Premiere-at-CES-2025-1024x576.jpg",640,360,true],"1536x1536":["https:\/\/evhnews.com\/wp-content\/uploads\/2025\/01\/Two-Honda-0-Series-Prototype-Models-to-Premiere-at-CES-2025-1536x864.jpg",1536,864,true],"2048x2048":["https:\/\/evhnews.com\/wp-content\/uploads\/2025\/01\/Two-Honda-0-Series-Prototype-Models-to-Premiere-at-CES-2025-2048x1152.jpg",2048,1152,true],"trp-custom-language-flag":["https:\/\/evhnews.com\/wp-content\/uploads\/2025\/01\/Two-Honda-0-Series-Prototype-Models-to-Premiere-at-CES-2025-18x10.jpg",18,10,true],"newspack-article-block-landscape-large":["https:\/\/evhnews.com\/wp-content\/uploads\/2025\/01\/Two-Honda-0-Series-Prototype-Models-to-Premiere-at-CES-2025-e1735957979212.webp",1200,675,false],"newspack-article-block-portrait-large":["https:\/\/evhnews.com\/wp-content\/uploads\/2025\/01\/Two-Honda-0-Series-Prototype-Models-to-Premiere-at-CES-2025-e1735957979212.webp",900,506,false],"newspack-article-block-square-large":["https:\/\/evhnews.com\/wp-content\/uploads\/2025\/01\/Two-Honda-0-Series-Prototype-Models-to-Premiere-at-CES-2025-e1735957979212.webp",1200,675,false],"newspack-article-block-landscape-medium":["https:\/\/evhnews.com\/wp-content\/uploads\/2025\/01\/Two-Honda-0-Series-Prototype-Models-to-Premiere-at-CES-2025-e1735957979212.webp",800,450,false],"newspack-article-block-portrait-medium":["https:\/\/evhnews.com\/wp-content\/uploads\/2025\/01\/Two-Honda-0-Series-Prototype-Models-to-Premiere-at-CES-2025-e1735957979212.webp",600,338,false],"newspack-article-block-square-medium":["https:\/\/evhnews.com\/wp-content\/uploads\/2025\/01\/Two-Honda-0-Series-Prototype-Models-to-Premiere-at-CES-2025-e1735957979212.webp",800,450,false],"newspack-article-block-landscape-intermediate":["https:\/\/evhnews.com\/wp-content\/uploads\/2025\/01\/Two-Honda-0-Series-Prototype-Models-to-Premiere-at-CES-2025-e1735957979212.webp",600,338,false],"newspack-article-block-portrait-intermediate":["https:\/\/evhnews.com\/wp-content\/uploads\/2025\/01\/Two-Honda-0-Series-Prototype-Models-to-Premiere-at-CES-2025-e1735957979212.webp",450,253,false],"newspack-article-block-square-intermediate":["https:\/\/evhnews.com\/wp-content\/uploads\/2025\/01\/Two-Honda-0-Series-Prototype-Models-to-Premiere-at-CES-2025-e1735957979212.webp",600,338,false],"newspack-article-block-landscape-small":["https:\/\/evhnews.com\/wp-content\/uploads\/2025\/01\/Two-Honda-0-Series-Prototype-Models-to-Premiere-at-CES-2025-e1735957979212.webp",400,225,false],"newspack-article-block-portrait-small":["https:\/\/evhnews.com\/wp-content\/uploads\/2025\/01\/Two-Honda-0-Series-Prototype-Models-to-Premiere-at-CES-2025-e1735957979212.webp",300,169,false],"newspack-article-block-square-small":["https:\/\/evhnews.com\/wp-content\/uploads\/2025\/01\/Two-Honda-0-Series-Prototype-Models-to-Premiere-at-CES-2025-e1735957979212.webp",400,225,false],"newspack-article-block-landscape-tiny":["https:\/\/evhnews.com\/wp-content\/uploads\/2025\/01\/Two-Honda-0-Series-Prototype-Models-to-Premiere-at-CES-2025-e1735957979212.webp",200,113,false],"newspack-article-block-portrait-tiny":["https:\/\/evhnews.com\/wp-content\/uploads\/2025\/01\/Two-Honda-0-Series-Prototype-Models-to-Premiere-at-CES-2025-e1735957979212.webp",150,84,false],"newspack-article-block-square-tiny":["https:\/\/evhnews.com\/wp-content\/uploads\/2025\/01\/Two-Honda-0-Series-Prototype-Models-to-Premiere-at-CES-2025-e1735957979212.webp",200,113,false],"newspack-article-block-uncropped":["https:\/\/evhnews.com\/wp-content\/uploads\/2025\/01\/Two-Honda-0-Series-Prototype-Models-to-Premiere-at-CES-2025-e1735957979212.webp",1200,675,false],"enternews-featured":["https:\/\/evhnews.com\/wp-content\/uploads\/2025\/01\/Two-Honda-0-Series-Prototype-Models-to-Premiere-at-CES-2025-1024x576.jpg",1024,576,true],"enternews-medium":["https:\/\/evhnews.com\/wp-content\/uploads\/2025\/01\/Two-Honda-0-Series-Prototype-Models-to-Premiere-at-CES-2025-720x475.jpg?crop=1",720,475,true],"enternews-thumbnail":["https:\/\/evhnews.com\/wp-content\/uploads\/2025\/01\/Two-Honda-0-Series-Prototype-Models-to-Premiere-at-CES-2025-480x315.jpg?crop=1",480,315,true],"tenweb_optimizer_mobile":["https:\/\/evhnews.com\/wp-content\/uploads\/2025\/01\/Two-Honda-0-Series-Prototype-Models-to-Premiere-at-CES-2025-600x338.jpg",600,338,true],"tenweb_optimizer_tablet":["https:\/\/evhnews.com\/wp-content\/uploads\/2025\/01\/Two-Honda-0-Series-Prototype-Models-to-Premiere-at-CES-2025-768x432.jpg",768,432,true]},"author_info":{"display_name":"EVHNews","author_link":"https:\/\/evhnews.com\/pl\/author\/evhnews\/"},"category_info":"<a href=\"https:\/\/evhnews.com\/pl\/category\/pojazdy-elektryczne\/\" rel=\"category tag\">Electric Automotive Vehicles<\/a>","tag_info":"Electric Automotive Vehicles","comment_count":"0","jetpack_featured_media_url":"https:\/\/evhnews.com\/wp-content\/uploads\/2025\/01\/Two-Honda-0-Series-Prototype-Models-to-Premiere-at-CES-2025-e1735957979212.webp","jetpack_likes_enabled":true,"jetpack_sharing_enabled":true,"jetpack_shortlink":"https:\/\/wp.me\/pbbbdx-2X7","amp_enabled":true,"_links":{"self":[{"href":"https:\/\/evhnews.com\/pl\/wp-json\/wp\/v2\/posts\/11353","targetHints":{"allow":["GET"]}}],"collection":[{"href":"https:\/\/evhnews.com\/pl\/wp-json\/wp\/v2\/posts"}],"about":[{"href":"https:\/\/evhnews.com\/pl\/wp-json\/wp\/v2\/types\/post"}],"author":[{"embeddable":true,"href":"https:\/\/evhnews.com\/pl\/wp-json\/wp\/v2\/users\/165558846"}],"replies":[{"embeddable":true,"href":"https:\/\/evhnews.com\/pl\/wp-json\/wp\/v2\/comments?post=11353"}],"version-history":[{"count":2,"href":"https:\/\/evhnews.com\/pl\/wp-json\/wp\/v2\/posts\/11353\/revisions"}],"predecessor-version":[{"id":11356,"href":"https:\/\/evhnews.com\/pl\/wp-json\/wp\/v2\/posts\/11353\/revisions\/11356"}],"wp:featuredmedia":[{"embeddable":true,"href":"https:\/\/evhnews.com\/pl\/wp-json\/wp\/v2\/media\/11355"}],"wp:attachment":[{"href":"https:\/\/evhnews.com\/pl\/wp-json\/wp\/v2\/media?parent=11353"}],"wp:term":[{"taxonomy":"category","embeddable":true,"href":"https:\/\/evhnews.com\/pl\/wp-json\/wp\/v2\/categories?post=11353"},{"taxonomy":"post_tag","embeddable":true,"href":"https:\/\/evhnews.com\/pl\/wp-json\/wp\/v2\/tags?post=11353"}],"curies":[{"name":"wp","href":"https:\/\/api.w.org\/{rel}","templated":true}]}}