{"id":1151,"date":"2019-11-20T19:44:05","date_gmt":"2019-11-21T03:44:05","guid":{"rendered":"https:\/\/evhnews.com\/?p=1151"},"modified":"2019-12-17T13:29:28","modified_gmt":"2019-12-17T21:29:28","slug":"jest-to-pierwszy-e-sportowiec-ktory-wezmie-udzial-w-wyscigach-lotniczych-e","status":"publish","type":"post","link":"https:\/\/evhnews.com\/pl\/2019\/11\/20\/jest-to-pierwszy-e-sportowiec-ktory-wezmie-udzial-w-wyscigach-lotniczych-e\/","title":{"rendered":"This Is The First e-Racer Set To Compete In Air Race E"},"content":{"rendered":"<p style=\"text-align: center;\"><span style=\"font-size: small;\"><em>To pierwszy e-Racer, kt\u00f3ry we\u017amie udzia\u0142 w wy\u015bcigu Air Race E. Zdj\u0119cie: Airbus Media<\/em><\/span><\/p>\n<p><strong>This Is The First e-Racer Set To Compete In Air Race E<\/strong><\/p>\n<p>Zwyci\u0119ski samolot z wy\u015bcig\u00f3w lotniczych z lat 90. zosta\u0142 przekszta\u0142cony w e-racer.<\/p>\n<p style=\"text-align: center;\"><img fetchpriority=\"high\" decoding=\"async\" data-attachment-id=\"1154\" data-permalink=\"https:\/\/evhnews.com\/pl\/2019\/11\/20\/jest-to-pierwszy-e-sportowiec-ktory-wezmie-udzial-w-wyscigach-lotniczych-e\/white-lightning-bob-winsper-offering-the-canopy\/\" data-orig-file=\"https:\/\/evhnews.com\/wp-content\/uploads\/2019\/12\/white-lightning-Bob-Winsper-offering-the-canopy.jpg\" data-orig-size=\"800,540\" data-comments-opened=\"1\" data-image-meta=\"{&quot;aperture&quot;:&quot;0&quot;,&quot;credit&quot;:&quot;&quot;,&quot;camera&quot;:&quot;&quot;,&quot;caption&quot;:&quot;&quot;,&quot;created_timestamp&quot;:&quot;0&quot;,&quot;copyright&quot;:&quot;&quot;,&quot;focal_length&quot;:&quot;0&quot;,&quot;iso&quot;:&quot;0&quot;,&quot;shutter_speed&quot;:&quot;0&quot;,&quot;title&quot;:&quot;&quot;,&quot;orientation&quot;:&quot;1&quot;}\" data-image-title=\"white-lightning-Bob-Winsper-offering-the-canopy\" data-image-description=\"\" data-image-caption=\"\" data-large-file=\"https:\/\/evhnews.com\/wp-content\/uploads\/2019\/12\/white-lightning-Bob-Winsper-offering-the-canopy.jpg\" class=\"alignnone size-full wp-image-1154\" src=\"https:\/\/evhnews.com\/wp-content\/uploads\/2019\/12\/white-lightning-Bob-Winsper-offering-the-canopy.jpg\" alt=\"white-lightning-Bob-Winsper-offering-the-canopy\" width=\"800\" height=\"540\" srcset=\"https:\/\/evhnews.com\/wp-content\/uploads\/2019\/12\/white-lightning-Bob-Winsper-offering-the-canopy.jpg 800w, https:\/\/evhnews.com\/wp-content\/uploads\/2019\/12\/white-lightning-Bob-Winsper-offering-the-canopy-300x203.jpg 300w, https:\/\/evhnews.com\/wp-content\/uploads\/2019\/12\/white-lightning-Bob-Winsper-offering-the-canopy-768x518.jpg 768w\" sizes=\"(max-width: 800px) 100vw, 800px\" \/><span style=\"font-size: small;\"><em>White Lightning \u0179r\u00f3d\u0142o zdj\u0119cia: Airbus Media<\/em><\/span><\/p>\n<p>Model e-racer od Team Condor Aviation to modernizacja zwyci\u0119skiego samolotu \"White Lightning\" z wy\u015bcig\u00f3w Formu\u0142y 1 z lat 80. i 90. ubieg\u0142ego wieku. Dubai Air Show 2019 to pierwszy publiczny wyst\u0119p e-racera w oczekiwaniu na inauguracyjne zawody serii wy\u015bcigowej Air Race E.<\/p>\n<p><strong>\u00a0<\/strong>By\u0142 rok 1979. W warsztacie konstruktora w Midlands, w Wielkiej Brytanii, standardowy samolot Cassutt by\u0142 przekszta\u0142cany od nosa do ogona. Cel? Zbudowanie maszyny wy\u015bcigowej, kt\u00f3ra mog\u0142aby konkurowa\u0107 w wy\u015bcigach Formu\u0142y 1. W 1980 roku rekonstrukcja zosta\u0142a zako\u0144czona, a nowy samolot, nazwany \"White Lightning\", zosta\u0142 wprowadzony na tor wy\u015bcig\u00f3w lotniczych przez jego w\u0142a\u015bciciela-pilota Andrew Chadwicka.<\/p>\n<p>W latach 80. i 90. White Lightning \u015bciga\u0142 si\u0119 zar\u00f3wno w wy\u015bcigach handicapowych, jak i w wy\u015bcigach formu\u0142y pierwszej - w sumie w kilku wy\u015bcigach rocznie. Chadwick wprowadzi\u0142 wy\u015bcigi powietrzne do Europy kontynentalnej, podr\u00f3\u017cuj\u0105c z White Lightning do miejsc takich jak Epernay we Francji i Freiburg w Niemczech. W Compi\u00e8gne we Francji White Lightning osi\u0105gn\u0105\u0142 nowy poziom s\u0142awy, gdy go\u0142\u0105b przelecia\u0142 przez jego skrzyd\u0142o od g\u00f3ry do do\u0142u!<\/p>\n<p>Pod koniec dw\u00f3ch ekscytuj\u0105cych dekad w wy\u015bcigach lotniczych, White Lightning zosta\u0142 dwukrotnie mistrzem - w Meaux we Francji i w Rochester w Wielkiej Brytanii - po czym przeszed\u0142 na emerytur\u0119. Ale to nie trwa\u0142o d\u0142ugo: nowe \u017cycie po cichu unosi\u0142o si\u0119 na horyzoncie.<\/p>\n<p><strong>Powt\u00f3rka z historii dla zawodnika znanego wcze\u015bniej jako White Lightning?<\/strong><\/p>\n<p>Dzi\u015b panuje nadzieja, \u017ce wy\u015bcig\u00f3wka znana wcze\u015bniej jako White Lightning powt\u00f3rzy swoj\u0105 zwyci\u0119sk\u0105 histori\u0119, ale w zupe\u0142nie innym formacie.<\/p>\n<p>Martyn Wiseman, prowadz\u0105cy z <a href=\"https:\/\/www.airbus.com\/newsroom\/stories\/from-existing-sport-plane-to-e-racing-machine.html\">Team Condor Aviation<\/a>przej\u0105\u0142 na w\u0142asno\u015b\u0107 White Lightning - starszy model Cassutt, ale wci\u0105\u017c bardzo popularny w tradycyjnych wy\u015bcigach lotniczych Formu\u0142y 1. Model ma p\u0142atowiec sk\u0142adaj\u0105cy si\u0119 ze spawanego kad\u0142uba z rur stalowych i drewnianych skrzyde\u0142 pokrytych tkanin\u0105. Zbiornik paliwa zosta\u0142 umieszczony za silnikiem, podobnie jak w wielu innych samolotach.<\/p>\n<p>W ramach modernizacji dla Air Race E, Team Condor Aviation ca\u0142kowicie wypatroszy\u0142 silnik t\u0142okowy i zamieni\u0142 go na dwusilnikowy, przeciwbie\u017cny uk\u0142ad nap\u0119dowy Contra-Electric, kt\u00f3ry zapewnia ci\u0105g\u0142\u0105 moc elektryczn\u0105. Zbiornik paliwa zosta\u0142 zast\u0105piony akumulatorem o pojemno\u015bci ~20 kWh.<\/p>\n<p>Dla Martyna i jego zespo\u0142u g\u0142\u00f3wnym wyzwaniem in\u017cynieryjnym zwi\u0105zanym z modernizacj\u0105 jest znalezienie w\u0142a\u015bciwej r\u00f3wnowagi mi\u0119dzy mas\u0105 a rozk\u0142adem mocy. W szczeg\u00f3lno\u015bci silnik elektryczny ma potencja\u0142 stosunkowo wysokiego stosunku mocy do masy w por\u00f3wnaniu z oryginalnym silnikiem t\u0142okowym.<\/p>\n<p>\"Pierwszym krokiem jest modernizacja samolotu za pomoc\u0105 dost\u0119pnych na rynku komponent\u00f3w, aby spr\u00f3bowa\u0107 odtworzy\u0107 oryginalne osi\u0105gi\" - wyja\u015bnia Martyn. \"W drugim kroku zaprojektujemy niestandardowy uk\u0142ad nap\u0119dowy, aby samolot by\u0142 gotowy do wy\u015bcig\u00f3w\".<\/p>\n<p><strong>\u00a0<\/strong><strong>Specyfikacja techniczna<\/strong><\/p>\n<p>Moc: 150 kW (maks. ci\u0105g\u0142a)<\/p>\n<p>Bateria: ~20 kWh<\/p>\n<p>Typ samolotu: Cassutt Racer (zmodyfikowany)<\/p>\n<p>Typ silnika: W pe\u0142ni elektryczny<\/p>\n<p>Rozpi\u0119to\u015b\u0107 skrzyde\u0142: 4,6 metra<\/p>\n<p>Rozpi\u0119to\u015b\u0107 ogona: 4 metry<\/p>\n<p>Waga: 375 kg<\/p>\n<p><strong>Wykorzystanie stymuluj\u0105cego efektu zawod\u00f3w sportowych<\/strong><\/p>\n<p>Podobnie jak Team Condor Aviation, inne zespo\u0142y zapisane do Air Race E opracowuj\u0105 obecnie w\u0142asne samoloty, wykorzystuj\u0105c istniej\u0105ce ramy lotnicze lub od podstaw.<\/p>\n<p>Podej\u015bcie to jest ca\u0142kowicie zgodne z kultur\u0105 wy\u015bcig\u00f3w lotniczych, w kt\u00f3rych zespo\u0142y s\u0105 mocno zaanga\u017cowane w projektowanie i budow\u0119 samolot\u00f3w. W rzeczywisto\u015bci obecne zespo\u0142y - od profesjonalnych in\u017cynier\u00f3w i student\u00f3w in\u017cynierii lotniczej po hobbyst\u00f3w - b\u0119d\u0105 mog\u0142y swobodnie budowa\u0107 i lata\u0107 w\u0142asnymi projektami, o ile b\u0119d\u0105 one zgodne ze specyfikacjami okre\u015blonymi przez Air Race E. Specyfikacje te dotycz\u0105 r\u00f3\u017cnych cech - w tym mi\u0119dzy innymi powierzchni skrzyde\u0142, maksymalnej mocy znamionowej i pojemno\u015bci baterii.<\/p>\n<p>Ostatecznie, produktem ko\u0144cowym dla ka\u017cdego zespo\u0142u b\u0119dzie w pe\u0142ni elektryczny, sta\u0142op\u0142at z przednim silnikiem. Poniewa\u017c Air Race E ma taki sam uk\u0142ad trasy i konfiguracj\u0119 o\u015bmiu okr\u0105\u017ce\u0144 jak tradycyjne wy\u015bcigi lotnicze, samoloty b\u0119d\u0105 musia\u0142y mie\u0107 podobny rozmiar i por\u00f3wnywalne osi\u0105gi do klasycznych samolot\u00f3w wy\u015bcigowych.<\/p>\n<p>\"Swoboda projektowania dozwolona w Air Race E powinna da\u0107 pocz\u0105tek kilku interesuj\u0105cym koncepcjom samolot\u00f3w elektrycznych\" - m\u00f3wi Jeff Zaltman, dyrektor generalny Air Race E. \"A galwanizuj\u0105cy efekt zawod\u00f3w sportowych powinien pom\u00f3c pchn\u0105\u0107 rozw\u00f3j technologii lot\u00f3w elektrycznych we w\u0142a\u015bciwym kierunku\".<\/p>\n<p><img decoding=\"async\" data-attachment-id=\"1178\" data-permalink=\"https:\/\/evhnews.com\/pl\/evhn-lighting-bolt-logo-square-100px-2\/\" data-orig-file=\"https:\/\/evhnews.com\/wp-content\/uploads\/2019\/12\/EVHN-Lighting-Bolt-Logo-Square-100px-1.jpg\" data-orig-size=\"100,100\" data-comments-opened=\"1\" data-image-meta=\"{&quot;aperture&quot;:&quot;0&quot;,&quot;credit&quot;:&quot;&quot;,&quot;camera&quot;:&quot;&quot;,&quot;caption&quot;:&quot;&quot;,&quot;created_timestamp&quot;:&quot;1575197468&quot;,&quot;copyright&quot;:&quot;&quot;,&quot;focal_length&quot;:&quot;0&quot;,&quot;iso&quot;:&quot;0&quot;,&quot;shutter_speed&quot;:&quot;0&quot;,&quot;title&quot;:&quot;&quot;,&quot;orientation&quot;:&quot;1&quot;}\" data-image-title=\"EVHN Lighting Bolt Logo &amp;#8211; Square &amp;#8211; 100px\" data-image-description=\"\" data-image-caption=\"\" data-large-file=\"https:\/\/evhnews.com\/wp-content\/uploads\/2019\/12\/EVHN-Lighting-Bolt-Logo-Square-100px-1.jpg\" class=\"alignnone size-full wp-image-1178\" src=\"https:\/\/evhnews.com\/wp-content\/uploads\/2019\/12\/EVHN-Lighting-Bolt-Logo-Square-100px-1.jpg\" alt=\"EVHN Lighting Bolt Logo - Square - 100px\" width=\"100\" height=\"100\" \/><\/p>","protected":false},"excerpt":{"rendered":"<p>This Is The First e-Racer Set To Compete In Air Race E. Image Credit: Airbus&#8230;<\/p>","protected":false},"author":165558846,"featured_media":1153,"comment_status":"open","ping_status":"open","sticky":false,"template":"","format":"standard","meta":{"_coblocks_attr":"","_coblocks_dimensions":"","_coblocks_responsive_height":"","_coblocks_accordion_ie_support":"","_crdt_document":"","advanced_seo_description":"This Is The First e-Racer Set To Compete In Air Race E","jetpack_seo_html_title":"","jetpack_seo_noindex":false,"_jetpack_newsletter_access":"","_jetpack_dont_email_post_to_subs":false,"_jetpack_newsletter_tier_id":0,"_jetpack_memberships_contains_paywalled_content":false,"two_page_speed":[],"_jetpack_memberships_contains_paid_content":false,"footnotes":"","jetpack_publicize_message":"","jetpack_publicize_feature_enabled":true,"jetpack_social_post_already_shared":true,"jetpack_social_options":{"image_generator_settings":{"template":"highway","default_image_id":0,"font":"","enabled":false},"version":2},"_wpas_customize_per_network":false,"jetpack_post_was_ever_published":false},"categories":[688324415],"tags":[],"class_list":["post-1151","post","type-post","status-publish","format-standard","has-post-thumbnail","hentry","category-electric-hybrid-aviation"],"jetpack_publicize_connections":[],"featured_image_urls":{"full":["https:\/\/evhnews.com\/wp-content\/uploads\/2019\/12\/This-is-the-first-e-racer-set-to-compete-in-Air-Race-E.jpg",800,558,false],"thumbnail":["https:\/\/evhnews.com\/wp-content\/uploads\/2019\/12\/This-is-the-first-e-racer-set-to-compete-in-Air-Race-E-150x150.jpg",150,150,true],"medium":["https:\/\/evhnews.com\/wp-content\/uploads\/2019\/12\/This-is-the-first-e-racer-set-to-compete-in-Air-Race-E-300x209.jpg",300,209,true],"medium_large":["https:\/\/evhnews.com\/wp-content\/uploads\/2019\/12\/This-is-the-first-e-racer-set-to-compete-in-Air-Race-E-768x536.jpg",640,447,true],"large":["https:\/\/evhnews.com\/wp-content\/uploads\/2019\/12\/This-is-the-first-e-racer-set-to-compete-in-Air-Race-E.jpg",640,446,false],"1536x1536":["https:\/\/evhnews.com\/wp-content\/uploads\/2019\/12\/This-is-the-first-e-racer-set-to-compete-in-Air-Race-E.jpg",800,558,false],"2048x2048":["https:\/\/evhnews.com\/wp-content\/uploads\/2019\/12\/This-is-the-first-e-racer-set-to-compete-in-Air-Race-E.jpg",800,558,false],"trp-custom-language-flag":["https:\/\/evhnews.com\/wp-content\/uploads\/2019\/12\/This-is-the-first-e-racer-set-to-compete-in-Air-Race-E.jpg",18,12,false],"newspack-article-block-landscape-large":["https:\/\/evhnews.com\/wp-content\/uploads\/2019\/12\/This-is-the-first-e-racer-set-to-compete-in-Air-Race-E.jpg",800,558,false],"newspack-article-block-portrait-large":["https:\/\/evhnews.com\/wp-content\/uploads\/2019\/12\/This-is-the-first-e-racer-set-to-compete-in-Air-Race-E.jpg",800,558,false],"newspack-article-block-square-large":["https:\/\/evhnews.com\/wp-content\/uploads\/2019\/12\/This-is-the-first-e-racer-set-to-compete-in-Air-Race-E.jpg",800,558,false],"newspack-article-block-landscape-medium":["https:\/\/evhnews.com\/wp-content\/uploads\/2019\/12\/This-is-the-first-e-racer-set-to-compete-in-Air-Race-E.jpg",800,558,false],"newspack-article-block-portrait-medium":["https:\/\/evhnews.com\/wp-content\/uploads\/2019\/12\/This-is-the-first-e-racer-set-to-compete-in-Air-Race-E.jpg",600,419,false],"newspack-article-block-square-medium":["https:\/\/evhnews.com\/wp-content\/uploads\/2019\/12\/This-is-the-first-e-racer-set-to-compete-in-Air-Race-E.jpg",800,558,false],"newspack-article-block-landscape-intermediate":["https:\/\/evhnews.com\/wp-content\/uploads\/2019\/12\/This-is-the-first-e-racer-set-to-compete-in-Air-Race-E.jpg",600,419,false],"newspack-article-block-portrait-intermediate":["https:\/\/evhnews.com\/wp-content\/uploads\/2019\/12\/This-is-the-first-e-racer-set-to-compete-in-Air-Race-E.jpg",450,314,false],"newspack-article-block-square-intermediate":["https:\/\/evhnews.com\/wp-content\/uploads\/2019\/12\/This-is-the-first-e-racer-set-to-compete-in-Air-Race-E.jpg",600,419,false],"newspack-article-block-landscape-small":["https:\/\/evhnews.com\/wp-content\/uploads\/2019\/12\/This-is-the-first-e-racer-set-to-compete-in-Air-Race-E.jpg",400,279,false],"newspack-article-block-portrait-small":["https:\/\/evhnews.com\/wp-content\/uploads\/2019\/12\/This-is-the-first-e-racer-set-to-compete-in-Air-Race-E.jpg",300,209,false],"newspack-article-block-square-small":["https:\/\/evhnews.com\/wp-content\/uploads\/2019\/12\/This-is-the-first-e-racer-set-to-compete-in-Air-Race-E.jpg",400,279,false],"newspack-article-block-landscape-tiny":["https:\/\/evhnews.com\/wp-content\/uploads\/2019\/12\/This-is-the-first-e-racer-set-to-compete-in-Air-Race-E.jpg",200,140,false],"newspack-article-block-portrait-tiny":["https:\/\/evhnews.com\/wp-content\/uploads\/2019\/12\/This-is-the-first-e-racer-set-to-compete-in-Air-Race-E.jpg",150,105,false],"newspack-article-block-square-tiny":["https:\/\/evhnews.com\/wp-content\/uploads\/2019\/12\/This-is-the-first-e-racer-set-to-compete-in-Air-Race-E.jpg",200,140,false],"newspack-article-block-uncropped":["https:\/\/evhnews.com\/wp-content\/uploads\/2019\/12\/This-is-the-first-e-racer-set-to-compete-in-Air-Race-E.jpg",800,558,false],"enternews-featured":["https:\/\/evhnews.com\/wp-content\/uploads\/2019\/12\/This-is-the-first-e-racer-set-to-compete-in-Air-Race-E.jpg",800,558,false],"enternews-medium":["https:\/\/evhnews.com\/wp-content\/uploads\/2019\/12\/This-is-the-first-e-racer-set-to-compete-in-Air-Race-E.jpg",681,475,false],"enternews-thumbnail":["https:\/\/evhnews.com\/wp-content\/uploads\/2019\/12\/This-is-the-first-e-racer-set-to-compete-in-Air-Race-E.jpg",452,315,false],"tenweb_optimizer_mobile":["https:\/\/evhnews.com\/wp-content\/uploads\/2019\/12\/This-is-the-first-e-racer-set-to-compete-in-Air-Race-E.jpg",600,419,false],"tenweb_optimizer_tablet":["https:\/\/evhnews.com\/wp-content\/uploads\/2019\/12\/This-is-the-first-e-racer-set-to-compete-in-Air-Race-E.jpg",768,536,false]},"author_info":{"display_name":"EVHNews","author_link":"https:\/\/evhnews.com\/pl\/author\/evhnews\/"},"category_info":"<a href=\"https:\/\/evhnews.com\/pl\/category\/lotnictwo-hybrydowe-z-napedem-elektrycznym\/\" rel=\"category tag\">Electric &amp; Hybrid Aerospace &amp; Alternative Fuel Aviation<\/a>","tag_info":"Electric &amp; Hybrid Aerospace &amp; Alternative Fuel Aviation","comment_count":"0","jetpack_featured_media_url":"https:\/\/evhnews.com\/wp-content\/uploads\/2019\/12\/This-is-the-first-e-racer-set-to-compete-in-Air-Race-E.jpg","jetpack_likes_enabled":true,"jetpack_sharing_enabled":true,"jetpack_shortlink":"https:\/\/wp.me\/pbbbdx-iz","amp_enabled":true,"_links":{"self":[{"href":"https:\/\/evhnews.com\/pl\/wp-json\/wp\/v2\/posts\/1151","targetHints":{"allow":["GET"]}}],"collection":[{"href":"https:\/\/evhnews.com\/pl\/wp-json\/wp\/v2\/posts"}],"about":[{"href":"https:\/\/evhnews.com\/pl\/wp-json\/wp\/v2\/types\/post"}],"author":[{"embeddable":true,"href":"https:\/\/evhnews.com\/pl\/wp-json\/wp\/v2\/users\/165558846"}],"replies":[{"embeddable":true,"href":"https:\/\/evhnews.com\/pl\/wp-json\/wp\/v2\/comments?post=1151"}],"version-history":[{"count":4,"href":"https:\/\/evhnews.com\/pl\/wp-json\/wp\/v2\/posts\/1151\/revisions"}],"predecessor-version":[{"id":1395,"href":"https:\/\/evhnews.com\/pl\/wp-json\/wp\/v2\/posts\/1151\/revisions\/1395"}],"wp:featuredmedia":[{"embeddable":true,"href":"https:\/\/evhnews.com\/pl\/wp-json\/wp\/v2\/media\/1153"}],"wp:attachment":[{"href":"https:\/\/evhnews.com\/pl\/wp-json\/wp\/v2\/media?parent=1151"}],"wp:term":[{"taxonomy":"category","embeddable":true,"href":"https:\/\/evhnews.com\/pl\/wp-json\/wp\/v2\/categories?post=1151"},{"taxonomy":"post_tag","embeddable":true,"href":"https:\/\/evhnews.com\/pl\/wp-json\/wp\/v2\/tags?post=1151"}],"curies":[{"name":"wp","href":"https:\/\/api.w.org\/{rel}","templated":true}]}}