{"id":1266,"date":"2019-12-16T08:56:48","date_gmt":"2019-12-16T16:56:48","guid":{"rendered":"https:\/\/evhnews.com\/?p=1266"},"modified":"2019-12-17T06:09:39","modified_gmt":"2019-12-17T14:09:39","slug":"1266","status":"publish","type":"post","link":"https:\/\/evhnews.com\/pl\/2019\/12\/16\/1266\/","title":{"rendered":"Mercedes-Benz Presents An Exceptional  Glimpse Into The Future At Consumer Electronics Show 2020"},"content":{"rendered":"<p style=\"text-align: center;\"><span style=\"font-size: small;\"><em>Mercedes-Benz prezentuje wyj\u0105tkowe spojrzenie w przysz\u0142o\u015b\u0107 na targach Consumer Electronics Show 2020<br \/>\nImage Credit: Daimler AG Media<\/em><\/span><\/p>\n<p><strong>Mercedes-Benz prezentuje wyj\u0105tkowe spojrzenie w przysz\u0142o\u015b\u0107 na targach Consumer Electronics Show 2020<\/strong><\/p>\n<p>Ola K\u00e4llenius, Prezes Zarz\u0105du Daimler AG i Mercedes-Benz AG, w swoim przem\u00f3wieniu podczas targ\u00f3w Consumer Electronics Show, kt\u00f3re odb\u0119d\u0105 si\u0119 w Las Vegas (CES) w dniach 7-10 stycznia 2020 r., przedstawi wizjonerskie spojrzenie na przysz\u0142\u0105 interakcj\u0119 mi\u0119dzy cz\u0142owiekiem a maszyn\u0105.<\/p>\n<p>Punktem kulminacyjnym marki wraz z pojawieniem si\u0119 gwiazdy b\u0119dzie \u015bwiatowa premiera pionierskiego pojazdu koncepcyjnego, kt\u00f3ry zosta\u0142 zainspirowany jedn\u0105 z najbardziej innowacyjnych marek sektora rozrywkowego. Symbioza ta znajdzie r\u00f3wnie\u017c odzwierciedlenie w przeprojektowanej obecno\u015bci na targach motoryzacyjnych CES 2020. G\u0142\u00f3wne przem\u00f3wienie b\u0119dzie transmitowane w poniedzia\u0142ek, 6 stycznia od godziny 20:30 . <em>(7 stycznia, 5:30 CET)<\/em> Za po\u015brednictwem transmisji na \u017cywo w mediach Mercedes me: <a href=\"https:\/\/media.mercedes-benz.com\/ces2020\">https:\/\/media.mercedes-benz.com\/ces2020<\/a><\/p>\n<p>Pojazd koncepcyjny i jego wizjonerskie rozwi\u0105zania techniczne po raz kolejny demonstruj\u0105 innowacyjn\u0105 si\u0142\u0119 Mercedes-Benz. Ca\u0142kowicie redefiniuje poj\u0119cie \"zr\u00f3wnowa\u017conego nowoczesnego luksusu\" i symbolizuje aspiracje marki do osi\u0105gni\u0119cia zr\u00f3wnowa\u017conej mobilno\u015bci dzi\u015b, jutro i w przysz\u0142o\u015bci. Kreatywne i wyznaczaj\u0105ce trendy cechy samochodu pokazowego pasuj\u0105 do filozofii marki, kt\u00f3ra koncentruje si\u0119 na ludziach i wyznacza standardy przysz\u0142ej mobilno\u015bci.<\/p>\n<p><strong>Ekscytuj\u0105ce prezentacje i nowy projekt stoiska na targach CES 2020 w Las Vegas<\/strong><\/p>\n<p>Stoisko Mercedes-Benz zaprasza odwiedzaj\u0105cych do \u015bwiata przysz\u0142o\u015bciowej mobilno\u015bci. Odwiedzaj\u0105cy b\u0119d\u0105 mogli zapozna\u0107 si\u0119 z najwa\u017cniejszymi produktami i technologiami marki EQ - w pe\u0142ni elektrycznym EQC 400 4MATIC (zu\u017cycie energii w cyklu mieszanym: 20,8-19,7 kWh\/100 km; emisja CO<sub>2<\/sub> 0 g\/km)*, Vision EQS, a tak\u017ce nowy, futurystyczny pojazd koncepcyjny: 0 g\/km)*, Vision EQS, a tak\u017ce nowy, futurystyczny pojazd koncepcyjny. Stoisko targowe 2020 da odwiedzaj\u0105cym mo\u017cliwo\u015b\u0107 zanurzenia si\u0119 w \u015bwiecie przyg\u00f3d, podkre\u015blaj\u0105c konsekwentne ulepszanie koncepcji targ\u00f3w Mercedes-Benz. W centrum uwagi znajdzie si\u0119 \u015bwiat marki, a tak\u017ce jej produkty, us\u0142ugi i innowacje.<\/p>\n<p>Pierwszego dnia targ\u00f3w, we wtorek 7 stycznia 2020 r., na stoisku Mercedes-Benz odb\u0119d\u0105 si\u0119 trzy interaktywne prelekcje: 10:30: Britta Seeger, Cz\u0142onek Zarz\u0105du Daimler AG i Mercedes-Benz AG odpowiedzialna za sprzeda\u017c i marketing, opowie o wyj\u0105tkowej wsp\u00f3\u0142pracy mi\u0119dzy jedn\u0105 z najbardziej innowacyjnych marek w sektorze rozrywki i najcenniejsz\u0105 luksusow\u0105 mark\u0105 motoryzacyjn\u0105 na \u015bwiecie. Ponadto otworzy stoisko wystawowe CES 2020 - do\u015bwiadczenie innowacji, produktu i marki dla wszystkich odwiedzaj\u0105cych.<\/p>\n<p>11:30: Markus Sch\u00e4fer, cz\u0142onek zarz\u0105du Daimler AG i Mercedes-Benz AG odpowiedzialny za badania grupy i rozw\u00f3j Mercedes-Benz Cars, m\u00f3wi o \"Pioneering the Future\" i wyja\u015bnia powi\u0105zania i skutki holistycznej, zr\u00f3wnowa\u017conej strategii rozwoju, w kt\u00f3rej cz\u0142owiek jest zawsze w centrum uwagi - m\u00f3wi o \"Pioneering the Future\" i wyja\u015bnia powi\u0105zania i skutki holistycznej, zr\u00f3wnowa\u017conej strategii rozwoju, w kt\u00f3rej cz\u0142owiek jest zawsze w centrum uwagi i m\u00f3wi o \"Pioneering the Future\" i wyja\u015bnia powi\u0105zania i skutki holistycznej, zr\u00f3wnowa\u017conej strategii rozwoju, w kt\u00f3rej cz\u0142owiek jest zawsze w centrum uwagi.<\/p>\n<p>12:30: Gorden Wagener, Chief Design Officer Daimler Group, opisze rozw\u00f3j projektowania skoncentrowanego na cz\u0142owieku, a tak\u017ce zwi\u0105zek mi\u0119dzy designem a funkcjonalno\u015bci\u0105 we wn\u0119trzu nowego samochodu pokazowego.<\/p>\n<p><img decoding=\"async\" data-attachment-id=\"1178\" data-permalink=\"https:\/\/evhnews.com\/pl\/evhn-lighting-bolt-logo-square-100px-2\/\" data-orig-file=\"https:\/\/evhnews.com\/wp-content\/uploads\/2019\/12\/EVHN-Lighting-Bolt-Logo-Square-100px-1.jpg\" data-orig-size=\"100,100\" data-comments-opened=\"1\" data-image-meta=\"{&quot;aperture&quot;:&quot;0&quot;,&quot;credit&quot;:&quot;&quot;,&quot;camera&quot;:&quot;&quot;,&quot;caption&quot;:&quot;&quot;,&quot;created_timestamp&quot;:&quot;1575197468&quot;,&quot;copyright&quot;:&quot;&quot;,&quot;focal_length&quot;:&quot;0&quot;,&quot;iso&quot;:&quot;0&quot;,&quot;shutter_speed&quot;:&quot;0&quot;,&quot;title&quot;:&quot;&quot;,&quot;orientation&quot;:&quot;1&quot;}\" data-image-title=\"EVHN Lighting Bolt Logo &amp;#8211; Square &amp;#8211; 100px\" data-image-description=\"\" data-image-caption=\"\" data-large-file=\"https:\/\/evhnews.com\/wp-content\/uploads\/2019\/12\/EVHN-Lighting-Bolt-Logo-Square-100px-1.jpg\" class=\"alignnone size-full wp-image-1178\" src=\"https:\/\/evhnews.com\/wp-content\/uploads\/2019\/12\/EVHN-Lighting-Bolt-Logo-Square-100px-1.jpg\" alt=\"EVHN Lighting Bolt Logo - Square - 100px\" width=\"100\" height=\"100\" \/><\/p>","protected":false},"excerpt":{"rendered":"<p>Mercedes-Benz presents an exceptional glimpse into the future at Consumer Electronics Show 2020 Image Credit:&#8230;<\/p>","protected":false},"author":165558846,"featured_media":1270,"comment_status":"open","ping_status":"open","sticky":false,"template":"","format":"standard","meta":{"_coblocks_attr":"","_coblocks_dimensions":"","_coblocks_responsive_height":"","_coblocks_accordion_ie_support":"","_crdt_document":"","advanced_seo_description":"Mercedes-Benz Presents An Exceptional Glimpse Into The Future At Consumer Electronics Show 2020","jetpack_seo_html_title":"","jetpack_seo_noindex":false,"_jetpack_newsletter_access":"","_jetpack_dont_email_post_to_subs":false,"_jetpack_newsletter_tier_id":0,"_jetpack_memberships_contains_paywalled_content":false,"two_page_speed":[],"_jetpack_memberships_contains_paid_content":false,"footnotes":"","jetpack_publicize_message":"","jetpack_publicize_feature_enabled":true,"jetpack_social_post_already_shared":true,"jetpack_social_options":{"image_generator_settings":{"template":"highway","default_image_id":0,"font":"","enabled":false},"version":2},"_wpas_customize_per_network":false,"jetpack_post_was_ever_published":false},"categories":[197443],"tags":[],"class_list":["post-1266","post","type-post","status-publish","format-standard","has-post-thumbnail","hentry","category-electric-vehicles"],"jetpack_publicize_connections":[],"featured_image_urls":{"full":["https:\/\/evhnews.com\/wp-content\/uploads\/2019\/12\/Mercedes-Benz-presents-an-exceptional-glimpse-into-the-future-at-Consumer-Electronics-Show-2020.jpg",800,450,false],"thumbnail":["https:\/\/evhnews.com\/wp-content\/uploads\/2019\/12\/Mercedes-Benz-presents-an-exceptional-glimpse-into-the-future-at-Consumer-Electronics-Show-2020-150x150.jpg",150,150,true],"medium":["https:\/\/evhnews.com\/wp-content\/uploads\/2019\/12\/Mercedes-Benz-presents-an-exceptional-glimpse-into-the-future-at-Consumer-Electronics-Show-2020-300x169.jpg",300,169,true],"medium_large":["https:\/\/evhnews.com\/wp-content\/uploads\/2019\/12\/Mercedes-Benz-presents-an-exceptional-glimpse-into-the-future-at-Consumer-Electronics-Show-2020-768x432.jpg",640,360,true],"large":["https:\/\/evhnews.com\/wp-content\/uploads\/2019\/12\/Mercedes-Benz-presents-an-exceptional-glimpse-into-the-future-at-Consumer-Electronics-Show-2020.jpg",640,360,false],"1536x1536":["https:\/\/evhnews.com\/wp-content\/uploads\/2019\/12\/Mercedes-Benz-presents-an-exceptional-glimpse-into-the-future-at-Consumer-Electronics-Show-2020.jpg",800,450,false],"2048x2048":["https:\/\/evhnews.com\/wp-content\/uploads\/2019\/12\/Mercedes-Benz-presents-an-exceptional-glimpse-into-the-future-at-Consumer-Electronics-Show-2020.jpg",800,450,false],"trp-custom-language-flag":["https:\/\/evhnews.com\/wp-content\/uploads\/2019\/12\/Mercedes-Benz-presents-an-exceptional-glimpse-into-the-future-at-Consumer-Electronics-Show-2020.jpg",18,10,false],"newspack-article-block-landscape-large":["https:\/\/evhnews.com\/wp-content\/uploads\/2019\/12\/Mercedes-Benz-presents-an-exceptional-glimpse-into-the-future-at-Consumer-Electronics-Show-2020.jpg",800,450,false],"newspack-article-block-portrait-large":["https:\/\/evhnews.com\/wp-content\/uploads\/2019\/12\/Mercedes-Benz-presents-an-exceptional-glimpse-into-the-future-at-Consumer-Electronics-Show-2020.jpg",800,450,false],"newspack-article-block-square-large":["https:\/\/evhnews.com\/wp-content\/uploads\/2019\/12\/Mercedes-Benz-presents-an-exceptional-glimpse-into-the-future-at-Consumer-Electronics-Show-2020.jpg",800,450,false],"newspack-article-block-landscape-medium":["https:\/\/evhnews.com\/wp-content\/uploads\/2019\/12\/Mercedes-Benz-presents-an-exceptional-glimpse-into-the-future-at-Consumer-Electronics-Show-2020.jpg",800,450,false],"newspack-article-block-portrait-medium":["https:\/\/evhnews.com\/wp-content\/uploads\/2019\/12\/Mercedes-Benz-presents-an-exceptional-glimpse-into-the-future-at-Consumer-Electronics-Show-2020.jpg",600,338,false],"newspack-article-block-square-medium":["https:\/\/evhnews.com\/wp-content\/uploads\/2019\/12\/Mercedes-Benz-presents-an-exceptional-glimpse-into-the-future-at-Consumer-Electronics-Show-2020.jpg",800,450,false],"newspack-article-block-landscape-intermediate":["https:\/\/evhnews.com\/wp-content\/uploads\/2019\/12\/Mercedes-Benz-presents-an-exceptional-glimpse-into-the-future-at-Consumer-Electronics-Show-2020.jpg",600,338,false],"newspack-article-block-portrait-intermediate":["https:\/\/evhnews.com\/wp-content\/uploads\/2019\/12\/Mercedes-Benz-presents-an-exceptional-glimpse-into-the-future-at-Consumer-Electronics-Show-2020.jpg",450,253,false],"newspack-article-block-square-intermediate":["https:\/\/evhnews.com\/wp-content\/uploads\/2019\/12\/Mercedes-Benz-presents-an-exceptional-glimpse-into-the-future-at-Consumer-Electronics-Show-2020.jpg",600,338,false],"newspack-article-block-landscape-small":["https:\/\/evhnews.com\/wp-content\/uploads\/2019\/12\/Mercedes-Benz-presents-an-exceptional-glimpse-into-the-future-at-Consumer-Electronics-Show-2020.jpg",400,225,false],"newspack-article-block-portrait-small":["https:\/\/evhnews.com\/wp-content\/uploads\/2019\/12\/Mercedes-Benz-presents-an-exceptional-glimpse-into-the-future-at-Consumer-Electronics-Show-2020.jpg",300,169,false],"newspack-article-block-square-small":["https:\/\/evhnews.com\/wp-content\/uploads\/2019\/12\/Mercedes-Benz-presents-an-exceptional-glimpse-into-the-future-at-Consumer-Electronics-Show-2020.jpg",400,225,false],"newspack-article-block-landscape-tiny":["https:\/\/evhnews.com\/wp-content\/uploads\/2019\/12\/Mercedes-Benz-presents-an-exceptional-glimpse-into-the-future-at-Consumer-Electronics-Show-2020.jpg",200,113,false],"newspack-article-block-portrait-tiny":["https:\/\/evhnews.com\/wp-content\/uploads\/2019\/12\/Mercedes-Benz-presents-an-exceptional-glimpse-into-the-future-at-Consumer-Electronics-Show-2020.jpg",150,84,false],"newspack-article-block-square-tiny":["https:\/\/evhnews.com\/wp-content\/uploads\/2019\/12\/Mercedes-Benz-presents-an-exceptional-glimpse-into-the-future-at-Consumer-Electronics-Show-2020.jpg",200,113,false],"newspack-article-block-uncropped":["https:\/\/evhnews.com\/wp-content\/uploads\/2019\/12\/Mercedes-Benz-presents-an-exceptional-glimpse-into-the-future-at-Consumer-Electronics-Show-2020.jpg",800,450,false],"enternews-featured":["https:\/\/evhnews.com\/wp-content\/uploads\/2019\/12\/Mercedes-Benz-presents-an-exceptional-glimpse-into-the-future-at-Consumer-Electronics-Show-2020.jpg",800,450,false],"enternews-medium":["https:\/\/evhnews.com\/wp-content\/uploads\/2019\/12\/Mercedes-Benz-presents-an-exceptional-glimpse-into-the-future-at-Consumer-Electronics-Show-2020.jpg",720,405,false],"enternews-thumbnail":["https:\/\/evhnews.com\/wp-content\/uploads\/2019\/12\/Mercedes-Benz-presents-an-exceptional-glimpse-into-the-future-at-Consumer-Electronics-Show-2020.jpg",480,270,false],"tenweb_optimizer_mobile":["https:\/\/evhnews.com\/wp-content\/uploads\/2019\/12\/Mercedes-Benz-presents-an-exceptional-glimpse-into-the-future-at-Consumer-Electronics-Show-2020.jpg",600,338,false],"tenweb_optimizer_tablet":["https:\/\/evhnews.com\/wp-content\/uploads\/2019\/12\/Mercedes-Benz-presents-an-exceptional-glimpse-into-the-future-at-Consumer-Electronics-Show-2020.jpg",768,432,false]},"author_info":{"display_name":"EVHNews","author_link":"https:\/\/evhnews.com\/pl\/author\/evhnews\/"},"category_info":"<a href=\"https:\/\/evhnews.com\/pl\/category\/pojazdy-elektryczne\/\" rel=\"category tag\">Electric Automotive Vehicles<\/a>","tag_info":"Electric Automotive Vehicles","comment_count":"0","jetpack_featured_media_url":"https:\/\/evhnews.com\/wp-content\/uploads\/2019\/12\/Mercedes-Benz-presents-an-exceptional-glimpse-into-the-future-at-Consumer-Electronics-Show-2020.jpg","jetpack_likes_enabled":true,"jetpack_sharing_enabled":true,"jetpack_shortlink":"https:\/\/wp.me\/sbbbdx-1266","amp_enabled":true,"_links":{"self":[{"href":"https:\/\/evhnews.com\/pl\/wp-json\/wp\/v2\/posts\/1266","targetHints":{"allow":["GET"]}}],"collection":[{"href":"https:\/\/evhnews.com\/pl\/wp-json\/wp\/v2\/posts"}],"about":[{"href":"https:\/\/evhnews.com\/pl\/wp-json\/wp\/v2\/types\/post"}],"author":[{"embeddable":true,"href":"https:\/\/evhnews.com\/pl\/wp-json\/wp\/v2\/users\/165558846"}],"replies":[{"embeddable":true,"href":"https:\/\/evhnews.com\/pl\/wp-json\/wp\/v2\/comments?post=1266"}],"version-history":[{"count":7,"href":"https:\/\/evhnews.com\/pl\/wp-json\/wp\/v2\/posts\/1266\/revisions"}],"predecessor-version":[{"id":1286,"href":"https:\/\/evhnews.com\/pl\/wp-json\/wp\/v2\/posts\/1266\/revisions\/1286"}],"wp:featuredmedia":[{"embeddable":true,"href":"https:\/\/evhnews.com\/pl\/wp-json\/wp\/v2\/media\/1270"}],"wp:attachment":[{"href":"https:\/\/evhnews.com\/pl\/wp-json\/wp\/v2\/media?parent=1266"}],"wp:term":[{"taxonomy":"category","embeddable":true,"href":"https:\/\/evhnews.com\/pl\/wp-json\/wp\/v2\/categories?post=1266"},{"taxonomy":"post_tag","embeddable":true,"href":"https:\/\/evhnews.com\/pl\/wp-json\/wp\/v2\/tags?post=1266"}],"curies":[{"name":"wp","href":"https:\/\/api.w.org\/{rel}","templated":true}]}}