{"id":1392,"date":"2019-11-23T13:33:30","date_gmt":"2019-11-23T21:33:30","guid":{"rendered":"https:\/\/evhnews.com\/?p=1392"},"modified":"2019-12-17T13:35:52","modified_gmt":"2019-12-17T21:35:52","slug":"lucas-di-grassi-swietuje-podium-formuly-e-w-rijadzie","status":"publish","type":"post","link":"https:\/\/evhnews.com\/pl\/2019\/11\/23\/lucas-di-grassi-swietuje-podium-formuly-e-w-rijadzie\/","title":{"rendered":"Lucas di Grassi Celebrates Formula E Podium In Riyadh"},"content":{"rendered":"<h6 style=\"text-align: center;\"><em>Lucas di Grassi \u015bwi\u0119tuje podium Formu\u0142y E w Rijadzie Zdj\u0119cie: Audi Communications Motorsport \/ Malte Christians<\/em><\/h6>\n<ul>\n<li>41. trofeum w 60. wy\u015bcigu dla zespo\u0142u Audi Sport ABT Schaeffler<\/li>\n<li>Daniel Abt zdobywa cenne punkty po mocnej walce<\/li>\n<li>Dyrektor zespo\u0142u Allan McNish: \"Zadowolony z podium po szalonym wy\u015bcigu\"<\/li>\n<\/ul>\n<p><strong>Zaledwie dzie\u0144 po trudnym pocz\u0105tku sezonu, Lucas di Grassi i Audi Sport ABT Schaeffler powr\u00f3cili w imponuj\u0105cym stylu: Brazylijczyk \u015bwi\u0119towa\u0142 drug\u0105 pozycj\u0119 w Diriyah i tym samym 41. sukces zespo\u0142u na podium w 60. wy\u015bcigu Formu\u0142y E. Daniel Abt r\u00f3wnie\u017c zdoby\u0142 cenne punkty dzi\u0119ki mocnej walce.<\/strong><\/p>\n<p>&nbsp;<\/p>\n<p style=\"text-align: center;\"><img fetchpriority=\"high\" decoding=\"async\" data-attachment-id=\"1398\" data-permalink=\"https:\/\/evhnews.com\/pl\/2019\/11\/23\/lucas-di-grassi-swietuje-podium-formuly-e-w-rijadzie\/formula-e-diriyah-e-prix-2019-2\/\" data-orig-file=\"https:\/\/evhnews.com\/wp-content\/uploads\/2019\/12\/Formula-E-Diriyah-E-Prix-2019-.jpg\" data-orig-size=\"800,533\" data-comments-opened=\"1\" data-image-meta=\"{&quot;aperture&quot;:&quot;5&quot;,&quot;credit&quot;:&quot;Joe Portlock&quot;,&quot;camera&quot;:&quot;Canon EOS-1D X&quot;,&quot;caption&quot;:&quot;Audi e-tron FE06 #66 (Audi Sport ABT Schaeffler), Daniel Abt\\nAudi e-tron FE06 #11 (Audi Sport ABT Schaeffler), Lucas di Grassi\\nAudi e-tron FE06 #02 (Envision Virgin Racing), Sam Bird\\nAudi e-tron FE06 #04 (Envision Virgin Racing), Robin Frijns&quot;,&quot;created_timestamp&quot;:&quot;1574347263&quot;,&quot;copyright&quot;:&quot;AUDI AG ### free of charge for press purpose only. If you need pictures for other purpos&quot;,&quot;focal_length&quot;:&quot;120&quot;,&quot;iso&quot;:&quot;640&quot;,&quot;shutter_speed&quot;:&quot;0.004&quot;,&quot;title&quot;:&quot;Formula E, Diriyah E-Prix 2019&quot;,&quot;orientation&quot;:&quot;1&quot;}\" data-image-title=\"Formula E, Diriyah E-Prix 2019\" data-image-description=\"\" data-image-caption=\"&lt;p&gt;Audi e-tron FE06 #66 (Audi Sport ABT Schaeffler), Daniel Abt&lt;br \/&gt;Audi e-tron FE06 #11 (Audi Sport ABT Schaeffler), Lucas di Grassi&lt;br \/&gt;Audi e-tron FE06 #02 (Envision Virgin Racing), Sam Bird&lt;br \/&gt;Audi e-tron FE06 #04 (Envision Virgin Racing), Robin Frijns&lt;\/p&gt;\" data-medium-file=\"https:\/\/evhnews.com\/wp-content\/uploads\/2019\/12\/Formula-E-Diriyah-E-Prix-2019--300x200.jpg\" data-large-file=\"https:\/\/evhnews.com\/wp-content\/uploads\/2019\/12\/Formula-E-Diriyah-E-Prix-2019-.jpg\" class=\"alignnone size-full wp-image-1398\" src=\"https:\/\/evhnews.com\/wp-content\/uploads\/2019\/12\/Formula-E-Diriyah-E-Prix-2019-.jpg\" alt=\"Formu\u0142a E, Diriyah E-Prix 2019\" width=\"800\" height=\"533\" srcset=\"https:\/\/evhnews.com\/wp-content\/uploads\/2019\/12\/Formula-E-Diriyah-E-Prix-2019-.jpg 800w, https:\/\/evhnews.com\/wp-content\/uploads\/2019\/12\/Formula-E-Diriyah-E-Prix-2019--300x200.jpg 300w, https:\/\/evhnews.com\/wp-content\/uploads\/2019\/12\/Formula-E-Diriyah-E-Prix-2019--768x512.jpg 768w\" sizes=\"(max-width: 800px) 100vw, 800px\" \/><\/p>\n<h6 style=\"text-align: center;\"><em>Audi e-tron FE06 #66 (Audi Sport ABT Schaeffler), Daniel Abt <\/em><br \/>\n<em>Audi e-tron FE06 #11 (Audi Sport ABT Schaeffler), Lucas di Grassi <\/em><br \/>\n<em>Audi e-tron FE06 #02 (Envision Virgin Racing), Sam Bird <\/em><br \/>\n<em>Audi e-tron FE06 #04 (Envision Virgin Racing), Robin Frijns<br \/>\n<\/em><em>Zdj\u0119cie: Audi Communications Motorsport \/ Malte Christians<\/em><\/h6>\n<p style=\"text-align: center;\"><em>\u00a0<\/em><\/p>\n<p>Drugi wy\u015bcig sezonu na obrze\u017cach stolicy Arabii Saudyjskiej, Rijadu, up\u0142yn\u0105\u0142 pod znakiem ostrych pojedynk\u00f3w, licznych manewr\u00f3w wyprzedzania i dw\u00f3ch okres\u00f3w samochodu bezpiecze\u0144stwa, kt\u00f3re wielokrotnie zape\u0142nia\u0142y pole startowe. We wszystkich pojedynkach Lucas di Grassi, kt\u00f3ry rozpocz\u0105\u0142 wy\u015bcig z trzeciego miejsca na starcie, zachowa\u0142 zimn\u0105 krew i po 45 minutach wy\u015bcigu zaj\u0105\u0142 drugie miejsce. Dla 35-letniego Brazylijczyka by\u0142o to 31. podium w Formule E, w tym 10 zwyci\u0119stw.<\/p>\n<p>\"Dzi\u0119kuj\u0119 moim ch\u0142opakom z pit lane. To trofeum jest s\u0142odk\u0105 nagrod\u0105 za ci\u0119\u017ck\u0105 prac\u0119 ca\u0142ego zespo\u0142u po wczorajszym trudnym pocz\u0105tku\" - powiedzia\u0142 Lucas di Grassi. W pi\u0105tkowym otwarciu sezonu zar\u00f3wno di Grassi, jak i jego kolega z zespo\u0142u, Daniel Abt, uko\u0144czyli wy\u015bcig bez punkt\u00f3w. \"To jest si\u0142a naszego zespo\u0142u: nigdy si\u0119 nie poddajemy. Teraz b\u0119dziemy analizowa\u0107 i ocenia\u0107 wszystko, kontynuowa\u0107 popraw\u0119 i by\u0107 jeszcze silniejszymi w nast\u0119pnym wy\u015bcigu. Walka o mistrzostwo dopiero si\u0119 zaczyna.\"<\/p>\n<p>Na sz\u00f3stej pozycji Daniel Abt zdoby\u0142 cenne punkty dla siebie i mistrzostw zespo\u0142\u00f3w. Niemiec rozpocz\u0105\u0142 wy\u015bcig z pi\u0119tnastego miejsca na starcie, pocz\u0105tkowo odrobi\u0142 kilka pozycji, ale p\u00f3\u017aniej spad\u0142 na koniec stawki z powodu kary przejazdu przez pobocze. Z pomoc\u0105 samochodu bezpiecze\u0144stwa i kilku odwa\u017cnych manewr\u00f3w wyprzedzania, ponownie walczy\u0142 o punkty. \"Dzisiejsze punkty by\u0142y naprawd\u0119 ci\u0119\u017cko wywalczone, ale po trudnym pocz\u0105tku weekendu s\u0105 bardzo wa\u017cne\" - powiedzia\u0142 Daniel Abt. \"Mo\u017ce nie zdobyli\u015bmy jeszcze wielu punkt\u00f3w, ale wiemy, \u017ce mamy odpowiednie osi\u0105gi i samoch\u00f3d, aby walczy\u0107 o zwyci\u0119stwa. Teraz musimy tylko to wszystko po\u0142\u0105czy\u0107\".<\/p>\n<p>\"To by\u0142 cudownie szalony wy\u015bcig - dok\u0142adnie taki, jaki znamy i kochamy w Formule E. To sprawia, \u017ce powr\u00f3t do domu z trofeum jest jeszcze s\u0142odszy\" - m\u00f3wi szef zespo\u0142u Allan McNish. \"By\u0142em pod szczeg\u00f3lnym wra\u017ceniem tego, jak walczyli\u015bmy tutaj w Rijadzie po rozczarowuj\u0105cym pierwszym wy\u015bcigu w pi\u0105tek. To pokazuje, jak zdeterminowany i pe\u0142en pasji jest nasz zesp\u00f3\u0142. Lucas pokaza\u0142 dzi\u015b nienaganny dzie\u0144 i jestem bardzo zadowolony z punkt\u00f3w Daniela po wspania\u0142ej walce.\"<\/p>\n<p>Po dobrym wyniku dzie\u0144 wcze\u015bniej, zesp\u00f3\u0142 klient\u00f3w Audi Envision Virgin Racing wr\u00f3ci\u0142 do domu bez punkt\u00f3w z powodu dw\u00f3ch kolizji. Po kr\u00f3tkiej przerwie \u015bwi\u0105tecznej Formu\u0142a E powr\u00f3ci na tor wy\u015bcigowy w przysz\u0142ym roku: trzecia runda sezonu odb\u0119dzie si\u0119 18 stycznia w Santiago de Chile.<\/p>\n<p><img decoding=\"async\" data-attachment-id=\"1178\" data-permalink=\"https:\/\/evhnews.com\/pl\/evhn-lighting-bolt-logo-square-100px-2\/\" data-orig-file=\"https:\/\/evhnews.com\/wp-content\/uploads\/2019\/12\/EVHN-Lighting-Bolt-Logo-Square-100px-1.jpg\" data-orig-size=\"100,100\" data-comments-opened=\"1\" data-image-meta=\"{&quot;aperture&quot;:&quot;0&quot;,&quot;credit&quot;:&quot;&quot;,&quot;camera&quot;:&quot;&quot;,&quot;caption&quot;:&quot;&quot;,&quot;created_timestamp&quot;:&quot;1575197468&quot;,&quot;copyright&quot;:&quot;&quot;,&quot;focal_length&quot;:&quot;0&quot;,&quot;iso&quot;:&quot;0&quot;,&quot;shutter_speed&quot;:&quot;0&quot;,&quot;title&quot;:&quot;&quot;,&quot;orientation&quot;:&quot;1&quot;}\" data-image-title=\"EVHN Lighting Bolt Logo &amp;#8211; Square &amp;#8211; 100px\" data-image-description=\"\" data-image-caption=\"\" data-medium-file=\"https:\/\/evhnews.com\/wp-content\/uploads\/2019\/12\/EVHN-Lighting-Bolt-Logo-Square-100px-1.jpg\" data-large-file=\"https:\/\/evhnews.com\/wp-content\/uploads\/2019\/12\/EVHN-Lighting-Bolt-Logo-Square-100px-1.jpg\" class=\"alignnone size-full wp-image-1178\" src=\"https:\/\/evhnews.com\/wp-content\/uploads\/2019\/12\/EVHN-Lighting-Bolt-Logo-Square-100px-1.jpg\" alt=\"EVHN Lighting Bolt Logo - Square - 100px\" width=\"100\" height=\"100\" \/><\/p>","protected":false},"excerpt":{"rendered":"<p>Lucas di Grassi Celebrates Formula E Podium In Riyadh Image Credit: Audi Communications Motorsport \/&#8230;<\/p>","protected":false},"author":165558846,"featured_media":1396,"comment_status":"open","ping_status":"open","sticky":false,"template":"","format":"standard","meta":{"_coblocks_attr":"","_coblocks_dimensions":"","_coblocks_responsive_height":"","_coblocks_accordion_ie_support":"","_crdt_document":"","advanced_seo_description":"Lucas di Grassi Celebrates Formula E Podium In Riyadh","jetpack_seo_html_title":"","jetpack_seo_noindex":false,"jetpack_post_was_ever_published":false,"_jetpack_newsletter_access":"","_jetpack_dont_email_post_to_subs":false,"_jetpack_newsletter_tier_id":0,"_jetpack_memberships_contains_paywalled_content":false,"two_page_speed":[],"_jetpack_memberships_contains_paid_content":false,"footnotes":"","jetpack_publicize_message":"","jetpack_publicize_feature_enabled":true,"jetpack_social_post_already_shared":true,"jetpack_social_options":{"image_generator_settings":{"template":"highway","default_image_id":0,"font":"","enabled":false},"version":2},"_wpas_customize_per_network":false},"categories":[688324445,688380928],"tags":[],"class_list":["post-1392","post","type-post","status-publish","format-standard","has-post-thumbnail","hentry","category-chargers-charging-guide","category-formula-e-electric-hybrid-motorsports"],"jetpack_publicize_connections":[],"featured_image_urls":{"full":["https:\/\/evhnews.com\/wp-content\/uploads\/2019\/12\/Lucas-di-Grassi-celebrates-Formula-E-podium-in-Riyadh.jpg",800,565,false],"thumbnail":["https:\/\/evhnews.com\/wp-content\/uploads\/2019\/12\/Lucas-di-Grassi-celebrates-Formula-E-podium-in-Riyadh-150x150.jpg",150,150,true],"medium":["https:\/\/evhnews.com\/wp-content\/uploads\/2019\/12\/Lucas-di-Grassi-celebrates-Formula-E-podium-in-Riyadh-300x212.jpg",300,212,true],"medium_large":["https:\/\/evhnews.com\/wp-content\/uploads\/2019\/12\/Lucas-di-Grassi-celebrates-Formula-E-podium-in-Riyadh-768x542.jpg",640,452,true],"large":["https:\/\/evhnews.com\/wp-content\/uploads\/2019\/12\/Lucas-di-Grassi-celebrates-Formula-E-podium-in-Riyadh.jpg",640,452,false],"1536x1536":["https:\/\/evhnews.com\/wp-content\/uploads\/2019\/12\/Lucas-di-Grassi-celebrates-Formula-E-podium-in-Riyadh.jpg",800,565,false],"2048x2048":["https:\/\/evhnews.com\/wp-content\/uploads\/2019\/12\/Lucas-di-Grassi-celebrates-Formula-E-podium-in-Riyadh.jpg",800,565,false],"trp-custom-language-flag":["https:\/\/evhnews.com\/wp-content\/uploads\/2019\/12\/Lucas-di-Grassi-celebrates-Formula-E-podium-in-Riyadh.jpg",18,12,false],"newspack-article-block-landscape-large":["https:\/\/evhnews.com\/wp-content\/uploads\/2019\/12\/Lucas-di-Grassi-celebrates-Formula-E-podium-in-Riyadh.jpg",800,565,false],"newspack-article-block-portrait-large":["https:\/\/evhnews.com\/wp-content\/uploads\/2019\/12\/Lucas-di-Grassi-celebrates-Formula-E-podium-in-Riyadh.jpg",800,565,false],"newspack-article-block-square-large":["https:\/\/evhnews.com\/wp-content\/uploads\/2019\/12\/Lucas-di-Grassi-celebrates-Formula-E-podium-in-Riyadh.jpg",800,565,false],"newspack-article-block-landscape-medium":["https:\/\/evhnews.com\/wp-content\/uploads\/2019\/12\/Lucas-di-Grassi-celebrates-Formula-E-podium-in-Riyadh.jpg",800,565,false],"newspack-article-block-portrait-medium":["https:\/\/evhnews.com\/wp-content\/uploads\/2019\/12\/Lucas-di-Grassi-celebrates-Formula-E-podium-in-Riyadh.jpg",600,424,false],"newspack-article-block-square-medium":["https:\/\/evhnews.com\/wp-content\/uploads\/2019\/12\/Lucas-di-Grassi-celebrates-Formula-E-podium-in-Riyadh.jpg",800,565,false],"newspack-article-block-landscape-intermediate":["https:\/\/evhnews.com\/wp-content\/uploads\/2019\/12\/Lucas-di-Grassi-celebrates-Formula-E-podium-in-Riyadh.jpg",600,424,false],"newspack-article-block-portrait-intermediate":["https:\/\/evhnews.com\/wp-content\/uploads\/2019\/12\/Lucas-di-Grassi-celebrates-Formula-E-podium-in-Riyadh.jpg",450,318,false],"newspack-article-block-square-intermediate":["https:\/\/evhnews.com\/wp-content\/uploads\/2019\/12\/Lucas-di-Grassi-celebrates-Formula-E-podium-in-Riyadh.jpg",600,424,false],"newspack-article-block-landscape-small":["https:\/\/evhnews.com\/wp-content\/uploads\/2019\/12\/Lucas-di-Grassi-celebrates-Formula-E-podium-in-Riyadh.jpg",400,283,false],"newspack-article-block-portrait-small":["https:\/\/evhnews.com\/wp-content\/uploads\/2019\/12\/Lucas-di-Grassi-celebrates-Formula-E-podium-in-Riyadh.jpg",300,212,false],"newspack-article-block-square-small":["https:\/\/evhnews.com\/wp-content\/uploads\/2019\/12\/Lucas-di-Grassi-celebrates-Formula-E-podium-in-Riyadh.jpg",400,283,false],"newspack-article-block-landscape-tiny":["https:\/\/evhnews.com\/wp-content\/uploads\/2019\/12\/Lucas-di-Grassi-celebrates-Formula-E-podium-in-Riyadh.jpg",200,141,false],"newspack-article-block-portrait-tiny":["https:\/\/evhnews.com\/wp-content\/uploads\/2019\/12\/Lucas-di-Grassi-celebrates-Formula-E-podium-in-Riyadh.jpg",150,106,false],"newspack-article-block-square-tiny":["https:\/\/evhnews.com\/wp-content\/uploads\/2019\/12\/Lucas-di-Grassi-celebrates-Formula-E-podium-in-Riyadh.jpg",200,141,false],"newspack-article-block-uncropped":["https:\/\/evhnews.com\/wp-content\/uploads\/2019\/12\/Lucas-di-Grassi-celebrates-Formula-E-podium-in-Riyadh.jpg",800,565,false],"enternews-featured":["https:\/\/evhnews.com\/wp-content\/uploads\/2019\/12\/Lucas-di-Grassi-celebrates-Formula-E-podium-in-Riyadh.jpg",800,565,false],"enternews-medium":["https:\/\/evhnews.com\/wp-content\/uploads\/2019\/12\/Lucas-di-Grassi-celebrates-Formula-E-podium-in-Riyadh.jpg",673,475,false],"enternews-thumbnail":["https:\/\/evhnews.com\/wp-content\/uploads\/2019\/12\/Lucas-di-Grassi-celebrates-Formula-E-podium-in-Riyadh.jpg",446,315,false],"tenweb_optimizer_mobile":["https:\/\/evhnews.com\/wp-content\/uploads\/2019\/12\/Lucas-di-Grassi-celebrates-Formula-E-podium-in-Riyadh.jpg",600,424,false],"tenweb_optimizer_tablet":["https:\/\/evhnews.com\/wp-content\/uploads\/2019\/12\/Lucas-di-Grassi-celebrates-Formula-E-podium-in-Riyadh.jpg",768,542,false]},"author_info":{"display_name":"EVHNews","author_link":"https:\/\/evhnews.com\/pl\/author\/evhnews\/"},"category_info":"<a href=\"https:\/\/evhnews.com\/pl\/category\/ladowarki-instrukcja-ladowania\/\" rel=\"category tag\">Chargers &amp; Charging<\/a> <a href=\"https:\/\/evhnews.com\/pl\/category\/elektryczne-hybrydowe-sporty-motorowe\/formula-e-elektryczne-hybrydowe-sporty-motorowe\/\" rel=\"category tag\">Electric ABB FIA Formula E Racing<\/a>","tag_info":"Electric ABB FIA Formula E Racing","comment_count":"0","jetpack_featured_media_url":"https:\/\/evhnews.com\/wp-content\/uploads\/2019\/12\/Lucas-di-Grassi-celebrates-Formula-E-podium-in-Riyadh.jpg","jetpack_likes_enabled":true,"jetpack_sharing_enabled":true,"jetpack_shortlink":"https:\/\/wp.me\/pbbbdx-ms","amp_enabled":true,"_links":{"self":[{"href":"https:\/\/evhnews.com\/pl\/wp-json\/wp\/v2\/posts\/1392","targetHints":{"allow":["GET"]}}],"collection":[{"href":"https:\/\/evhnews.com\/pl\/wp-json\/wp\/v2\/posts"}],"about":[{"href":"https:\/\/evhnews.com\/pl\/wp-json\/wp\/v2\/types\/post"}],"author":[{"embeddable":true,"href":"https:\/\/evhnews.com\/pl\/wp-json\/wp\/v2\/users\/165558846"}],"replies":[{"embeddable":true,"href":"https:\/\/evhnews.com\/pl\/wp-json\/wp\/v2\/comments?post=1392"}],"version-history":[{"count":4,"href":"https:\/\/evhnews.com\/pl\/wp-json\/wp\/v2\/posts\/1392\/revisions"}],"predecessor-version":[{"id":1404,"href":"https:\/\/evhnews.com\/pl\/wp-json\/wp\/v2\/posts\/1392\/revisions\/1404"}],"wp:featuredmedia":[{"embeddable":true,"href":"https:\/\/evhnews.com\/pl\/wp-json\/wp\/v2\/media\/1396"}],"wp:attachment":[{"href":"https:\/\/evhnews.com\/pl\/wp-json\/wp\/v2\/media?parent=1392"}],"wp:term":[{"taxonomy":"category","embeddable":true,"href":"https:\/\/evhnews.com\/pl\/wp-json\/wp\/v2\/categories?post=1392"},{"taxonomy":"post_tag","embeddable":true,"href":"https:\/\/evhnews.com\/pl\/wp-json\/wp\/v2\/tags?post=1392"}],"curies":[{"name":"wp","href":"https:\/\/api.w.org\/{rel}","templated":true}]}}