{"id":1406,"date":"2019-11-22T13:51:30","date_gmt":"2019-11-22T21:51:30","guid":{"rendered":"https:\/\/evhnews.com\/?p=1406"},"modified":"2019-12-17T13:54:31","modified_gmt":"2019-12-17T21:54:31","slug":"zespol-klientow-audi-wygrywa-otwarcie-sezonu-formuly-e","status":"publish","type":"post","link":"https:\/\/evhnews.com\/pl\/2019\/11\/22\/zespol-klientow-audi-wygrywa-otwarcie-sezonu-formuly-e\/","title":{"rendered":"Audi Customer Team Wins Formula E  Season Opener"},"content":{"rendered":"<h6 style=\"text-align: center;\"><em>Audi Customer Team wygrywa otwarcie sezonu Formu\u0142y E \u0179r\u00f3d\u0142o zdj\u0119cia: <\/em><em>Audi Communications Motorsport \/ Michael Kunkel<\/em><\/h6>\n<ul>\n<li>Trudny pocz\u0105tek dla fabrycznego zespo\u0142u Audi Sport ABT Schaeffler<\/li>\n<li>Envision Virgin Racing zdobywa pierwsze zwyci\u0119stwo dla Audi e-tron FE06<\/li>\n<li>Drugi wy\u015bcig sezonu rozpocznie si\u0119 jutro (w sobot\u0119) o godzinie 15:00 (CET).<\/li>\n<\/ul>\n<p><strong>Sam Bird z zespo\u0142u Envision Virgin Racing odni\u00f3s\u0142 pierwsze zwyci\u0119stwo w debiucie Audi e-tron FE06 w otwieraj\u0105cym sezon wy\u015bcigu Formu\u0142y E. Daniel Abt i Lucas di Grassi z fabrycznego zespo\u0142u Audi Sport ABT Schaeffler mieli trudny start i zako\u0144czyli wy\u015bcig w Diriyah bez punkt\u00f3w. Jutro b\u0119d\u0105 mieli now\u0105 szans\u0119: kolejny wy\u015bcig na obrze\u017cach Rijadu rozpocznie si\u0119 o 15:00 (CET).<\/strong><\/p>\n<p>Nowy sezon Formu\u0142y E rozpocz\u0105\u0142 si\u0119 w pi\u0105tek w Diriyah emocjonuj\u0105cym wy\u015bcigiem, w kt\u00f3rym nie zabrak\u0142o taktyki. Po raz pierwszy od rozpocz\u0119cia serii, fabryczny zesp\u00f3\u0142 Audi Sport ABT Schaeffler z Danielem Abtem i Lucasem di Grassi zako\u0144czy\u0142 wy\u015bcig bez punkt\u00f3w. Ze wzgl\u0119du na siln\u0105 pozycj\u0119 w mistrzostwach w zesz\u0142ym sezonie, niemiecko-brazylijska para musia\u0142a wyjecha\u0107 na wci\u0105\u017c bardzo zakurzony tor w pierwszych dw\u00f3ch grupach kwalifikacyjnych i by\u0142a w stanie zaj\u0105\u0107 tylko pi\u0119tnaste i dziewi\u0119tnaste miejsce na starcie.<\/p>\n<h6 style=\"text-align: center;\"><img fetchpriority=\"high\" decoding=\"async\" data-attachment-id=\"1416\" data-permalink=\"https:\/\/evhnews.com\/pl\/2019\/11\/22\/zespol-klientow-audi-wygrywa-otwarcie-sezonu-formuly-e\/formula-e-diriyah-e-prix-2019-4\/\" data-orig-file=\"https:\/\/evhnews.com\/wp-content\/uploads\/2019\/12\/Daniel-Abt-Audi-customer-team-Formula-E-season-opener.jpg\" data-orig-size=\"800,565\" data-comments-opened=\"1\" data-image-meta=\"{&quot;aperture&quot;:&quot;3.5&quot;,&quot;credit&quot;:&quot;Audi Communications Motorsport&quot;,&quot;camera&quot;:&quot;NIKON D5&quot;,&quot;caption&quot;:&quot;Daniel Abt&quot;,&quot;created_timestamp&quot;:&quot;1574346830&quot;,&quot;copyright&quot;:&quot;Audi Communications Motorsport \/ Malte Christians ### free of charge for press purpose only. If you need pictures for other purp&quot;,&quot;focal_length&quot;:&quot;92&quot;,&quot;iso&quot;:&quot;1600&quot;,&quot;shutter_speed&quot;:&quot;0.0008&quot;,&quot;title&quot;:&quot;Formula E, Diriyah E-Prix 2019&quot;,&quot;orientation&quot;:&quot;1&quot;}\" data-image-title=\"Formula E, Diriyah E-Prix 2019\" data-image-description=\"\" data-image-caption=\"&lt;p&gt;Daniel Abt&lt;\/p&gt;\" data-large-file=\"https:\/\/evhnews.com\/wp-content\/uploads\/2019\/12\/Daniel-Abt-Audi-customer-team-Formula-E-season-opener.jpg\" class=\"alignnone size-full wp-image-1416\" src=\"https:\/\/evhnews.com\/wp-content\/uploads\/2019\/12\/Daniel-Abt-Audi-customer-team-Formula-E-season-opener.jpg\" alt=\"Formu\u0142a E, Diriyah E-Prix 2019\" width=\"800\" height=\"565\" srcset=\"https:\/\/evhnews.com\/wp-content\/uploads\/2019\/12\/Daniel-Abt-Audi-customer-team-Formula-E-season-opener.jpg 800w, https:\/\/evhnews.com\/wp-content\/uploads\/2019\/12\/Daniel-Abt-Audi-customer-team-Formula-E-season-opener-300x212.jpg 300w, https:\/\/evhnews.com\/wp-content\/uploads\/2019\/12\/Daniel-Abt-Audi-customer-team-Formula-E-season-opener-768x542.jpg 768w\" sizes=\"(max-width: 800px) 100vw, 800px\" \/><br \/>\n<img decoding=\"async\" data-attachment-id=\"1418\" data-permalink=\"https:\/\/evhnews.com\/pl\/2019\/11\/22\/zespol-klientow-audi-wygrywa-otwarcie-sezonu-formuly-e\/formula-e-diriyah-e-prix-2019-5\/\" data-orig-file=\"https:\/\/evhnews.com\/wp-content\/uploads\/2019\/12\/Audi-e-tron-FE06-66-Audi-Sport-ABT-Schaeffler-Daniel-Abt.jpg\" data-orig-size=\"800,565\" data-comments-opened=\"1\" data-image-meta=\"{&quot;aperture&quot;:&quot;4&quot;,&quot;credit&quot;:&quot;Audi Communications Motorsport&quot;,&quot;camera&quot;:&quot;NIKON D5&quot;,&quot;caption&quot;:&quot;Audi e-tron FE06 #66 (Audi Sport ABT Schaeffler), Daniel Abt&quot;,&quot;created_timestamp&quot;:&quot;1574429301&quot;,&quot;copyright&quot;:&quot;Audi Communications Motorsport \/ Malte Christians ### free of charge for press purpose only. If you need pictures for other purp&quot;,&quot;focal_length&quot;:&quot;400&quot;,&quot;iso&quot;:&quot;500&quot;,&quot;shutter_speed&quot;:&quot;0.0005&quot;,&quot;title&quot;:&quot;Formula E, Diriyah E-Prix 2019&quot;,&quot;orientation&quot;:&quot;1&quot;}\" data-image-title=\"Formula E, Diriyah E-Prix 2019\" data-image-description=\"\" data-image-caption=\"&lt;p&gt;Audi e-tron FE06 #66 (Audi Sport ABT Schaeffler), Daniel Abt&lt;\/p&gt;\" data-large-file=\"https:\/\/evhnews.com\/wp-content\/uploads\/2019\/12\/Audi-e-tron-FE06-66-Audi-Sport-ABT-Schaeffler-Daniel-Abt.jpg\" class=\"alignnone size-full wp-image-1418\" src=\"https:\/\/evhnews.com\/wp-content\/uploads\/2019\/12\/Audi-e-tron-FE06-66-Audi-Sport-ABT-Schaeffler-Daniel-Abt.jpg\" alt=\"Formu\u0142a E, Diriyah E-Prix 2019\" width=\"800\" height=\"565\" srcset=\"https:\/\/evhnews.com\/wp-content\/uploads\/2019\/12\/Audi-e-tron-FE06-66-Audi-Sport-ABT-Schaeffler-Daniel-Abt.jpg 800w, https:\/\/evhnews.com\/wp-content\/uploads\/2019\/12\/Audi-e-tron-FE06-66-Audi-Sport-ABT-Schaeffler-Daniel-Abt-300x212.jpg 300w, https:\/\/evhnews.com\/wp-content\/uploads\/2019\/12\/Audi-e-tron-FE06-66-Audi-Sport-ABT-Schaeffler-Daniel-Abt-768x542.jpg 768w\" sizes=\"(max-width: 800px) 100vw, 800px\" \/><br \/>\n<em>Audi Customer Team wygrywa otwarcie sezonu Formu\u0142y E \u0179r\u00f3d\u0142o zdj\u0119cia: <\/em><br \/>\n<em>Audi Communications Motorsport \/ Michael Kunkel<\/em><\/h6>\n<p>W wy\u015bcigu di Grassi nadrobi\u0142 sze\u015b\u0107 pozycji i zaj\u0105\u0142 trzynaste miejsce. Daniel Abt r\u00f3wnie\u017c walczy\u0142, gdy zosta\u0142 dotkni\u0119ty przez rywala, kt\u00f3ry uszkodzi\u0142 jego przednie skrzyd\u0142o i uderzy\u0142 w \u015bcian\u0119. Zamiast zdoby\u0107 punkty, musia\u0142 zadowoli\u0107 si\u0119 najszybszym okr\u0105\u017ceniem wy\u015bcigu jako ma\u0142\u0105 osobist\u0105 atrakcj\u0105. Pierwszy z czternastu wy\u015bcig\u00f3w na pi\u0119ciu kontynentach i w dziewi\u0119ciu stolicach wygra\u0142 zesp\u00f3\u0142 klient\u00f3w Audi Envision Virgin Racing z nowo opracowanym Audi e-tron FE06.<\/p>\n<p>\"Oczywi\u015bcie \u017cyczyliby\u015bmy sobie innego pocz\u0105tku sezonu dla Daniela i Lucasa\" - m\u00f3wi szef zespo\u0142u Allan McNish. \"Obaj musieli zakwalifikowa\u0107 si\u0119 do dw\u00f3ch pierwszych grup ze wzgl\u0119du na ich doskona\u0142e wyniki w poprzednim sezonie. Uda\u0142o im si\u0119 jak najlepiej wykorzysta\u0107 trudny start, ale mimo to pozostali bez punkt\u00f3w. B\u0119dziemy ci\u0119\u017cko pracowa\u0107, poniewa\u017c jutro jest nowy dzie\u0144 wy\u015bcigowy i wszyscy jeste\u015bmy bardzo zmotywowani, aby rozpocz\u0105\u0107 walk\u0119\".<\/p>\n<p>Nowa szansa na punkty i trofea pojawi si\u0119 ju\u017c jutro (sobota): Drugi w tym sezonie wy\u015bcig na 2,494-kilometrowym torze na obrze\u017cach Rijadu rozpocznie si\u0119 o godzinie 15:00 (czasu \u015brodkowoeuropejskiego). Ze wzgl\u0119du na brak punkt\u00f3w w pierwszym wy\u015bcigu, Lucas di Grassi zakwalifikuje si\u0119 do grupy trzeciej, a Daniel Abt do grupy czwartej. P\u00f3\u017aniejsze grupy s\u0105 uwa\u017cane za bardziej korzystne, poniewa\u017c tor staje si\u0119 czystszy, a tym samym szybszy w trakcie kwalifikacji.<\/p>\n<p><img decoding=\"async\" data-attachment-id=\"1178\" data-permalink=\"https:\/\/evhnews.com\/pl\/evhn-lighting-bolt-logo-square-100px-2\/\" data-orig-file=\"https:\/\/evhnews.com\/wp-content\/uploads\/2019\/12\/EVHN-Lighting-Bolt-Logo-Square-100px-1.jpg\" data-orig-size=\"100,100\" data-comments-opened=\"1\" data-image-meta=\"{&quot;aperture&quot;:&quot;0&quot;,&quot;credit&quot;:&quot;&quot;,&quot;camera&quot;:&quot;&quot;,&quot;caption&quot;:&quot;&quot;,&quot;created_timestamp&quot;:&quot;1575197468&quot;,&quot;copyright&quot;:&quot;&quot;,&quot;focal_length&quot;:&quot;0&quot;,&quot;iso&quot;:&quot;0&quot;,&quot;shutter_speed&quot;:&quot;0&quot;,&quot;title&quot;:&quot;&quot;,&quot;orientation&quot;:&quot;1&quot;}\" data-image-title=\"EVHN Lighting Bolt Logo &amp;#8211; Square &amp;#8211; 100px\" data-image-description=\"\" data-image-caption=\"\" data-large-file=\"https:\/\/evhnews.com\/wp-content\/uploads\/2019\/12\/EVHN-Lighting-Bolt-Logo-Square-100px-1.jpg\" class=\"alignnone size-full wp-image-1178\" src=\"https:\/\/evhnews.com\/wp-content\/uploads\/2019\/12\/EVHN-Lighting-Bolt-Logo-Square-100px-1.jpg\" alt=\"EVHN Lighting Bolt Logo - Square - 100px\" width=\"100\" height=\"100\" \/><\/p>","protected":false},"excerpt":{"rendered":"<p>Audi Customer Team Wins Formula E\u00a0 Season Opener Image Credit: Audi Communications Motorsport \/ Michael&#8230;<\/p>","protected":false},"author":165558846,"featured_media":1411,"comment_status":"open","ping_status":"open","sticky":false,"template":"","format":"standard","meta":{"_coblocks_attr":"","_coblocks_dimensions":"","_coblocks_responsive_height":"","_coblocks_accordion_ie_support":"","_crdt_document":"","advanced_seo_description":"Audi Customer Team Wins Formula E  Season Opener","jetpack_seo_html_title":"","jetpack_seo_noindex":false,"_jetpack_newsletter_access":"","_jetpack_dont_email_post_to_subs":false,"_jetpack_newsletter_tier_id":0,"_jetpack_memberships_contains_paywalled_content":false,"two_page_speed":[],"_jetpack_memberships_contains_paid_content":false,"footnotes":"","jetpack_publicize_message":"","jetpack_publicize_feature_enabled":true,"jetpack_social_post_already_shared":true,"jetpack_social_options":{"image_generator_settings":{"template":"highway","default_image_id":0,"font":"","enabled":false},"version":2},"_wpas_customize_per_network":false,"jetpack_post_was_ever_published":false},"categories":[688380928],"tags":[],"class_list":["post-1406","post","type-post","status-publish","format-standard","has-post-thumbnail","hentry","category-formula-e-electric-hybrid-motorsports"],"jetpack_publicize_connections":[],"featured_image_urls":{"full":["https:\/\/evhnews.com\/wp-content\/uploads\/2019\/12\/Audi-customer-team-wins-Formula-E-season-opener.jpg",800,565,false],"thumbnail":["https:\/\/evhnews.com\/wp-content\/uploads\/2019\/12\/Audi-customer-team-wins-Formula-E-season-opener-150x150.jpg",150,150,true],"medium":["https:\/\/evhnews.com\/wp-content\/uploads\/2019\/12\/Audi-customer-team-wins-Formula-E-season-opener-300x212.jpg",300,212,true],"medium_large":["https:\/\/evhnews.com\/wp-content\/uploads\/2019\/12\/Audi-customer-team-wins-Formula-E-season-opener-768x542.jpg",640,452,true],"large":["https:\/\/evhnews.com\/wp-content\/uploads\/2019\/12\/Audi-customer-team-wins-Formula-E-season-opener.jpg",640,452,false],"1536x1536":["https:\/\/evhnews.com\/wp-content\/uploads\/2019\/12\/Audi-customer-team-wins-Formula-E-season-opener.jpg",800,565,false],"2048x2048":["https:\/\/evhnews.com\/wp-content\/uploads\/2019\/12\/Audi-customer-team-wins-Formula-E-season-opener.jpg",800,565,false],"trp-custom-language-flag":["https:\/\/evhnews.com\/wp-content\/uploads\/2019\/12\/Audi-customer-team-wins-Formula-E-season-opener.jpg",18,12,false],"newspack-article-block-landscape-large":["https:\/\/evhnews.com\/wp-content\/uploads\/2019\/12\/Audi-customer-team-wins-Formula-E-season-opener.jpg",800,565,false],"newspack-article-block-portrait-large":["https:\/\/evhnews.com\/wp-content\/uploads\/2019\/12\/Audi-customer-team-wins-Formula-E-season-opener.jpg",800,565,false],"newspack-article-block-square-large":["https:\/\/evhnews.com\/wp-content\/uploads\/2019\/12\/Audi-customer-team-wins-Formula-E-season-opener.jpg",800,565,false],"newspack-article-block-landscape-medium":["https:\/\/evhnews.com\/wp-content\/uploads\/2019\/12\/Audi-customer-team-wins-Formula-E-season-opener.jpg",800,565,false],"newspack-article-block-portrait-medium":["https:\/\/evhnews.com\/wp-content\/uploads\/2019\/12\/Audi-customer-team-wins-Formula-E-season-opener.jpg",600,424,false],"newspack-article-block-square-medium":["https:\/\/evhnews.com\/wp-content\/uploads\/2019\/12\/Audi-customer-team-wins-Formula-E-season-opener.jpg",800,565,false],"newspack-article-block-landscape-intermediate":["https:\/\/evhnews.com\/wp-content\/uploads\/2019\/12\/Audi-customer-team-wins-Formula-E-season-opener.jpg",600,424,false],"newspack-article-block-portrait-intermediate":["https:\/\/evhnews.com\/wp-content\/uploads\/2019\/12\/Audi-customer-team-wins-Formula-E-season-opener.jpg",450,318,false],"newspack-article-block-square-intermediate":["https:\/\/evhnews.com\/wp-content\/uploads\/2019\/12\/Audi-customer-team-wins-Formula-E-season-opener.jpg",600,424,false],"newspack-article-block-landscape-small":["https:\/\/evhnews.com\/wp-content\/uploads\/2019\/12\/Audi-customer-team-wins-Formula-E-season-opener.jpg",400,283,false],"newspack-article-block-portrait-small":["https:\/\/evhnews.com\/wp-content\/uploads\/2019\/12\/Audi-customer-team-wins-Formula-E-season-opener.jpg",300,212,false],"newspack-article-block-square-small":["https:\/\/evhnews.com\/wp-content\/uploads\/2019\/12\/Audi-customer-team-wins-Formula-E-season-opener.jpg",400,283,false],"newspack-article-block-landscape-tiny":["https:\/\/evhnews.com\/wp-content\/uploads\/2019\/12\/Audi-customer-team-wins-Formula-E-season-opener.jpg",200,141,false],"newspack-article-block-portrait-tiny":["https:\/\/evhnews.com\/wp-content\/uploads\/2019\/12\/Audi-customer-team-wins-Formula-E-season-opener.jpg",150,106,false],"newspack-article-block-square-tiny":["https:\/\/evhnews.com\/wp-content\/uploads\/2019\/12\/Audi-customer-team-wins-Formula-E-season-opener.jpg",200,141,false],"newspack-article-block-uncropped":["https:\/\/evhnews.com\/wp-content\/uploads\/2019\/12\/Audi-customer-team-wins-Formula-E-season-opener.jpg",800,565,false],"enternews-featured":["https:\/\/evhnews.com\/wp-content\/uploads\/2019\/12\/Audi-customer-team-wins-Formula-E-season-opener.jpg",800,565,false],"enternews-medium":["https:\/\/evhnews.com\/wp-content\/uploads\/2019\/12\/Audi-customer-team-wins-Formula-E-season-opener.jpg",673,475,false],"enternews-thumbnail":["https:\/\/evhnews.com\/wp-content\/uploads\/2019\/12\/Audi-customer-team-wins-Formula-E-season-opener.jpg",446,315,false],"tenweb_optimizer_mobile":["https:\/\/evhnews.com\/wp-content\/uploads\/2019\/12\/Audi-customer-team-wins-Formula-E-season-opener.jpg",600,424,false],"tenweb_optimizer_tablet":["https:\/\/evhnews.com\/wp-content\/uploads\/2019\/12\/Audi-customer-team-wins-Formula-E-season-opener.jpg",768,542,false]},"author_info":{"display_name":"EVHNews","author_link":"https:\/\/evhnews.com\/pl\/author\/evhnews\/"},"category_info":"<a href=\"https:\/\/evhnews.com\/pl\/category\/elektryczne-hybrydowe-sporty-motorowe\/formula-e-elektryczne-hybrydowe-sporty-motorowe\/\" rel=\"category tag\">Electric ABB FIA Formula E Racing<\/a>","tag_info":"Electric ABB FIA Formula E Racing","comment_count":"0","jetpack_featured_media_url":"https:\/\/evhnews.com\/wp-content\/uploads\/2019\/12\/Audi-customer-team-wins-Formula-E-season-opener.jpg","jetpack_likes_enabled":true,"jetpack_sharing_enabled":true,"jetpack_shortlink":"https:\/\/wp.me\/pbbbdx-mG","amp_enabled":true,"_links":{"self":[{"href":"https:\/\/evhnews.com\/pl\/wp-json\/wp\/v2\/posts\/1406","targetHints":{"allow":["GET"]}}],"collection":[{"href":"https:\/\/evhnews.com\/pl\/wp-json\/wp\/v2\/posts"}],"about":[{"href":"https:\/\/evhnews.com\/pl\/wp-json\/wp\/v2\/types\/post"}],"author":[{"embeddable":true,"href":"https:\/\/evhnews.com\/pl\/wp-json\/wp\/v2\/users\/165558846"}],"replies":[{"embeddable":true,"href":"https:\/\/evhnews.com\/pl\/wp-json\/wp\/v2\/comments?post=1406"}],"version-history":[{"count":6,"href":"https:\/\/evhnews.com\/pl\/wp-json\/wp\/v2\/posts\/1406\/revisions"}],"predecessor-version":[{"id":1421,"href":"https:\/\/evhnews.com\/pl\/wp-json\/wp\/v2\/posts\/1406\/revisions\/1421"}],"wp:featuredmedia":[{"embeddable":true,"href":"https:\/\/evhnews.com\/pl\/wp-json\/wp\/v2\/media\/1411"}],"wp:attachment":[{"href":"https:\/\/evhnews.com\/pl\/wp-json\/wp\/v2\/media?parent=1406"}],"wp:term":[{"taxonomy":"category","embeddable":true,"href":"https:\/\/evhnews.com\/pl\/wp-json\/wp\/v2\/categories?post=1406"},{"taxonomy":"post_tag","embeddable":true,"href":"https:\/\/evhnews.com\/pl\/wp-json\/wp\/v2\/tags?post=1406"}],"curies":[{"name":"wp","href":"https:\/\/api.w.org\/{rel}","templated":true}]}}