{"id":2035,"date":"2019-09-10T11:16:14","date_gmt":"2019-09-10T19:16:14","guid":{"rendered":"https:\/\/evhnews.com\/?p=2035"},"modified":"2020-01-03T12:18:11","modified_gmt":"2020-01-03T20:18:11","slug":"fabryka-przyszlosci-porsche-inwestuje-w-mobilnosc-elektryczna","status":"publish","type":"post","link":"https:\/\/evhnews.com\/pl\/2019\/09\/10\/fabryka-przyszlosci-porsche-inwestuje-w-mobilnosc-elektryczna\/","title":{"rendered":"The Factory Of The Future Porsche Is Investing In Electric Mobility"},"content":{"rendered":"<p style=\"text-align: center;\"><em>Image Credit: Porsche AG<br \/>\n<\/em><\/p>\n<p>&nbsp;<\/p>\n<p>&nbsp;<\/p>\n<p><strong>The Factory Of The Future Porsche Is Investing In Electric Mobility<\/strong><\/p>\n<p>Z sze\u015bciu miliard\u00f3w euro, kt\u00f3re Porsche zainwestuje w mobilno\u015b\u0107 elektryczn\u0105 do 2022 r., ponad 700 milion\u00f3w euro zostanie przeznaczone na budow\u0119 nowych zak\u0142ad\u00f3w produkcyjnych dla modelu Taycan. R\u00f3wnolegle do \u015bci\u015ble zr\u00f3wnowa\u017conej produkcji samochod\u00f3w sportowych - z 250 samochodami serii 911 i 718 fabryk\u0119 opuszcza wi\u0119cej pojazd\u00f3w ni\u017c kiedykolwiek wcze\u015bniej - w istniej\u0105cej fabryce w Zuffenhausen powstaje nowa fabryka.<\/p>\n<p>Przestrzenne rozmieszczenie r\u00f3\u017cnych linii produkcyjnych na terenie ca\u0142ej firmy jest konieczne ze wzgl\u0119du na jej miejsk\u0105 lokalizacj\u0119. Na przyk\u0142ad, nowy warsztat blacharski, kt\u00f3ry zosta\u0142 oddany do u\u017cytku wraz z premier\u0105 911 generacji 992 i umieszczony w samym sercu zak\u0142adu, zostanie po\u0142\u0105czony z budynkami wzniesionymi na zachodzie dla nap\u0119du elektrycznego i produkcji komponent\u00f3w, a tak\u017ce z nowym warsztatem lakierniczym. Na p\u00f3\u0142nocnym wschodzie znajduje si\u0119 wielopi\u0119trowy budynek monta\u017cowy Building 70. Lakierowane nadwozia i komponenty nap\u0119dowe docieraj\u0105 do budynku monta\u017cowego za pomoc\u0105 900-metrowego mostu przeno\u015bnikowego - bez wp\u0142ywu na pogod\u0119 i bez zak\u0142\u00f3cania transportu publicznego. Logistyka za\u0142adunku gotowego Taycana znajduje si\u0119 na wsch\u00f3d od Budynku 70.<\/p>\n<p>Zakrojony na szerok\u0105 skal\u0119 projekt staje si\u0119 rzeczywisto\u015bci\u0105 w rekordowym czasie. Po targowej premierze Mission E Study we wrze\u015bniu 2015 r., od decyzji Rady Nadzorczej w sprawie budowy nowego elektrycznego samochodu sportowego w grudniu 2015 r. do oficjalnego otwarcia fabryki w dniu 9 wrze\u015bnia 2019 r. min\u0119\u0142y prawie cztery lata. Samo przygotowanie nowej konstrukcji wymaga 21 indywidualnych projekt\u00f3w obejmuj\u0105cych ponad 6000 relokacji. W przypadku budynku monta\u017cowego na zboczu wykopano d\u00f3\u0142 konstrukcyjny o g\u0142\u0119boko\u015bci 25 metr\u00f3w. W procesie tym przemieszczono 240 000 m\u00b3 ziemi. Materia\u0142 z rozebranych starych hal zostanie przetworzony na miejscu i ponownie wykorzystany do budowy nowych budynk\u00f3w.<br \/>\n\"Posiadam 30-letnie do\u015bwiadczenie w bran\u017cy motoryzacyjnej i mia\u0142em okazj\u0119 opanowa\u0107 wiele zada\u0144. Zintegrowanie nowej produkcji z now\u0105 technologi\u0105 i nowymi procesami przy maksymalnej wydajno\u015bci w lokalizacji typu brownfield - tj. lokalizacji w \u015brodowisku miejskim - jest jak dot\u0105d moim najwi\u0119kszym wyzwaniem\". Albrecht Reimold, cz\u0142onek zarz\u0105du ds. produkcji i logistyki<\/p>\n<p>Porsche przywi\u0105zuje najwy\u017csz\u0105 wag\u0119 do zr\u00f3wnowa\u017conego rozwoju we wszystkich jego aspektach. Produkcja na terenie zak\u0142adu jest neutralna pod wzgl\u0119dem emisji CO\u2082, energooszcz\u0119dne budynki s\u0105 znacznie poni\u017cej ustawowych wymaga\u0144 energetycznych, wszystkie dachy nowych budynk\u00f3w s\u0105 zagospodarowane i cz\u0119\u015bciowo wyposa\u017cone w systemy fotowoltaiczne. Energia elektryczna wykorzystywana w Porsche pochodzi ze \u017ar\u00f3de\u0142 odnawialnych. Elektrociep\u0142ownie zasilane biogazem dostarczaj\u0105 ciep\u0142o i dodatkow\u0105 energi\u0119 elektryczn\u0105. Coraz bardziej zelektryfikowane pojazdy logistyczne i transport kolejowy zasilany zielon\u0105 energi\u0105 elektryczn\u0105 zmniejszaj\u0105 emisj\u0119 CO\u2082 w logistyce. Do tego dochodzi szereg innych \u015brodk\u00f3w, za pomoc\u0105 kt\u00f3rych Porsche d\u0105\u017cy do osi\u0105gni\u0119cia celu \"Zero-Impact-Factory\", produkcji bez wp\u0142ywu na \u015brodowisko.<\/p>\n<p style=\"text-align: center;\"><img fetchpriority=\"high\" decoding=\"async\" data-attachment-id=\"2038\" data-permalink=\"https:\/\/evhnews.com\/pl\/2019\/09\/10\/fabryka-przyszlosci-porsche-inwestuje-w-mobilnosc-elektryczna\/the-factory-of-the-future\/\" data-orig-file=\"https:\/\/evhnews.com\/wp-content\/uploads\/2020\/01\/The-factory-of-the-future.jpg\" data-orig-size=\"800,449\" data-comments-opened=\"1\" data-image-meta=\"{&quot;aperture&quot;:&quot;0&quot;,&quot;credit&quot;:&quot;&quot;,&quot;camera&quot;:&quot;&quot;,&quot;caption&quot;:&quot;&quot;,&quot;created_timestamp&quot;:&quot;0&quot;,&quot;copyright&quot;:&quot;&quot;,&quot;focal_length&quot;:&quot;0&quot;,&quot;iso&quot;:&quot;0&quot;,&quot;shutter_speed&quot;:&quot;0&quot;,&quot;title&quot;:&quot;&quot;,&quot;orientation&quot;:&quot;1&quot;}\" data-image-title=\"The factory of the future\" data-image-description=\"\" data-image-caption=\"\" data-large-file=\"https:\/\/evhnews.com\/wp-content\/uploads\/2020\/01\/The-factory-of-the-future.jpg\" class=\"alignnone size-full wp-image-2038\" src=\"https:\/\/evhnews.com\/wp-content\/uploads\/2020\/01\/The-factory-of-the-future.jpg\" alt=\"Fabryka przysz\u0142o\u015bci\" width=\"800\" height=\"449\" srcset=\"https:\/\/evhnews.com\/wp-content\/uploads\/2020\/01\/The-factory-of-the-future.jpg 800w, https:\/\/evhnews.com\/wp-content\/uploads\/2020\/01\/The-factory-of-the-future-300x168.jpg 300w, https:\/\/evhnews.com\/wp-content\/uploads\/2020\/01\/The-factory-of-the-future-768x431.jpg 768w\" sizes=\"(max-width: 800px) 100vw, 800px\" \/><\/p>\n<p style=\"text-align: center;\"><em>Image Credit: Porsche AG<\/em><\/p>\n<p><strong><br \/>\nPorsche jest przywi\u0105zane do tradycyjnej siedziby firmy i \u0142\u0105czy tradycj\u0119 z przysz\u0142o\u015bci\u0105. <\/strong><\/p>\n<p>Zr\u00f3wnowa\u017cony rozw\u00f3j jest jednym z trzech filar\u00f3w Porsche Production 4.0: smart, lean i green to modne s\u0142owa okre\u015blaj\u0105ce nowoczesne metody produkcji producenta samochod\u00f3w sportowych. Opr\u00f3cz aspekt\u00f3w ekologicznych (green) oraz odpowiedzialnego i wydajnego wykorzystania zasob\u00f3w (lean), Porsche Production 4.0 wyr\u00f3\u017cnia si\u0119 przejrzysto\u015bci\u0105 i po\u0142\u0105czeniem w sie\u0107 (smart). W centrum produkcji nadal znajduj\u0105 si\u0119 ludzie. Nowoczesne technologie u\u0142atwiaj\u0105 im prac\u0119 i wspieraj\u0105 ich rzemios\u0142o.<\/p>\n<p>Obejmuje to nowe, obracaj\u0105ce si\u0119 do 110 stopni obrotnice, dzi\u0119ki kt\u00f3rym nieergonomiczna praca nad g\u0142ow\u0105 nale\u017cy ju\u017c do przesz\u0142o\u015bci. Systemy transportu bez kierowcy, tak zwane AGV, Flexi-Line zast\u0119puj\u0105 klasyczn\u0105 lini\u0119 monta\u017cow\u0105. Zapewniaj\u0105 one elastyczno\u015b\u0107 produkcji i architektury nowego zak\u0142adu.<\/p>\n<p>To, co zacz\u0119\u0142o si\u0119 od ceglanego budynku o nazwie Plant 1, dzi\u015b rozros\u0142o si\u0119 do terenu o powierzchni 614 000 m<sup>2<\/sup> i na kt\u00f3rym oko\u0142o 12 000 pracownik\u00f3w produkuje czteroko\u0142owy entuzjazm. \u0141\u0105cznie dla Porsche pracuje obecnie ponad 33 000 os\u00f3b.<\/p>\n<p>Krok w kierunku elektrycznej mobilno\u015bci jest motorem nap\u0119dowym dla firmy: Taycan i jego odmiana CUV Taycan Cross Turismo stworz\u0105 1500 dodatkowych miejsc pracy. Jednocze\u015bnie producent samochod\u00f3w sportowych ustanawia bezprecedensow\u0105 inicjatyw\u0119 kwalifikacyjn\u0105, w ramach kt\u00f3rej temat mobilno\u015bci elektrycznej w Porsche jest przedstawiany pracownikom Porsche. Wszystkim pracownikom oferowany jest czterodniowy program kwalifikacyjny oraz szerokie mo\u017cliwo\u015bci e-learningu. Dla koleg\u00f3w bezpo\u015brednio zaanga\u017cowanych w produkcj\u0119 modelu Taycan zaplanowano wielotygodniowe szkolenie.<\/p>\n<p><img decoding=\"async\" data-attachment-id=\"1490\" data-permalink=\"https:\/\/evhnews.com\/pl\/2019\/12\/18\/the-efficient-drivetrain-for-the-purely-electric-bmw-ix3\/evh-news-lighting-bolt-logo\/\" data-orig-file=\"https:\/\/evhnews.com\/wp-content\/uploads\/2019\/12\/EVH-News-Lighting-Bolt-Logo-.jpg\" data-orig-size=\"100,100\" data-comments-opened=\"1\" data-image-meta=\"{&quot;aperture&quot;:&quot;0&quot;,&quot;credit&quot;:&quot;&quot;,&quot;camera&quot;:&quot;&quot;,&quot;caption&quot;:&quot;&quot;,&quot;created_timestamp&quot;:&quot;1575197468&quot;,&quot;copyright&quot;:&quot;&quot;,&quot;focal_length&quot;:&quot;0&quot;,&quot;iso&quot;:&quot;0&quot;,&quot;shutter_speed&quot;:&quot;0&quot;,&quot;title&quot;:&quot;&quot;,&quot;orientation&quot;:&quot;1&quot;}\" data-image-title=\"EVH News-Lighting-Bolt-Logo-\" data-image-description=\"\" data-image-caption=\"\" data-large-file=\"https:\/\/evhnews.com\/wp-content\/uploads\/2019\/12\/EVH-News-Lighting-Bolt-Logo-.jpg\" class=\"alignnone size-full wp-image-1490\" src=\"https:\/\/evhnews.com\/wp-content\/uploads\/2019\/12\/EVH-News-Lighting-Bolt-Logo-.jpg\" alt=\"EVH News-Lighting-Bolt-Logo-\" width=\"100\" height=\"100\" \/><\/p>","protected":false},"excerpt":{"rendered":"<p>Image Credit: Porsche AG &nbsp; &nbsp; The Factory Of The Future Porsche Is Investing In&#8230;<\/p>","protected":false},"author":165558846,"featured_media":2037,"comment_status":"open","ping_status":"open","sticky":false,"template":"","format":"standard","meta":{"_coblocks_attr":"","_coblocks_dimensions":"","_coblocks_responsive_height":"","_coblocks_accordion_ie_support":"","_crdt_document":"","advanced_seo_description":"The Factory Of The Future Porsche Is Investing In Electric Mobility","jetpack_seo_html_title":"","jetpack_seo_noindex":false,"_jetpack_newsletter_access":"","_jetpack_dont_email_post_to_subs":false,"_jetpack_newsletter_tier_id":0,"_jetpack_memberships_contains_paywalled_content":false,"two_page_speed":[],"_jetpack_memberships_contains_paid_content":false,"footnotes":"","jetpack_publicize_message":"","jetpack_publicize_feature_enabled":true,"jetpack_social_post_already_shared":true,"jetpack_social_options":{"image_generator_settings":{"template":"highway","default_image_id":0,"font":"","enabled":false},"version":2},"_wpas_customize_per_network":false,"jetpack_post_was_ever_published":false},"categories":[688377455],"tags":[],"class_list":["post-2035","post","type-post","status-publish","format-standard","has-post-thumbnail","hentry","category-electric-vehicle-mobility-industry-world"],"jetpack_publicize_connections":[],"featured_image_urls":{"full":["https:\/\/evhnews.com\/wp-content\/uploads\/2020\/01\/The-factory-of-the-future-\u2013-smart-lean-and-green.jpg",800,462,false],"thumbnail":["https:\/\/evhnews.com\/wp-content\/uploads\/2020\/01\/The-factory-of-the-future-\u2013-smart-lean-and-green-150x150.jpg",150,150,true],"medium":["https:\/\/evhnews.com\/wp-content\/uploads\/2020\/01\/The-factory-of-the-future-\u2013-smart-lean-and-green-300x173.jpg",300,173,true],"medium_large":["https:\/\/evhnews.com\/wp-content\/uploads\/2020\/01\/The-factory-of-the-future-\u2013-smart-lean-and-green-768x444.jpg",640,370,true],"large":["https:\/\/evhnews.com\/wp-content\/uploads\/2020\/01\/The-factory-of-the-future-\u2013-smart-lean-and-green.jpg",640,370,false],"1536x1536":["https:\/\/evhnews.com\/wp-content\/uploads\/2020\/01\/The-factory-of-the-future-\u2013-smart-lean-and-green.jpg",800,462,false],"2048x2048":["https:\/\/evhnews.com\/wp-content\/uploads\/2020\/01\/The-factory-of-the-future-\u2013-smart-lean-and-green.jpg",800,462,false],"trp-custom-language-flag":["https:\/\/evhnews.com\/wp-content\/uploads\/2020\/01\/The-factory-of-the-future-\u2013-smart-lean-and-green.jpg",18,10,false],"newspack-article-block-landscape-large":["https:\/\/evhnews.com\/wp-content\/uploads\/2020\/01\/The-factory-of-the-future-\u2013-smart-lean-and-green.jpg",800,462,false],"newspack-article-block-portrait-large":["https:\/\/evhnews.com\/wp-content\/uploads\/2020\/01\/The-factory-of-the-future-\u2013-smart-lean-and-green.jpg",800,462,false],"newspack-article-block-square-large":["https:\/\/evhnews.com\/wp-content\/uploads\/2020\/01\/The-factory-of-the-future-\u2013-smart-lean-and-green.jpg",800,462,false],"newspack-article-block-landscape-medium":["https:\/\/evhnews.com\/wp-content\/uploads\/2020\/01\/The-factory-of-the-future-\u2013-smart-lean-and-green.jpg",800,462,false],"newspack-article-block-portrait-medium":["https:\/\/evhnews.com\/wp-content\/uploads\/2020\/01\/The-factory-of-the-future-\u2013-smart-lean-and-green-600x462.jpg",600,462,true],"newspack-article-block-square-medium":["https:\/\/evhnews.com\/wp-content\/uploads\/2020\/01\/The-factory-of-the-future-\u2013-smart-lean-and-green.jpg",800,462,false],"newspack-article-block-landscape-intermediate":["https:\/\/evhnews.com\/wp-content\/uploads\/2020\/01\/The-factory-of-the-future-\u2013-smart-lean-and-green.jpg",600,347,false],"newspack-article-block-portrait-intermediate":["https:\/\/evhnews.com\/wp-content\/uploads\/2020\/01\/The-factory-of-the-future-\u2013-smart-lean-and-green.jpg",450,260,false],"newspack-article-block-square-intermediate":["https:\/\/evhnews.com\/wp-content\/uploads\/2020\/01\/The-factory-of-the-future-\u2013-smart-lean-and-green.jpg",600,347,false],"newspack-article-block-landscape-small":["https:\/\/evhnews.com\/wp-content\/uploads\/2020\/01\/The-factory-of-the-future-\u2013-smart-lean-and-green-400x300.jpg",400,300,true],"newspack-article-block-portrait-small":["https:\/\/evhnews.com\/wp-content\/uploads\/2020\/01\/The-factory-of-the-future-\u2013-smart-lean-and-green-300x400.jpg",300,400,true],"newspack-article-block-square-small":["https:\/\/evhnews.com\/wp-content\/uploads\/2020\/01\/The-factory-of-the-future-\u2013-smart-lean-and-green-400x400.jpg",400,400,true],"newspack-article-block-landscape-tiny":["https:\/\/evhnews.com\/wp-content\/uploads\/2020\/01\/The-factory-of-the-future-\u2013-smart-lean-and-green-200x150.jpg",200,150,true],"newspack-article-block-portrait-tiny":["https:\/\/evhnews.com\/wp-content\/uploads\/2020\/01\/The-factory-of-the-future-\u2013-smart-lean-and-green-150x200.jpg",150,200,true],"newspack-article-block-square-tiny":["https:\/\/evhnews.com\/wp-content\/uploads\/2020\/01\/The-factory-of-the-future-\u2013-smart-lean-and-green-200x200.jpg",200,200,true],"newspack-article-block-uncropped":["https:\/\/evhnews.com\/wp-content\/uploads\/2020\/01\/The-factory-of-the-future-\u2013-smart-lean-and-green.jpg",800,462,false],"enternews-featured":["https:\/\/evhnews.com\/wp-content\/uploads\/2020\/01\/The-factory-of-the-future-\u2013-smart-lean-and-green.jpg",800,462,false],"enternews-medium":["https:\/\/evhnews.com\/wp-content\/uploads\/2020\/01\/The-factory-of-the-future-\u2013-smart-lean-and-green.jpg",720,416,false],"enternews-thumbnail":["https:\/\/evhnews.com\/wp-content\/uploads\/2020\/01\/The-factory-of-the-future-\u2013-smart-lean-and-green.jpg",480,277,false],"tenweb_optimizer_mobile":["https:\/\/evhnews.com\/wp-content\/uploads\/2020\/01\/The-factory-of-the-future-\u2013-smart-lean-and-green.jpg",600,347,false],"tenweb_optimizer_tablet":["https:\/\/evhnews.com\/wp-content\/uploads\/2020\/01\/The-factory-of-the-future-\u2013-smart-lean-and-green.jpg",768,444,false]},"author_info":{"display_name":"EVHNews","author_link":"https:\/\/evhnews.com\/pl\/author\/evhnews\/"},"category_info":"<a href=\"https:\/\/evhnews.com\/pl\/category\/pojazdy-elektryczne\/pojazdy-elektryczne-mobilnosc-przemysl-swiat\/\" rel=\"category tag\">Electric Automotive Industry<\/a>","tag_info":"Electric Automotive Industry","comment_count":"0","jetpack_featured_media_url":"https:\/\/evhnews.com\/wp-content\/uploads\/2020\/01\/The-factory-of-the-future-\u2013-smart-lean-and-green.jpg","jetpack_likes_enabled":true,"jetpack_sharing_enabled":true,"jetpack_shortlink":"https:\/\/wp.me\/pbbbdx-wP","amp_enabled":true,"_links":{"self":[{"href":"https:\/\/evhnews.com\/pl\/wp-json\/wp\/v2\/posts\/2035","targetHints":{"allow":["GET"]}}],"collection":[{"href":"https:\/\/evhnews.com\/pl\/wp-json\/wp\/v2\/posts"}],"about":[{"href":"https:\/\/evhnews.com\/pl\/wp-json\/wp\/v2\/types\/post"}],"author":[{"embeddable":true,"href":"https:\/\/evhnews.com\/pl\/wp-json\/wp\/v2\/users\/165558846"}],"replies":[{"embeddable":true,"href":"https:\/\/evhnews.com\/pl\/wp-json\/wp\/v2\/comments?post=2035"}],"version-history":[{"count":2,"href":"https:\/\/evhnews.com\/pl\/wp-json\/wp\/v2\/posts\/2035\/revisions"}],"predecessor-version":[{"id":2039,"href":"https:\/\/evhnews.com\/pl\/wp-json\/wp\/v2\/posts\/2035\/revisions\/2039"}],"wp:featuredmedia":[{"embeddable":true,"href":"https:\/\/evhnews.com\/pl\/wp-json\/wp\/v2\/media\/2037"}],"wp:attachment":[{"href":"https:\/\/evhnews.com\/pl\/wp-json\/wp\/v2\/media?parent=2035"}],"wp:term":[{"taxonomy":"category","embeddable":true,"href":"https:\/\/evhnews.com\/pl\/wp-json\/wp\/v2\/categories?post=2035"},{"taxonomy":"post_tag","embeddable":true,"href":"https:\/\/evhnews.com\/pl\/wp-json\/wp\/v2\/tags?post=2035"}],"curies":[{"name":"wp","href":"https:\/\/api.w.org\/{rel}","templated":true}]}}