{"id":3746,"date":"2020-02-25T21:16:18","date_gmt":"2020-02-26T05:16:18","guid":{"rendered":"https:\/\/evhnews.com\/?p=3746"},"modified":"2020-03-10T10:21:47","modified_gmt":"2020-03-10T17:21:47","slug":"karma-powieksza-europejska-siec-sprzedazy-detalicznej-o-karma-spain","status":"publish","type":"post","link":"https:\/\/evhnews.com\/pl\/2020\/02\/25\/karma-powieksza-europejska-siec-sprzedazy-detalicznej-o-karma-spain\/","title":{"rendered":"Karma Grows European Retail Network By Adding Karma Spain"},"content":{"rendered":"<p>&nbsp;<\/p>\n<h3>Karma Grows European Retail Network By Adding Karma Spain<\/h3>\n<ul>\n<li>Nowy partner detaliczny Karma zosta\u0142 za\u0142o\u017cony w Walencji w Hiszpanii<\/li>\n<li>Spania GTA b\u0119dzie operatorem Karma Spain<\/li>\n<li>Europejska obecno\u015b\u0107 detaliczna Karmy wspiera plany globalnej ekspansji firmy<\/li>\n<\/ul>\n<p style=\"text-align: center;\"><img fetchpriority=\"high\" decoding=\"async\" data-attachment-id=\"3747\" data-permalink=\"https:\/\/evhnews.com\/pl\/2020\/02\/25\/karma-powieksza-europejska-siec-sprzedazy-detalicznej-o-karma-spain\/karma-powieksza-europejska-siec-sprzedazy-detalicznej-o-karma-spain\/\" data-orig-file=\"https:\/\/evhnews.com\/wp-content\/uploads\/2020\/02\/Karma-grows-European-retail-network-by-adding-Karma-Spain.png\" data-orig-size=\"800,404\" data-comments-opened=\"1\" data-image-meta=\"{&quot;aperture&quot;:&quot;0&quot;,&quot;credit&quot;:&quot;&quot;,&quot;camera&quot;:&quot;&quot;,&quot;caption&quot;:&quot;&quot;,&quot;created_timestamp&quot;:&quot;0&quot;,&quot;copyright&quot;:&quot;&quot;,&quot;focal_length&quot;:&quot;0&quot;,&quot;iso&quot;:&quot;0&quot;,&quot;shutter_speed&quot;:&quot;0&quot;,&quot;title&quot;:&quot;&quot;,&quot;orientation&quot;:&quot;0&quot;}\" data-image-title=\"Karma grows European retail network by adding Karma Spain\" data-image-description=\"\" data-image-caption=\"\" data-large-file=\"https:\/\/evhnews.com\/wp-content\/uploads\/2020\/02\/Karma-grows-European-retail-network-by-adding-Karma-Spain.png\" class=\"size-full wp-image-3747 aligncenter\" src=\"https:\/\/evhnews.com\/wp-content\/uploads\/2020\/02\/Karma-grows-European-retail-network-by-adding-Karma-Spain.png\" alt=\"Karma powi\u0119ksza europejsk\u0105 sie\u0107 sprzeda\u017cy detalicznej o Karma Spain\" width=\"800\" height=\"404\" srcset=\"https:\/\/evhnews.com\/wp-content\/uploads\/2020\/02\/Karma-grows-European-retail-network-by-adding-Karma-Spain.png 800w, https:\/\/evhnews.com\/wp-content\/uploads\/2020\/02\/Karma-grows-European-retail-network-by-adding-Karma-Spain-300x152.png 300w, https:\/\/evhnews.com\/wp-content\/uploads\/2020\/02\/Karma-grows-European-retail-network-by-adding-Karma-Spain-768x388.png 768w\" sizes=\"(max-width: 800px) 100vw, 800px\" \/><span style=\"font-size: small;\"><em>\u0179r\u00f3d\u0142o zdj\u0119cia: Karma<\/em><\/span><\/p>\n<p>Karma Automotive, tw\u00f3rca luksusowych pojazd\u00f3w elektrycznych z siedzib\u0105 w po\u0142udniowej Kalifornii i inkubator zaawansowanych technologii, doda\u0142 dzi\u015b Karma Spain do swojej rosn\u0105cej europejskiej sieci detalicznej.<\/p>\n<p>Najnowszy punkt sprzeda\u017cy marki Karma znajduje si\u0119 w Walencji w Hiszpanii i jest czwartym nowym punktem w nowo utworzonej europejskiej sieci sprzeda\u017cy marki, kt\u00f3ra dzia\u0142a ju\u017c w Szwecji, Francji i Holandii. Karma Spain rozwija szybko rozwijaj\u0105c\u0105 si\u0119 sie\u0107 sprzedawc\u00f3w detalicznych Karma, utrzymuj\u0105c mark\u0119 na dobrej drodze do zwi\u0119kszenia swojej obecno\u015bci na pi\u0119ciu kontynentach w 2020 roku.<\/p>\n<p>Karma Spain b\u0119dzie obs\u0142ugiwana przez Spania GTA, wiod\u0105cego producenta samochod\u00f3w do sport\u00f3w motorowych, kt\u00f3ry ma ponad 20-letni\u0105 histori\u0119 w presti\u017cowych mistrzostwach, w tym European F3 Open, Superleague Formula i International Open GT. Spania GTA jest r\u00f3wnie\u017c odpowiedzialna za skonstruowanie GTA Spano, limitowanej produkcji supersamochodu.<\/p>\n<p>\u201cSpania GTA jest wa\u017cnym partnerem dla Karma Automotive, poniewa\u017c rozwijamy si\u0119 jako producent luksusowych samochod\u00f3w o wysokich osi\u0105gach i inkubator technologii\u201d - m\u00f3wi Rogier Kroymans, wiceprezes Karmy ds. sprzeda\u017cy i rozwoju sieci w Europie. \u201cIch dog\u0142\u0119bna znajomo\u015b\u0107 europejskich i hiszpa\u0144skich sport\u00f3w motorowych czyni z nich idealnego sprzedawc\u0119 dla luksusowego elektrycznego Revero Karmy i strategicznego partnera, poniewa\u017c Karma poszukuje podobnie my\u015bl\u0105cych innowator\u00f3w do wsp\u00f3\u0142pracy nad przysz\u0142ymi technologiami\u201d.\u201d<\/p>\n<p>Karma niedawno otworzy\u0142a swoje zasoby w zakresie projektowania, in\u017cynierii, testowania i walidacji, produkcji i dostosowywania dla innych producent\u00f3w OEM, startup\u00f3w i partner\u00f3w w celu opracowania unikalnych produkt\u00f3w, technologii, rozwi\u0105za\u0144 i us\u0142ug. Solidna globalna sie\u0107 sprzeda\u017cy detalicznej utrzymywana przez partner\u00f3w, takich jak Spania GTA, b\u0119dzie odgrywa\u0107 kluczow\u0105 rol\u0119 w przysz\u0142o\u015bci Karmy zar\u00f3wno jako luksusowego producenta samochod\u00f3w, jak i innowatora technologicznego.<\/p>\n<p>\u201cJeste\u015bmy pasjonatami nowoczesnej technologii, kt\u00f3ra jest obecna w dzisiejszych pojazdach do sport\u00f3w motorowych i staramy si\u0119 zapewni\u0107 naszym klientom ekskluzywne, ewolucyjne wra\u017cenia z jazdy\u201d - m\u00f3wi Domingo Ochoa, dyrektor generalny Spania GTA. \u201cElektryczne pojazdy Karma o rozszerzonym zasi\u0119gu, w po\u0142\u0105czeniu z poruszaj\u0105cym dusz\u0119 designem motoryzacyjnym i inteligentn\u0105 technologi\u0105, oferuj\u0105 naszym klientom zr\u00f3wnowa\u017cone, zorientowane na osi\u0105gi luksusowe pojazdy ze spersonalizowanym do\u015bwiadczeniem posiadania\u201d.\u201d<\/p>\n<p>Revero to oryginalny luksusowy pojazd elektryczny Karma nap\u0119dzany dwoma silnikami elektrycznymi. Posiada wydajny czterocylindrowy silnik z turbodo\u0142adowaniem, kt\u00f3ry zasila pok\u0142adowy generator elektryczny i zwi\u0119ksza og\u00f3lne osi\u0105gi pojazdu. Ka\u017cdy Revero jest w du\u017cej mierze budowany r\u0119cznie w Karma Innovation and Customization Center (KICC), zak\u0142adzie produkcyjnym w Moreno Valley w Kalifornii. Karma Spain b\u0119dzie oferowa\u0107 \u015bci\u015ble ograniczon\u0105 liczb\u0119 egzemplarzy luksusowego elektrycznego Revero zgodnie z mi\u0119dzynarodowymi planami ekspansji firmy, wyprzedzaj\u0105c przysz\u0142e produkty, kt\u00f3re pojawi\u0105 si\u0119 w regionie.<\/p>\n<p><img decoding=\"async\" data-attachment-id=\"1490\" data-permalink=\"https:\/\/evhnews.com\/pl\/2019\/12\/18\/the-efficient-drivetrain-for-the-purely-electric-bmw-ix3\/evh-news-lighting-bolt-logo\/\" data-orig-file=\"https:\/\/evhnews.com\/wp-content\/uploads\/2019\/12\/EVH-News-Lighting-Bolt-Logo-.jpg\" data-orig-size=\"100,100\" data-comments-opened=\"1\" data-image-meta=\"{&quot;aperture&quot;:&quot;0&quot;,&quot;credit&quot;:&quot;&quot;,&quot;camera&quot;:&quot;&quot;,&quot;caption&quot;:&quot;&quot;,&quot;created_timestamp&quot;:&quot;1575197468&quot;,&quot;copyright&quot;:&quot;&quot;,&quot;focal_length&quot;:&quot;0&quot;,&quot;iso&quot;:&quot;0&quot;,&quot;shutter_speed&quot;:&quot;0&quot;,&quot;title&quot;:&quot;&quot;,&quot;orientation&quot;:&quot;1&quot;}\" data-image-title=\"EVH News-Lighting-Bolt-Logo-\" data-image-description=\"\" data-image-caption=\"\" data-large-file=\"https:\/\/evhnews.com\/wp-content\/uploads\/2019\/12\/EVH-News-Lighting-Bolt-Logo-.jpg\" class=\"alignnone size-full wp-image-1490\" src=\"https:\/\/evhnews.com\/wp-content\/uploads\/2019\/12\/EVH-News-Lighting-Bolt-Logo-.jpg\" alt=\"EVH News-Lighting-Bolt-Logo-\" width=\"100\" height=\"100\" \/><\/p>","protected":false},"excerpt":{"rendered":"<p>&nbsp; Karma Grows European Retail Network By Adding Karma Spain New Karma Retail Partner Established&#8230;<\/p>","protected":false},"author":165558846,"featured_media":2714,"comment_status":"open","ping_status":"open","sticky":false,"template":"","format":"standard","meta":{"_coblocks_attr":"","_coblocks_dimensions":"","_coblocks_responsive_height":"","_coblocks_accordion_ie_support":"","_crdt_document":"","advanced_seo_description":"Karma Grows European Retail Network By Adding Karma Spain","jetpack_seo_html_title":"","jetpack_seo_noindex":false,"_jetpack_newsletter_access":"","_jetpack_dont_email_post_to_subs":false,"_jetpack_newsletter_tier_id":0,"_jetpack_memberships_contains_paywalled_content":false,"two_page_speed":[],"_jetpack_memberships_contains_paid_content":false,"footnotes":"","jetpack_publicize_message":"","jetpack_publicize_feature_enabled":true,"jetpack_social_post_already_shared":true,"jetpack_social_options":{"image_generator_settings":{"template":"highway","default_image_id":0,"font":"","enabled":false},"version":2},"_wpas_customize_per_network":false,"jetpack_post_was_ever_published":false},"categories":[688377455],"tags":[],"class_list":["post-3746","post","type-post","status-publish","format-standard","has-post-thumbnail","hentry","category-electric-vehicle-mobility-industry-world"],"jetpack_publicize_connections":[],"featured_image_urls":{"full":["https:\/\/evhnews.com\/wp-content\/uploads\/2020\/01\/Karma-1.jpg",800,501,false],"thumbnail":["https:\/\/evhnews.com\/wp-content\/uploads\/2020\/01\/Karma-1-150x150.jpg",150,150,true],"medium":["https:\/\/evhnews.com\/wp-content\/uploads\/2020\/01\/Karma-1-300x188.jpg",300,188,true],"medium_large":["https:\/\/evhnews.com\/wp-content\/uploads\/2020\/01\/Karma-1-768x481.jpg",640,401,true],"large":["https:\/\/evhnews.com\/wp-content\/uploads\/2020\/01\/Karma-1.jpg",640,401,false],"1536x1536":["https:\/\/evhnews.com\/wp-content\/uploads\/2020\/01\/Karma-1.jpg",800,501,false],"2048x2048":["https:\/\/evhnews.com\/wp-content\/uploads\/2020\/01\/Karma-1.jpg",800,501,false],"trp-custom-language-flag":["https:\/\/evhnews.com\/wp-content\/uploads\/2020\/01\/Karma-1.jpg",18,12,false],"newspack-article-block-landscape-large":["https:\/\/evhnews.com\/wp-content\/uploads\/2020\/01\/Karma-1.jpg",800,501,false],"newspack-article-block-portrait-large":["https:\/\/evhnews.com\/wp-content\/uploads\/2020\/01\/Karma-1.jpg",800,501,false],"newspack-article-block-square-large":["https:\/\/evhnews.com\/wp-content\/uploads\/2020\/01\/Karma-1.jpg",800,501,false],"newspack-article-block-landscape-medium":["https:\/\/evhnews.com\/wp-content\/uploads\/2020\/01\/Karma-1.jpg",800,501,false],"newspack-article-block-portrait-medium":["https:\/\/evhnews.com\/wp-content\/uploads\/2020\/01\/Karma-1-600x501.jpg",600,501,true],"newspack-article-block-square-medium":["https:\/\/evhnews.com\/wp-content\/uploads\/2020\/01\/Karma-1.jpg",800,501,false],"newspack-article-block-landscape-intermediate":["https:\/\/evhnews.com\/wp-content\/uploads\/2020\/01\/Karma-1.jpg",600,376,false],"newspack-article-block-portrait-intermediate":["https:\/\/evhnews.com\/wp-content\/uploads\/2020\/01\/Karma-1.jpg",450,282,false],"newspack-article-block-square-intermediate":["https:\/\/evhnews.com\/wp-content\/uploads\/2020\/01\/Karma-1.jpg",600,376,false],"newspack-article-block-landscape-small":["https:\/\/evhnews.com\/wp-content\/uploads\/2020\/01\/Karma-1-400x300.jpg",400,300,true],"newspack-article-block-portrait-small":["https:\/\/evhnews.com\/wp-content\/uploads\/2020\/01\/Karma-1-300x400.jpg",300,400,true],"newspack-article-block-square-small":["https:\/\/evhnews.com\/wp-content\/uploads\/2020\/01\/Karma-1-400x400.jpg",400,400,true],"newspack-article-block-landscape-tiny":["https:\/\/evhnews.com\/wp-content\/uploads\/2020\/01\/Karma-1-200x150.jpg",200,150,true],"newspack-article-block-portrait-tiny":["https:\/\/evhnews.com\/wp-content\/uploads\/2020\/01\/Karma-1-150x200.jpg",150,200,true],"newspack-article-block-square-tiny":["https:\/\/evhnews.com\/wp-content\/uploads\/2020\/01\/Karma-1-200x200.jpg",200,200,true],"newspack-article-block-uncropped":["https:\/\/evhnews.com\/wp-content\/uploads\/2020\/01\/Karma-1.jpg",800,501,false],"enternews-featured":["https:\/\/evhnews.com\/wp-content\/uploads\/2020\/01\/Karma-1.jpg",800,501,false],"enternews-medium":["https:\/\/evhnews.com\/wp-content\/uploads\/2020\/01\/Karma-1.jpg",720,451,false],"enternews-thumbnail":["https:\/\/evhnews.com\/wp-content\/uploads\/2020\/01\/Karma-1.jpg",480,301,false],"tenweb_optimizer_mobile":["https:\/\/evhnews.com\/wp-content\/uploads\/2020\/01\/Karma-1.jpg",600,376,false],"tenweb_optimizer_tablet":["https:\/\/evhnews.com\/wp-content\/uploads\/2020\/01\/Karma-1.jpg",768,481,false]},"author_info":{"display_name":"EVHNews","author_link":"https:\/\/evhnews.com\/pl\/author\/evhnews\/"},"category_info":"<a href=\"https:\/\/evhnews.com\/pl\/category\/pojazdy-elektryczne\/pojazdy-elektryczne-mobilnosc-przemysl-swiat\/\" rel=\"category tag\">Electric Automotive Industry<\/a>","tag_info":"Electric Automotive Industry","comment_count":"0","jetpack_featured_media_url":"https:\/\/evhnews.com\/wp-content\/uploads\/2020\/01\/Karma-1.jpg","jetpack_likes_enabled":true,"jetpack_sharing_enabled":true,"jetpack_shortlink":"https:\/\/wp.me\/pbbbdx-Yq","amp_enabled":true,"_links":{"self":[{"href":"https:\/\/evhnews.com\/pl\/wp-json\/wp\/v2\/posts\/3746","targetHints":{"allow":["GET"]}}],"collection":[{"href":"https:\/\/evhnews.com\/pl\/wp-json\/wp\/v2\/posts"}],"about":[{"href":"https:\/\/evhnews.com\/pl\/wp-json\/wp\/v2\/types\/post"}],"author":[{"embeddable":true,"href":"https:\/\/evhnews.com\/pl\/wp-json\/wp\/v2\/users\/165558846"}],"replies":[{"embeddable":true,"href":"https:\/\/evhnews.com\/pl\/wp-json\/wp\/v2\/comments?post=3746"}],"version-history":[{"count":4,"href":"https:\/\/evhnews.com\/pl\/wp-json\/wp\/v2\/posts\/3746\/revisions"}],"predecessor-version":[{"id":3931,"href":"https:\/\/evhnews.com\/pl\/wp-json\/wp\/v2\/posts\/3746\/revisions\/3931"}],"wp:featuredmedia":[{"embeddable":true,"href":"https:\/\/evhnews.com\/pl\/wp-json\/wp\/v2\/media\/2714"}],"wp:attachment":[{"href":"https:\/\/evhnews.com\/pl\/wp-json\/wp\/v2\/media?parent=3746"}],"wp:term":[{"taxonomy":"category","embeddable":true,"href":"https:\/\/evhnews.com\/pl\/wp-json\/wp\/v2\/categories?post=3746"},{"taxonomy":"post_tag","embeddable":true,"href":"https:\/\/evhnews.com\/pl\/wp-json\/wp\/v2\/tags?post=3746"}],"curies":[{"name":"wp","href":"https:\/\/api.w.org\/{rel}","templated":true}]}}