{"id":2530,"date":"2020-01-17T13:51:31","date_gmt":"2020-01-17T21:51:31","guid":{"rendered":"https:\/\/evhnews.com\/?p=2530"},"modified":"2020-01-17T13:51:31","modified_gmt":"2020-01-17T21:51:31","slug":"a-general-motors-nomeia-dane-parker-como-diretor-de-sustentabilidade","status":"publish","type":"post","link":"https:\/\/evhnews.com\/pt\/2020\/01\/17\/a-general-motors-nomeia-dane-parker-como-diretor-de-sustentabilidade\/","title":{"rendered":"General Motors Appoints Dane Parker As Chief Sustainability Officer"},"content":{"rendered":"<p style=\"text-align: center;\"><span style=\"font-size: small;\"><em>Cr\u00e9dito da imagem: General Motors<\/em><\/span><\/p>\n<p><strong>General Motors Appoints Dane Parker As Chief Sustainability Officer<\/strong><\/p>\n<p>Novo cargo criado para acelerar os planos da empresa para um futuro de emiss\u00f5es zero<\/p>\n<p>A General Motors Co. (NYSE: GM) anunciou hoje a nomea\u00e7\u00e3o de Dane Parker como diretor de sustentabilidade da empresa, a partir de 1\u00ba de fevereiro de 2020.<\/p>\n<p>Parker, atualmente vice-presidente de locais de trabalho sustent\u00e1veis, amplia sua fun\u00e7\u00e3o atual com o rec\u00e9m-criado cargo de diretor de sustentabilidade. Nessa fun\u00e7\u00e3o, ele liderar\u00e1 uma estrat\u00e9gia de sustentabilidade em toda a empresa, incluindo a integra\u00e7\u00e3o da meta da empresa de alcan\u00e7ar um futuro de zero emiss\u00f5es.<\/p>\n<p>\"As mudan\u00e7as clim\u00e1ticas s\u00e3o reais. Isso \u00e9 indiscut\u00edvel, e levamos a s\u00e9rio os desafios que ela apresenta\", disse a Presidente e CEO da GM, Mary Barra. \"O setor de transportes deve fazer parte de qualquer solu\u00e7\u00e3o confi\u00e1vel para as mudan\u00e7as clim\u00e1ticas e a lideran\u00e7a, a experi\u00eancia e a paix\u00e3o de Dane nos ajudar\u00e3o a enfrentar esses desafios de frente. Nossa vis\u00e3o de um mundo com zero acidentes, zero emiss\u00f5es e zero congestionamento \u00e9 ambiciosa e essa nomea\u00e7\u00e3o alinha nossa organiza\u00e7\u00e3o para acelerar a realiza\u00e7\u00e3o dessa vis\u00e3o\".<\/p>\n<p>A organiza\u00e7\u00e3o da Parker garantir\u00e1 o consumo e a produ\u00e7\u00e3o respons\u00e1veis de materiais, liderar\u00e1 os esfor\u00e7os da GM como defensora global de opera\u00e7\u00f5es de manufatura e mobilidade sens\u00edveis ao clima e liderar\u00e1 o projeto estrat\u00e9gico e a implementa\u00e7\u00e3o de infraestrutura para ve\u00edculos el\u00e9tricos nas instala\u00e7\u00f5es da GM.<\/p>\n<p>\"O foco em VEs continua sendo uma medida fundamental de nosso compromisso, mas tamb\u00e9m \u00e9 importante reconhecer o papel que nossas instala\u00e7\u00f5es desempenham na viabiliza\u00e7\u00e3o de nossa vis\u00e3o de emiss\u00f5es zero\", disse Barra.<\/p>\n<p>Sob a lideran\u00e7a de Parker, a GM reduziu sua intensidade de carbono de fabrica\u00e7\u00e3o em 20% - tr\u00eas anos antes de sua meta - e \u00e9 uma l\u00edder reconhecida pela EPA em efici\u00eancia energ\u00e9tica e utiliza\u00e7\u00e3o de energia renov\u00e1vel, incluindo a conquista de sete pr\u00eamios consecutivos EPA Energy Star Partner of the Year.<\/p>\n<p>As outras responsabilidades globais de Parker incluem projeto, engenharia, constru\u00e7\u00e3o e opera\u00e7\u00f5es de instala\u00e7\u00f5es, aquisi\u00e7\u00e3o e efici\u00eancia de energia, conformidade ambiental, im\u00f3veis e estrat\u00e9gia de local de trabalho.<\/p>\n<p>A GM est\u00e1 a caminho de trazer <a href=\"https:\/\/media.gm.com\/media\/us\/en\/gm\/news.detail.html\/content\/Pages\/news\/us\/en\/2018\/jun\/0612-sustainability.html\">20 novos modelos totalmente el\u00e9tricos no mercado at\u00e9 2023<\/a> incluindo uma bateria<\/p>\n<p>caminh\u00e3o el\u00e9trico; recentemente anunciou uma joint venture com a LG Chem para <a href=\"https:\/\/media.gm.com\/media\/us\/en\/gm\/home.detail.html\/content\/Pages\/news\/us\/en\/2019\/dec\/1205-lgchem.html\">produzir c\u00e9lulas de bateria em massa<\/a> na \u00e1rea de Lordstown, no nordeste de Ohio; e colabora com tr\u00eas das principais redes de recarga de ve\u00edculos el\u00e9tricos do pa\u00eds para permitir o acesso \u00e0 rede de recarga de ve\u00edculos el\u00e9tricos da empresa. <a href=\"https:\/\/media.gm.com\/media\/us\/en\/gm\/news.detail.html\/content\/Pages\/news\/us\/en\/2019\/jan\/0109-charging.html\">maior rede coletiva de carregamento de ve\u00edculos el\u00e9tricos<\/a> nos Estados Unidos, incluindo mais de 31.000 portas de carregamento.<\/p>\n<p>Parker ingressou na GM em julho de 2015 como diretor executivo de instala\u00e7\u00f5es globais. Antes de ingressar na GM, ele foi vice-presidente de im\u00f3veis globais, instala\u00e7\u00f5es e meio ambiente, sa\u00fade e seguran\u00e7a da Dell Inc. Parker tamb\u00e9m passou mais de 13 anos na Intel Corporation, na organiza\u00e7\u00e3o de tecnologia e manufatura, em uma variedade de fun\u00e7\u00f5es operacionais.<\/p>\n<p><img decoding=\"async\" data-attachment-id=\"1490\" data-permalink=\"https:\/\/evhnews.com\/pt\/2019\/12\/18\/o-eficiente-sistema-de-transmissao-para-o-bmw-ix3-puramente-eletrico\/evh-news-lighting-bolt-logo\/\" data-orig-file=\"https:\/\/evhnews.com\/wp-content\/uploads\/2019\/12\/EVH-News-Lighting-Bolt-Logo-.jpg\" data-orig-size=\"100,100\" data-comments-opened=\"1\" data-image-meta=\"{&quot;aperture&quot;:&quot;0&quot;,&quot;credit&quot;:&quot;&quot;,&quot;camera&quot;:&quot;&quot;,&quot;caption&quot;:&quot;&quot;,&quot;created_timestamp&quot;:&quot;1575197468&quot;,&quot;copyright&quot;:&quot;&quot;,&quot;focal_length&quot;:&quot;0&quot;,&quot;iso&quot;:&quot;0&quot;,&quot;shutter_speed&quot;:&quot;0&quot;,&quot;title&quot;:&quot;&quot;,&quot;orientation&quot;:&quot;1&quot;}\" data-image-title=\"EVH News-Lighting-Bolt-Logo-\" data-image-description=\"\" data-image-caption=\"\" data-large-file=\"https:\/\/evhnews.com\/wp-content\/uploads\/2019\/12\/EVH-News-Lighting-Bolt-Logo-.jpg\" class=\"alignnone size-full wp-image-1490\" src=\"https:\/\/evhnews.com\/wp-content\/uploads\/2019\/12\/EVH-News-Lighting-Bolt-Logo-.jpg\" alt=\"EVH News-Lighting-Bolt-Logo-\" width=\"100\" height=\"100\" \/><\/p>","protected":false},"excerpt":{"rendered":"<p>Image Credit: General Motors General Motors Appoints Dane Parker As Chief Sustainability Officer New position&#8230;<\/p>","protected":false},"author":165558846,"featured_media":2532,"comment_status":"open","ping_status":"open","sticky":false,"template":"","format":"standard","meta":{"_coblocks_attr":"","_coblocks_dimensions":"","_coblocks_responsive_height":"","_coblocks_accordion_ie_support":"","_crdt_document":"","advanced_seo_description":"General Motors Appoints Dane Parker As Chief Sustainability Officer","jetpack_seo_html_title":"","jetpack_seo_noindex":false,"_jetpack_newsletter_access":"","_jetpack_dont_email_post_to_subs":false,"_jetpack_newsletter_tier_id":0,"_jetpack_memberships_contains_paywalled_content":false,"two_page_speed":[],"_jetpack_memberships_contains_paid_content":false,"footnotes":"","jetpack_publicize_message":"","jetpack_publicize_feature_enabled":true,"jetpack_social_post_already_shared":true,"jetpack_social_options":{"image_generator_settings":{"template":"highway","default_image_id":0,"font":"","enabled":false},"version":2},"_wpas_customize_per_network":false,"jetpack_post_was_ever_published":false},"categories":[688377455,197443],"tags":[],"class_list":["post-2530","post","type-post","status-publish","format-standard","has-post-thumbnail","hentry","category-electric-vehicle-mobility-industry-world","category-electric-vehicles"],"jetpack_publicize_connections":[],"featured_image_urls":{"full":["https:\/\/evhnews.com\/wp-content\/uploads\/2020\/01\/Dane-Parker-Chief-Sustainability-Officer.png",800,999,false],"thumbnail":["https:\/\/evhnews.com\/wp-content\/uploads\/2020\/01\/Dane-Parker-Chief-Sustainability-Officer-150x150.png",150,150,true],"medium":["https:\/\/evhnews.com\/wp-content\/uploads\/2020\/01\/Dane-Parker-Chief-Sustainability-Officer-240x300.png",240,300,true],"medium_large":["https:\/\/evhnews.com\/wp-content\/uploads\/2020\/01\/Dane-Parker-Chief-Sustainability-Officer-768x959.png",640,799,true],"large":["https:\/\/evhnews.com\/wp-content\/uploads\/2020\/01\/Dane-Parker-Chief-Sustainability-Officer.png",640,799,false],"1536x1536":["https:\/\/evhnews.com\/wp-content\/uploads\/2020\/01\/Dane-Parker-Chief-Sustainability-Officer.png",800,999,false],"2048x2048":["https:\/\/evhnews.com\/wp-content\/uploads\/2020\/01\/Dane-Parker-Chief-Sustainability-Officer.png",800,999,false],"trp-custom-language-flag":["https:\/\/evhnews.com\/wp-content\/uploads\/2020\/01\/Dane-Parker-Chief-Sustainability-Officer.png",10,12,false],"newspack-article-block-landscape-large":["https:\/\/evhnews.com\/wp-content\/uploads\/2020\/01\/Dane-Parker-Chief-Sustainability-Officer-800x900.png",800,900,true],"newspack-article-block-portrait-large":["https:\/\/evhnews.com\/wp-content\/uploads\/2020\/01\/Dane-Parker-Chief-Sustainability-Officer.png",800,999,false],"newspack-article-block-square-large":["https:\/\/evhnews.com\/wp-content\/uploads\/2020\/01\/Dane-Parker-Chief-Sustainability-Officer.png",800,999,false],"newspack-article-block-landscape-medium":["https:\/\/evhnews.com\/wp-content\/uploads\/2020\/01\/Dane-Parker-Chief-Sustainability-Officer-800x600.png",800,600,true],"newspack-article-block-portrait-medium":["https:\/\/evhnews.com\/wp-content\/uploads\/2020\/01\/Dane-Parker-Chief-Sustainability-Officer-600x800.png",600,800,true],"newspack-article-block-square-medium":["https:\/\/evhnews.com\/wp-content\/uploads\/2020\/01\/Dane-Parker-Chief-Sustainability-Officer-800x800.png",800,800,true],"newspack-article-block-landscape-intermediate":["https:\/\/evhnews.com\/wp-content\/uploads\/2020\/01\/Dane-Parker-Chief-Sustainability-Officer.png",360,450,false],"newspack-article-block-portrait-intermediate":["https:\/\/evhnews.com\/wp-content\/uploads\/2020\/01\/Dane-Parker-Chief-Sustainability-Officer.png",450,562,false],"newspack-article-block-square-intermediate":["https:\/\/evhnews.com\/wp-content\/uploads\/2020\/01\/Dane-Parker-Chief-Sustainability-Officer.png",480,600,false],"newspack-article-block-landscape-small":["https:\/\/evhnews.com\/wp-content\/uploads\/2020\/01\/Dane-Parker-Chief-Sustainability-Officer-400x300.png",400,300,true],"newspack-article-block-portrait-small":["https:\/\/evhnews.com\/wp-content\/uploads\/2020\/01\/Dane-Parker-Chief-Sustainability-Officer-300x400.png",300,400,true],"newspack-article-block-square-small":["https:\/\/evhnews.com\/wp-content\/uploads\/2020\/01\/Dane-Parker-Chief-Sustainability-Officer-400x400.png",400,400,true],"newspack-article-block-landscape-tiny":["https:\/\/evhnews.com\/wp-content\/uploads\/2020\/01\/Dane-Parker-Chief-Sustainability-Officer-200x150.png",200,150,true],"newspack-article-block-portrait-tiny":["https:\/\/evhnews.com\/wp-content\/uploads\/2020\/01\/Dane-Parker-Chief-Sustainability-Officer-150x200.png",150,200,true],"newspack-article-block-square-tiny":["https:\/\/evhnews.com\/wp-content\/uploads\/2020\/01\/Dane-Parker-Chief-Sustainability-Officer-200x200.png",200,200,true],"newspack-article-block-uncropped":["https:\/\/evhnews.com\/wp-content\/uploads\/2020\/01\/Dane-Parker-Chief-Sustainability-Officer.png",800,999,false],"enternews-featured":["https:\/\/evhnews.com\/wp-content\/uploads\/2020\/01\/Dane-Parker-Chief-Sustainability-Officer.png",800,999,false],"enternews-medium":["https:\/\/evhnews.com\/wp-content\/uploads\/2020\/01\/Dane-Parker-Chief-Sustainability-Officer.png",380,475,false],"enternews-thumbnail":["https:\/\/evhnews.com\/wp-content\/uploads\/2020\/01\/Dane-Parker-Chief-Sustainability-Officer.png",252,315,false],"tenweb_optimizer_mobile":["https:\/\/evhnews.com\/wp-content\/uploads\/2020\/01\/Dane-Parker-Chief-Sustainability-Officer.png",480,600,false],"tenweb_optimizer_tablet":["https:\/\/evhnews.com\/wp-content\/uploads\/2020\/01\/Dane-Parker-Chief-Sustainability-Officer.png",768,959,false]},"author_info":{"display_name":"EVHNews","author_link":"https:\/\/evhnews.com\/pt\/author\/evhnews\/"},"category_info":"<a href=\"https:\/\/evhnews.com\/pt\/category\/veiculos-eletricos\/veiculo-eletrico-industria-de-mobilidade-mundo\/\" rel=\"category tag\">Electric Automotive Industry<\/a> <a href=\"https:\/\/evhnews.com\/pt\/category\/veiculos-eletricos\/\" rel=\"category tag\">Electric Automotive Vehicles<\/a>","tag_info":"Electric Automotive Vehicles","comment_count":"0","jetpack_featured_media_url":"https:\/\/evhnews.com\/wp-content\/uploads\/2020\/01\/Dane-Parker-Chief-Sustainability-Officer.png","jetpack_likes_enabled":true,"jetpack_sharing_enabled":true,"jetpack_shortlink":"https:\/\/wp.me\/pbbbdx-EO","amp_enabled":true,"_links":{"self":[{"href":"https:\/\/evhnews.com\/pt\/wp-json\/wp\/v2\/posts\/2530","targetHints":{"allow":["GET"]}}],"collection":[{"href":"https:\/\/evhnews.com\/pt\/wp-json\/wp\/v2\/posts"}],"about":[{"href":"https:\/\/evhnews.com\/pt\/wp-json\/wp\/v2\/types\/post"}],"author":[{"embeddable":true,"href":"https:\/\/evhnews.com\/pt\/wp-json\/wp\/v2\/users\/165558846"}],"replies":[{"embeddable":true,"href":"https:\/\/evhnews.com\/pt\/wp-json\/wp\/v2\/comments?post=2530"}],"version-history":[{"count":1,"href":"https:\/\/evhnews.com\/pt\/wp-json\/wp\/v2\/posts\/2530\/revisions"}],"predecessor-version":[{"id":2533,"href":"https:\/\/evhnews.com\/pt\/wp-json\/wp\/v2\/posts\/2530\/revisions\/2533"}],"wp:featuredmedia":[{"embeddable":true,"href":"https:\/\/evhnews.com\/pt\/wp-json\/wp\/v2\/media\/2532"}],"wp:attachment":[{"href":"https:\/\/evhnews.com\/pt\/wp-json\/wp\/v2\/media?parent=2530"}],"wp:term":[{"taxonomy":"category","embeddable":true,"href":"https:\/\/evhnews.com\/pt\/wp-json\/wp\/v2\/categories?post=2530"},{"taxonomy":"post_tag","embeddable":true,"href":"https:\/\/evhnews.com\/pt\/wp-json\/wp\/v2\/tags?post=2530"}],"curies":[{"name":"wp","href":"https:\/\/api.w.org\/{rel}","templated":true}]}}