{"id":3220,"date":"2020-02-10T14:26:27","date_gmt":"2020-02-10T22:26:27","guid":{"rendered":"https:\/\/evhnews.com\/?p=3220"},"modified":"2020-02-11T07:55:56","modified_gmt":"2020-02-11T15:55:56","slug":"combinando-pontos-fortes-para-liderar-a-transformacao-do-setor-automotivo","status":"publish","type":"post","link":"https:\/\/evhnews.com\/pt\/2020\/02\/10\/combinando-pontos-fortes-para-liderar-a-transformacao-do-setor-automotivo\/","title":{"rendered":"Combining Strengths To Lead The Automotive Industry Transformation"},"content":{"rendered":"<p><strong>Combining Strengths To Lead The Automotive Industry Transformation<\/strong><\/p>\n<p>A Volvo Car AB e a Geely Automobile Holdings Limited (Hong Kong 0175) est\u00e3o considerando combinar seus neg\u00f3cios para criar um grupo global forte, o que aceleraria as sinergias financeiras e tecnol\u00f3gicas entre as duas empresas. Essa seria uma combina\u00e7\u00e3o entre duas empresas fortes.<\/p>\n<p>A combina\u00e7\u00e3o considerada teria a escala, o conhecimento e os recursos para ser um l\u00edder na transforma\u00e7\u00e3o cont\u00ednua do setor automotivo. A combina\u00e7\u00e3o preservaria a identidade distinta de cada uma das marcas Volvo, Geely, Lynk &amp; Co e Polestar.<\/p>\n<p>Uma empresa combinada teria acesso ao mercado de capitais global por meio de Hong Kong e com a inten\u00e7\u00e3o de posteriormente ser listada tamb\u00e9m em Estocolmo.<\/p>\n<p>A Volvo Cars e a Geely criar\u00e3o um grupo de trabalho conjunto para preparar uma proposta para suas respectivas diretorias.<\/p>\n<p style=\"text-align: center;\"><img fetchpriority=\"high\" decoding=\"async\" data-attachment-id=\"3222\" data-permalink=\"https:\/\/evhnews.com\/pt\/2020\/02\/10\/combinando-pontos-fortes-para-liderar-a-transformacao-do-setor-automotivo\/hakan-samuelsson-president-ceo-volvo-car-group\/\" data-orig-file=\"https:\/\/evhnews.com\/wp-content\/uploads\/2020\/02\/H\u00e5kan-Samuelsson-President-CEO-Volvo-Car-Group.png\" data-orig-size=\"800,1200\" data-comments-opened=\"1\" data-image-meta=\"{&quot;aperture&quot;:&quot;0&quot;,&quot;credit&quot;:&quot;&quot;,&quot;camera&quot;:&quot;&quot;,&quot;caption&quot;:&quot;&quot;,&quot;created_timestamp&quot;:&quot;0&quot;,&quot;copyright&quot;:&quot;&quot;,&quot;focal_length&quot;:&quot;0&quot;,&quot;iso&quot;:&quot;0&quot;,&quot;shutter_speed&quot;:&quot;0&quot;,&quot;title&quot;:&quot;&quot;,&quot;orientation&quot;:&quot;0&quot;}\" data-image-title=\"H\u00e5kan Samuelsson &amp;#8211; President &amp;#038; CEO, Volvo Car Group\" data-image-description=\"\" data-image-caption=\"\" data-large-file=\"https:\/\/evhnews.com\/wp-content\/uploads\/2020\/02\/H\u00e5kan-Samuelsson-President-CEO-Volvo-Car-Group-683x1024.png\" class=\"alignnone size-full wp-image-3222\" src=\"https:\/\/evhnews.com\/wp-content\/uploads\/2020\/02\/H\u00e5kan-Samuelsson-President-CEO-Volvo-Car-Group.png\" alt=\"H\u00e5kan Samuelsson - Presidente e CEO, Volvo Car Group\" width=\"800\" height=\"1200\" srcset=\"https:\/\/evhnews.com\/wp-content\/uploads\/2020\/02\/H\u00e5kan-Samuelsson-President-CEO-Volvo-Car-Group.png 800w, https:\/\/evhnews.com\/wp-content\/uploads\/2020\/02\/H\u00e5kan-Samuelsson-President-CEO-Volvo-Car-Group-200x300.png 200w, https:\/\/evhnews.com\/wp-content\/uploads\/2020\/02\/H\u00e5kan-Samuelsson-President-CEO-Volvo-Car-Group-683x1024.png 683w, https:\/\/evhnews.com\/wp-content\/uploads\/2020\/02\/H\u00e5kan-Samuelsson-President-CEO-Volvo-Car-Group-768x1152.png 768w\" sizes=\"(max-width: 800px) 100vw, 800px\" \/><\/p>\n<p style=\"text-align: center;\"><img decoding=\"async\" data-attachment-id=\"3223\" data-permalink=\"https:\/\/evhnews.com\/pt\/2020\/02\/10\/combinando-pontos-fortes-para-liderar-a-transformacao-do-setor-automotivo\/li-shufu-chairman-of-the-board-of-directors-volvo-car-corporation\/\" data-orig-file=\"https:\/\/evhnews.com\/wp-content\/uploads\/2020\/02\/Li-Shufu-Chairman-of-the-Board-of-Directors-Volvo-Car-Corporation.png\" data-orig-size=\"800,1066\" data-comments-opened=\"1\" data-image-meta=\"{&quot;aperture&quot;:&quot;0&quot;,&quot;credit&quot;:&quot;&quot;,&quot;camera&quot;:&quot;&quot;,&quot;caption&quot;:&quot;&quot;,&quot;created_timestamp&quot;:&quot;0&quot;,&quot;copyright&quot;:&quot;&quot;,&quot;focal_length&quot;:&quot;0&quot;,&quot;iso&quot;:&quot;0&quot;,&quot;shutter_speed&quot;:&quot;0&quot;,&quot;title&quot;:&quot;&quot;,&quot;orientation&quot;:&quot;0&quot;}\" data-image-title=\"Li Shufu &amp;#8211; Chairman of the Board of Directors, Volvo Car Corporation\" data-image-description=\"\" data-image-caption=\"\" data-large-file=\"https:\/\/evhnews.com\/wp-content\/uploads\/2020\/02\/Li-Shufu-Chairman-of-the-Board-of-Directors-Volvo-Car-Corporation-768x1024.png\" class=\"size-full wp-image-3223 aligncenter\" src=\"https:\/\/evhnews.com\/wp-content\/uploads\/2020\/02\/Li-Shufu-Chairman-of-the-Board-of-Directors-Volvo-Car-Corporation.png\" alt=\"Li Shufu - Presidente do Conselho de Administra\u00e7\u00e3o, Volvo Car Corporation\" width=\"800\" height=\"1066\" srcset=\"https:\/\/evhnews.com\/wp-content\/uploads\/2020\/02\/Li-Shufu-Chairman-of-the-Board-of-Directors-Volvo-Car-Corporation.png 800w, https:\/\/evhnews.com\/wp-content\/uploads\/2020\/02\/Li-Shufu-Chairman-of-the-Board-of-Directors-Volvo-Car-Corporation-225x300.png 225w, https:\/\/evhnews.com\/wp-content\/uploads\/2020\/02\/Li-Shufu-Chairman-of-the-Board-of-Directors-Volvo-Car-Corporation-768x1023.png 768w, https:\/\/evhnews.com\/wp-content\/uploads\/2020\/02\/Li-Shufu-Chairman-of-the-Board-of-Directors-Volvo-Car-Corporation-600x800.png 600w, https:\/\/evhnews.com\/wp-content\/uploads\/2020\/02\/Li-Shufu-Chairman-of-the-Board-of-Directors-Volvo-Car-Corporation-300x400.png 300w, https:\/\/evhnews.com\/wp-content\/uploads\/2020\/02\/Li-Shufu-Chairman-of-the-Board-of-Directors-Volvo-Car-Corporation-150x200.png 150w\" sizes=\"(max-width: 800px) 100vw, 800px\" \/><span style=\"font-size: small;\"><em>Cr\u00e9dito da imagem: Volvo Media<\/em><\/span><\/p>\n<p>\"Uma combina\u00e7\u00e3o das duas empresas resultaria em um grupo global forte. Estamos ansiosos para trabalhar com H\u00e5kan Samuelsson, presidente e CEO da Volvo Cars, para investigar melhor essa oportunidade com o objetivo de fortalecer as sinergias dentro do Grupo, mantendo a vantagem competitiva e a integridade de cada marca individual\", disse Li Shufu, presidente do Geely Holding Group.<\/p>\n<p>Uma transa\u00e7\u00e3o seria realizada em conformidade com as Regras que Regem a Listagem de T\u00edtulos na Bolsa de Valores de Hong Kong Limited e estaria sujeita a termos e condi\u00e7\u00f5es mutuamente acordados, aprova\u00e7\u00f5es dos respectivos conselhos e acionistas da Geely e da Volvo Cars, aprova\u00e7\u00f5es regulat\u00f3rias e condi\u00e7\u00f5es de mercado prevalecentes.<\/p>\n<p><img decoding=\"async\" data-attachment-id=\"1490\" data-permalink=\"https:\/\/evhnews.com\/pt\/2019\/12\/18\/o-eficiente-sistema-de-transmissao-para-o-bmw-ix3-puramente-eletrico\/evh-news-lighting-bolt-logo\/\" data-orig-file=\"https:\/\/evhnews.com\/wp-content\/uploads\/2019\/12\/EVH-News-Lighting-Bolt-Logo-.jpg\" data-orig-size=\"100,100\" data-comments-opened=\"1\" data-image-meta=\"{&quot;aperture&quot;:&quot;0&quot;,&quot;credit&quot;:&quot;&quot;,&quot;camera&quot;:&quot;&quot;,&quot;caption&quot;:&quot;&quot;,&quot;created_timestamp&quot;:&quot;1575197468&quot;,&quot;copyright&quot;:&quot;&quot;,&quot;focal_length&quot;:&quot;0&quot;,&quot;iso&quot;:&quot;0&quot;,&quot;shutter_speed&quot;:&quot;0&quot;,&quot;title&quot;:&quot;&quot;,&quot;orientation&quot;:&quot;1&quot;}\" data-image-title=\"EVH News-Lighting-Bolt-Logo-\" data-image-description=\"\" data-image-caption=\"\" data-large-file=\"https:\/\/evhnews.com\/wp-content\/uploads\/2019\/12\/EVH-News-Lighting-Bolt-Logo-.jpg\" class=\"alignnone size-full wp-image-1490\" src=\"https:\/\/evhnews.com\/wp-content\/uploads\/2019\/12\/EVH-News-Lighting-Bolt-Logo-.jpg\" alt=\"EVH News-Lighting-Bolt-Logo-\" width=\"100\" height=\"100\" \/><\/p>","protected":false},"excerpt":{"rendered":"<p>Combining Strengths To Lead The Automotive Industry Transformation Volvo Car AB and Geely Automobile Holdings&#8230;<\/p>","protected":false},"author":165558846,"featured_media":3221,"comment_status":"open","ping_status":"open","sticky":false,"template":"","format":"standard","meta":{"_coblocks_attr":"","_coblocks_dimensions":"","_coblocks_responsive_height":"","_coblocks_accordion_ie_support":"","_crdt_document":"","advanced_seo_description":"Combining Strengths To Lead The Automotive Industry Transformation","jetpack_seo_html_title":"","jetpack_seo_noindex":false,"_jetpack_newsletter_access":"","_jetpack_dont_email_post_to_subs":false,"_jetpack_newsletter_tier_id":0,"_jetpack_memberships_contains_paywalled_content":false,"two_page_speed":[],"_jetpack_memberships_contains_paid_content":false,"footnotes":"","jetpack_publicize_message":"","jetpack_publicize_feature_enabled":true,"jetpack_social_post_already_shared":true,"jetpack_social_options":{"image_generator_settings":{"template":"highway","default_image_id":0,"font":"","enabled":false},"version":2},"_wpas_customize_per_network":false,"jetpack_post_was_ever_published":false},"categories":[688377455],"tags":[],"class_list":["post-3220","post","type-post","status-publish","format-standard","has-post-thumbnail","hentry","category-electric-vehicle-mobility-industry-world"],"jetpack_publicize_connections":[],"featured_image_urls":{"full":["https:\/\/evhnews.com\/wp-content\/uploads\/2020\/02\/Volvo-Cars\u2019-SUV-range.png",800,600,false],"thumbnail":["https:\/\/evhnews.com\/wp-content\/uploads\/2020\/02\/Volvo-Cars\u2019-SUV-range-150x150.png",150,150,true],"medium":["https:\/\/evhnews.com\/wp-content\/uploads\/2020\/02\/Volvo-Cars\u2019-SUV-range-300x225.png",300,225,true],"medium_large":["https:\/\/evhnews.com\/wp-content\/uploads\/2020\/02\/Volvo-Cars\u2019-SUV-range-768x576.png",640,480,true],"large":["https:\/\/evhnews.com\/wp-content\/uploads\/2020\/02\/Volvo-Cars\u2019-SUV-range.png",640,480,false],"1536x1536":["https:\/\/evhnews.com\/wp-content\/uploads\/2020\/02\/Volvo-Cars\u2019-SUV-range.png",800,600,false],"2048x2048":["https:\/\/evhnews.com\/wp-content\/uploads\/2020\/02\/Volvo-Cars\u2019-SUV-range.png",800,600,false],"trp-custom-language-flag":["https:\/\/evhnews.com\/wp-content\/uploads\/2020\/02\/Volvo-Cars\u2019-SUV-range.png",16,12,false],"newspack-article-block-landscape-large":["https:\/\/evhnews.com\/wp-content\/uploads\/2020\/02\/Volvo-Cars\u2019-SUV-range.png",800,600,false],"newspack-article-block-portrait-large":["https:\/\/evhnews.com\/wp-content\/uploads\/2020\/02\/Volvo-Cars\u2019-SUV-range.png",800,600,false],"newspack-article-block-square-large":["https:\/\/evhnews.com\/wp-content\/uploads\/2020\/02\/Volvo-Cars\u2019-SUV-range.png",800,600,false],"newspack-article-block-landscape-medium":["https:\/\/evhnews.com\/wp-content\/uploads\/2020\/02\/Volvo-Cars\u2019-SUV-range.png",800,600,false],"newspack-article-block-portrait-medium":["https:\/\/evhnews.com\/wp-content\/uploads\/2020\/02\/Volvo-Cars\u2019-SUV-range-600x600.png",600,600,true],"newspack-article-block-square-medium":["https:\/\/evhnews.com\/wp-content\/uploads\/2020\/02\/Volvo-Cars\u2019-SUV-range.png",800,600,false],"newspack-article-block-landscape-intermediate":["https:\/\/evhnews.com\/wp-content\/uploads\/2020\/02\/Volvo-Cars\u2019-SUV-range.png",600,450,false],"newspack-article-block-portrait-intermediate":["https:\/\/evhnews.com\/wp-content\/uploads\/2020\/02\/Volvo-Cars\u2019-SUV-range.png",450,338,false],"newspack-article-block-square-intermediate":["https:\/\/evhnews.com\/wp-content\/uploads\/2020\/02\/Volvo-Cars\u2019-SUV-range.png",600,450,false],"newspack-article-block-landscape-small":["https:\/\/evhnews.com\/wp-content\/uploads\/2020\/02\/Volvo-Cars\u2019-SUV-range-400x300.png",400,300,true],"newspack-article-block-portrait-small":["https:\/\/evhnews.com\/wp-content\/uploads\/2020\/02\/Volvo-Cars\u2019-SUV-range-300x400.png",300,400,true],"newspack-article-block-square-small":["https:\/\/evhnews.com\/wp-content\/uploads\/2020\/02\/Volvo-Cars\u2019-SUV-range-400x400.png",400,400,true],"newspack-article-block-landscape-tiny":["https:\/\/evhnews.com\/wp-content\/uploads\/2020\/02\/Volvo-Cars\u2019-SUV-range-200x150.png",200,150,true],"newspack-article-block-portrait-tiny":["https:\/\/evhnews.com\/wp-content\/uploads\/2020\/02\/Volvo-Cars\u2019-SUV-range-150x200.png",150,200,true],"newspack-article-block-square-tiny":["https:\/\/evhnews.com\/wp-content\/uploads\/2020\/02\/Volvo-Cars\u2019-SUV-range-200x200.png",200,200,true],"newspack-article-block-uncropped":["https:\/\/evhnews.com\/wp-content\/uploads\/2020\/02\/Volvo-Cars\u2019-SUV-range.png",800,600,false],"enternews-featured":["https:\/\/evhnews.com\/wp-content\/uploads\/2020\/02\/Volvo-Cars\u2019-SUV-range.png",800,600,false],"enternews-medium":["https:\/\/evhnews.com\/wp-content\/uploads\/2020\/02\/Volvo-Cars\u2019-SUV-range.png",633,475,false],"enternews-thumbnail":["https:\/\/evhnews.com\/wp-content\/uploads\/2020\/02\/Volvo-Cars\u2019-SUV-range.png",420,315,false],"tenweb_optimizer_mobile":["https:\/\/evhnews.com\/wp-content\/uploads\/2020\/02\/Volvo-Cars\u2019-SUV-range.png",600,450,false],"tenweb_optimizer_tablet":["https:\/\/evhnews.com\/wp-content\/uploads\/2020\/02\/Volvo-Cars\u2019-SUV-range.png",768,576,false]},"author_info":{"display_name":"EVHNews","author_link":"https:\/\/evhnews.com\/pt\/author\/evhnews\/"},"category_info":"<a href=\"https:\/\/evhnews.com\/pt\/category\/veiculos-eletricos\/veiculo-eletrico-industria-de-mobilidade-mundo\/\" rel=\"category tag\">Electric Automotive Industry<\/a>","tag_info":"Electric Automotive Industry","comment_count":"0","jetpack_featured_media_url":"https:\/\/evhnews.com\/wp-content\/uploads\/2020\/02\/Volvo-Cars\u2019-SUV-range.png","jetpack_likes_enabled":true,"jetpack_sharing_enabled":true,"jetpack_shortlink":"https:\/\/wp.me\/pbbbdx-PW","amp_enabled":true,"_links":{"self":[{"href":"https:\/\/evhnews.com\/pt\/wp-json\/wp\/v2\/posts\/3220","targetHints":{"allow":["GET"]}}],"collection":[{"href":"https:\/\/evhnews.com\/pt\/wp-json\/wp\/v2\/posts"}],"about":[{"href":"https:\/\/evhnews.com\/pt\/wp-json\/wp\/v2\/types\/post"}],"author":[{"embeddable":true,"href":"https:\/\/evhnews.com\/pt\/wp-json\/wp\/v2\/users\/165558846"}],"replies":[{"embeddable":true,"href":"https:\/\/evhnews.com\/pt\/wp-json\/wp\/v2\/comments?post=3220"}],"version-history":[{"count":4,"href":"https:\/\/evhnews.com\/pt\/wp-json\/wp\/v2\/posts\/3220\/revisions"}],"predecessor-version":[{"id":3288,"href":"https:\/\/evhnews.com\/pt\/wp-json\/wp\/v2\/posts\/3220\/revisions\/3288"}],"wp:featuredmedia":[{"embeddable":true,"href":"https:\/\/evhnews.com\/pt\/wp-json\/wp\/v2\/media\/3221"}],"wp:attachment":[{"href":"https:\/\/evhnews.com\/pt\/wp-json\/wp\/v2\/media?parent=3220"}],"wp:term":[{"taxonomy":"category","embeddable":true,"href":"https:\/\/evhnews.com\/pt\/wp-json\/wp\/v2\/categories?post=3220"},{"taxonomy":"post_tag","embeddable":true,"href":"https:\/\/evhnews.com\/pt\/wp-json\/wp\/v2\/tags?post=3220"}],"curies":[{"name":"wp","href":"https:\/\/api.w.org\/{rel}","templated":true}]}}