{"id":7894,"date":"2023-06-29T19:36:05","date_gmt":"2023-06-30T02:36:05","guid":{"rendered":"https:\/\/evhnews.com\/?p=7894"},"modified":"2023-06-29T19:36:05","modified_gmt":"2023-06-30T02:36:05","slug":"hispano-suiza-parceiro-oficial-do-festival-de-velocidade-de-goodwood","status":"publish","type":"post","link":"https:\/\/evhnews.com\/pt\/2023\/06\/29\/hispano-suiza-parceiro-oficial-do-festival-de-velocidade-de-goodwood\/","title":{"rendered":"Hispano Suiza, Official Partner Of The Goodwood Festival Of Speed"},"content":{"rendered":"<ul>\n<li><strong>A Hispano Suiza estar\u00e1 presente no Goodwood Festival of Speed, um dos eventos mais importantes do ano para os amantes do mundo do automobilismo.<\/strong><\/li>\n<li><strong>A marca estar\u00e1 presente com a Hispano Suiza Carmen Boulogne e apresentar\u00e1 pela primeira vez sua identidade corporativa renovada.<\/strong><\/li>\n<li><strong>Luis P\u00e9rez-Sala, ex-piloto de F\u00f3rmula 1 e embaixador da Hispano Suiza, subir\u00e1 a ic\u00f4nica rampa acompanhado de renomados influenciadores do mundo do automobilismo.<\/strong><\/li>\n<\/ul>\n<p>A Hispano Suiza participar\u00e1 pelo segundo ano consecutivo do Goodwood Festival of Speed, um dos eventos mais importantes do mundo automotivo, que re\u00fane alguns dos carros mais exclusivos do planeta. A Hispano Suiza \u00e9 uma marca oficial da\u00a0<em>parceiro<\/em>\u00a0da edi\u00e7\u00e3o deste ano, que ser\u00e1 realizada entre os dias 13 e 16 de julho.<\/p>\n<p><img fetchpriority=\"high\" decoding=\"async\" data-attachment-id=\"7897\" data-permalink=\"https:\/\/evhnews.com\/pt\/2023\/06\/29\/hispano-suiza-parceiro-oficial-do-festival-de-velocidade-de-goodwood\/hispano-suiza-carmen-boulogne-goodwood-festival-of-speed\/\" data-orig-file=\"https:\/\/evhnews.com\/wp-content\/uploads\/2023\/06\/Hispano-Suiza-Carmen-Boulogne-Goodwood-Festival-of-Speed.jpeg\" data-orig-size=\"3500,2333\" data-comments-opened=\"1\" data-image-meta=\"{&quot;aperture&quot;:&quot;0&quot;,&quot;credit&quot;:&quot;&quot;,&quot;camera&quot;:&quot;&quot;,&quot;caption&quot;:&quot;&quot;,&quot;created_timestamp&quot;:&quot;0&quot;,&quot;copyright&quot;:&quot;&quot;,&quot;focal_length&quot;:&quot;0&quot;,&quot;iso&quot;:&quot;0&quot;,&quot;shutter_speed&quot;:&quot;0&quot;,&quot;title&quot;:&quot;&quot;,&quot;orientation&quot;:&quot;0&quot;}\" data-image-title=\"Hispano Suiza Carmen Boulogne Goodwood Festival of Speed\" data-image-description=\"\" data-image-caption=\"\" data-large-file=\"https:\/\/evhnews.com\/wp-content\/uploads\/2023\/06\/Hispano-Suiza-Carmen-Boulogne-Goodwood-Festival-of-Speed-1024x683.jpeg\" class=\"aligncenter size-large wp-image-7897\" src=\"https:\/\/evhnews.com\/wp-content\/uploads\/2023\/06\/Hispano-Suiza-Carmen-Boulogne-Goodwood-Festival-of-Speed-1024x683.jpeg\" alt=\"\" width=\"640\" height=\"427\" srcset=\"https:\/\/evhnews.com\/wp-content\/uploads\/2023\/06\/Hispano-Suiza-Carmen-Boulogne-Goodwood-Festival-of-Speed-1024x683.jpeg 1024w, https:\/\/evhnews.com\/wp-content\/uploads\/2023\/06\/Hispano-Suiza-Carmen-Boulogne-Goodwood-Festival-of-Speed-300x200.jpeg 300w, https:\/\/evhnews.com\/wp-content\/uploads\/2023\/06\/Hispano-Suiza-Carmen-Boulogne-Goodwood-Festival-of-Speed-768x512.jpeg 768w, https:\/\/evhnews.com\/wp-content\/uploads\/2023\/06\/Hispano-Suiza-Carmen-Boulogne-Goodwood-Festival-of-Speed-1536x1024.jpeg 1536w, https:\/\/evhnews.com\/wp-content\/uploads\/2023\/06\/Hispano-Suiza-Carmen-Boulogne-Goodwood-Festival-of-Speed-2048x1365.jpeg 2048w, https:\/\/evhnews.com\/wp-content\/uploads\/2023\/06\/Hispano-Suiza-Carmen-Boulogne-Goodwood-Festival-of-Speed-1200x800.jpeg 1200w, https:\/\/evhnews.com\/wp-content\/uploads\/2023\/06\/Hispano-Suiza-Carmen-Boulogne-Goodwood-Festival-of-Speed-600x400.jpeg 600w\" sizes=\"(max-width: 640px) 100vw, 640px\" \/><\/p>\n<p><img decoding=\"async\" data-attachment-id=\"7898\" data-permalink=\"https:\/\/evhnews.com\/pt\/2023\/06\/29\/hispano-suiza-parceiro-oficial-do-festival-de-velocidade-de-goodwood\/hispano-suiza-carmen-boulogne-goodwood-festival-of-speed-2\/\" data-orig-file=\"https:\/\/evhnews.com\/wp-content\/uploads\/2023\/06\/Hispano-Suiza-Carmen-Boulogne-Goodwood-Festival-of-Speed-2.jpeg\" data-orig-size=\"3000,1888\" data-comments-opened=\"1\" data-image-meta=\"{&quot;aperture&quot;:&quot;0&quot;,&quot;credit&quot;:&quot;&quot;,&quot;camera&quot;:&quot;&quot;,&quot;caption&quot;:&quot;&quot;,&quot;created_timestamp&quot;:&quot;0&quot;,&quot;copyright&quot;:&quot;&quot;,&quot;focal_length&quot;:&quot;0&quot;,&quot;iso&quot;:&quot;0&quot;,&quot;shutter_speed&quot;:&quot;0&quot;,&quot;title&quot;:&quot;&quot;,&quot;orientation&quot;:&quot;0&quot;}\" data-image-title=\"Hispano Suiza Carmen Boulogne Goodwood Festival of Speed-2\" data-image-description=\"\" data-image-caption=\"\" data-large-file=\"https:\/\/evhnews.com\/wp-content\/uploads\/2023\/06\/Hispano-Suiza-Carmen-Boulogne-Goodwood-Festival-of-Speed-2-1024x644.jpeg\" class=\"aligncenter size-large wp-image-7898\" src=\"https:\/\/evhnews.com\/wp-content\/uploads\/2023\/06\/Hispano-Suiza-Carmen-Boulogne-Goodwood-Festival-of-Speed-2-1024x644.jpeg\" alt=\"\" width=\"640\" height=\"403\" srcset=\"https:\/\/evhnews.com\/wp-content\/uploads\/2023\/06\/Hispano-Suiza-Carmen-Boulogne-Goodwood-Festival-of-Speed-2-1024x644.jpeg 1024w, https:\/\/evhnews.com\/wp-content\/uploads\/2023\/06\/Hispano-Suiza-Carmen-Boulogne-Goodwood-Festival-of-Speed-2-300x189.jpeg 300w, https:\/\/evhnews.com\/wp-content\/uploads\/2023\/06\/Hispano-Suiza-Carmen-Boulogne-Goodwood-Festival-of-Speed-2-768x483.jpeg 768w, https:\/\/evhnews.com\/wp-content\/uploads\/2023\/06\/Hispano-Suiza-Carmen-Boulogne-Goodwood-Festival-of-Speed-2-1536x967.jpeg 1536w, https:\/\/evhnews.com\/wp-content\/uploads\/2023\/06\/Hispano-Suiza-Carmen-Boulogne-Goodwood-Festival-of-Speed-2-2048x1289.jpeg 2048w, https:\/\/evhnews.com\/wp-content\/uploads\/2023\/06\/Hispano-Suiza-Carmen-Boulogne-Goodwood-Festival-of-Speed-2-1200x755.jpeg 1200w, https:\/\/evhnews.com\/wp-content\/uploads\/2023\/06\/Hispano-Suiza-Carmen-Boulogne-Goodwood-Festival-of-Speed-2-600x378.jpeg 600w\" sizes=\"(max-width: 640px) 100vw, 640px\" \/><\/p>\n<h6 style=\"text-align: center;\"><img decoding=\"async\" data-attachment-id=\"7899\" data-permalink=\"https:\/\/evhnews.com\/pt\/2023\/06\/29\/hispano-suiza-parceiro-oficial-do-festival-de-velocidade-de-goodwood\/hispano-suiza-carmen-boulogne-luis-perez-sala-goodwood-festival-of-speed\/\" data-orig-file=\"https:\/\/evhnews.com\/wp-content\/uploads\/2023\/06\/Hispano-Suiza-Carmen-Boulogne-Luis-Perez-Sala-Goodwood-Festival-of-Speed.jpeg\" data-orig-size=\"3500,2328\" data-comments-opened=\"1\" data-image-meta=\"{&quot;aperture&quot;:&quot;0&quot;,&quot;credit&quot;:&quot;&quot;,&quot;camera&quot;:&quot;&quot;,&quot;caption&quot;:&quot;&quot;,&quot;created_timestamp&quot;:&quot;0&quot;,&quot;copyright&quot;:&quot;&quot;,&quot;focal_length&quot;:&quot;0&quot;,&quot;iso&quot;:&quot;0&quot;,&quot;shutter_speed&quot;:&quot;0&quot;,&quot;title&quot;:&quot;&quot;,&quot;orientation&quot;:&quot;0&quot;}\" data-image-title=\"Hispano Suiza Carmen Boulogne Luis Perez Sala Goodwood Festival of Speed\" data-image-description=\"\" data-image-caption=\"\" data-large-file=\"https:\/\/evhnews.com\/wp-content\/uploads\/2023\/06\/Hispano-Suiza-Carmen-Boulogne-Luis-Perez-Sala-Goodwood-Festival-of-Speed-1024x681.jpeg\" class=\"aligncenter size-large wp-image-7899\" src=\"https:\/\/evhnews.com\/wp-content\/uploads\/2023\/06\/Hispano-Suiza-Carmen-Boulogne-Luis-Perez-Sala-Goodwood-Festival-of-Speed-1024x681.jpeg\" alt=\"\" width=\"640\" height=\"426\" srcset=\"https:\/\/evhnews.com\/wp-content\/uploads\/2023\/06\/Hispano-Suiza-Carmen-Boulogne-Luis-Perez-Sala-Goodwood-Festival-of-Speed-1024x681.jpeg 1024w, https:\/\/evhnews.com\/wp-content\/uploads\/2023\/06\/Hispano-Suiza-Carmen-Boulogne-Luis-Perez-Sala-Goodwood-Festival-of-Speed-300x200.jpeg 300w, https:\/\/evhnews.com\/wp-content\/uploads\/2023\/06\/Hispano-Suiza-Carmen-Boulogne-Luis-Perez-Sala-Goodwood-Festival-of-Speed-768x511.jpeg 768w, https:\/\/evhnews.com\/wp-content\/uploads\/2023\/06\/Hispano-Suiza-Carmen-Boulogne-Luis-Perez-Sala-Goodwood-Festival-of-Speed-1536x1022.jpeg 1536w, https:\/\/evhnews.com\/wp-content\/uploads\/2023\/06\/Hispano-Suiza-Carmen-Boulogne-Luis-Perez-Sala-Goodwood-Festival-of-Speed-2048x1362.jpeg 2048w, https:\/\/evhnews.com\/wp-content\/uploads\/2023\/06\/Hispano-Suiza-Carmen-Boulogne-Luis-Perez-Sala-Goodwood-Festival-of-Speed-1200x798.jpeg 1200w, https:\/\/evhnews.com\/wp-content\/uploads\/2023\/06\/Hispano-Suiza-Carmen-Boulogne-Luis-Perez-Sala-Goodwood-Festival-of-Speed-600x399.jpeg 600w\" sizes=\"(max-width: 640px) 100vw, 640px\" \/><em>Image Credit: Hispano Suiza Media<\/em><\/h6>\n<p>A fabricante espanhola estar\u00e1 presente em Goodwood (West Sussex, Inglaterra), com um Hispano Suiza Carmen Boulogne na cor preta Boulogne. Essa \u00e9 a vers\u00e3o mais esportiva e exclusiva do modelo Carmen, o hipercarro totalmente el\u00e9trico da empresa. Com uma produ\u00e7\u00e3o limitada a apenas cinco unidades, ele desenvolve at\u00e9 820 kW de pot\u00eancia gra\u00e7as a seus quatro motores el\u00e9tricos e \u00e9 considerado um dos modelos mais seguidos e fotografados do Goodwood FoS.<\/p>\n<p>O Hispano Suiza Carmen Boulogne tem as corridas em seu DNA - seu sobrenome Boulogne \u00e9 uma refer\u00eancia \u00e0s vit\u00f3rias da marca na cidade francesa de mesmo nome na d\u00e9cada de 1920 - e, portanto, est\u00e1 pronto para enfrentar a ic\u00f4nica rampa de Goodwood, um percurso de 1,87 quil\u00f4metros que \u00e9 um dos momentos mais esperados do evento.<\/p>\n<p>O ex-piloto de F1 e embaixador da Hispano Suiza, Luis P\u00e9rez-Sala, estar\u00e1 dirigindo o Carmen Boulogne, acompanhado nesta ocasi\u00e3o por renomados influenciadores do mundo do automobilismo, como Tim Shmee (@shmee150) ou Nina Weizenecker (@ninacarmaria).<\/p>\n<p>A Hispano Suiza aproveitar\u00e1 essa ocasi\u00e3o para apresentar pela primeira vez \u00e0 sociedade sua nova identidade corporativa, revelada no in\u00edcio deste ano, com a qual celebra sua hist\u00f3ria e abra\u00e7a um futuro empolgante, protagonizado pela inova\u00e7\u00e3o tecnol\u00f3gica, pelo compromisso com a sustentabilidade e pela paix\u00e3o pelo luxo. Os principais \u00edcones da empresa, como seu logotipo hist\u00f3rico e a cegonha, permanecem intactos, com adapta\u00e7\u00f5es monocrom\u00e1ticas e a introdu\u00e7\u00e3o da cor ELECTRIC RED.<\/p>\n<p>Sergio Mart\u00ednez Campos, CEO da Hispano Suiza, disse:\u00a0<em>\u201cRetornamos ao Goodwood Festival of Speed cheios de entusiasmo. \u00c9 um evento com o qual nos sentimos totalmente identificados pelo amor ao mundo automotivo, que se respira em cada canto, e estamos muito orgulhosos de sermos parceiros do evento. Este ano lan\u00e7amos uma nova imagem para a Hispano Suiza e n\u00e3o poder\u00edamos imaginar um cen\u00e1rio melhor para mostr\u00e1-la ao nosso p\u00fablico\u201d.<\/em><\/p>\n<p>A Hispano Suiza far\u00e1 uma transmiss\u00e3o ao vivo da rampa Carmen Boulogne em seu canal no YouTube (@HispanoSuizaCars).<\/p>\n<p><strong>Programa\u00e7\u00e3o de Hillclimbs<\/strong><\/p>\n<table style=\"height: 198px;\" width=\"564\">\n<tbody>\n<tr>\n<td width=\"187\"><strong>Quinta-feira, 13 de julho<\/strong><\/td>\n<td width=\"187\"><strong>Sexta-feira, 14 de julho<\/strong><\/td>\n<td width=\"187\"><strong>S\u00e1bado, 15 de julho<\/strong><\/td>\n<td width=\"188\"><strong>Domingo, 16 de julho<\/strong><\/td>\n<\/tr>\n<tr>\n<td width=\"187\"><strong>11:50<br \/>\n16:40\u00a0\u00a0\u00a0<\/strong><\/td>\n<td width=\"187\"><strong>12:20<br \/>\n17:50\u00a0<\/strong><\/td>\n<td width=\"187\"><strong>9:10<br \/>\n16:20\u00a0<\/strong><\/td>\n<td width=\"188\"><strong>11:15<br \/>\n17:50<\/p>\n<p><\/strong><\/td>\n<\/tr>\n<\/tbody>\n<\/table>\n<p>...notas de SP<br \/>\n<img loading=\"lazy\" decoding=\"async\" data-attachment-id=\"7554\" data-permalink=\"https:\/\/evhnews.com\/pt\/2023\/05\/10\/all-new-kia-ev9-suv-set-for-nationwide-electrify-expo-tour\/evh-news-lighting-bolt-logo-3\/\" data-orig-file=\"https:\/\/evhnews.com\/wp-content\/uploads\/2023\/05\/EVH-News-Lighting-Bolt-Logo-.jpg\" data-orig-size=\"100,100\" data-comments-opened=\"1\" data-image-meta=\"{&quot;aperture&quot;:&quot;0&quot;,&quot;credit&quot;:&quot;&quot;,&quot;camera&quot;:&quot;&quot;,&quot;caption&quot;:&quot;&quot;,&quot;created_timestamp&quot;:&quot;1575197468&quot;,&quot;copyright&quot;:&quot;&quot;,&quot;focal_length&quot;:&quot;0&quot;,&quot;iso&quot;:&quot;0&quot;,&quot;shutter_speed&quot;:&quot;0&quot;,&quot;title&quot;:&quot;&quot;,&quot;orientation&quot;:&quot;1&quot;}\" data-image-title=\"EVH News-Lighting-Bolt-Logo-\" data-image-description=\"\" data-image-caption=\"\" data-large-file=\"https:\/\/evhnews.com\/wp-content\/uploads\/2023\/05\/EVH-News-Lighting-Bolt-Logo-.jpg\" class=\"size-full wp-image-7554 alignleft\" src=\"https:\/\/evhnews.com\/wp-content\/uploads\/2023\/05\/EVH-News-Lighting-Bolt-Logo-.jpg\" alt=\"\" width=\"100\" height=\"100\" \/><\/p>","protected":false},"excerpt":{"rendered":"<p>Hispano Suiza will be present at the Goodwood Festival of Speed, one of the most&#8230;<\/p>","protected":false},"author":165558846,"featured_media":7896,"comment_status":"open","ping_status":"open","sticky":false,"template":"","format":"standard","meta":{"_coblocks_attr":"","_coblocks_dimensions":"","_coblocks_responsive_height":"","_coblocks_accordion_ie_support":"","_crdt_document":"","advanced_seo_description":"","jetpack_seo_html_title":"","jetpack_seo_noindex":false,"_jetpack_newsletter_access":"","_jetpack_dont_email_post_to_subs":false,"_jetpack_newsletter_tier_id":0,"_jetpack_memberships_contains_paywalled_content":false,"two_page_speed":[],"_jetpack_memberships_contains_paid_content":false,"footnotes":"","jetpack_publicize_message":"","jetpack_publicize_feature_enabled":true,"jetpack_social_post_already_shared":true,"jetpack_social_options":{"image_generator_settings":{"template":"highway","default_image_id":0,"font":"","enabled":false},"version":2},"_wpas_customize_per_network":false,"jetpack_post_was_ever_published":false},"categories":[197443],"tags":[],"class_list":["post-7894","post","type-post","status-publish","format-standard","has-post-thumbnail","hentry","category-electric-vehicles"],"jetpack_publicize_connections":[],"featured_image_urls":{"full":["https:\/\/evhnews.com\/wp-content\/uploads\/2023\/06\/Hispano-Suiza-Carmen-Boulogne-Goodwood-Festival-of-Speed-s.jpeg",3500,1610,false],"thumbnail":["https:\/\/evhnews.com\/wp-content\/uploads\/2023\/06\/Hispano-Suiza-Carmen-Boulogne-Goodwood-Festival-of-Speed-s-150x150.jpeg?crop=1",150,150,true],"medium":["https:\/\/evhnews.com\/wp-content\/uploads\/2023\/06\/Hispano-Suiza-Carmen-Boulogne-Goodwood-Festival-of-Speed-s-300x138.jpeg",300,138,true],"medium_large":["https:\/\/evhnews.com\/wp-content\/uploads\/2023\/06\/Hispano-Suiza-Carmen-Boulogne-Goodwood-Festival-of-Speed-s-768x353.jpeg",640,294,true],"large":["https:\/\/evhnews.com\/wp-content\/uploads\/2023\/06\/Hispano-Suiza-Carmen-Boulogne-Goodwood-Festival-of-Speed-s-1024x471.jpeg",640,294,true],"1536x1536":["https:\/\/evhnews.com\/wp-content\/uploads\/2023\/06\/Hispano-Suiza-Carmen-Boulogne-Goodwood-Festival-of-Speed-s-1536x707.jpeg",1536,707,true],"2048x2048":["https:\/\/evhnews.com\/wp-content\/uploads\/2023\/06\/Hispano-Suiza-Carmen-Boulogne-Goodwood-Festival-of-Speed-s-2048x942.jpeg",2048,942,true],"trp-custom-language-flag":["https:\/\/evhnews.com\/wp-content\/uploads\/2023\/06\/Hispano-Suiza-Carmen-Boulogne-Goodwood-Festival-of-Speed-s.jpeg",18,8,false],"newspack-article-block-landscape-large":["https:\/\/evhnews.com\/wp-content\/uploads\/2023\/06\/Hispano-Suiza-Carmen-Boulogne-Goodwood-Festival-of-Speed-s-1200x900.jpeg?crop=1",1200,900,true],"newspack-article-block-portrait-large":["https:\/\/evhnews.com\/wp-content\/uploads\/2023\/06\/Hispano-Suiza-Carmen-Boulogne-Goodwood-Festival-of-Speed-s-900x1200.jpeg?crop=1",900,1200,true],"newspack-article-block-square-large":["https:\/\/evhnews.com\/wp-content\/uploads\/2023\/06\/Hispano-Suiza-Carmen-Boulogne-Goodwood-Festival-of-Speed-s-1200x1200.jpeg?crop=1",1200,1200,true],"newspack-article-block-landscape-medium":["https:\/\/evhnews.com\/wp-content\/uploads\/2023\/06\/Hispano-Suiza-Carmen-Boulogne-Goodwood-Festival-of-Speed-s-800x600.jpeg?crop=1",800,600,true],"newspack-article-block-portrait-medium":["https:\/\/evhnews.com\/wp-content\/uploads\/2023\/06\/Hispano-Suiza-Carmen-Boulogne-Goodwood-Festival-of-Speed-s-600x800.jpeg?crop=1",600,800,true],"newspack-article-block-square-medium":["https:\/\/evhnews.com\/wp-content\/uploads\/2023\/06\/Hispano-Suiza-Carmen-Boulogne-Goodwood-Festival-of-Speed-s-800x800.jpeg?crop=1",800,800,true],"newspack-article-block-landscape-intermediate":["https:\/\/evhnews.com\/wp-content\/uploads\/2023\/06\/Hispano-Suiza-Carmen-Boulogne-Goodwood-Festival-of-Speed-s.jpeg",600,276,false],"newspack-article-block-portrait-intermediate":["https:\/\/evhnews.com\/wp-content\/uploads\/2023\/06\/Hispano-Suiza-Carmen-Boulogne-Goodwood-Festival-of-Speed-s.jpeg",450,207,false],"newspack-article-block-square-intermediate":["https:\/\/evhnews.com\/wp-content\/uploads\/2023\/06\/Hispano-Suiza-Carmen-Boulogne-Goodwood-Festival-of-Speed-s.jpeg",600,276,false],"newspack-article-block-landscape-small":["https:\/\/evhnews.com\/wp-content\/uploads\/2023\/06\/Hispano-Suiza-Carmen-Boulogne-Goodwood-Festival-of-Speed-s-400x300.jpeg?crop=1",400,300,true],"newspack-article-block-portrait-small":["https:\/\/evhnews.com\/wp-content\/uploads\/2023\/06\/Hispano-Suiza-Carmen-Boulogne-Goodwood-Festival-of-Speed-s-300x400.jpeg?crop=1",300,400,true],"newspack-article-block-square-small":["https:\/\/evhnews.com\/wp-content\/uploads\/2023\/06\/Hispano-Suiza-Carmen-Boulogne-Goodwood-Festival-of-Speed-s-400x400.jpeg?crop=1",400,400,true],"newspack-article-block-landscape-tiny":["https:\/\/evhnews.com\/wp-content\/uploads\/2023\/06\/Hispano-Suiza-Carmen-Boulogne-Goodwood-Festival-of-Speed-s-200x150.jpeg?crop=1",200,150,true],"newspack-article-block-portrait-tiny":["https:\/\/evhnews.com\/wp-content\/uploads\/2023\/06\/Hispano-Suiza-Carmen-Boulogne-Goodwood-Festival-of-Speed-s-150x200.jpeg?crop=1",150,200,true],"newspack-article-block-square-tiny":["https:\/\/evhnews.com\/wp-content\/uploads\/2023\/06\/Hispano-Suiza-Carmen-Boulogne-Goodwood-Festival-of-Speed-s-200x200.jpeg?crop=1",200,200,true],"newspack-article-block-uncropped":["https:\/\/evhnews.com\/wp-content\/uploads\/2023\/06\/Hispano-Suiza-Carmen-Boulogne-Goodwood-Festival-of-Speed-s-1200x552.jpeg",1200,552,true],"enternews-featured":["https:\/\/evhnews.com\/wp-content\/uploads\/2023\/06\/Hispano-Suiza-Carmen-Boulogne-Goodwood-Festival-of-Speed-s-1024x471.jpeg",1024,471,true],"enternews-medium":["https:\/\/evhnews.com\/wp-content\/uploads\/2023\/06\/Hispano-Suiza-Carmen-Boulogne-Goodwood-Festival-of-Speed-s-720x475.jpeg?crop=1",720,475,true],"enternews-thumbnail":["https:\/\/evhnews.com\/wp-content\/uploads\/2023\/06\/Hispano-Suiza-Carmen-Boulogne-Goodwood-Festival-of-Speed-s-480x315.jpeg?crop=1",480,315,true],"tenweb_optimizer_mobile":["https:\/\/evhnews.com\/wp-content\/uploads\/2023\/06\/Hispano-Suiza-Carmen-Boulogne-Goodwood-Festival-of-Speed-s-600x276.jpeg",600,276,true],"tenweb_optimizer_tablet":["https:\/\/evhnews.com\/wp-content\/uploads\/2023\/06\/Hispano-Suiza-Carmen-Boulogne-Goodwood-Festival-of-Speed-s-768x353.jpeg",768,353,true]},"author_info":{"display_name":"EVHNews","author_link":"https:\/\/evhnews.com\/pt\/author\/evhnews\/"},"category_info":"<a href=\"https:\/\/evhnews.com\/pt\/category\/veiculos-eletricos\/\" rel=\"category tag\">Electric Automotive Vehicles<\/a>","tag_info":"Electric Automotive Vehicles","comment_count":"0","jetpack_featured_media_url":"https:\/\/evhnews.com\/wp-content\/uploads\/2023\/06\/Hispano-Suiza-Carmen-Boulogne-Goodwood-Festival-of-Speed-s.jpeg","jetpack_likes_enabled":true,"jetpack_sharing_enabled":true,"jetpack_shortlink":"https:\/\/wp.me\/pbbbdx-23k","amp_enabled":true,"_links":{"self":[{"href":"https:\/\/evhnews.com\/pt\/wp-json\/wp\/v2\/posts\/7894","targetHints":{"allow":["GET"]}}],"collection":[{"href":"https:\/\/evhnews.com\/pt\/wp-json\/wp\/v2\/posts"}],"about":[{"href":"https:\/\/evhnews.com\/pt\/wp-json\/wp\/v2\/types\/post"}],"author":[{"embeddable":true,"href":"https:\/\/evhnews.com\/pt\/wp-json\/wp\/v2\/users\/165558846"}],"replies":[{"embeddable":true,"href":"https:\/\/evhnews.com\/pt\/wp-json\/wp\/v2\/comments?post=7894"}],"version-history":[{"count":4,"href":"https:\/\/evhnews.com\/pt\/wp-json\/wp\/v2\/posts\/7894\/revisions"}],"predecessor-version":[{"id":7902,"href":"https:\/\/evhnews.com\/pt\/wp-json\/wp\/v2\/posts\/7894\/revisions\/7902"}],"wp:featuredmedia":[{"embeddable":true,"href":"https:\/\/evhnews.com\/pt\/wp-json\/wp\/v2\/media\/7896"}],"wp:attachment":[{"href":"https:\/\/evhnews.com\/pt\/wp-json\/wp\/v2\/media?parent=7894"}],"wp:term":[{"taxonomy":"category","embeddable":true,"href":"https:\/\/evhnews.com\/pt\/wp-json\/wp\/v2\/categories?post=7894"},{"taxonomy":"post_tag","embeddable":true,"href":"https:\/\/evhnews.com\/pt\/wp-json\/wp\/v2\/tags?post=7894"}],"curies":[{"name":"wp","href":"https:\/\/api.w.org\/{rel}","templated":true}]}}