{"id":3051,"date":"2020-02-03T06:18:00","date_gmt":"2020-02-03T14:18:00","guid":{"rendered":"https:\/\/evhnews.com\/?p=3051"},"modified":"2020-02-03T06:18:00","modified_gmt":"2020-02-03T14:18:00","slug":"daimler-%d0%be%d1%82%d0%ba%d1%80%d1%8b%d0%b2%d0%b0%d0%b5%d1%82-%d0%bd%d0%be%d0%b2%d1%8b%d0%b9-%d0%b7%d0%b0%d1%80%d1%8f%d0%b4%d0%bd%d1%8b%d0%b9-%d0%bf%d0%b0%d1%80%d0%ba-%d0%b4%d0%bb%d1%8f-%d1%8d%d0%bb","status":"publish","type":"post","link":"https:\/\/evhnews.com\/ru\/2020\/02\/03\/daimler-%d0%be%d1%82%d0%ba%d1%80%d1%8b%d0%b2%d0%b0%d0%b5%d1%82-%d0%bd%d0%be%d0%b2%d1%8b%d0%b9-%d0%b7%d0%b0%d1%80%d1%8f%d0%b4%d0%bd%d1%8b%d0%b9-%d0%bf%d0%b0%d1%80%d0%ba-%d0%b4%d0%bb%d1%8f-%d1%8d%d0%bb\/","title":{"rendered":"Daimler Opens New Charging Park For Electric Commercial Vehicles"},"content":{"rendered":"<p><span style=\"font-size: small;\"><em>\u00a0<\/em><\/span><\/p>\n<h3>Daimler Opens New Charging Park For Electric Commercial Vehicles<\/h3>\n<p style=\"text-align: center;\"><img fetchpriority=\"high\" decoding=\"async\" data-attachment-id=\"3053\" data-permalink=\"https:\/\/evhnews.com\/ru\/2020\/02\/03\/daimler-%d0%be%d1%82%d0%ba%d1%80%d1%8b%d0%b2%d0%b0%d0%b5%d1%82-%d0%bd%d0%be%d0%b2%d1%8b%d0%b9-%d0%b7%d0%b0%d1%80%d1%8f%d0%b4%d0%bd%d1%8b%d0%b9-%d0%bf%d0%b0%d1%80%d0%ba-%d0%b4%d0%bb%d1%8f-%d1%8d%d0%bb\/daimler-eroffnet-neuen-ladepark-fur-elektrische-nutzfahrzeugedaimler-opens-new-charging-park-for-electric-commercial-vehicles-2\/\" data-orig-file=\"https:\/\/evhnews.com\/wp-content\/uploads\/2020\/02\/Daimler-opens-new-charging-park-for-electric-commercial-vehicles-at-the-Stuttgart-Untert\u00fcrkheim-headquarters-3.jpg\" data-orig-size=\"800,534\" data-comments-opened=\"1\" data-image-meta=\"{&quot;aperture&quot;:&quot;0&quot;,&quot;credit&quot;:&quot;Daimler AG&quot;,&quot;camera&quot;:&quot;&quot;,&quot;caption&quot;:&quot;Daimler er\\u00f6ffnet neuen Ladepark f\\u00fcr elektrische Nutzfahrzeuge am Standort Untert\\u00fcrkheim. \\r\\rDaimler opens  new charging park for electric commercial vehicles at the Stuttgart-Untert\\u00fcrkheim headquarters.&quot;,&quot;created_timestamp&quot;:&quot;1580468399&quot;,&quot;copyright&quot;:&quot;\\u00a9 Daimler Truck AG&quot;,&quot;focal_length&quot;:&quot;0&quot;,&quot;iso&quot;:&quot;0&quot;,&quot;shutter_speed&quot;:&quot;0&quot;,&quot;title&quot;:&quot;Daimler er\\u00f6ffnet neuen Ladepark f\\u00fcr elektrische Nutzfahrzeuge\\r\\rDaimler opens new charging park for electric commercial vehicles&quot;,&quot;orientation&quot;:&quot;1&quot;}\" data-image-title=\"Daimler er\u00f6ffnet neuen Ladepark f\u00fcr elektrische NutzfahrzeugeDaimler opens new charging park for electric commercial vehicles\" data-image-description=\"\" data-image-caption=\"&lt;p&gt;Daimler er\u00f6ffnet neuen Ladepark f\u00fcr elektrische Nutzfahrzeuge am Standort Untert\u00fcrkheim. &lt;\/p&gt;&lt;p&gt;Daimler opens  new charging park for electric commercial vehicles at the Stuttgart-Untert\u00fcrkheim headquarters.&lt;\/p&gt;\" data-large-file=\"https:\/\/evhnews.com\/wp-content\/uploads\/2020\/02\/Daimler-opens-new-charging-park-for-electric-commercial-vehicles-at-the-Stuttgart-Untert\u00fcrkheim-headquarters-3.jpg\" class=\"alignnone size-full wp-image-3053\" src=\"https:\/\/evhnews.com\/wp-content\/uploads\/2020\/02\/Daimler-opens-new-charging-park-for-electric-commercial-vehicles-at-the-Stuttgart-Untert\u00fcrkheim-headquarters-3.jpg\" alt=\"Daimler \u043e\u0442\u043a\u0440\u044b\u0432\u0430\u0435\u0442 \u043d\u043e\u0432\u044b\u0439 \u0437\u0430\u0440\u044f\u0434\u043d\u044b\u0439 \u043f\u0430\u0440\u043a \u0434\u043b\u044f \u044d\u043b\u0435\u043a\u0442\u0440\u0438\u0447\u0435\u0441\u043a\u0438\u0445 \u0430\u0432\u0442\u043e\u043c\u043e\u0431\u0438\u043b\u0435\u0439 Daimler \u043e\u0442\u043a\u0440\u044b\u0432\u0430\u0435\u0442 \u043d\u043e\u0432\u044b\u0439 \u0437\u0430\u0440\u044f\u0434\u043d\u044b\u0439 \u043f\u0430\u0440\u043a \u0434\u043b\u044f \u044d\u043b\u0435\u043a\u0442\u0440\u0438\u0447\u0435\u0441\u043a\u0438\u0445 \u043a\u043e\u043c\u043c\u0435\u0440\u0447\u0435\u0441\u043a\u0438\u0445 \u0430\u0432\u0442\u043e\u043c\u043e\u0431\u0438\u043b\u0435\u0439\" width=\"800\" height=\"534\" srcset=\"https:\/\/evhnews.com\/wp-content\/uploads\/2020\/02\/Daimler-opens-new-charging-park-for-electric-commercial-vehicles-at-the-Stuttgart-Untert\u00fcrkheim-headquarters-3.jpg 800w, https:\/\/evhnews.com\/wp-content\/uploads\/2020\/02\/Daimler-opens-new-charging-park-for-electric-commercial-vehicles-at-the-Stuttgart-Untert\u00fcrkheim-headquarters-3-300x200.jpg 300w, https:\/\/evhnews.com\/wp-content\/uploads\/2020\/02\/Daimler-opens-new-charging-park-for-electric-commercial-vehicles-at-the-Stuttgart-Untert\u00fcrkheim-headquarters-3-768x513.jpg 768w\" sizes=\"(max-width: 800px) 100vw, 800px\" \/><br \/>\n<img decoding=\"async\" data-attachment-id=\"3055\" data-permalink=\"https:\/\/evhnews.com\/ru\/2020\/02\/03\/daimler-%d0%be%d1%82%d0%ba%d1%80%d1%8b%d0%b2%d0%b0%d0%b5%d1%82-%d0%bd%d0%be%d0%b2%d1%8b%d0%b9-%d0%b7%d0%b0%d1%80%d1%8f%d0%b4%d0%bd%d1%8b%d0%b9-%d0%bf%d0%b0%d1%80%d0%ba-%d0%b4%d0%bb%d1%8f-%d1%8d%d0%bb\/daimler-eroffnet-neuen-ladepark-fur-elektrische-nutzfahrzeugedaimler-opens-new-charging-park-for-electric-commercial-vehicles-3\/\" data-orig-file=\"https:\/\/evhnews.com\/wp-content\/uploads\/2020\/02\/Daimler-opens-new-charging-park-for-electric-commercial-vehicles-at-the-Stuttgart-Untert\u00fcrkheim-headquarters.jpg\" data-orig-size=\"800,534\" data-comments-opened=\"1\" data-image-meta=\"{&quot;aperture&quot;:&quot;0&quot;,&quot;credit&quot;:&quot;Daimler AG&quot;,&quot;camera&quot;:&quot;&quot;,&quot;caption&quot;:&quot;Daimler er\\u00f6ffnet neuen Ladepark f\\u00fcr elektrische Nutzfahrzeuge am Standort Untert\\u00fcrkheim. \\r\\rDaimler opens  new charging park for electric commercial vehicles at the Stuttgart-Untert\\u00fcrkheim headquarters.&quot;,&quot;created_timestamp&quot;:&quot;1580468399&quot;,&quot;copyright&quot;:&quot;\\u00a9 Daimler Truck AG&quot;,&quot;focal_length&quot;:&quot;0&quot;,&quot;iso&quot;:&quot;0&quot;,&quot;shutter_speed&quot;:&quot;0&quot;,&quot;title&quot;:&quot;Daimler er\\u00f6ffnet neuen Ladepark f\\u00fcr elektrische Nutzfahrzeuge\\r\\rDaimler opens new charging park for electric commercial vehicles&quot;,&quot;orientation&quot;:&quot;1&quot;}\" data-image-title=\"Daimler er\u00f6ffnet neuen Ladepark f\u00fcr elektrische NutzfahrzeugeDaimler opens new charging park for electric commercial vehicles\" data-image-description=\"\" data-image-caption=\"&lt;p&gt;Daimler er\u00f6ffnet neuen Ladepark f\u00fcr elektrische Nutzfahrzeuge am Standort Untert\u00fcrkheim. &lt;\/p&gt;&lt;p&gt;Daimler opens  new charging park for electric commercial vehicles at the Stuttgart-Untert\u00fcrkheim headquarters.&lt;\/p&gt;\" data-large-file=\"https:\/\/evhnews.com\/wp-content\/uploads\/2020\/02\/Daimler-opens-new-charging-park-for-electric-commercial-vehicles-at-the-Stuttgart-Untert\u00fcrkheim-headquarters.jpg\" class=\"alignnone size-full wp-image-3055\" src=\"https:\/\/evhnews.com\/wp-content\/uploads\/2020\/02\/Daimler-opens-new-charging-park-for-electric-commercial-vehicles-at-the-Stuttgart-Untert\u00fcrkheim-headquarters.jpg\" alt=\"Daimler \u043e\u0442\u043a\u0440\u044b\u0432\u0430\u0435\u0442 \u043d\u043e\u0432\u044b\u0439 \u0437\u0430\u0440\u044f\u0434\u043d\u044b\u0439 \u043f\u0430\u0440\u043a \u0434\u043b\u044f \u044d\u043b\u0435\u043a\u0442\u0440\u0438\u0447\u0435\u0441\u043a\u0438\u0445 \u0430\u0432\u0442\u043e\u043c\u043e\u0431\u0438\u043b\u0435\u0439 Daimler \u043e\u0442\u043a\u0440\u044b\u0432\u0430\u0435\u0442 \u043d\u043e\u0432\u044b\u0439 \u0437\u0430\u0440\u044f\u0434\u043d\u044b\u0439 \u043f\u0430\u0440\u043a \u0434\u043b\u044f \u044d\u043b\u0435\u043a\u0442\u0440\u0438\u0447\u0435\u0441\u043a\u0438\u0445 \u043a\u043e\u043c\u043c\u0435\u0440\u0447\u0435\u0441\u043a\u0438\u0445 \u0430\u0432\u0442\u043e\u043c\u043e\u0431\u0438\u043b\u0435\u0439\" width=\"800\" height=\"534\" srcset=\"https:\/\/evhnews.com\/wp-content\/uploads\/2020\/02\/Daimler-opens-new-charging-park-for-electric-commercial-vehicles-at-the-Stuttgart-Untert\u00fcrkheim-headquarters.jpg 800w, https:\/\/evhnews.com\/wp-content\/uploads\/2020\/02\/Daimler-opens-new-charging-park-for-electric-commercial-vehicles-at-the-Stuttgart-Untert\u00fcrkheim-headquarters-300x200.jpg 300w, https:\/\/evhnews.com\/wp-content\/uploads\/2020\/02\/Daimler-opens-new-charging-park-for-electric-commercial-vehicles-at-the-Stuttgart-Untert\u00fcrkheim-headquarters-768x513.jpg 768w\" sizes=\"(max-width: 800px) 100vw, 800px\" \/><span style=\"font-size: small;\"><em>Image Credit: Daimler AG<\/em><\/span><\/p>\n<p>\u041a\u043e\u043c\u043f\u0430\u043d\u0438\u044f Daimler \u043e\u0442\u043a\u0440\u044b\u043b\u0430 \u043d\u043e\u0432\u044b\u0439 \u0437\u0430\u0440\u044f\u0434\u043d\u044b\u0439 \u043f\u0430\u0440\u043a \u0434\u043b\u044f \u044d\u043b\u0435\u043a\u0442\u0440\u0438\u0447\u0435\u0441\u043a\u0438\u0445 \u043a\u043e\u043c\u043c\u0435\u0440\u0447\u0435\u0441\u043a\u0438\u0445 \u0430\u0432\u0442\u043e\u043c\u043e\u0431\u0438\u043b\u0435\u0439 \u0432 \u0448\u0442\u0430\u0431-\u043a\u0432\u0430\u0440\u0442\u0438\u0440\u0435 \u0428\u0442\u0443\u0442\u0433\u0430\u0440\u0442-\u0423\u043d\u0442\u0435\u0440\u0442\u044e\u0440\u043a\u0445\u0430\u0439\u043c. Daimler Trucks \u0438 Mercedes-Benz Vans \u0431\u0443\u0434\u0443\u0442 \u0441\u043e\u0432\u043c\u0435\u0441\u0442\u043d\u043e \u0438\u0441\u043f\u043e\u043b\u044c\u0437\u043e\u0432\u0430\u0442\u044c \u0437\u0430\u0440\u044f\u0434\u043d\u044b\u0435 \u0441\u0442\u0430\u043d\u0446\u0438\u0438 \u0434\u043b\u044f \u0441\u0432\u043e\u0438\u0445 \u0442\u0435\u0441\u0442\u043e\u0432\u044b\u0445 \u044d\u043b\u0435\u043a\u0442\u0440\u043e\u043c\u043e\u0431\u0438\u043b\u0435\u0439. \u041d\u043e\u0432\u044b\u0439 \u0437\u0430\u0440\u044f\u0434\u043d\u044b\u0439 \u043f\u0430\u0440\u043a \u0441\u0442\u0430\u043d\u0435\u0442 \u0435\u0449\u0435 \u043e\u0434\u043d\u0438\u043c \u0448\u0430\u0433\u043e\u043c \u0432 \u0440\u0435\u0430\u043b\u0438\u0437\u0430\u0446\u0438\u0438 \u0441\u0442\u0440\u0430\u0442\u0435\u0433\u0438\u0438 \u044d\u043b\u0435\u043a\u0442\u0440\u0438\u0444\u0438\u043a\u0430\u0446\u0438\u0438 \u0438 \u0432\u0437\u0430\u0438\u043c\u043e\u0441\u0432\u044f\u0437\u0430\u043d\u043d\u043e\u0439 \u043a\u043e\u0440\u043f\u043e\u0440\u0430\u0442\u0438\u0432\u043d\u043e\u0439 \u0434\u0435\u044f\u0442\u0435\u043b\u044c\u043d\u043e\u0441\u0442\u0438. \u041e\u0431\u0449\u0430\u044f \u043c\u043e\u0449\u043d\u043e\u0441\u0442\u044c \u0438\u043d\u043d\u043e\u0432\u0430\u0446\u0438\u043e\u043d\u043d\u044b\u0445 \u0437\u0430\u0440\u044f\u0434\u043d\u044b\u0445 \u0441\u0442\u0430\u043d\u0446\u0438\u0439 \u0441\u043e\u0441\u0442\u0430\u0432\u043b\u044f\u0435\u0442 1 \u043c\u0435\u0433\u0430\u0432\u0430\u0442\u0442, \u043a\u043e\u0442\u043e\u0440\u044b\u0435 \u0440\u0430\u0441\u043f\u0440\u0435\u0434\u0435\u043b\u044f\u044e\u0442\u0441\u044f \u043d\u0430 \u0434\u0432\u0435 \u0441\u0442\u0430\u043d\u0446\u0438\u0438 \u0431\u044b\u0441\u0442\u0440\u043e\u0439 \u0437\u0430\u0440\u044f\u0434\u043a\u0438 \u043f\u043e\u0441\u0442\u043e\u044f\u043d\u043d\u043e\u0433\u043e \u0442\u043e\u043a\u0430 \u043c\u043e\u0449\u043d\u043e\u0441\u0442\u044c\u044e 300 \u043a\u0438\u043b\u043e\u0432\u0430\u0442\u0442 \u043a\u0430\u0436\u0434\u0430\u044f \u0434\u043b\u044f \u0433\u0440\u0443\u0437\u043e\u0432\u0438\u043a\u043e\u0432 \u0438 \u0435\u0449\u0435 \u0442\u0440\u0438 \u0437\u0430\u0440\u044f\u0434\u043d\u044b\u0435 \u0441\u0442\u0430\u043d\u0446\u0438\u0438 \u043c\u043e\u0449\u043d\u043e\u0441\u0442\u044c\u044e 150 \u043a\u0438\u043b\u043e\u0432\u0430\u0442\u0442 \u043a\u0430\u0436\u0434\u0430\u044f \u0434\u043b\u044f \u043c\u0438\u043a\u0440\u043e\u0430\u0432\u0442\u043e\u0431\u0443\u0441\u043e\u0432. \u041a\u043e\u0433\u0434\u0430 \u0430\u0432\u0442\u043e\u043c\u043e\u0431\u0438\u043b\u044c \u043f\u043e\u0434\u043a\u043b\u044e\u0447\u0430\u0435\u0442\u0441\u044f \u043a \u0441\u043e\u043e\u0442\u0432\u0435\u0442\u0441\u0442\u0432\u0443\u044e\u0449\u0435\u0439 \u0441\u0442\u0430\u043d\u0446\u0438\u0438, \u043f\u0440\u043e\u0446\u0435\u0441\u0441 \u0437\u0430\u0440\u044f\u0434\u043a\u0438 \u043d\u0430\u0447\u0438\u043d\u0430\u0435\u0442\u0441\u044f \u0431\u043b\u0430\u0433\u043e\u0434\u0430\u0440\u044f \u0447\u0438\u043f\u0443, \u0441 \u043f\u043e\u043c\u043e\u0449\u044c\u044e \u043a\u043e\u0442\u043e\u0440\u043e\u0433\u043e \u0441\u0442\u0430\u043d\u0446\u0438\u044f \u0430\u0432\u0442\u043e\u043c\u0430\u0442\u0438\u0447\u0435\u0441\u043a\u0438 \u0440\u0430\u0441\u043f\u043e\u0437\u043d\u0430\u0435\u0442 \u0441\u043e\u043e\u0442\u0432\u0435\u0442\u0441\u0442\u0432\u0443\u044e\u0449\u0438\u0439 \u0430\u0432\u0442\u043e\u043c\u043e\u0431\u0438\u043b\u044c. \u0421\u0442\u0430\u043d\u0446\u0438\u0438 \u043e\u0441\u043d\u0430\u0449\u0435\u043d\u044b \u0432\u0441\u0435\u043c\u0438 \u0440\u0430\u0441\u043f\u0440\u043e\u0441\u0442\u0440\u0430\u043d\u0435\u043d\u043d\u044b\u043c\u0438 \u0432\u0430\u0440\u0438\u0430\u043d\u0442\u0430\u043c\u0438 \u0448\u0442\u0435\u043a\u0435\u0440\u043e\u0432 \u0434\u043b\u044f \u044d\u043b\u0435\u043a\u0442\u0440\u043e\u043c\u043e\u0431\u0438\u043b\u0435\u0439.<\/p>\n<p><img decoding=\"async\" data-attachment-id=\"1490\" data-permalink=\"https:\/\/evhnews.com\/ru\/2019\/12\/18\/the-efficient-drivetrain-for-the-purely-electric-bmw-ix3\/evh-news-lighting-bolt-logo\/\" data-orig-file=\"https:\/\/evhnews.com\/wp-content\/uploads\/2019\/12\/EVH-News-Lighting-Bolt-Logo-.jpg\" data-orig-size=\"100,100\" data-comments-opened=\"1\" data-image-meta=\"{&quot;aperture&quot;:&quot;0&quot;,&quot;credit&quot;:&quot;&quot;,&quot;camera&quot;:&quot;&quot;,&quot;caption&quot;:&quot;&quot;,&quot;created_timestamp&quot;:&quot;1575197468&quot;,&quot;copyright&quot;:&quot;&quot;,&quot;focal_length&quot;:&quot;0&quot;,&quot;iso&quot;:&quot;0&quot;,&quot;shutter_speed&quot;:&quot;0&quot;,&quot;title&quot;:&quot;&quot;,&quot;orientation&quot;:&quot;1&quot;}\" data-image-title=\"EVH News-Lighting-Bolt-Logo-\" data-image-description=\"\" data-image-caption=\"\" data-large-file=\"https:\/\/evhnews.com\/wp-content\/uploads\/2019\/12\/EVH-News-Lighting-Bolt-Logo-.jpg\" class=\"alignnone size-full wp-image-1490\" src=\"https:\/\/evhnews.com\/wp-content\/uploads\/2019\/12\/EVH-News-Lighting-Bolt-Logo-.jpg\" alt=\"EVH News-Lighting-Bolt-Logo-\" width=\"100\" height=\"100\" \/><\/p>\n<p style=\"text-align: center;\">","protected":false},"excerpt":{"rendered":"<p>\u00a0 Daimler Opens New Charging Park For Electric Commercial Vehicles Image Credit: Daimler AG Daimler&#8230;<\/p>","protected":false},"author":165558846,"featured_media":3052,"comment_status":"open","ping_status":"open","sticky":false,"template":"","format":"standard","meta":{"_coblocks_attr":"","_coblocks_dimensions":"","_coblocks_responsive_height":"","_coblocks_accordion_ie_support":"","_crdt_document":"","advanced_seo_description":"Daimler Opens New Charging Park For Electric Commercial Vehicles","jetpack_seo_html_title":"","jetpack_seo_noindex":false,"_jetpack_newsletter_access":"","_jetpack_dont_email_post_to_subs":false,"_jetpack_newsletter_tier_id":0,"_jetpack_memberships_contains_paywalled_content":false,"two_page_speed":[],"_jetpack_memberships_contains_paid_content":false,"footnotes":"","jetpack_publicize_message":"","jetpack_publicize_feature_enabled":true,"jetpack_social_post_already_shared":true,"jetpack_social_options":{"image_generator_settings":{"template":"highway","default_image_id":0,"font":"","enabled":false},"version":2},"_wpas_customize_per_network":false,"jetpack_post_was_ever_published":false},"categories":[688324445,688378176],"tags":[],"class_list":["post-3051","post","type-post","status-publish","format-standard","has-post-thumbnail","hentry","category-chargers-charging-guide","category-commercial-chargers-charging-guide-chargers-charging-guide"],"jetpack_publicize_connections":[],"featured_image_urls":{"full":["https:\/\/evhnews.com\/wp-content\/uploads\/2020\/02\/Daimler-opens-new-charging-park-for-electric-commercial-vehicles-at-the-Stuttgart-Untert\u00fcrkheim-headquarters-2.jpg",800,534,false],"thumbnail":["https:\/\/evhnews.com\/wp-content\/uploads\/2020\/02\/Daimler-opens-new-charging-park-for-electric-commercial-vehicles-at-the-Stuttgart-Untert\u00fcrkheim-headquarters-2-150x150.jpg",150,150,true],"medium":["https:\/\/evhnews.com\/wp-content\/uploads\/2020\/02\/Daimler-opens-new-charging-park-for-electric-commercial-vehicles-at-the-Stuttgart-Untert\u00fcrkheim-headquarters-2-300x200.jpg",300,200,true],"medium_large":["https:\/\/evhnews.com\/wp-content\/uploads\/2020\/02\/Daimler-opens-new-charging-park-for-electric-commercial-vehicles-at-the-Stuttgart-Untert\u00fcrkheim-headquarters-2-768x513.jpg",640,428,true],"large":["https:\/\/evhnews.com\/wp-content\/uploads\/2020\/02\/Daimler-opens-new-charging-park-for-electric-commercial-vehicles-at-the-Stuttgart-Untert\u00fcrkheim-headquarters-2.jpg",640,427,false],"1536x1536":["https:\/\/evhnews.com\/wp-content\/uploads\/2020\/02\/Daimler-opens-new-charging-park-for-electric-commercial-vehicles-at-the-Stuttgart-Untert\u00fcrkheim-headquarters-2.jpg",800,534,false],"2048x2048":["https:\/\/evhnews.com\/wp-content\/uploads\/2020\/02\/Daimler-opens-new-charging-park-for-electric-commercial-vehicles-at-the-Stuttgart-Untert\u00fcrkheim-headquarters-2.jpg",800,534,false],"trp-custom-language-flag":["https:\/\/evhnews.com\/wp-content\/uploads\/2020\/02\/Daimler-opens-new-charging-park-for-electric-commercial-vehicles-at-the-Stuttgart-Untert\u00fcrkheim-headquarters-2.jpg",18,12,false],"newspack-article-block-landscape-large":["https:\/\/evhnews.com\/wp-content\/uploads\/2020\/02\/Daimler-opens-new-charging-park-for-electric-commercial-vehicles-at-the-Stuttgart-Untert\u00fcrkheim-headquarters-2.jpg",800,534,false],"newspack-article-block-portrait-large":["https:\/\/evhnews.com\/wp-content\/uploads\/2020\/02\/Daimler-opens-new-charging-park-for-electric-commercial-vehicles-at-the-Stuttgart-Untert\u00fcrkheim-headquarters-2.jpg",800,534,false],"newspack-article-block-square-large":["https:\/\/evhnews.com\/wp-content\/uploads\/2020\/02\/Daimler-opens-new-charging-park-for-electric-commercial-vehicles-at-the-Stuttgart-Untert\u00fcrkheim-headquarters-2.jpg",800,534,false],"newspack-article-block-landscape-medium":["https:\/\/evhnews.com\/wp-content\/uploads\/2020\/02\/Daimler-opens-new-charging-park-for-electric-commercial-vehicles-at-the-Stuttgart-Untert\u00fcrkheim-headquarters-2.jpg",800,534,false],"newspack-article-block-portrait-medium":["https:\/\/evhnews.com\/wp-content\/uploads\/2020\/02\/Daimler-opens-new-charging-park-for-electric-commercial-vehicles-at-the-Stuttgart-Untert\u00fcrkheim-headquarters-2-600x534.jpg",600,534,true],"newspack-article-block-square-medium":["https:\/\/evhnews.com\/wp-content\/uploads\/2020\/02\/Daimler-opens-new-charging-park-for-electric-commercial-vehicles-at-the-Stuttgart-Untert\u00fcrkheim-headquarters-2.jpg",800,534,false],"newspack-article-block-landscape-intermediate":["https:\/\/evhnews.com\/wp-content\/uploads\/2020\/02\/Daimler-opens-new-charging-park-for-electric-commercial-vehicles-at-the-Stuttgart-Untert\u00fcrkheim-headquarters-2.jpg",600,401,false],"newspack-article-block-portrait-intermediate":["https:\/\/evhnews.com\/wp-content\/uploads\/2020\/02\/Daimler-opens-new-charging-park-for-electric-commercial-vehicles-at-the-Stuttgart-Untert\u00fcrkheim-headquarters-2.jpg",450,300,false],"newspack-article-block-square-intermediate":["https:\/\/evhnews.com\/wp-content\/uploads\/2020\/02\/Daimler-opens-new-charging-park-for-electric-commercial-vehicles-at-the-Stuttgart-Untert\u00fcrkheim-headquarters-2.jpg",600,401,false],"newspack-article-block-landscape-small":["https:\/\/evhnews.com\/wp-content\/uploads\/2020\/02\/Daimler-opens-new-charging-park-for-electric-commercial-vehicles-at-the-Stuttgart-Untert\u00fcrkheim-headquarters-2-400x300.jpg",400,300,true],"newspack-article-block-portrait-small":["https:\/\/evhnews.com\/wp-content\/uploads\/2020\/02\/Daimler-opens-new-charging-park-for-electric-commercial-vehicles-at-the-Stuttgart-Untert\u00fcrkheim-headquarters-2-300x400.jpg",300,400,true],"newspack-article-block-square-small":["https:\/\/evhnews.com\/wp-content\/uploads\/2020\/02\/Daimler-opens-new-charging-park-for-electric-commercial-vehicles-at-the-Stuttgart-Untert\u00fcrkheim-headquarters-2-400x400.jpg",400,400,true],"newspack-article-block-landscape-tiny":["https:\/\/evhnews.com\/wp-content\/uploads\/2020\/02\/Daimler-opens-new-charging-park-for-electric-commercial-vehicles-at-the-Stuttgart-Untert\u00fcrkheim-headquarters-2-200x150.jpg",200,150,true],"newspack-article-block-portrait-tiny":["https:\/\/evhnews.com\/wp-content\/uploads\/2020\/02\/Daimler-opens-new-charging-park-for-electric-commercial-vehicles-at-the-Stuttgart-Untert\u00fcrkheim-headquarters-2-150x200.jpg",150,200,true],"newspack-article-block-square-tiny":["https:\/\/evhnews.com\/wp-content\/uploads\/2020\/02\/Daimler-opens-new-charging-park-for-electric-commercial-vehicles-at-the-Stuttgart-Untert\u00fcrkheim-headquarters-2-200x200.jpg",200,200,true],"newspack-article-block-uncropped":["https:\/\/evhnews.com\/wp-content\/uploads\/2020\/02\/Daimler-opens-new-charging-park-for-electric-commercial-vehicles-at-the-Stuttgart-Untert\u00fcrkheim-headquarters-2.jpg",800,534,false],"enternews-featured":["https:\/\/evhnews.com\/wp-content\/uploads\/2020\/02\/Daimler-opens-new-charging-park-for-electric-commercial-vehicles-at-the-Stuttgart-Untert\u00fcrkheim-headquarters-2.jpg",800,534,false],"enternews-medium":["https:\/\/evhnews.com\/wp-content\/uploads\/2020\/02\/Daimler-opens-new-charging-park-for-electric-commercial-vehicles-at-the-Stuttgart-Untert\u00fcrkheim-headquarters-2.jpg",712,475,false],"enternews-thumbnail":["https:\/\/evhnews.com\/wp-content\/uploads\/2020\/02\/Daimler-opens-new-charging-park-for-electric-commercial-vehicles-at-the-Stuttgart-Untert\u00fcrkheim-headquarters-2.jpg",472,315,false],"tenweb_optimizer_mobile":["https:\/\/evhnews.com\/wp-content\/uploads\/2020\/02\/Daimler-opens-new-charging-park-for-electric-commercial-vehicles-at-the-Stuttgart-Untert\u00fcrkheim-headquarters-2.jpg",600,401,false],"tenweb_optimizer_tablet":["https:\/\/evhnews.com\/wp-content\/uploads\/2020\/02\/Daimler-opens-new-charging-park-for-electric-commercial-vehicles-at-the-Stuttgart-Untert\u00fcrkheim-headquarters-2.jpg",768,513,false]},"author_info":{"display_name":"EVHNews","author_link":"https:\/\/evhnews.com\/ru\/author\/evhnews\/"},"category_info":"<a href=\"https:\/\/evhnews.com\/ru\/category\/%d0%b7%d0%b0%d1%80%d1%8f%d0%b4%d0%bd%d1%8b%d0%b5-%d1%83%d1%81%d1%82%d1%80%d0%be%d0%b9%d1%81%d1%82%d0%b2%d0%b0-%d1%80%d1%83%d0%ba%d0%be%d0%b2%d0%be%d0%b4%d1%81%d1%82%d0%b2%d0%be-%d0%bf%d0%be-%d0%b7\/\" rel=\"category tag\">Chargers &amp; Charging<\/a> <a href=\"https:\/\/evhnews.com\/ru\/category\/%d0%b7%d0%b0%d1%80%d1%8f%d0%b4%d0%bd%d1%8b%d0%b5-%d1%83%d1%81%d1%82%d1%80%d0%be%d0%b9%d1%81%d1%82%d0%b2%d0%b0-%d1%80%d1%83%d0%ba%d0%be%d0%b2%d0%be%d0%b4%d1%81%d1%82%d0%b2%d0%be-%d0%bf%d0%be-%d0%b7\/%d1%80%d1%83%d0%ba%d0%be%d0%b2%d0%be%d0%b4%d1%81%d1%82%d0%b2%d0%be-%d0%bf%d0%be-%d0%b7%d0%b0%d1%80%d1%8f%d0%b4%d0%ba%d0%b5-%d0%ba%d0%be%d0%bc%d0%bc%d0%b5%d1%80%d1%87%d0%b5%d1%81%d0%ba%d0%b8%d1%85\/\" rel=\"category tag\">Commercial Truck<\/a>","tag_info":"Commercial Truck","comment_count":"0","jetpack_featured_media_url":"https:\/\/evhnews.com\/wp-content\/uploads\/2020\/02\/Daimler-opens-new-charging-park-for-electric-commercial-vehicles-at-the-Stuttgart-Untert\u00fcrkheim-headquarters-2.jpg","jetpack_likes_enabled":true,"jetpack_sharing_enabled":true,"jetpack_shortlink":"https:\/\/wp.me\/pbbbdx-Nd","amp_enabled":true,"_links":{"self":[{"href":"https:\/\/evhnews.com\/ru\/wp-json\/wp\/v2\/posts\/3051","targetHints":{"allow":["GET"]}}],"collection":[{"href":"https:\/\/evhnews.com\/ru\/wp-json\/wp\/v2\/posts"}],"about":[{"href":"https:\/\/evhnews.com\/ru\/wp-json\/wp\/v2\/types\/post"}],"author":[{"embeddable":true,"href":"https:\/\/evhnews.com\/ru\/wp-json\/wp\/v2\/users\/165558846"}],"replies":[{"embeddable":true,"href":"https:\/\/evhnews.com\/ru\/wp-json\/wp\/v2\/comments?post=3051"}],"version-history":[{"count":3,"href":"https:\/\/evhnews.com\/ru\/wp-json\/wp\/v2\/posts\/3051\/revisions"}],"predecessor-version":[{"id":3057,"href":"https:\/\/evhnews.com\/ru\/wp-json\/wp\/v2\/posts\/3051\/revisions\/3057"}],"wp:featuredmedia":[{"embeddable":true,"href":"https:\/\/evhnews.com\/ru\/wp-json\/wp\/v2\/media\/3052"}],"wp:attachment":[{"href":"https:\/\/evhnews.com\/ru\/wp-json\/wp\/v2\/media?parent=3051"}],"wp:term":[{"taxonomy":"category","embeddable":true,"href":"https:\/\/evhnews.com\/ru\/wp-json\/wp\/v2\/categories?post=3051"},{"taxonomy":"post_tag","embeddable":true,"href":"https:\/\/evhnews.com\/ru\/wp-json\/wp\/v2\/tags?post=3051"}],"curies":[{"name":"wp","href":"https:\/\/api.w.org\/{rel}","templated":true}]}}