{"id":10872,"date":"2024-10-30T20:49:53","date_gmt":"2024-10-31T03:49:53","guid":{"rendered":"https:\/\/evhnews.com\/?p=10872"},"modified":"2024-10-30T20:49:53","modified_gmt":"2024-10-31T03:49:53","slug":"cadillac-bekraftar-den-forsta-elektriska-suven-som-far-v-seriemarke-lyriq-v-2026","status":"publish","type":"post","link":"https:\/\/evhnews.com\/sv\/2024\/10\/30\/cadillac-bekraftar-den-forsta-elektriska-suven-som-far-v-seriemarke-lyriq-v-2026\/","title":{"rendered":"Cadillac bekr\u00e4ftar den f\u00f6rsta elektriska SUV: n f\u00f6r att tj\u00e4na V-seriens m\u00e4rke LYRIQ-V 2026"},"content":{"rendered":"<p style=\"background: #f9f9f9; margin: 0in 0in 7.5pt; text-align: left;\" align=\"center\"><span style=\"font-size: 10.5pt; font-family: 'Helvetica',sans-serif; color: #333333;\">\u00a0<\/span><\/p>\n<p style=\"background: #f9f9f9; box-sizing: border-box; font-variant-ligatures: normal; font-variant-caps: normal; orphans: 2; widows: 2; -webkit-text-stroke-width: 0px; text-decoration-thickness: initial; text-decoration-style: initial; text-decoration-color: initial; word-spacing: 0px; margin: 0in 0in 7.5pt; text-align: left;\"><span style=\"font-size: 10.5pt; font-family: 'Helvetica',sans-serif; color: #333333;\">\u00a0LYRIQ-V, som lanseras i b\u00f6rjan av n\u00e4sta \u00e5r, tar prestandan hos underm\u00e4rket V-Series till nya h\u00f6jder. Vi kommer att erbjuda LYRIQ-V p\u00e5 utvalda marknader runt om i v\u00e4rlden i b\u00e5de v\u00e4nsterstyrd och h\u00f6gerstyrd version, inklusive USA, Kanada, Australien och Nya Zeeland. Fler marknader kommer att tillk\u00e4nnages vid ett senare tillf\u00e4lle.<\/p>\n<p><\/span> &lt;\/span<\/p>\n<p style=\"background: #F9F9F9; margin: 0in 0in 7.5pt 0in;\"><span style=\"font-size: 10.5pt; font-family: 'Helvetica',sans-serif; color: #333333;\">LYRIQ-V \u00e4r en verkligt anm\u00e4rkningsv\u00e4rd representation av lyx, prestanda och innovationsf\u00f6rm\u00e5ga som \u00e4r grunden f\u00f6r Cadillac-varum\u00e4rket\", s\u00e4ger John Roth, vice president, Global Cadillac. \"Cadillac-portf\u00f6ljen \u00e4r \u00e4nnu st\u00f6rre med v\u00e5rt senaste tillskott.\"\u00a0<br style=\"box-sizing: border-box;\" \/><br \/>\n<\/span><\/p>\n<figure id=\"attachment_10875\" aria-describedby=\"caption-attachment-10875\" style=\"width: 640px\" class=\"wp-caption aligncenter\"><img fetchpriority=\"high\" decoding=\"async\" data-attachment-id=\"10875\" data-permalink=\"https:\/\/evhnews.com\/sv\/2024\/10\/30\/cadillac-bekraftar-den-forsta-elektriska-suven-som-far-v-seriemarke-lyriq-v-2026\/2026-cadillac-lyriq-v-2\/\" data-orig-file=\"https:\/\/evhnews.com\/wp-content\/uploads\/2024\/10\/Cadillac-Confirms-First-Electric-SUV-To-Earn-V-Series-Badge-The-2026-LYRIQ-V-Rear-View.webp\" data-orig-size=\"1920,1229\" data-comments-opened=\"1\" data-image-meta=\"{&quot;aperture&quot;:&quot;4.5&quot;,&quot;credit&quot;:&quot;&quot;,&quot;camera&quot;:&quot;ILCE-1&quot;,&quot;caption&quot;:&quot;Rear 3\/4 view of the 2026 LYRIQ-V in Magnus Metal Frost. Preproduction model shown. Actual production model will vary. Magnus Metal Frost exterior color is extremely limited and late availability.&quot;,&quot;created_timestamp&quot;:&quot;1609478150&quot;,&quot;copyright&quot;:&quot;&quot;,&quot;focal_length&quot;:&quot;35&quot;,&quot;iso&quot;:&quot;100&quot;,&quot;shutter_speed&quot;:&quot;0.033333333333333&quot;,&quot;title&quot;:&quot;2026 Cadillac LYRIQ-V&quot;,&quot;orientation&quot;:&quot;1&quot;}\" data-image-title=\"2026 Cadillac LYRIQ-V\" data-image-description=\"\" data-image-caption=\"&lt;p&gt;Rear 3\/4 view of the 2026 LYRIQ-V in Magnus Metal Frost. Preproduction model shown. Actual production model will vary. Magnus Metal Frost exterior color is extremely limited and late availability.&lt;\/p&gt;\" data-large-file=\"https:\/\/evhnews.com\/wp-content\/uploads\/2024\/10\/Cadillac-Confirms-First-Electric-SUV-To-Earn-V-Series-Badge-The-2026-LYRIQ-V-Rear-View-1024x656.jpg\" class=\"size-large wp-image-10875\" src=\"https:\/\/evhnews.com\/wp-content\/uploads\/2024\/10\/Cadillac-Confirms-First-Electric-SUV-To-Earn-V-Series-Badge-The-2026-LYRIQ-V-Rear-View-1024x656.jpg\" alt=\"\" width=\"640\" height=\"410\" srcset=\"https:\/\/evhnews.com\/wp-content\/uploads\/2024\/10\/Cadillac-Confirms-First-Electric-SUV-To-Earn-V-Series-Badge-The-2026-LYRIQ-V-Rear-View-1024x656.jpg 1024w, https:\/\/evhnews.com\/wp-content\/uploads\/2024\/10\/Cadillac-Confirms-First-Electric-SUV-To-Earn-V-Series-Badge-The-2026-LYRIQ-V-Rear-View-300x192.jpg 300w, https:\/\/evhnews.com\/wp-content\/uploads\/2024\/10\/Cadillac-Confirms-First-Electric-SUV-To-Earn-V-Series-Badge-The-2026-LYRIQ-V-Rear-View-768x492.jpg 768w, https:\/\/evhnews.com\/wp-content\/uploads\/2024\/10\/Cadillac-Confirms-First-Electric-SUV-To-Earn-V-Series-Badge-The-2026-LYRIQ-V-Rear-View-1536x984.jpg 1536w, https:\/\/evhnews.com\/wp-content\/uploads\/2024\/10\/Cadillac-Confirms-First-Electric-SUV-To-Earn-V-Series-Badge-The-2026-LYRIQ-V-Rear-View-2048x1311.jpg 2048w, https:\/\/evhnews.com\/wp-content\/uploads\/2024\/10\/Cadillac-Confirms-First-Electric-SUV-To-Earn-V-Series-Badge-The-2026-LYRIQ-V-Rear-View-18x12.jpg 18w, https:\/\/evhnews.com\/wp-content\/uploads\/2024\/10\/Cadillac-Confirms-First-Electric-SUV-To-Earn-V-Series-Badge-The-2026-LYRIQ-V-Rear-View-600x384.jpg 600w, https:\/\/evhnews.com\/wp-content\/uploads\/2024\/10\/Cadillac-Confirms-First-Electric-SUV-To-Earn-V-Series-Badge-The-2026-LYRIQ-V-Rear-View.webp 1920w\" sizes=\"(max-width: 640px) 100vw, 640px\" \/><figcaption id=\"caption-attachment-10875\" class=\"wp-caption-text\">3\/4 vy bakifr\u00e5n av 2026 LYRIQ-V i Magnus Metal Frost. F\u00f6rproduktionsmodell visas. Den faktiska produktionsmodellen kommer att variera. Exteri\u00f6rf\u00e4rgen Magnus Metal Frost \u00e4r extremt begr\u00e4nsad och har sen tillg\u00e4nglighet.<\/figcaption><\/figure>\n<h5 style=\"text-align: center;\">Bildkredit: Cadillac<\/h5>\n<p style=\"background: #F9F9F9; margin: 0in 0in 7.5pt 0in;\"><span style=\"font-size: 10.5pt; font-family: 'Helvetica',sans-serif; color: #333333;\"><br style=\"box-sizing: border-box;\" \/><br \/>\n<\/span><\/p>\n<p style=\"background: #F9F9F9; margin: 0in 0in 7.5pt 0in;\"><span style=\"font-size: 10.5pt; font-family: 'Helvetica',sans-serif; color: #333333;\">V-Series, som firade sitt 20-\u00e5rsjubileum i \u00e5r, \u00e4r Cadillacs underm\u00e4rke f\u00f6r prestanda och fungerar som ett riktm\u00e4rke f\u00f6r prestanda och innovation f\u00f6r General Motors. I EV-eran kommer V-Series-fordon att k\u00e4nnetecknas av sin exceptionella prestanda, omedelbara acceleration, konkurrenskraftiga r\u00e4ckvidd och standard fyrhjulsdrift.<\/span><\/p>\n<p style=\"background: #F9F9F9; box-sizing: border-box; font-variant-ligatures: normal; font-variant-caps: normal; orphans: 2; widows: 2; -webkit-text-stroke-width: 0px; text-decoration-thickness: initial; text-decoration-style: initial; text-decoration-color: initial; word-spacing: 0px; margin: 0in 0in 7.5pt 0in;\"><span style=\"font-size: 10.5pt; font-family: 'Helvetica',sans-serif; color: #333333;\">General Motors (NYSE:GM) driver framtidens transporter genom att utnyttja avancerad teknik f\u00f6r att bygga s\u00e4krare, smartare och mer utsl\u00e4ppssn\u00e5la bilar, lastbilar och SUV:ar.GM:s<a style=\"box-sizing: border-box;\" href=\"https:\/\/www.buick.com\/\" target=\"_blank\" rel=\"noopener\"><span style=\"color: #337ab7; text-decoration: none; text-underline: none;\">Buick<\/span><\/a>,<a style=\"box-sizing: border-box;\" href=\"https:\/\/www.cadillac.com\/\" target=\"_blank\" rel=\"noopener\"><span style=\"color: #337ab7; text-decoration: none; text-underline: none;\">Cadillac<\/span><\/a>,<a style=\"box-sizing: border-box;\" href=\"https:\/\/www.chevrolet.com\/\" target=\"_blank\" rel=\"noopener\"><span style=\"color: #337ab7; text-decoration: none; text-underline: none;\">Chevrolet<\/span><\/a>, och<a style=\"box-sizing: border-box;\" href=\"https:\/\/www.gmc.com\/\" target=\"_blank\" rel=\"noopener\"><span style=\"color: #337ab7; text-decoration: none; text-underline: none;\">GMC<\/span><\/a>erbjuder en bred portf\u00f6lj av innovativa bensindrivna fordon och branschens bredaste utbud av elbilar, i takt med att vi g\u00e5r mot en helt elektrisk framtid. L\u00e4s mer p\u00e5<a style=\"box-sizing: border-box;\" href=\"https:\/\/www.gm.com\/\" target=\"_blank\" rel=\"noopener\"><span style=\"color: #337ab7; text-decoration: none; text-underline: none;\">GM.com<\/span><\/a>.<\/p>\n<p>Anteckningar fr\u00e5n SP,<\/p>\n<p>#EVHNews, #Cadillac, #LYRIQ-V, #eSUV,<\/span> &lt;\/span<\/p>\n<p>&nbsp;<\/p>","protected":false},"excerpt":{"rendered":"<p>\u00a0 \u00a0Launching early next year, LYRIQ-V pushes the performance pedigree of the V-Series sub-brand to&#8230;<\/p>","protected":false},"author":165558846,"featured_media":10874,"comment_status":"open","ping_status":"open","sticky":false,"template":"","format":"standard","meta":{"_coblocks_attr":"","_coblocks_dimensions":"","_coblocks_responsive_height":"","_coblocks_accordion_ie_support":"","_crdt_document":"","advanced_seo_description":"","jetpack_seo_html_title":"","jetpack_seo_noindex":false,"_jetpack_newsletter_access":"","_jetpack_dont_email_post_to_subs":false,"_jetpack_newsletter_tier_id":0,"_jetpack_memberships_contains_paywalled_content":false,"two_page_speed":[],"_jetpack_memberships_contains_paid_content":false,"footnotes":"","jetpack_publicize_message":"","jetpack_publicize_feature_enabled":true,"jetpack_social_post_already_shared":true,"jetpack_social_options":{"image_generator_settings":{"template":"highway","default_image_id":0,"font":"","enabled":false},"version":2},"_wpas_customize_per_network":false,"jetpack_post_was_ever_published":false},"categories":[688377455,197443],"tags":[688387329,688386225,688387328,688386325],"class_list":["post-10872","post","type-post","status-publish","format-standard","has-post-thumbnail","hentry","category-electric-vehicle-mobility-industry-world","category-electric-vehicles","tag-esuv","tag-evhnews-2","tag-lyriq-v","tag-cadillac"],"jetpack_publicize_connections":[],"featured_image_urls":{"full":["https:\/\/evhnews.com\/wp-content\/uploads\/2024\/10\/Cadillac-Confirms-First-Electric-SUV-To-Earn-V-Series-Badge-The-2026-LYRIQ-V-e1730346256255.webp",1920,1280,false],"thumbnail":["https:\/\/evhnews.com\/wp-content\/uploads\/2024\/10\/Cadillac-Confirms-First-Electric-SUV-To-Earn-V-Series-Badge-The-2026-LYRIQ-V-150x150.jpg?crop=1",150,150,true],"medium":["https:\/\/evhnews.com\/wp-content\/uploads\/2024\/10\/Cadillac-Confirms-First-Electric-SUV-To-Earn-V-Series-Badge-The-2026-LYRIQ-V-300x200.jpg",300,200,true],"medium_large":["https:\/\/evhnews.com\/wp-content\/uploads\/2024\/10\/Cadillac-Confirms-First-Electric-SUV-To-Earn-V-Series-Badge-The-2026-LYRIQ-V-768x512.jpg",640,427,true],"large":["https:\/\/evhnews.com\/wp-content\/uploads\/2024\/10\/Cadillac-Confirms-First-Electric-SUV-To-Earn-V-Series-Badge-The-2026-LYRIQ-V-1024x683.jpg",640,427,true],"1536x1536":["https:\/\/evhnews.com\/wp-content\/uploads\/2024\/10\/Cadillac-Confirms-First-Electric-SUV-To-Earn-V-Series-Badge-The-2026-LYRIQ-V-1536x1024.jpg",1536,1024,true],"2048x2048":["https:\/\/evhnews.com\/wp-content\/uploads\/2024\/10\/Cadillac-Confirms-First-Electric-SUV-To-Earn-V-Series-Badge-The-2026-LYRIQ-V-2048x1365.jpg",2048,1365,true],"trp-custom-language-flag":["https:\/\/evhnews.com\/wp-content\/uploads\/2024\/10\/Cadillac-Confirms-First-Electric-SUV-To-Earn-V-Series-Badge-The-2026-LYRIQ-V-18x12.jpg",18,12,true],"newspack-article-block-landscape-large":["https:\/\/evhnews.com\/wp-content\/uploads\/2024\/10\/Cadillac-Confirms-First-Electric-SUV-To-Earn-V-Series-Badge-The-2026-LYRIQ-V-e1730346256255.webp",1200,800,false],"newspack-article-block-portrait-large":["https:\/\/evhnews.com\/wp-content\/uploads\/2024\/10\/Cadillac-Confirms-First-Electric-SUV-To-Earn-V-Series-Badge-The-2026-LYRIQ-V-e1730346256255.webp",900,600,false],"newspack-article-block-square-large":["https:\/\/evhnews.com\/wp-content\/uploads\/2024\/10\/Cadillac-Confirms-First-Electric-SUV-To-Earn-V-Series-Badge-The-2026-LYRIQ-V-e1730346256255.webp",1200,800,false],"newspack-article-block-landscape-medium":["https:\/\/evhnews.com\/wp-content\/uploads\/2024\/10\/Cadillac-Confirms-First-Electric-SUV-To-Earn-V-Series-Badge-The-2026-LYRIQ-V-e1730346256255.webp",800,533,false],"newspack-article-block-portrait-medium":["https:\/\/evhnews.com\/wp-content\/uploads\/2024\/10\/Cadillac-Confirms-First-Electric-SUV-To-Earn-V-Series-Badge-The-2026-LYRIQ-V-e1730346256255.webp",600,400,false],"newspack-article-block-square-medium":["https:\/\/evhnews.com\/wp-content\/uploads\/2024\/10\/Cadillac-Confirms-First-Electric-SUV-To-Earn-V-Series-Badge-The-2026-LYRIQ-V-e1730346256255.webp",800,533,false],"newspack-article-block-landscape-intermediate":["https:\/\/evhnews.com\/wp-content\/uploads\/2024\/10\/Cadillac-Confirms-First-Electric-SUV-To-Earn-V-Series-Badge-The-2026-LYRIQ-V-e1730346256255.webp",600,400,false],"newspack-article-block-portrait-intermediate":["https:\/\/evhnews.com\/wp-content\/uploads\/2024\/10\/Cadillac-Confirms-First-Electric-SUV-To-Earn-V-Series-Badge-The-2026-LYRIQ-V-e1730346256255.webp",450,300,false],"newspack-article-block-square-intermediate":["https:\/\/evhnews.com\/wp-content\/uploads\/2024\/10\/Cadillac-Confirms-First-Electric-SUV-To-Earn-V-Series-Badge-The-2026-LYRIQ-V-e1730346256255.webp",600,400,false],"newspack-article-block-landscape-small":["https:\/\/evhnews.com\/wp-content\/uploads\/2024\/10\/Cadillac-Confirms-First-Electric-SUV-To-Earn-V-Series-Badge-The-2026-LYRIQ-V-e1730346256255.webp",400,267,false],"newspack-article-block-portrait-small":["https:\/\/evhnews.com\/wp-content\/uploads\/2024\/10\/Cadillac-Confirms-First-Electric-SUV-To-Earn-V-Series-Badge-The-2026-LYRIQ-V-e1730346256255.webp",300,200,false],"newspack-article-block-square-small":["https:\/\/evhnews.com\/wp-content\/uploads\/2024\/10\/Cadillac-Confirms-First-Electric-SUV-To-Earn-V-Series-Badge-The-2026-LYRIQ-V-e1730346256255.webp",400,267,false],"newspack-article-block-landscape-tiny":["https:\/\/evhnews.com\/wp-content\/uploads\/2024\/10\/Cadillac-Confirms-First-Electric-SUV-To-Earn-V-Series-Badge-The-2026-LYRIQ-V-e1730346256255.webp",200,133,false],"newspack-article-block-portrait-tiny":["https:\/\/evhnews.com\/wp-content\/uploads\/2024\/10\/Cadillac-Confirms-First-Electric-SUV-To-Earn-V-Series-Badge-The-2026-LYRIQ-V-e1730346256255.webp",150,100,false],"newspack-article-block-square-tiny":["https:\/\/evhnews.com\/wp-content\/uploads\/2024\/10\/Cadillac-Confirms-First-Electric-SUV-To-Earn-V-Series-Badge-The-2026-LYRIQ-V-e1730346256255.webp",200,133,false],"newspack-article-block-uncropped":["https:\/\/evhnews.com\/wp-content\/uploads\/2024\/10\/Cadillac-Confirms-First-Electric-SUV-To-Earn-V-Series-Badge-The-2026-LYRIQ-V-e1730346256255.webp",1200,800,false],"enternews-featured":["https:\/\/evhnews.com\/wp-content\/uploads\/2024\/10\/Cadillac-Confirms-First-Electric-SUV-To-Earn-V-Series-Badge-The-2026-LYRIQ-V-1024x683.jpg",1024,683,true],"enternews-medium":["https:\/\/evhnews.com\/wp-content\/uploads\/2024\/10\/Cadillac-Confirms-First-Electric-SUV-To-Earn-V-Series-Badge-The-2026-LYRIQ-V-720x475.jpg?crop=1",720,475,true],"enternews-thumbnail":["https:\/\/evhnews.com\/wp-content\/uploads\/2024\/10\/Cadillac-Confirms-First-Electric-SUV-To-Earn-V-Series-Badge-The-2026-LYRIQ-V-480x315.jpg?crop=1",480,315,true],"tenweb_optimizer_mobile":["https:\/\/evhnews.com\/wp-content\/uploads\/2024\/10\/Cadillac-Confirms-First-Electric-SUV-To-Earn-V-Series-Badge-The-2026-LYRIQ-V-600x400.jpg",600,400,true],"tenweb_optimizer_tablet":["https:\/\/evhnews.com\/wp-content\/uploads\/2024\/10\/Cadillac-Confirms-First-Electric-SUV-To-Earn-V-Series-Badge-The-2026-LYRIQ-V-768x512.jpg",768,512,true]},"author_info":{"display_name":"EVHNews","author_link":"https:\/\/evhnews.com\/sv\/author\/evhnews\/"},"category_info":"<a href=\"https:\/\/evhnews.com\/sv\/category\/elektriska-fordon\/elfordon-mobilitetsindustrin-varlden\/\" rel=\"category tag\">Electric Automotive Industry<\/a> <a href=\"https:\/\/evhnews.com\/sv\/category\/elektriska-fordon\/\" rel=\"category tag\">Electric Automotive Vehicles<\/a>","tag_info":"Electric Automotive Vehicles","comment_count":"0","jetpack_featured_media_url":"https:\/\/evhnews.com\/wp-content\/uploads\/2024\/10\/Cadillac-Confirms-First-Electric-SUV-To-Earn-V-Series-Badge-The-2026-LYRIQ-V-e1730346256255.webp","jetpack_likes_enabled":true,"jetpack_sharing_enabled":true,"jetpack_shortlink":"https:\/\/wp.me\/pbbbdx-2Pm","amp_enabled":true,"_links":{"self":[{"href":"https:\/\/evhnews.com\/sv\/wp-json\/wp\/v2\/posts\/10872","targetHints":{"allow":["GET"]}}],"collection":[{"href":"https:\/\/evhnews.com\/sv\/wp-json\/wp\/v2\/posts"}],"about":[{"href":"https:\/\/evhnews.com\/sv\/wp-json\/wp\/v2\/types\/post"}],"author":[{"embeddable":true,"href":"https:\/\/evhnews.com\/sv\/wp-json\/wp\/v2\/users\/165558846"}],"replies":[{"embeddable":true,"href":"https:\/\/evhnews.com\/sv\/wp-json\/wp\/v2\/comments?post=10872"}],"version-history":[{"count":3,"href":"https:\/\/evhnews.com\/sv\/wp-json\/wp\/v2\/posts\/10872\/revisions"}],"predecessor-version":[{"id":10877,"href":"https:\/\/evhnews.com\/sv\/wp-json\/wp\/v2\/posts\/10872\/revisions\/10877"}],"wp:featuredmedia":[{"embeddable":true,"href":"https:\/\/evhnews.com\/sv\/wp-json\/wp\/v2\/media\/10874"}],"wp:attachment":[{"href":"https:\/\/evhnews.com\/sv\/wp-json\/wp\/v2\/media?parent=10872"}],"wp:term":[{"taxonomy":"category","embeddable":true,"href":"https:\/\/evhnews.com\/sv\/wp-json\/wp\/v2\/categories?post=10872"},{"taxonomy":"post_tag","embeddable":true,"href":"https:\/\/evhnews.com\/sv\/wp-json\/wp\/v2\/tags?post=10872"}],"curies":[{"name":"wp","href":"https:\/\/api.w.org\/{rel}","templated":true}]}}