{"id":2210,"date":"2020-01-07T18:47:05","date_gmt":"2020-01-08T02:47:05","guid":{"rendered":"https:\/\/evhnews.com\/?p=2210"},"modified":"2020-01-07T18:47:05","modified_gmt":"2020-01-08T02:47:05","slug":"bmw-pa-konsumentelektronikmassan-ces-2020-i-las-vegas","status":"publish","type":"post","link":"https:\/\/evhnews.com\/sv\/2020\/01\/07\/bmw-pa-konsumentelektronikmassan-ces-2020-i-las-vegas\/","title":{"rendered":"BMW At The Consumer Electronics Show (CES) 2020 In Las Vegas"},"content":{"rendered":"<p style=\"text-align: center;\">\u00a0<em>Bildkredit: BMW<br \/>\n<\/em><\/p>\n<p>&nbsp;<\/p>\n<p><strong>BMW At The Consumer Electronics Show (CES) 2020 In Las Vegas<\/strong><\/p>\n<p style=\"text-align: left;\">P\u00e5 Consumer Electronics Show (CES) 2020 - som \u00e4ger rum i Las Vegas den 7-10 januari 2020 - kommer BMW Group att presentera sina vision\u00e4ra metoder f\u00f6r att skapa framtidens mobilitetsupplevelse. Premiumbiltillverkarens n\u00e4rvaro p\u00e5 CES 2020 kan sammanfattas med hashtaggen #ChangeYourPerception. I centrum st\u00e5r f\u00f6retagets fasta \u00f6vertygelse om att en f\u00f6r\u00e4ndring av perspektivet \u00e4r n\u00f6dv\u00e4ndig f\u00f6r att inte bara f\u00f6rst\u00e5 kraven p\u00e5 framtidens mobilitet, utan ocks\u00e5 f\u00f6r att kunna m\u00f6ta dem. BMW Groups monter p\u00e5 \u00e5rets CES visar upp detta nya s\u00e4tt att t\u00e4nka, samtidigt som upplevelser p\u00e5 n\u00e4ra h\u00e5ll och praktiska demonstrationer f\u00f6rankrar det i verkligheten f\u00f6r m\u00e4ssans bes\u00f6kare fr\u00e5n hela v\u00e4rlden.<\/p>\n<p>En av h\u00f6jdpunkterna p\u00e5 CES 2020 \u00e4r BMW i Interaction EASE i BMW Groups monter, som ger en inblick i en framtid d\u00e4r autonom k\u00f6rning har blivit vardagsmat. Konceptbilen har medvetet f\u00e5tt en abstrakt exteri\u00f6r f\u00f6r att rikta uppm\u00e4rksamheten enbart mot interi\u00f6ren. Kabinen \u00e4r inte bara t\u00e4nkt att ge passagerarna en k\u00e4nsla av att redan ha kommit fram till sin destination medan de fortfarande \u00e4r p\u00e5 v\u00e4g, den understryker ocks\u00e5 potentialen f\u00f6r intuitiv, n\u00e4stan m\u00e4nniskoliknande interaktion mellan passagerare och fordon.<\/p>\n<p>Huvudnumret h\u00e4r \u00e4r det innovativa blickdetekteringssystemet i BMW i Interaction EASE. Bilens artificiella intelligens k\u00e4nner av n\u00e4r en passagerare riktar blicken mot ett f\u00f6rem\u00e5l utanf\u00f6r bilen och erbjuder relevant information om det eller andra s\u00e4tt att interagera med det. En annan h\u00f6jdpunkt p\u00e5 CES-m\u00e4ssan visar hur n\u00e4ra BMW Group \u00e4r att g\u00f6ra verklighet av s\u00e5dana framtidsvisioner. Tre BMW X7-modeller har utrustats med den lyxiga ZeroG Lounger, som i en liknande form kommer att vara redo f\u00f6r serieproducerade fordon om bara n\u00e5gra \u00e5r.<\/p>\n<p>ZeroG Lounger erbjuder ett helt nytt s\u00e4tt att koppla av p\u00e5 v\u00e4gen. Passageraren kan luta s\u00e4tet bak\u00e5t upp till 60 grader och samtidigt njuta av de vanliga bekv\u00e4mligheterna utan att kompromissa med s\u00e4kerheten eller skyddet vid en eventuell olycka.<\/p>\n<p>Den tredje h\u00f6jdpunkten som visas p\u00e5 m\u00e4ssan \u00e4r BMW i3 Urban Suite, som \u00e4r utformad f\u00f6r att erbjuda en mobilitetsupplevelse som \u00e4r skr\u00e4ddarsydd exakt efter passagerarens behov. F\u00f6r detta \u00e4ndam\u00e5l genomgick serieproducerade BMW i3-bilar en fullst\u00e4ndig omvandling - d\u00e4r endast f\u00f6rars\u00e4tet och instrumentpanelen l\u00e4mnades or\u00f6rda - f\u00f6r att \u00e5terskapa atmosf\u00e4ren i ett boutiquehotell, samtidigt som s\u00e4rskild uppm\u00e4rksamhet \u00e4gnades \u00e5t h\u00e5llbarhet. 20 exempel p\u00e5 BMW i3 Urban Suite, som kan anropas med hj\u00e4lp av en app, \u00e4r i aktion p\u00e5 Las Vegas gator. Bilens interi\u00f6r v\u00e4lkomnar passagerarna med en avslappnad atmosf\u00e4r. Detta beror delvis p\u00e5 f\u00e5t\u00f6ljerna, som erbjuder gener\u00f6st benutrymme och har en speciell ljudzon som g\u00f6r att passagerarna kan st\u00e4nga ute allt ljud fr\u00e5n omv\u00e4rlden.<\/p>\n<p>Denna trio av framst\u00e5ende utst\u00e4llningar bekr\u00e4ftar BMW Groups engagemang f\u00f6r att anv\u00e4nda teknik p\u00e5 ett s\u00e4tt som ger konkreta f\u00f6rdelar f\u00f6r kunderna. 5G-teknik har ocks\u00e5 en mycket framtr\u00e4dande plats i biltillverkarens program f\u00f6r \u00e5rets CES. BMW iNEXT som ska lanseras 2021 kommer att levereras med 5G-kapacitet, vilket sannolikt kommer att g\u00f6ra BMW Group till v\u00e4rldens f\u00f6rsta premiumbiltillverkare som erbjuder den nya mobilstandarden i en produktionsmodell. BMW:s utomhusomr\u00e5de p\u00e5 eventet kommer att vara v\u00e4rd f\u00f6r en livedemonstration - med en BMW i3 och en smartphone i huvudrollerna - som visar hur 5G kan ta trafiks\u00e4kerheten till n\u00e4sta niv\u00e5.<\/p>\n<p>Under tidigare upplagor av Consumer Electronics Show har BMW Group presenterat ett antal viktiga teknologier (och deras potentiella till\u00e4mpningar), som sedan har f\u00f6rberetts f\u00f6r serieproduktion och inf\u00f6rlivats i f\u00f6retagets produktportf\u00f6lj. Till exempel gjorde BMW Intelligent Personal Assistant, som presenterades i Las Vegas f\u00f6rra \u00e5ret, sin debut i en BMW-modell knappt sex m\u00e5nader senare.<\/p>\n<p>P\u00e5 samma s\u00e4tt, bara n\u00e5gra m\u00e5nader efter att den digitala mobilitetsassistenten BMW Connected presenterades f\u00f6r allm\u00e4nheten p\u00e5 CES 2016, fanns den i BMW:s modellprogram och p\u00e5 kundernas mobila enheter. Och BMW:s revolutionerande Remote 3D View-teknik firade ocks\u00e5 sin premi\u00e4r i Las Vegas strax f\u00f6re marknadsintroduktionen.<\/p>\n<p><img fetchpriority=\"high\" decoding=\"async\" data-attachment-id=\"2212\" data-permalink=\"https:\/\/evhnews.com\/sv\/2020\/01\/07\/bmw-pa-konsumentelektronikmassan-ces-2020-i-las-vegas\/the-bmw-group-at-the-consumer-electronics-show-ces-2020-in-las-vegas-2-2\/\" data-orig-file=\"https:\/\/evhnews.com\/wp-content\/uploads\/2020\/01\/The-BMW-Group-at-the-Consumer-Electronics-Show-CES-2020-in-Las-Vegas-2.png\" data-orig-size=\"700,393\" data-comments-opened=\"1\" data-image-meta=\"{&quot;aperture&quot;:&quot;0&quot;,&quot;credit&quot;:&quot;&quot;,&quot;camera&quot;:&quot;&quot;,&quot;caption&quot;:&quot;&quot;,&quot;created_timestamp&quot;:&quot;0&quot;,&quot;copyright&quot;:&quot;&quot;,&quot;focal_length&quot;:&quot;0&quot;,&quot;iso&quot;:&quot;0&quot;,&quot;shutter_speed&quot;:&quot;0&quot;,&quot;title&quot;:&quot;&quot;,&quot;orientation&quot;:&quot;0&quot;}\" data-image-title=\"The BMW Group at the Consumer Electronics Show (CES) 2020 in Las Vegas-2\" data-image-description=\"\" data-image-caption=\"\" data-medium-file=\"https:\/\/evhnews.com\/wp-content\/uploads\/2020\/01\/The-BMW-Group-at-the-Consumer-Electronics-Show-CES-2020-in-Las-Vegas-2-300x168.png\" data-large-file=\"https:\/\/evhnews.com\/wp-content\/uploads\/2020\/01\/The-BMW-Group-at-the-Consumer-Electronics-Show-CES-2020-in-Las-Vegas-2.png\" class=\"alignnone size-full wp-image-2212\" src=\"https:\/\/evhnews.com\/wp-content\/uploads\/2020\/01\/The-BMW-Group-at-the-Consumer-Electronics-Show-CES-2020-in-Las-Vegas-2.png\" alt=\"BMW Group p\u00e5 Consumer Electronics Show (CES) 2020 i Las Vegas-2\" width=\"700\" height=\"393\" srcset=\"https:\/\/evhnews.com\/wp-content\/uploads\/2020\/01\/The-BMW-Group-at-the-Consumer-Electronics-Show-CES-2020-in-Las-Vegas-2.png 700w, https:\/\/evhnews.com\/wp-content\/uploads\/2020\/01\/The-BMW-Group-at-the-Consumer-Electronics-Show-CES-2020-in-Las-Vegas-2-300x168.png 300w\" sizes=\"(max-width: 700px) 100vw, 700px\" \/><\/p>\n<p style=\"text-align: center;\"><em>Bildkredit: BMW<br \/>\n<\/em><\/p>\n<p style=\"text-align: left;\"><strong>1. BMW i3 Urban Suite.<\/strong><br \/>\nI sju \u00e5r har BMW i3 spelat rollen som ikonisk ambassad\u00f6r f\u00f6r elektrisk k\u00f6rgl\u00e4dje, h\u00e5llbarhet och intelligent uppkoppling i stadsmilj\u00f6er. Dessa egenskaper har bidragit till att g\u00f6ra den till v\u00e4rldens mest s\u00e5lda elbil i premiumkompaktsegmentet. BMW Group har tagit med BMW i3 Urban Suite till \u00e5rets CES i Las Vegas f\u00f6r att visa upp en mobilitetsupplevelse som \u00e4r helt skr\u00e4ddarsydd efter passagerarens individuella behov. F\u00f6r att uppn\u00e5 detta genomgick en standard BMW i3 en fullst\u00e4ndig omvandling (endast f\u00f6rars\u00e4tet och instrumentpanelen l\u00e4mnades or\u00f6rda) s\u00e5 att dess interi\u00f6r nu har den avslappnade k\u00e4nslan av ett boutiquehotell. M\u00e5let var att skapa ett inbjudande utrymme med h\u00f6g trivselfaktor d\u00e4r man kan tillbringa tid - den perfekta platsen f\u00f6r att koppla av, njuta av underh\u00e5llning i bilen eller fokusera p\u00e5 arbetet i en avslappnad milj\u00f6. Detta har uppn\u00e5tts genom att bland annat inkludera ett stort, bekv\u00e4mt s\u00e4te med fotst\u00f6d, en sk\u00e4rm som f\u00e4lls ned fr\u00e5n takhimmeln och en personlig Sound Zone.<\/p>\n<p>BMW i3 Urban Suite representerar ocks\u00e5 ett logiskt steg fram\u00e5t i BMW Groups engagemang f\u00f6r h\u00e5llbar mobilitet. Fordonet bygger p\u00e5 en helhetssyn p\u00e5 ansvarsfull anv\u00e4ndning av resurser, vilket omfattar drivlinan med noll lokala utsl\u00e4pp, det noggranna urvalet av material och de involverade produktionsprocesserna. \u00c5tervunna material har d\u00e4rf\u00f6r anv\u00e4nts i tygerna, tillsammans med certifierat tr\u00e4, olivgarvat l\u00e4der och golvmattor tillverkade av \u00e5tervinningsbara material som kan \u00e5terf\u00f6ras till materialcykeln, i enlighet med principerna f\u00f6r cirkul\u00e4r ekonomi.<\/p>\n<p>Inf\u00f6r CES har 20 vanliga BMW i3-bilar byggts om till Urban Suites i M\u00fcnchen och sedan transporterats till Las Vegas, d\u00e4r de ocks\u00e5 kan ses p\u00e5 stadens gator. Den som vill bli skjutsad till sin \u00f6nskade destination kan anv\u00e4nda en s\u00e4rskild app f\u00f6r att best\u00e4lla en av BMW i3 Urban Suites. Bilen kommer att ge passageraren en f\u00f6rstahandsupplevelse av BMW Groups innovativa och h\u00e5llbara mobilitetskoncept, samtidigt som den tydligt visar att lyxresor i framtiden inte har n\u00e5got att g\u00f6ra med fordonets storlek.<\/p>\n<p><strong>Perfekt utformad design f\u00f6r individuella krav.<\/strong><br \/>\nH\u00e5llbar och innovativ mobilitet handlar inte bara om tekniska innovationer, utan \u00e5terspeglas ocks\u00e5 i designen. Det \u00f6vergripande m\u00e5let med BMW i3 Urban Suite var att g\u00f6ra interi\u00f6ren till en upplevelse f\u00f6r passageraren, snarare \u00e4n att bara g\u00f6ra om den.<br \/>\nUpplevelsen b\u00f6rjar i samma \u00f6gonblick som de kliver in, tack vare bussd\u00f6rrarna och den exceptionella enkelhet som de erbjuder. F\u00f6r att optimera passagerarens mobilitetsupplevelse har hela hytten - med undantag f\u00f6r f\u00f6rarens arbetsstation - byggts om helt och h\u00e5llet s\u00e5 att den nu liknar insidan av ett boutiquehotell. L\u00e4der har till stor del tagits bort till f\u00f6rm\u00e5n f\u00f6r tyger och tr\u00e4. Det finns ingen bakre b\u00e4nk i BMW i3 Urban Suite, utan den ers\u00e4tts av en stor, bensinf\u00e4rgad loungef\u00e5t\u00f6lj som erbjuder den ultimata sittkomforten.<\/p>\n<p>Loungestolen fungerar ocks\u00e5 som en privat tillflyktsort tack vare den speciella Sound Zone som \u00e4r inbyggd i nackst\u00f6det och som simulerar effekten av ett akustiskt slutet utrymme. Detta inneb\u00e4r att passageraren kan njuta av sitt val av underh\u00e5llning utan att bli st\u00f6rd eller h\u00e5lla telefonsamtal som inte kan h\u00f6ras av chauff\u00f6ren. Det lilla tr\u00e4bordet som \u00e4r anslutet till stolen ger en yta d\u00e4r f\u00f6rem\u00e5l kan placeras och inneh\u00e5ller ocks\u00e5 en lampa med touchkontroll som skapar en omgivande ljuseffekt. Eftersom det inte finns n\u00e5got passagerars\u00e4te fram i elbilen \u00e4r benutrymmet f\u00f6r den enda passageraren i baks\u00e4tet minst sagt gener\u00f6st. Det kan ut\u00f6kas ytterligare tack vare det elektriskt justerbara fotst\u00f6det.<\/p>\n<p>F\u00f6r att s\u00e4kerst\u00e4lla att passagerarna kan koppla av i exceptionell komfort under resan finns det gott om f\u00f6rvaringsutrymmen ombord p\u00e5 BMW i3 Urban Suite. Bland annat finns en kl\u00e4dh\u00e4ngare f\u00f6r jackor, kavajer och rockar, ett f\u00f6rvaringsfack mellan f\u00f6rars\u00e4tet och tr\u00e4bordet - som \u00e4r tillr\u00e4ckligt stort f\u00f6r en v\u00e4ska eller b\u00e4rbar dator - och ett f\u00f6rvaringsfack mellan f\u00f6rars\u00e4tet och tr\u00e4bordet.<br \/>\noch ett par termoelektriska muggh\u00e5llare i mittkonsolen som kan v\u00e4rma upp eller kyla ned drycker. En sk\u00e4rm f\u00e4lls ner fr\u00e5n takhimmeln n\u00e4r s\u00e5 kr\u00e4vs f\u00f6r att skapa en optimal arbetsplats eller underh\u00e5llningsplats. Detta inneb\u00e4r att passagerarna nu kan titta p\u00e5 sina favoritprogram och filmer via Amazon Fire TV f\u00f6r en integrerad underh\u00e5llningsupplevelse som visar hur framtidens baks\u00e4tesunderh\u00e5llning kan se ut. Det finns 110-volts laddningsuttag p\u00e5 olika st\u00e4llen i i3 Urban Suite f\u00f6r att s\u00e4kerst\u00e4lla tillr\u00e4cklig str\u00f6mf\u00f6rs\u00f6rjning f\u00f6r alla passagerares enheter. Avsaknaden av en fysisk skiljev\u00e4gg mellan f\u00f6rare och passagerare f\u00f6rst\u00e4rker den \u00f6ppna och v\u00e4nskapliga relationen mellan de tv\u00e5. Displayen \u00e4r dock placerad utom synh\u00e5ll f\u00f6r f\u00f6raren f\u00f6r att s\u00e4kerst\u00e4lla den n\u00f6dv\u00e4ndiga niv\u00e5n av integritet.<\/p>\n<p><strong>Att t\u00e4nka nytt kring h\u00e5llbarhet.<\/strong><br \/>\nEtt noggrant \u00f6verv\u00e4gt tillv\u00e4gag\u00e5ngss\u00e4tt f\u00f6r materialval var en h\u00f6g prioritet f\u00f6r BMW i3 Urban Suite, i enlighet med f\u00f6retagets \u00e5tagande om ansvarsfull anv\u00e4ndning av resurser. Alla knappar i kup\u00e9n \u00e4r tillverkade utan krom och \u00e4r d\u00e4rf\u00f6r fria fr\u00e5n gifter. Detsamma g\u00e4ller de termoelektriska muggh\u00e5llarna och bordslampan. Bordet och v\u00e4skfacket \u00e4r b\u00e5da tillverkade av oljad ek fr\u00e5n en certifierad tr\u00e4leverant\u00f6r, medan olivgarvningsprocessen som anv\u00e4nds f\u00f6r l\u00e4derkl\u00e4dseln inneb\u00e4r att den ocks\u00e5 \u00e4r helt giftfri. \u00c5tervunna material har ocks\u00e5 en framtr\u00e4dande roll i bilens kup\u00e9. All tygkl\u00e4dsel i bilen \u00e4r tillverkad av \u00e5tervunnet PET-material och minst 70 procent av fleecefodret undertill har ocks\u00e5 \u00e5tervunnits. Ett s\u00e4rskilt viktigt steg mot en cirkul\u00e4r ekonomi har tagits med golvmattorna. Den tidigare tillverkningstekniken innebar att man kombinerade flera olika typer av plast, som inte kunde separeras fr\u00e5n varandra efter\u00e5t, vilket gjorde det om\u00f6jligt att \u00e5teranv\u00e4nda dem. Nya processer har anv\u00e4nts f\u00f6r att reducera sammans\u00e4ttningen till en enda kombination av material, som sedan kan \u00e5terf\u00f6ras till materialcykeln helt och h\u00e5llet n\u00e4r de inte l\u00e4ngre anv\u00e4nds i fordonet.<\/p>\n<p><strong>Framtidens uppkopplingsm\u00f6jligheter, idag.<\/strong><br \/>\nF\u00f6rutom komfort och h\u00e5llbarhet spelar s\u00f6ml\u00f6s anslutning mellan passagerare, fordon och omv\u00e4rlden ocks\u00e5 en nyckelroll f\u00f6r BMW Group n\u00e4r det g\u00e4ller framtida mobilitet. BMW i3 Urban Suite exemplifierar detta p\u00e5 ett utm\u00e4rkt s\u00e4tt. Till att b\u00f6rja med \u00e4r allt som beh\u00f6vs f\u00f6r att kalla p\u00e5 en av elbilarna en app som g\u00f6r det enkelt f\u00f6r passageraren att ange upph\u00e4mtningsplatsen och sin destination. V\u00e4l inne i bilen kan passageraren g\u00f6ra mer \u00e4n att bara ansluta sin iPhone tr\u00e5dl\u00f6st till bilen p\u00e5 vanligt s\u00e4tt - det finns ocks\u00e5 en speglingsfunktion som g\u00f6r det m\u00f6jligt att str\u00e5la inneh\u00e5llet fr\u00e5n den mobila enheten till den nedf\u00e4llbara overheadsk\u00e4rmen och sedan arbeta p\u00e5 sk\u00e4rmen.<\/p>\n<p>Amazon Fire TV i BMW i3 Urban Suite visar hur baks\u00e4tesunderh\u00e5llningen kan se ut i framtiden, med tillg\u00e5ng till stora inneh\u00e5llskataloger p\u00e5 beg\u00e4ran och r\u00f6ststyrning via Alexa. Resultatet \u00e4r en imponerande demonstration av hur s\u00e5dana format och inneh\u00e5ll kan integreras i framtiden och vilka m\u00f6jligheter detta erbjuder, s\u00e4rskilt n\u00e4r autonom k\u00f6rning p\u00e5 niv\u00e5 4 och 5 blir verklighet.<\/p>\n<p>Resultatet \u00e4r en imponerande demonstration av hur s\u00e5dana format och inneh\u00e5ll kan integreras i framtiden och vilka m\u00f6jligheter detta ger, s\u00e4rskilt n\u00e4r autonom k\u00f6rning p\u00e5 niv\u00e5 4 och 5 blir verklighet.<\/p>\n<p><strong>2. BMW i Interaction EASE.<\/strong><br \/>\nAutonom mobilitet \u00e4r \u00e5terigen ett centralt tema p\u00e5 \u00e5rets upplaga av CES. BMW Group har samarbetat med Designworks och deras forsknings- och utvecklingsavdelning f\u00f6r att skapa BMW i Interaction EASE, som tar upp \u00e4mnet ur ett helt nytt perspektiv och samtidigt lyfter fram premiumbiltillverkarens innovationskultur. BMW:s monter kommer att ge en glimt av en framtid d\u00e4r autonoma resor f\u00f6r l\u00e4nge sedan har blivit en del av vardagen. BMW i Interaction EASE har medvetet f\u00e5tt ett rent, abstrakt utseende p\u00e5 utsidan, i kontrast till en rik, uppslukande interi\u00f6r f\u00f6r att skapa en lyxig mobilitetsupplevelse. De h\u00f6gkvalitativa materialen, kup\u00e9ns skr\u00e4ddarsydda geometri och den banbrytande tekniken \u00e4r helt inriktade p\u00e5 passageraren och dennes behov. S\u00e4rskild vikt har lagts vid naturlig interaktion med ett intelligent autonomt fordon som g\u00f6r att restiden utnyttjas p\u00e5 b\u00e4sta s\u00e4tt.<\/p>\n<p>\"BMW i Interaction EASE visar hur mobilitet kan komma att k\u00e4nnas i framtiden n\u00e4r autonom k\u00f6rning blir vardag: lyxig, m\u00e4nsklig och intuitiv\", f\u00f6rklarar Adrian van Hooydonk, Senior Vice President BMW Group Design. \"Passagerarna b\u00f6rjar sin resa med en k\u00e4nsla av att redan ha kommit fram.\"<\/p>\n<p>F\u00f6ljaktligen g\u00f6rs interaktionen med fordonet s\u00e5 enkel, intuitiv och framf\u00f6r allt s\u00e5 m\u00e4nsklig som m\u00f6jligt. F\u00f6r att oms\u00e4tta denna teori i praktiken erbjuder BMW i Interaction EASE en intelligent kombination av olika driftl\u00e4gen. Detta lyfter fram interaktionsformer som redan \u00e4r bekanta fr\u00e5n BMW:s nuvarande modellprogram - t.ex. att anv\u00e4nda pekstyrning, geststyrning och naturligt tal f\u00f6r att konversera med BMW:s intelligenta personliga assistent.<\/p>\n<p>BMW i Interaction EASE betr\u00e4der dessutom helt ny mark med sin artificiella intelligens (AI) som kan f\u00f6lja och tolka f\u00f6rarens blick. Denna fusion av ultraavancerad teknik med hisnande design skapar ett k\u00e4nslom\u00e4ssigt band mellan m\u00e4nniska och maskin.<\/p>\n<p><strong>Naturlig interaktion g\u00e5r in i n\u00e4sta utvecklingsfas.<\/strong><br \/>\nBMW Group tar d\u00e4rf\u00f6r interaktionen mellan m\u00e4nniska och maskin till n\u00e4sta niv\u00e5 med BMW i Interaction EASE; genom att anv\u00e4nda ett genuint multimodalt koncept f\u00f6r att framg\u00e5ngsrikt skapa en helt ny interaktiv upplevelse som \u00e4r utformad f\u00f6r att vara s\u00e5 enkel och naturlig som m\u00f6jligt och verkar n\u00e4stan m\u00e4nsklig till sin natur. Vid sidan av verbalt engagemang med BMW Intelligent Personal Assistant och en ny typ av geststyrning har blickdetekteringssystemet tagit en ledande roll f\u00f6r att m\u00f6jligg\u00f6ra nya s\u00e4tt att svara p\u00e5 passagerarnas behov. I st\u00e4llet f\u00f6r att anv\u00e4ndaren f\u00f6rst ska beh\u00f6va l\u00e4ra sig specifika kommandon i olika l\u00e4gen, bearbetar fordonets AI den akustiska och visuella information som tas emot fr\u00e5n en m\u00e4ngd olika sensorer och tolkar den utifr\u00e5n k\u00f6rsituation, tid, plats och fordonssignaler.<\/p>\n<p>AI:n anv\u00e4nder blickavk\u00e4nning f\u00f6r att utforska utrymmet runt anv\u00e4ndaren och fordonet, medan pekning kan anv\u00e4ndas f\u00f6r att registrera ett val f\u00f6r mer information. Denna form av interaktion bygger p\u00e5 hur m\u00e4nniskor pratar med varandra, dvs. varje persons blick identifierar vem eller vad som \u00e4r f\u00f6rem\u00e5l f\u00f6r konversationen eller klarg\u00f6r inneb\u00f6rden av det som s\u00e4gs. Ett talat eller gestikulerat kommando kan sedan ges f\u00f6r att inleda interaktionen med m\u00e5lobjektet. P\u00e5 detta s\u00e4tt \u00e4r det m\u00f6jligt att f\u00e5 information om sammanhanget inom passagerarnas synf\u00e4lt n\u00e4r deras blickar faller p\u00e5 t.ex. en restaurang eller en biograf.<\/p>\n<p>Panorama Head-Up Display, som str\u00e4cker sig \u00f6ver hela vindrutans bredd, har en nyckelroll att spela i detta avseende. Genom att l\u00e4gga ett andra, digitalt informationslager \u00f6ver den verkliga vyn fungerar den som ett uppslukande anv\u00e4ndargr\u00e4nssnitt med f\u00f6rst\u00e4rkt verklighet. Det kan visa ytterligare information p\u00e5 vindrutan som \u00e4r skr\u00e4ddarsydd f\u00f6r den aktuella situationen och fordonets omgivning. Tack vare 5G-anslutningen vet fordonet exakt var det befinner sig och kan erbjuda anv\u00e4ndaren information om omgivande byggnader, f\u00f6retag och andra objekt n\u00e4r s\u00e5 kr\u00e4vs.<\/p>\n<p><strong>De f\u00f6rsta funktionerna som f\u00e5r premi\u00e4r i BMW iNEXT.<\/strong><br \/>\nBMW Natural Interaction banar v\u00e4g f\u00f6r n\u00e4sta niv\u00e5 av kontroll i och utanf\u00f6r fordonet. De f\u00f6rsta funktionerna i BMW i Interaction EASE kommer att bli verklighet p\u00e5 marknaden i BMW iNEXT.<\/p>\n<p><strong>En interi\u00f6r som pr\u00e4glas av felfri intuition.<\/strong><br \/>\nDen interi\u00f6ra anv\u00e4ndarupplevelsen f\u00f6r BMW i Interaction EASE b\u00f6rjar redan p\u00e5 v\u00e4gen till bilen. BMW Intelligent Personal Assistant k\u00e4nner igen passagerarna n\u00e4r de n\u00e4rmar sig, h\u00e4lsar dem v\u00e4lkomna med en v\u00e4lkomstbelysning och leder dem till de tv\u00e5 s\u00e4tena i kup\u00e9n med hj\u00e4lp av dynamisk belysning. Den l\u00e4derfria interi\u00f6ren f\u00f6rvandlas till ett f\u00f6rstklassigt vardagsrum som f\u00f6rst\u00e4rker k\u00e4nslan av att redan ha kommit fram till destinationen. De mjuka, v\u00e4lkomnande s\u00e4tena med tredimensionellt stickad yta garanterar inte bara en h\u00f6g komfortstandard, de kommer ocks\u00e5 till liv vid kontakt tack vare inb\u00e4ddade smarta material. Kabinen avgr\u00e4nsas p\u00e5 sidorna av glasytor vars smarta glasfunktion g\u00f6r att de antingen kan vara transparenta eller d\u00f6lja sittplatsen fr\u00e5n omv\u00e4rlden och p\u00e5 s\u00e5 s\u00e4tt s\u00e4kerst\u00e4lla passagerarnas integritet.<\/p>\n<p>Mittpunkten i BMW i Interaction EASE-interi\u00f6ren \u00e4r den stora Panorama Head-Up Display som \u00e4r placerad direkt framf\u00f6r sittplatsen. Det g\u00e5r att v\u00e4lja mellan tre olika upplevelser - Explore, Entertain och Ease - som f\u00f6r\u00e4ndrar interi\u00f6ren, integrerar information om bilens omgivning och ger underh\u00e5llning, avskildhet eller avkoppling i bilen.<\/p>\n<p>I <strong>Utforska l\u00e4ge<\/strong>flyttas fokus till omr\u00e5det runt fordonet. BMW Intelligent Personal Assistant anv\u00e4nder AR-teknik f\u00f6r att \u00f6verlagra information som \u00e4r intressant f\u00f6r passagerarna p\u00e5 displayen s\u00e5 att den visas b\u00e5de i deras synf\u00e4lt och i r\u00e4tt position f\u00f6r deras syn p\u00e5 den verkliga v\u00e4rlden.<\/p>\n<p>Ytterligare information eller alternativ f\u00f6r interaktion med b\u00e5de fordonets omedelbara och mer avl\u00e4gsna omgivning kan n\u00e5s n\u00e4r anv\u00e4ndaren s\u00e5 \u00f6nskar. Genom att fokusera blicken p\u00e5 den \u00f6verlagrade informationen visas ytterligare detaljer p\u00e5 displayen, och en bekr\u00e4ftande gest tar anv\u00e4ndaren till n\u00e4sta interaktionsniv\u00e5.<\/p>\n<p><strong>Underh\u00e5llningsl\u00e4ge<\/strong> g\u00f6r upplevelsen i bilen \u00e4nnu mer p\u00e5taglig. Ytorna p\u00e5 sidorna \u00e4r m\u00f6rklagda f\u00f6r att d\u00f6lja v\u00e4rlden utanf\u00f6r och Panorama Head-Up Display kan anv\u00e4ndas f\u00f6r att till exempel titta p\u00e5 film. Den teaterliknande omgivande belysningen sprider ljus och f\u00e4rg i hela interi\u00f6ren och berikar inneh\u00e5llet som visas p\u00e5 displayen, vilket inbjuder passagerarna att f\u00f6rdjupa sig helt i underh\u00e5llningsupplevelsen.<\/p>\n<p>N\u00e4r <strong>Enkelt l\u00e4ge<\/strong> aktiveras f\u00f6rvandlas fordonet till en plats f\u00f6r lugn och avkoppling. Vid ber\u00f6ring av det intelligenta materialet flyttas s\u00e4tet till \"tyngdl\u00f6shetspositionen\", d\u00e4r passageraren k\u00e4nner sig som om de n\u00e4stan sv\u00e4var. BMW Intelligent Personal Assistant m\u00f6rkl\u00e4gger Panorama Head-Up Display och g\u00f6r sidoytorna ogenomskinliga. Samtidigt badar den omgivande belysningen interi\u00f6ren i ett lugnande sken, medan en harmonisk komposition av behagliga ljud sprider sig genom kup\u00e9n.<\/p>\n<p>Med ljudet fr\u00e5n BMW Vision M NEXT har Hans Zimmer och BMW:s ljuddesigner Renzo Vitale skissat p\u00e5 framtidens ljud f\u00f6r BOOST-\u00f6gonblicket. F\u00f6r BMW i Interaction EASE var utmaningen att anv\u00e4nda ljud f\u00f6r att g\u00f6ra EASE-\u00f6gonblicket till en autentisk och k\u00e4nslom\u00e4ssig upplevelse. \"Ljudet ackompanjerar p\u00e5 ett subtilt s\u00e4tt interaktionen mellan passagerare och fordon och st\u00f6djer den unika BMW-upplevelsen\", s\u00e4ger Renzo Vitale. Ljudet fr\u00e5n BMW i Interaction Ease visar d\u00e4rmed ocks\u00e5 bredden i partnerskapet med Hans Zimmer, som i egenskap av komposit\u00f6r och curator driver utvecklingen av BMW Iconic Sounds Electric.<\/p>\n<p><strong>3. BMW X7 ZeroG liggstol.<\/strong><br \/>\nMed BMW i Interaction EASE erbjuder BMW Group en glimt av en framtid d\u00e4r autonoma resor f\u00f6r l\u00e4nge sedan har blivit en del av vardagen. Premiumbiltillverkarens monter p\u00e5 \u00e5rets CES i Las Vegas \u00e4r dock inte bara en plattform f\u00f6r fordonsstudier, utan visar ocks\u00e5 upp konkret design - som BMW X7 ZeroG Lounger p\u00e5 ett fantastiskt s\u00e4tt lyfter fram. S\u00e4tet erbjuder den f\u00f6rsta helt personliga lutnings- och relaxupplevelsen i en BMW-modell och \u00e4r \u00f6ronm\u00e4rkt f\u00f6r serieproduktion under de n\u00e4rmaste \u00e5ren.<\/p>\n<p>Tv\u00e5 BMW X7-modeller utrustade med ZeroG Lounger visas upp p\u00e5 CES 2020 och kan provk\u00f6ras. Det lyxiga s\u00e4tet kan lutas 40 eller 60 grader bak\u00e5t till ett bekv\u00e4mt bak\u00e5tlutat l\u00e4ge. S\u00e4kerhetsb\u00e4ltet utg\u00f6r en integrerad del av s\u00e4tet och justeras f\u00f6r att passa den lutande positionen, vilket garanterar maximal s\u00e4kerhet \u00e4ven under k\u00f6rning. BMW X7 ZeroG Lounger uppfyller redan alla n\u00f6dv\u00e4ndiga s\u00e4kerhetsstandarder tack vare nya och innovativa s\u00e4kerhetsfunktioner. F\u00f6rutom att b\u00e4ltet \u00e4r integrerat i s\u00e4tet ing\u00e5r ocks\u00e5 en cocoon airbag som ger ett helt\u00e4ckande skydd f\u00f6r passageraren i h\u00e4ndelse av en olycka och effektiv avledning av krockenergin via s\u00e4tesskenan.<\/p>\n<p>ZeroG Lounger \u00e4r tillverkad av material av h\u00f6gsta kvalitet och fokuserar p\u00e5 att leverera den ultimata sittkomforten - och svarar ocks\u00e5 p\u00e5 passagerarens behov under resan. N\u00e4r s\u00e4tet \u00e4r i det bak\u00e5tlutade l\u00e4get kan passageraren till exempel njuta av underh\u00e5llningsprogrammet i bilen p\u00e5 en sk\u00e4rm som \u00e4r inbyggd i takhuvudet. De kan ocks\u00e5 v\u00e4lja att f\u00e5 riktningsinformation visad p\u00e5 sk\u00e4rmen under resan, komplett med animerad grafik n\u00e4r de sv\u00e4nger. F\u00f6rutom att detta underl\u00e4ttar den rumsliga orienteringen kan det minska \u00e5ksjukan med en faktor fyra. Passagerarna beh\u00f6ver inte heller oroa sig f\u00f6r att batteriet i deras smartphone ska ta slut, utan kan placeras i en h\u00e5llare med induktiv laddningsfunktion. H\u00e5llarens smarta design g\u00f6r det m\u00f6jligt att titta p\u00e5 smarttelefonens display utan problem i alla ZeroG Loungers olika sitt- eller liggpositioner.<\/p>\n<p><strong>4. 5G - Framtidens uppkopplingsm\u00f6jligheter.<\/strong><br \/>\nBMW Group har alltid m\u00f6tt digitaliseringens utmaningar med \u00f6ppna armar - och har varit avg\u00f6rande f\u00f6r att forma och driva p\u00e5 implementeringen och den p\u00e5g\u00e5ende utvecklingen inom fordonssektorn. Premiumbiltillverkaren har ocks\u00e5 varit snabb med att anamma 5G-tekniken och har i processen helhj\u00e4rtat f\u00f6ljt devisen \"agera som en start-up - leverera som en vuxen\". Den nya mobilstandarden kommer att lyfta mobiln\u00e4ten till en helt ny dimension, med en bandbredd som \u00e4r 10-100 g\u00e5nger st\u00f6rre \u00e4n dagens standard och minimal latens. 5G banar v\u00e4g f\u00f6r o\u00f6vertr\u00e4ffade niv\u00e5er av uppkoppling och datautbyte med h\u00f6g hastighet, vilket kommer att vara en viktig drivkraft f\u00f6r industrin som helhet. Den fr\u00e4msta f\u00f6rdelen inom fordonssektorn kommer att vara att utvecklingen och lanseringen av autonom k\u00f6rning p\u00e5skyndas avsev\u00e4rt - eller till och med blir m\u00f6jlig i vissa fall.<\/p>\n<p><strong>5G i nya BMW iNext.<\/strong><br \/>\nBMW Group har sedan en tid tillbaka brutit ny mark genom att implementera och integrera 5G-kompatibla applikationer i sina modeller. N\u00e4r de f\u00f6rsta exemplaren av BMW iNext g\u00f6r sin debut i mitten av 2021 kommer 5G-tekniken att vara n\u00e4rvarande och korrekt. Detta g\u00f6r BMW Group till v\u00e4rldens f\u00f6rsta premiumbiltillverkare som erbjuder den nya mobiltekniken i en av sina modeller. Introduktionen av 5G i andra modellserier kommer att p\u00e5b\u00f6rjas strax d\u00e4refter, \u00e4ven om integrationen kommer att variera beroende p\u00e5 den specifika modellen och konfigurationen. BMW iNexts inbyggda SIM-kort kommer att anv\u00e4ndas f\u00f6r att tillhandah\u00e5lla 5G-kapacitet, vilket inneb\u00e4r att kunderna kan dra nytta av den nya tekniken i sin bil \u00e4ven om de inte har en 5G-smartphone. Den nya generationens 5G-telematikkomponenter \u00e4r under utveckling som en del av ett samarbete med HARMAN Samsung, och BMW Group ansvarar f\u00f6r integrationen i fordonets nya elektriska systemarkitektur.<\/p>\n<p><strong>5G: en byggsten och en viktig milstolpe i framtidens mobilitet.<\/strong><br \/>\n5G-teknik \u00e4r en f\u00f6ruts\u00e4ttning f\u00f6r autonom k\u00f6rning (fr\u00e5n niv\u00e5 3 och upp\u00e5t) - och i f\u00f6rl\u00e4ngningen f\u00f6r fordon med denna kapacitet, som BMW iNext. Det \u00f6kande antalet mycket komplexa funktioner i ett fordon, inklusive k\u00f6rhj\u00e4lp och halvautomatiska k\u00f6rfunktioner, driver motsvarande tillv\u00e4xt i m\u00e4ngden data som b\u00e5de m\u00e5ste bearbetas i sj\u00e4lva fordonet i realtid och delas med backend.<\/p>\n<p>F\u00f6r att s\u00e4kerhetsrelaterade fordonsfunktioner ska fungera i en modell som BMW iNEXT m\u00e5ste \u00e5tminstone f\u00f6ljande tre punkter uppfyllas: l\u00e5g latens, garanterad n\u00e4tverkst\u00e4ckning och en minsta datahastighet f\u00f6r specifika applikationer. Allt detta m\u00f6jligg\u00f6rs av 5G-tekniken. Det inneb\u00e4r att den nya generationens telematikkomponenter som utvecklats av BMW Group i samarbete med HARMAN Samsung ocks\u00e5 \u00e4r den f\u00f6rsta som st\u00f6der det h\u00f6gprecisionsbaserade globala navigationssatellitsystemet (GNSS). Detta inneb\u00e4r inte bara att fordonets geolokalisering blir mer exakt och tillf\u00f6rlitlig, utan ocks\u00e5 att den uppfyller de lagstadgade kraven (s\u00e4kerhetsniv\u00e5 B f\u00f6r fordonss\u00e4kerhet i enlighet med ISO 26262).<\/p>\n<p>GNSS \u00e4r ocks\u00e5 avg\u00f6rande n\u00e4r det g\u00e4ller att integrera halvautomatiserade k\u00f6rfunktioner, som de som kommer att erbjudas i BMW iNEXT. Telematikkomponenterna kommer att vara modul\u00e4rt uppbyggda, vilket ger den extra flexibilitet n\u00e4r det g\u00e4ller h\u00e5rd- och mjukvara som BMW Group beh\u00f6ver f\u00f6r att g\u00f6ra fordonet till ett l\u00f6nsamt alternativ under m\u00e5nga \u00e5r fram\u00f6ver, \u00e4ven om innovationscyklerna blir allt kortare.<\/p>\n<p>Genom att anv\u00e4nda 5G f\u00e5r man en inblick i vad framtiden har att erbjuda kunderna n\u00e4r det g\u00e4ller underh\u00e5llning och komfortfunktioner. Exklusivt videoinneh\u00e5ll kan avnjutas i h\u00f6g kvalitet med uppl\u00f6sningar p\u00e5 upp till 4K. Detsamma g\u00e4ller f\u00f6r videokonferenser, som kr\u00e4ver b\u00e5de h\u00f6ga datahastigheter och l\u00e5g latens. De st\u00f6rsta vinnarna med 5G \u00e4r dock applikationer som det hittills har varit praktiskt taget om\u00f6jligt att streama i realtid fr\u00e5n en bil. Till exempel blir molnbaserade spel nu en attraktiv applikation i bilen tack vare streaming med noll f\u00f6rdr\u00f6jning.<\/p>\n<p><strong>Ett kvantspr\u00e5ng f\u00f6r trafiks\u00e4kerheten.<\/strong><br \/>\nBMW Group vill inte begr\u00e4nsa den banbrytande implementeringen av 5G-tekniken och dess m\u00f6jliga till\u00e4mpningar till sina egna modeller. Premiumbiltillverkaren har redan deklarerat sin avsikt att g\u00f6ra v\u00e5ra v\u00e4gar s\u00e4krare och mer effektiva f\u00f6r alla trafikanter med hj\u00e4lp av 5G. Den 1 juli 2019 blev BMW Group den f\u00f6rsta biltillverkaren som gjorde sina anonymiserade s\u00e4kerhetsrelaterade trafikdata allm\u00e4nt tillg\u00e4ngliga f\u00f6r icke-kommersiellt bruk.<\/p>\n<p>\"N\u00e4r det g\u00e4ller trafiks\u00e4kerhet finns det inga konkurrenter, bara partners\", f\u00f6rklarar Christoph Grote, Senior Vice President Electronics BMW Group. \"Genom att dela trafikdata och implementera C-V2X-fordonskonnektivitet kan vi direkt f\u00f6rb\u00e4ttra s\u00e4kerheten f\u00f6r trafikanter \u00f6verallt.\"<\/p>\n<p>(C-V2X st\u00e5r f\u00f6r Cellular Vehicular to Everything). F\u00f6r att skapa kooperativa intelligenta transportsystem (C-ITS) och oms\u00e4tta dem i praktiken kr\u00e4vs n\u00e4mligen tv\u00e5 typer av h\u00f6ghastighetsanslutningar. F\u00f6r det f\u00f6rsta m\u00e5ste s\u00e4kerhetsrelaterade trafikdata g\u00f6ras tillg\u00e4ngliga f\u00f6r alla aktiva parter i ett transportsystem via en neutral serverplattform. Detta m\u00e5ste garanteras inom hela branschen och av alla tillverkare och delas med trafikorganisationer och relevanta myndigheter. F\u00f6r det andra m\u00e5ste alla trafikanter vara sammankopplade. Det \u00e4r det enda s\u00e4ttet att s\u00e4kerst\u00e4lla att de kan kommunicera med varandra direkt (peer-to-peer) och i realtid utan att beh\u00f6va f\u00f6rlita sig p\u00e5 en mobil n\u00e4tverksanslutning.<\/p>\n<p>BMW Group har samarbetat med Qualcomm Technologies p\u00e5 CES-m\u00e4ssan f\u00f6r att genomf\u00f6ra en live-demonstration. Syftet med demonstrationen \u00e4r att visa den enorma potential som C-V2X har f\u00f6r att i framtiden kunna hantera ett kritiskt, men mindre skyddat segment av trafikanterna, de oskyddade trafikanterna, och f\u00f6r att p\u00e5 ett betydande s\u00e4tt kunna minska antalet fotg\u00e4ngarolyckor i framtiden. C-V2X-teknik och plattformar kan vara v\u00e4l l\u00e4mpade f\u00f6r att t\u00e4cka andra oskyddade trafikanter som cyklister, elscootrar och motorcyklar, och de som redan utnyttjas av ekosystemet f\u00f6r v\u00e4gtransporter.<\/p>\n<p><img decoding=\"async\" data-attachment-id=\"1490\" data-permalink=\"https:\/\/evhnews.com\/sv\/2019\/12\/18\/den-effektiva-drivlinan-for-den-helt-eldrivna-bmw-ix3\/evh-news-lighting-bolt-logo\/\" data-orig-file=\"https:\/\/evhnews.com\/wp-content\/uploads\/2019\/12\/EVH-News-Lighting-Bolt-Logo-.jpg\" data-orig-size=\"100,100\" data-comments-opened=\"1\" data-image-meta=\"{&quot;aperture&quot;:&quot;0&quot;,&quot;credit&quot;:&quot;&quot;,&quot;camera&quot;:&quot;&quot;,&quot;caption&quot;:&quot;&quot;,&quot;created_timestamp&quot;:&quot;1575197468&quot;,&quot;copyright&quot;:&quot;&quot;,&quot;focal_length&quot;:&quot;0&quot;,&quot;iso&quot;:&quot;0&quot;,&quot;shutter_speed&quot;:&quot;0&quot;,&quot;title&quot;:&quot;&quot;,&quot;orientation&quot;:&quot;1&quot;}\" data-image-title=\"EVH News-Lighting-Bolt-Logo-\" data-image-description=\"\" data-image-caption=\"\" data-medium-file=\"https:\/\/evhnews.com\/wp-content\/uploads\/2019\/12\/EVH-News-Lighting-Bolt-Logo-.jpg\" data-large-file=\"https:\/\/evhnews.com\/wp-content\/uploads\/2019\/12\/EVH-News-Lighting-Bolt-Logo-.jpg\" class=\"alignnone size-full wp-image-1490\" src=\"https:\/\/evhnews.com\/wp-content\/uploads\/2019\/12\/EVH-News-Lighting-Bolt-Logo-.jpg\" alt=\"EVH News-Lighting-Bolt-Logo-\" width=\"100\" height=\"100\" \/><\/p>","protected":false},"excerpt":{"rendered":"<p>\u00a0Image Credit: BMW &nbsp; BMW At The Consumer Electronics Show (CES) 2020 In Las Vegas&#8230;<\/p>","protected":false},"author":165558846,"featured_media":2211,"comment_status":"open","ping_status":"open","sticky":false,"template":"","format":"standard","meta":{"_coblocks_attr":"","_coblocks_dimensions":"","_coblocks_responsive_height":"","_coblocks_accordion_ie_support":"","_crdt_document":"","advanced_seo_description":"BMW Consumer Electronics Show (CES) 2020 In Las Vegas","jetpack_seo_html_title":"","jetpack_seo_noindex":false,"jetpack_post_was_ever_published":false,"_jetpack_newsletter_access":"","_jetpack_dont_email_post_to_subs":false,"_jetpack_newsletter_tier_id":0,"_jetpack_memberships_contains_paywalled_content":false,"two_page_speed":[],"_jetpack_memberships_contains_paid_content":false,"footnotes":"","jetpack_publicize_message":"","jetpack_publicize_feature_enabled":true,"jetpack_social_post_already_shared":true,"jetpack_social_options":{"image_generator_settings":{"template":"highway","default_image_id":0,"font":"","enabled":false},"version":2},"_wpas_customize_per_network":false},"categories":[197443],"tags":[],"class_list":["post-2210","post","type-post","status-publish","format-standard","has-post-thumbnail","hentry","category-electric-vehicles"],"jetpack_publicize_connections":[],"featured_image_urls":{"full":["https:\/\/evhnews.com\/wp-content\/uploads\/2020\/01\/The-BMW-Group-at-the-Consumer-Electronics-Show-CES-2020-in-Las-Vegas.png",800,503,false],"thumbnail":["https:\/\/evhnews.com\/wp-content\/uploads\/2020\/01\/The-BMW-Group-at-the-Consumer-Electronics-Show-CES-2020-in-Las-Vegas-150x150.png",150,150,true],"medium":["https:\/\/evhnews.com\/wp-content\/uploads\/2020\/01\/The-BMW-Group-at-the-Consumer-Electronics-Show-CES-2020-in-Las-Vegas-300x189.png",300,189,true],"medium_large":["https:\/\/evhnews.com\/wp-content\/uploads\/2020\/01\/The-BMW-Group-at-the-Consumer-Electronics-Show-CES-2020-in-Las-Vegas-768x483.png",640,403,true],"large":["https:\/\/evhnews.com\/wp-content\/uploads\/2020\/01\/The-BMW-Group-at-the-Consumer-Electronics-Show-CES-2020-in-Las-Vegas.png",640,402,false],"1536x1536":["https:\/\/evhnews.com\/wp-content\/uploads\/2020\/01\/The-BMW-Group-at-the-Consumer-Electronics-Show-CES-2020-in-Las-Vegas.png",800,503,false],"2048x2048":["https:\/\/evhnews.com\/wp-content\/uploads\/2020\/01\/The-BMW-Group-at-the-Consumer-Electronics-Show-CES-2020-in-Las-Vegas.png",800,503,false],"trp-custom-language-flag":["https:\/\/evhnews.com\/wp-content\/uploads\/2020\/01\/The-BMW-Group-at-the-Consumer-Electronics-Show-CES-2020-in-Las-Vegas.png",18,12,false],"newspack-article-block-landscape-large":["https:\/\/evhnews.com\/wp-content\/uploads\/2020\/01\/The-BMW-Group-at-the-Consumer-Electronics-Show-CES-2020-in-Las-Vegas.png",800,503,false],"newspack-article-block-portrait-large":["https:\/\/evhnews.com\/wp-content\/uploads\/2020\/01\/The-BMW-Group-at-the-Consumer-Electronics-Show-CES-2020-in-Las-Vegas.png",800,503,false],"newspack-article-block-square-large":["https:\/\/evhnews.com\/wp-content\/uploads\/2020\/01\/The-BMW-Group-at-the-Consumer-Electronics-Show-CES-2020-in-Las-Vegas.png",800,503,false],"newspack-article-block-landscape-medium":["https:\/\/evhnews.com\/wp-content\/uploads\/2020\/01\/The-BMW-Group-at-the-Consumer-Electronics-Show-CES-2020-in-Las-Vegas.png",800,503,false],"newspack-article-block-portrait-medium":["https:\/\/evhnews.com\/wp-content\/uploads\/2020\/01\/The-BMW-Group-at-the-Consumer-Electronics-Show-CES-2020-in-Las-Vegas-600x503.png",600,503,true],"newspack-article-block-square-medium":["https:\/\/evhnews.com\/wp-content\/uploads\/2020\/01\/The-BMW-Group-at-the-Consumer-Electronics-Show-CES-2020-in-Las-Vegas.png",800,503,false],"newspack-article-block-landscape-intermediate":["https:\/\/evhnews.com\/wp-content\/uploads\/2020\/01\/The-BMW-Group-at-the-Consumer-Electronics-Show-CES-2020-in-Las-Vegas.png",600,377,false],"newspack-article-block-portrait-intermediate":["https:\/\/evhnews.com\/wp-content\/uploads\/2020\/01\/The-BMW-Group-at-the-Consumer-Electronics-Show-CES-2020-in-Las-Vegas.png",450,283,false],"newspack-article-block-square-intermediate":["https:\/\/evhnews.com\/wp-content\/uploads\/2020\/01\/The-BMW-Group-at-the-Consumer-Electronics-Show-CES-2020-in-Las-Vegas.png",600,377,false],"newspack-article-block-landscape-small":["https:\/\/evhnews.com\/wp-content\/uploads\/2020\/01\/The-BMW-Group-at-the-Consumer-Electronics-Show-CES-2020-in-Las-Vegas-400x300.png",400,300,true],"newspack-article-block-portrait-small":["https:\/\/evhnews.com\/wp-content\/uploads\/2020\/01\/The-BMW-Group-at-the-Consumer-Electronics-Show-CES-2020-in-Las-Vegas-300x400.png",300,400,true],"newspack-article-block-square-small":["https:\/\/evhnews.com\/wp-content\/uploads\/2020\/01\/The-BMW-Group-at-the-Consumer-Electronics-Show-CES-2020-in-Las-Vegas-400x400.png",400,400,true],"newspack-article-block-landscape-tiny":["https:\/\/evhnews.com\/wp-content\/uploads\/2020\/01\/The-BMW-Group-at-the-Consumer-Electronics-Show-CES-2020-in-Las-Vegas-200x150.png",200,150,true],"newspack-article-block-portrait-tiny":["https:\/\/evhnews.com\/wp-content\/uploads\/2020\/01\/The-BMW-Group-at-the-Consumer-Electronics-Show-CES-2020-in-Las-Vegas-150x200.png",150,200,true],"newspack-article-block-square-tiny":["https:\/\/evhnews.com\/wp-content\/uploads\/2020\/01\/The-BMW-Group-at-the-Consumer-Electronics-Show-CES-2020-in-Las-Vegas-200x200.png",200,200,true],"newspack-article-block-uncropped":["https:\/\/evhnews.com\/wp-content\/uploads\/2020\/01\/The-BMW-Group-at-the-Consumer-Electronics-Show-CES-2020-in-Las-Vegas.png",800,503,false],"enternews-featured":["https:\/\/evhnews.com\/wp-content\/uploads\/2020\/01\/The-BMW-Group-at-the-Consumer-Electronics-Show-CES-2020-in-Las-Vegas.png",800,503,false],"enternews-medium":["https:\/\/evhnews.com\/wp-content\/uploads\/2020\/01\/The-BMW-Group-at-the-Consumer-Electronics-Show-CES-2020-in-Las-Vegas.png",720,453,false],"enternews-thumbnail":["https:\/\/evhnews.com\/wp-content\/uploads\/2020\/01\/The-BMW-Group-at-the-Consumer-Electronics-Show-CES-2020-in-Las-Vegas.png",480,302,false],"tenweb_optimizer_mobile":["https:\/\/evhnews.com\/wp-content\/uploads\/2020\/01\/The-BMW-Group-at-the-Consumer-Electronics-Show-CES-2020-in-Las-Vegas.png",600,377,false],"tenweb_optimizer_tablet":["https:\/\/evhnews.com\/wp-content\/uploads\/2020\/01\/The-BMW-Group-at-the-Consumer-Electronics-Show-CES-2020-in-Las-Vegas.png",768,483,false]},"author_info":{"display_name":"EVHNews","author_link":"https:\/\/evhnews.com\/sv\/author\/evhnews\/"},"category_info":"<a href=\"https:\/\/evhnews.com\/sv\/category\/elektriska-fordon\/\" rel=\"category tag\">Electric Automotive Vehicles<\/a>","tag_info":"Electric Automotive Vehicles","comment_count":"0","jetpack_featured_media_url":"https:\/\/evhnews.com\/wp-content\/uploads\/2020\/01\/The-BMW-Group-at-the-Consumer-Electronics-Show-CES-2020-in-Las-Vegas.png","jetpack_likes_enabled":true,"jetpack_sharing_enabled":true,"jetpack_shortlink":"https:\/\/wp.me\/pbbbdx-zE","amp_enabled":true,"_links":{"self":[{"href":"https:\/\/evhnews.com\/sv\/wp-json\/wp\/v2\/posts\/2210","targetHints":{"allow":["GET"]}}],"collection":[{"href":"https:\/\/evhnews.com\/sv\/wp-json\/wp\/v2\/posts"}],"about":[{"href":"https:\/\/evhnews.com\/sv\/wp-json\/wp\/v2\/types\/post"}],"author":[{"embeddable":true,"href":"https:\/\/evhnews.com\/sv\/wp-json\/wp\/v2\/users\/165558846"}],"replies":[{"embeddable":true,"href":"https:\/\/evhnews.com\/sv\/wp-json\/wp\/v2\/comments?post=2210"}],"version-history":[{"count":2,"href":"https:\/\/evhnews.com\/sv\/wp-json\/wp\/v2\/posts\/2210\/revisions"}],"predecessor-version":[{"id":2214,"href":"https:\/\/evhnews.com\/sv\/wp-json\/wp\/v2\/posts\/2210\/revisions\/2214"}],"wp:featuredmedia":[{"embeddable":true,"href":"https:\/\/evhnews.com\/sv\/wp-json\/wp\/v2\/media\/2211"}],"wp:attachment":[{"href":"https:\/\/evhnews.com\/sv\/wp-json\/wp\/v2\/media?parent=2210"}],"wp:term":[{"taxonomy":"category","embeddable":true,"href":"https:\/\/evhnews.com\/sv\/wp-json\/wp\/v2\/categories?post=2210"},{"taxonomy":"post_tag","embeddable":true,"href":"https:\/\/evhnews.com\/sv\/wp-json\/wp\/v2\/tags?post=2210"}],"curies":[{"name":"wp","href":"https:\/\/api.w.org\/{rel}","templated":true}]}}