{"id":591,"date":"2019-11-22T18:44:04","date_gmt":"2019-11-22T18:44:04","guid":{"rendered":"https:\/\/evhnews.com\/?p=591"},"modified":"2019-12-17T12:35:50","modified_gmt":"2019-12-17T20:35:50","slug":"highlights-fran-bilsalongen-i-los-angeles-2019","status":"publish","type":"post","link":"https:\/\/evhnews.com\/sv\/2019\/11\/22\/highlights-fran-bilsalongen-i-los-angeles-2019\/","title":{"rendered":"Highlights fr\u00e5n Los Angeles Auto Show 2019"},"content":{"rendered":"<p style=\"text-align: center;\"><span style=\"font-size: small;\"><em>MBUSA:s nytilltr\u00e4dde VD och koncernchef Nicholas Sparks introducerar Mercedes-Benz EQC 2020 vid mediaeventet p\u00e5 onsdagen p\u00e5 Los Angeles Auto Show.  Bildkredit: Brandon O'Brien \/ Motor Driven Images (2019)<\/em><\/span><\/p>\n<p><b>Highlights fr\u00e5n Los Angeles Auto Show 2019<\/b><br \/>\n<span style=\"font-size: x-small;\">Av: Brandon O'Brien<\/span><\/p>\n<p>Fr\u00e5n och med den h\u00e4r helgen kommer Los Angeles Auto Show att vara \u00f6ppen f\u00f6r allm\u00e4nheten.  I \u00e5r har tjugosju tillverkare sina nyaste och b\u00e4sta varor utst\u00e4llda f\u00f6r att v\u00e4ta aptiten hos den bilk\u00f6pande allm\u00e4nheten.  Noterbart fr\u00e5nvarande var Volvo.  P\u00e5tagligt n\u00e4rvarande var en hel del \"bl\u00e5tt\".  Det verkar som om \u00e5rets favoritf\u00e4rg f\u00f6r visning \u00e4r en ljusbl\u00e5 n\u00e4ra den som anv\u00e4ndes p\u00e5 de ursprungliga BOSS 302:orna. Audi, BMW, Chevrolet, Ford och Porsche anv\u00e4nde denna f\u00e4rg.<\/p>\n<p>Eftersom filmen \"Ford vs Ferrari\" hade premi\u00e4r den g\u00e5ngna veckan kan vi b\u00f6rja med den ikoniska tillverkaren.<\/p>\n<p>Vilken d\u00e5, s\u00e4ger du?  Ford naturligtvis!  Mycket av snacket sedan b\u00f6rjan av veckan har handlat om den nya elektriska \"Mustangen\".  Den kallas Mustang Mach E4 X. Den ser verkligen inte ut som en Mustang.  Antar att Ford f\u00f6rs\u00f6ker f\u00e5 miltal ut ur Mustang-namnet.<\/p>\n<table class=\"tr-caption-container\" style=\"margin-left: auto; margin-right: auto; text-align: center;\" cellspacing=\"0\" cellpadding=\"0\" align=\"center\">\n<tbody>\n<tr>\n<td style=\"text-align: center;\"><a style=\"margin-left: auto; margin-right: auto;\" href=\"https:\/\/1.bp.blogspot.com\/-msgEl_Y-LR4\/XddCXNwMP_I\/AAAAAAAACWk\/TwCyC38ughwT3VNqP9lcdJI5Pa8hzyKrQCEwYBhgL\/s1600\/2019%2BLA%2BAuto%2BShow-20.jpg\"><img fetchpriority=\"high\" decoding=\"async\" src=\"https:\/\/1.bp.blogspot.com\/-msgEl_Y-LR4\/XddCXNwMP_I\/AAAAAAAACWk\/TwCyC38ughwT3VNqP9lcdJI5Pa8hzyKrQCEwYBhgL\/s640\/2019%2BLA%2BAuto%2BShow-20.jpg\" width=\"640\" height=\"426\" border=\"0\" data-original-height=\"533\" data-original-width=\"800\" \/><\/a><\/td>\n<\/tr>\n<tr>\n<td class=\"tr-caption\" style=\"text-align: center;\"><span style=\"font-size: xx-small;\"><i>V\u00e4rldspremi\u00e4r f\u00f6r Ford Mustang Mach E4 X 2020 p\u00e5 Los Angeles Auto Show.  Bildkredit: Brandon O'Brien \/ Motor Driven Images (2019)<\/i><\/span><\/td>\n<\/tr>\n<\/tbody>\n<\/table>\n<p>En annan nyhet f\u00f6r i \u00e5r och som visas f\u00f6r f\u00f6rsta g\u00e5ngen i Los Angeles \u00e4r den 760 h\u00e4stkrafter starka Shelby GT500.  Nu ser den verkligen ut som en Mustang.  En som kan g\u00e5 \"head-to-head\" med Hellcat och Demon.  Tiden och testerna f\u00e5r utvisa detta.<\/p>\n<div class=\"separator\" style=\"clear: both; text-align: center;\"><\/div>\n<table class=\"tr-caption-container\" style=\"margin-left: auto; margin-right: auto; text-align: center;\" cellspacing=\"0\" cellpadding=\"0\" align=\"center\">\n<tbody>\n<tr>\n<td style=\"text-align: center;\"><a style=\"margin-left: auto; margin-right: auto;\" href=\"https:\/\/1.bp.blogspot.com\/-Jv_9sG-Qo2M\/XddCXL3x_XI\/AAAAAAAACWo\/mA6Yp7DqzZoGa10aRV2Rx9hv2SVoTY2qACEwYBhgL\/s1600\/2019%2BLA%2BAuto%2BShow-18.jpg\"><img decoding=\"async\" src=\"https:\/\/1.bp.blogspot.com\/-Jv_9sG-Qo2M\/XddCXL3x_XI\/AAAAAAAACWo\/mA6Yp7DqzZoGa10aRV2Rx9hv2SVoTY2qACEwYBhgL\/s640\/2019%2BLA%2BAuto%2BShow-18.jpg\" width=\"640\" height=\"426\" border=\"0\" data-original-height=\"533\" data-original-width=\"800\" \/><\/a><\/td>\n<\/tr>\n<tr>\n<td class=\"tr-caption\" style=\"text-align: center;\"><i><span style=\"font-size: xx-small;\">Den aggressiva fronten p\u00e5 2020 \u00e5rs Ford Shelby GT500.  Bildkredit: Brandon O'Brien \/ Motor Driven Images (2019)<\/span><\/i><\/td>\n<\/tr>\n<\/tbody>\n<\/table>\n<table class=\"tr-caption-container\" style=\"margin-left: auto; margin-right: auto; text-align: center;\" cellspacing=\"0\" cellpadding=\"0\" align=\"center\">\n<tbody>\n<tr>\n<td style=\"text-align: center;\"><a style=\"margin-left: auto; margin-right: auto;\" href=\"https:\/\/1.bp.blogspot.com\/-aqlr-EYnhpk\/XddCXpYhFiI\/AAAAAAAACWM\/KEAXJfYMtVoJuJM0PyD5LLuRLtwZh9iLgCEwYBhgL\/s1600\/2019%2BLA%2BAuto%2BShow-21.jpg\"><img decoding=\"async\" src=\"https:\/\/1.bp.blogspot.com\/-aqlr-EYnhpk\/XddCXpYhFiI\/AAAAAAAACWM\/KEAXJfYMtVoJuJM0PyD5LLuRLtwZh9iLgCEwYBhgL\/s640\/2019%2BLA%2BAuto%2BShow-21.jpg\" width=\"640\" height=\"426\" border=\"0\" data-original-height=\"533\" data-original-width=\"800\" \/><\/a><\/td>\n<\/tr>\n<tr>\n<td class=\"tr-caption\" style=\"text-align: center;\"><i><span style=\"font-size: xx-small;\">Den 760 h\u00e4stkrafter starka Ford Shelby GT500 fr\u00e5n 2020 som visades p\u00e5 Los Angeles Auto Show.  Bildkredit: Brandon O'Brien \/ Motor Driven Images (2019)<\/span><\/i><\/td>\n<\/tr>\n<\/tbody>\n<\/table>\n<p>En riktig \u00f6verraskning har med filmen att g\u00f6ra.  Bakom glas visas den riktiga GT40 som tog hem totalsegern i Le Mans 1966.  Den h\u00e4r bilen anv\u00e4ndes inte i filmen. Jag har sett bilen tidigare, i Monterey 2017, men den h\u00e4r g\u00e5ngen k\u00e4ndes det mer speciellt.  Att f\u00e5 se den h\u00e4r bilen \u00e4r v\u00e4rt priset f\u00f6r biljett och parkering. Se filmen och kom sedan och se den p\u00e5 riktigt.<\/p>\n<table class=\"tr-caption-container\" style=\"margin-left: auto; margin-right: auto; text-align: center;\" cellspacing=\"0\" cellpadding=\"0\" align=\"center\">\n<tbody>\n<tr>\n<td style=\"text-align: center;\"><a style=\"margin-left: auto; margin-right: auto;\" href=\"https:\/\/1.bp.blogspot.com\/-MEF-gWps0l8\/XdddC-kqYpI\/AAAAAAAACZM\/obwqh-BuSU0yc3pNHxneYlSotVCt7sjuACEwYBhgL\/s1600\/2019%2BLA%2BAuto%2BShow-19.jpg\"><img loading=\"lazy\" decoding=\"async\" src=\"https:\/\/1.bp.blogspot.com\/-MEF-gWps0l8\/XdddC-kqYpI\/AAAAAAAACZM\/obwqh-BuSU0yc3pNHxneYlSotVCt7sjuACEwYBhgL\/s640\/2019%2BLA%2BAuto%2BShow-19.jpg\" width=\"640\" height=\"426\" border=\"0\" data-original-height=\"533\" data-original-width=\"800\" \/><\/a><\/td>\n<\/tr>\n<tr>\n<td class=\"tr-caption\" style=\"text-align: center;\"><i><span style=\"font-size: xx-small;\">Le Mans-vinnaren Ford GT40 fr\u00e5n 1966.  Bildkredit: Brandon O'Brien \/ Motor Driven Images (2019)<\/span><\/i><\/td>\n<\/tr>\n<\/tbody>\n<\/table>\n<p>Den andra bilen som fick mycket uppm\u00e4rksamhet p\u00e5 Media Day var den nya Chevrolet Corvette C8.  Chevrolet hade tv\u00e5 till hands, en coup\u00e9 och den andra en cabriolet.  Bilen \u00e4r vacker, men f\u00f6r den h\u00e4r skribenten verkar det som om de flesta bilar med mittmotorer har samma designegenskaper och utseende.  S\u00e4tt den nya Corvette bredvid en Acura NSX eller Ferrari 488 och du kommer att se vad jag menar. P\u00e5 den l\u00e4gre niv\u00e5n n\u00e4ra South Hall finns en visning av tidiga Corvettes.<\/p>\n<table class=\"tr-caption-container\" style=\"margin-left: auto; margin-right: auto; text-align: center;\" cellspacing=\"0\" cellpadding=\"0\" align=\"center\">\n<tbody>\n<tr>\n<td style=\"text-align: center;\"><a style=\"margin-left: auto; margin-right: auto;\" href=\"https:\/\/1.bp.blogspot.com\/-cCjqgldOWNY\/XdddBLXu_DI\/AAAAAAAACY0\/2XnJil2eSfguoYe4TOqwBdctr3JX0VKSwCEwYBhgL\/s1600\/2019%2BLA%2BAuto%2BShow-10.jpg\"><img loading=\"lazy\" decoding=\"async\" src=\"https:\/\/1.bp.blogspot.com\/-cCjqgldOWNY\/XdddBLXu_DI\/AAAAAAAACY0\/2XnJil2eSfguoYe4TOqwBdctr3JX0VKSwCEwYBhgL\/s640\/2019%2BLA%2BAuto%2BShow-10.jpg\" width=\"640\" height=\"426\" border=\"0\" data-original-height=\"533\" data-original-width=\"800\" \/><\/a><\/td>\n<\/tr>\n<tr>\n<td class=\"tr-caption\" style=\"text-align: center;\"><i><span style=\"font-size: xx-small;\">2020 \u00e5rs Chevrolet Corvette C8 \u00e4r den f\u00f6rsta Corvette med mittmotor som n\u00e5r produktion.  Bildkredit: Brandon O'Brien \/ Motor Driven Images (2019)<\/span><\/i><\/td>\n<\/tr>\n<\/tbody>\n<\/table>\n<table class=\"tr-caption-container\" style=\"margin-left: auto; margin-right: auto; text-align: center;\" cellspacing=\"0\" cellpadding=\"0\" align=\"center\">\n<tbody>\n<tr>\n<td style=\"text-align: center;\"><a style=\"margin-left: auto; margin-right: auto;\" href=\"https:\/\/1.bp.blogspot.com\/-gyiilKzE-6o\/XdddBtsQjoI\/AAAAAAAACZA\/krbKqXCV7ucj7sncDN_M15FSYp9DVl4OgCEwYBhgL\/s1600\/2019%2BLA%2BAuto%2BShow-11.jpg\"><img loading=\"lazy\" decoding=\"async\" src=\"https:\/\/1.bp.blogspot.com\/-gyiilKzE-6o\/XdddBtsQjoI\/AAAAAAAACZA\/krbKqXCV7ucj7sncDN_M15FSYp9DVl4OgCEwYBhgL\/s640\/2019%2BLA%2BAuto%2BShow-11.jpg\" width=\"640\" height=\"426\" border=\"0\" data-original-height=\"533\" data-original-width=\"800\" \/><\/a><\/td>\n<\/tr>\n<tr>\n<td class=\"tr-caption\" style=\"text-align: center;\"><i><span style=\"font-size: xx-small;\">Cabriolet hardtop Chevrolet Corvette C8 i en fantastisk ljusbl\u00e5 f\u00e4rg som s\u00e5gs f\u00f6r f\u00f6rsta g\u00e5ngen p\u00e5 Los Angeles Auto Show.  Bildkredit: Brandon O'Brien \/ Motor Driven Images (2019)<\/span><\/i><\/td>\n<\/tr>\n<\/tbody>\n<\/table>\n<table class=\"tr-caption-container\" style=\"margin-left: auto; margin-right: auto; text-align: center;\" cellspacing=\"0\" cellpadding=\"0\" align=\"center\">\n<tbody>\n<tr>\n<td style=\"text-align: center;\"><a style=\"margin-left: auto; margin-right: auto;\" href=\"https:\/\/1.bp.blogspot.com\/-u7MvpZ7MejM\/XdddE_Sms5I\/AAAAAAAACZM\/JKBeCCQK8WIAP8D1muMXZOs0ChdFU6wLACEwYBhgL\/s1600\/2019%2BLA%2BAuto%2BShow-27.jpg\"><img loading=\"lazy\" decoding=\"async\" src=\"https:\/\/1.bp.blogspot.com\/-u7MvpZ7MejM\/XdddE_Sms5I\/AAAAAAAACZM\/JKBeCCQK8WIAP8D1muMXZOs0ChdFU6wLACEwYBhgL\/s640\/2019%2BLA%2BAuto%2BShow-27.jpg\" width=\"640\" height=\"426\" border=\"0\" data-original-height=\"533\" data-original-width=\"800\" \/><\/a><\/td>\n<\/tr>\n<tr>\n<td class=\"tr-caption\" style=\"text-align: center;\"><i><span style=\"font-size: xx-small;\">Chevrolet Corvette fr\u00e5n 1953 visas upp p\u00e5 Los Angeles Auto Show.  Bildkredit: Brandon O'Brien \/ Motor Driven Images (2019)<\/span><\/i><\/td>\n<\/tr>\n<\/tbody>\n<\/table>\n<p>Karma Automotive satte p\u00e5 en fin display utanf\u00f6r Concourse Hall bredvid Galpin Hall of Customs.  Karma b\u00f6rjade sitt liv f\u00f6r n\u00e5gra \u00e5r sedan som Fisker Karma. F\u00f6retaget gick i konkurs 2013 k\u00f6ptes ut och blev Karma Automotive.  P\u00e5 displayen har de Revero GT, GTS och tv\u00e5 konceptbilar; SC1 Vision och SC2.<\/p>\n<table class=\"tr-caption-container\" style=\"margin-left: auto; margin-right: auto; text-align: center;\" cellspacing=\"0\" cellpadding=\"0\" align=\"center\">\n<tbody>\n<tr>\n<td style=\"text-align: center;\"><a style=\"margin-left: auto; margin-right: auto;\" href=\"https:\/\/1.bp.blogspot.com\/-PfmVNBjGjdM\/XdddHYNpc0I\/AAAAAAAACZE\/NFEYJ6pY_5Ea9uy-wiPmFiXXqp-AVee5ACEwYBhgL\/s1600\/2019%2BLA%2BAuto%2BShow-2.jpg\"><img loading=\"lazy\" decoding=\"async\" src=\"https:\/\/1.bp.blogspot.com\/-PfmVNBjGjdM\/XdddHYNpc0I\/AAAAAAAACZE\/NFEYJ6pY_5Ea9uy-wiPmFiXXqp-AVee5ACEwYBhgL\/s640\/2019%2BLA%2BAuto%2BShow-2.jpg\" width=\"640\" height=\"426\" border=\"0\" data-original-height=\"533\" data-original-width=\"800\" \/><\/a><\/td>\n<\/tr>\n<tr>\n<td class=\"tr-caption\" style=\"text-align: center;\"><i><span style=\"font-size: xx-small;\">2020 Karma Revero GT.  Bildkredit: Brandon O'Brien \/ Motor Driven Images (2019)<\/span><\/i><\/td>\n<\/tr>\n<\/tbody>\n<\/table>\n<table class=\"tr-caption-container\" style=\"margin-left: auto; margin-right: auto; text-align: center;\" cellspacing=\"0\" cellpadding=\"0\" align=\"center\">\n<tbody>\n<tr>\n<td style=\"text-align: center;\"><a style=\"margin-left: auto; margin-right: auto;\" href=\"https:\/\/1.bp.blogspot.com\/-MMz9ujjSJlQ\/XdddHdaSIRI\/AAAAAAAACZM\/4EQO8wNJ6o8eqTY2v2ELHyppsYfrD2xzQCEwYBhgL\/s1600\/2019%2BLA%2BAuto%2BShow-1.jpg\"><img loading=\"lazy\" decoding=\"async\" src=\"https:\/\/1.bp.blogspot.com\/-MMz9ujjSJlQ\/XdddHdaSIRI\/AAAAAAAACZM\/4EQO8wNJ6o8eqTY2v2ELHyppsYfrD2xzQCEwYBhgL\/s640\/2019%2BLA%2BAuto%2BShow-1.jpg\" width=\"640\" height=\"426\" border=\"0\" data-original-height=\"533\" data-original-width=\"800\" \/><\/a><\/td>\n<\/tr>\n<tr>\n<td class=\"tr-caption\" style=\"text-align: center;\"><span style=\"font-size: xx-small;\">2020 Karma SC2 Concept visas upp p\u00e5 Los Angeles Auto Show.  Bildkredit: Brandon O'Brien \/ Motor Driven Images (2019)<\/span><\/td>\n<\/tr>\n<\/tbody>\n<\/table>\n<table class=\"tr-caption-container\" style=\"margin-left: auto; margin-right: auto; text-align: center;\" cellspacing=\"0\" cellpadding=\"0\" align=\"center\">\n<tbody>\n<tr>\n<td style=\"text-align: center;\"><a style=\"margin-left: auto; margin-right: auto;\" href=\"https:\/\/1.bp.blogspot.com\/-WqLLqlE6fbI\/XdddHscawkI\/AAAAAAAACZE\/7ia3kuM4GhIfg1RWFCfu0dOExAe4m9iWgCEwYBhgL\/s1600\/2019%2BLA%2BAuto%2BShow-3.jpg\"><img loading=\"lazy\" decoding=\"async\" src=\"https:\/\/1.bp.blogspot.com\/-WqLLqlE6fbI\/XdddHscawkI\/AAAAAAAACZE\/7ia3kuM4GhIfg1RWFCfu0dOExAe4m9iWgCEwYBhgL\/s640\/2019%2BLA%2BAuto%2BShow-3.jpg\" width=\"640\" height=\"426\" border=\"0\" data-original-height=\"533\" data-original-width=\"800\" \/><\/a><\/td>\n<\/tr>\n<tr>\n<td class=\"tr-caption\" style=\"text-align: center;\"><i><span style=\"font-size: xx-small;\">Under locket finns Karma SC1 Vision.  Du m\u00e5ste \u00e5ka till utst\u00e4llningen f\u00f6r att se hur den ser ut.  Bildkredit: Brandon O'Brien \/ Motor Driven Images (2019)<\/span><\/i><\/td>\n<\/tr>\n<\/tbody>\n<\/table>\n<p>Det finns tjugofyra andra tillverkare, s\u00e5 h\u00e4r f\u00f6ljer n\u00e5gra av de andra bilar som du kommer att kunna se.<\/p>\n<table class=\"tr-caption-container\" style=\"margin-left: auto; margin-right: auto; text-align: center;\" cellspacing=\"0\" cellpadding=\"0\" align=\"center\">\n<tbody>\n<tr>\n<td style=\"text-align: center;\"><a style=\"margin-left: auto; margin-right: auto;\" href=\"https:\/\/1.bp.blogspot.com\/-imbb0mRKrn8\/XdddGUyJv2I\/AAAAAAAACY8\/OB9al_KxBSQ1trR3ZAW_jWihIvj7PXbKQCEwYBhgL\/s1600\/2019%2BLA%2BAuto%2BShow-6.jpg\"><img loading=\"lazy\" decoding=\"async\" src=\"https:\/\/1.bp.blogspot.com\/-imbb0mRKrn8\/XdddGUyJv2I\/AAAAAAAACY8\/OB9al_KxBSQ1trR3ZAW_jWihIvj7PXbKQCEwYBhgL\/s640\/2019%2BLA%2BAuto%2BShow-6.jpg\" width=\"640\" height=\"426\" border=\"0\" data-original-height=\"533\" data-original-width=\"800\" \/><\/a><\/td>\n<\/tr>\n<tr>\n<td class=\"tr-caption\" style=\"text-align: center;\"><i><span style=\"font-size: xx-small;\">Vision Mercedes Simplex Concept.  Bildkredit: Brandon O'Brien \/ Motor Driven Images (2019)<\/span><\/i><\/td>\n<\/tr>\n<\/tbody>\n<\/table>\n<table class=\"tr-caption-container\" style=\"margin-left: auto; margin-right: auto; text-align: center;\" cellspacing=\"0\" cellpadding=\"0\" align=\"center\">\n<tbody>\n<tr>\n<td style=\"text-align: center;\"><a style=\"margin-left: auto; margin-right: auto;\" href=\"https:\/\/1.bp.blogspot.com\/-JV_j832OX6Y\/XdddBrZdnxI\/AAAAAAAACY8\/BUdc1PW86QszmUCSlzCC9iB7saMVPlJOQCEwYBhgL\/s1600\/2019%2BLA%2BAuto%2BShow-13.jpg\"><img loading=\"lazy\" decoding=\"async\" src=\"https:\/\/1.bp.blogspot.com\/-JV_j832OX6Y\/XdddBrZdnxI\/AAAAAAAACY8\/BUdc1PW86QszmUCSlzCC9iB7saMVPlJOQCEwYBhgL\/s640\/2019%2BLA%2BAuto%2BShow-13.jpg\" width=\"640\" height=\"426\" border=\"0\" data-original-height=\"533\" data-original-width=\"800\" \/><\/a><\/td>\n<\/tr>\n<tr>\n<td class=\"tr-caption\" style=\"text-align: center;\"><i><span style=\"font-size: xx-small;\">Den helt elektriska Mercedes-Benz EQC 2020 har 402 h\u00e4stkrafter och 564 lb-ft vridmoment fr\u00e5n fyra elmotorer.  Bildkredit: Brandon O'Brien \/ Motor Driven Images (2019)<\/span><\/i><\/td>\n<\/tr>\n<\/tbody>\n<\/table>\n<table class=\"tr-caption-container\" style=\"margin-left: auto; margin-right: auto; text-align: center;\" cellspacing=\"0\" cellpadding=\"0\" align=\"center\">\n<tbody>\n<tr>\n<td style=\"text-align: center;\"><a style=\"margin-left: auto; margin-right: auto;\" href=\"https:\/\/1.bp.blogspot.com\/-Zn9HtzHGjO0\/XdddBxYQTvI\/AAAAAAAACY0\/Jivl9sIfVwcjToEdZrYt-8-LHCidqczQgCEwYBhgL\/s1600\/2019%2BLA%2BAuto%2BShow-14.jpg\"><img loading=\"lazy\" decoding=\"async\" src=\"https:\/\/1.bp.blogspot.com\/-Zn9HtzHGjO0\/XdddBxYQTvI\/AAAAAAAACY0\/Jivl9sIfVwcjToEdZrYt-8-LHCidqczQgCEwYBhgL\/s640\/2019%2BLA%2BAuto%2BShow-14.jpg\" width=\"640\" height=\"426\" border=\"0\" data-original-height=\"533\" data-original-width=\"800\" \/><\/a><\/td>\n<\/tr>\n<tr>\n<td class=\"tr-caption\" style=\"text-align: center;\"><i><span style=\"font-size: xx-small;\">Mercedes-AMG GLS 6.3 fr\u00e5n 2020.  Bildkredit: Brandon O'Brien \/ Motor Driven Images (2019)<\/span><\/i><\/td>\n<\/tr>\n<\/tbody>\n<\/table>\n<table class=\"tr-caption-container\" style=\"margin-left: auto; margin-right: auto; text-align: center;\" cellspacing=\"0\" cellpadding=\"0\" align=\"center\">\n<tbody>\n<tr>\n<td style=\"text-align: center;\"><a style=\"margin-left: auto; margin-right: auto;\" href=\"https:\/\/1.bp.blogspot.com\/-J0zXWvqX3Xc\/XdddG3rLM9I\/AAAAAAAACZI\/dzsOemi88OkVaO-Fbis5CMQalpk1__D5gCEwYBhgL\/s1600\/2019%2BLA%2BAuto%2BShow-8.jpg\"><img loading=\"lazy\" decoding=\"async\" src=\"https:\/\/1.bp.blogspot.com\/-J0zXWvqX3Xc\/XdddG3rLM9I\/AAAAAAAACZI\/dzsOemi88OkVaO-Fbis5CMQalpk1__D5gCEwYBhgL\/s640\/2019%2BLA%2BAuto%2BShow-8.jpg\" width=\"640\" height=\"426\" border=\"0\" data-original-height=\"533\" data-original-width=\"800\" \/><\/a><\/td>\n<\/tr>\n<tr>\n<td class=\"tr-caption\" style=\"text-align: center;\"><i><span style=\"font-size: xx-small;\">Den begr\u00e4nsade produktionen av 2020 BMW M2 CS.  Bildkredit: Brandon O'Brien \/ Motor Driven Images (2019)<\/span><\/i><\/td>\n<\/tr>\n<\/tbody>\n<\/table>\n<table class=\"tr-caption-container\" style=\"margin-left: auto; margin-right: auto; text-align: center;\" cellspacing=\"0\" cellpadding=\"0\" align=\"center\">\n<tbody>\n<tr>\n<td style=\"text-align: center;\"><a style=\"margin-left: auto; margin-right: auto;\" href=\"https:\/\/1.bp.blogspot.com\/-LbveWJx2PXg\/XdddCToRRAI\/AAAAAAAACZM\/X_GNzU53ZwQpdLBsRAaJ3wkUYcRhN16JQCEwYBhgL\/s1600\/2019%2BLA%2BAuto%2BShow-16.jpg\"><img loading=\"lazy\" decoding=\"async\" src=\"https:\/\/1.bp.blogspot.com\/-LbveWJx2PXg\/XdddCToRRAI\/AAAAAAAACZM\/X_GNzU53ZwQpdLBsRAaJ3wkUYcRhN16JQCEwYBhgL\/s640\/2019%2BLA%2BAuto%2BShow-16.jpg\" width=\"640\" height=\"426\" border=\"0\" data-original-height=\"533\" data-original-width=\"800\" \/><\/a><\/td>\n<\/tr>\n<tr>\n<td class=\"tr-caption\" style=\"text-align: center;\"><i><span style=\"font-size: xx-small;\">Toyota Supra \u00e4r byggd i samarbete med BMW och baseras p\u00e5 BMW Z4.  Detta \u00e4r GR Hyperboost Edition.  Bildkredit: Brandon O'Brien \/ Motor Driven Images (2019)<\/span><\/i><\/td>\n<\/tr>\n<\/tbody>\n<\/table>\n<table class=\"tr-caption-container\" style=\"margin-left: auto; margin-right: auto; text-align: center;\" cellspacing=\"0\" cellpadding=\"0\" align=\"center\">\n<tbody>\n<tr>\n<td style=\"text-align: center;\"><a style=\"margin-left: auto; margin-right: auto;\" href=\"https:\/\/1.bp.blogspot.com\/-Ev5Ff4Y5loo\/XdddEObxdXI\/AAAAAAAACZM\/zUSo_tBhe9sxU1yZjVhqVwIp4h-haNPgQCEwYBhgL\/s1600\/2019%2BLA%2BAuto%2BShow-25.jpg\"><img loading=\"lazy\" decoding=\"async\" src=\"https:\/\/1.bp.blogspot.com\/-Ev5Ff4Y5loo\/XdddEObxdXI\/AAAAAAAACZM\/zUSo_tBhe9sxU1yZjVhqVwIp4h-haNPgQCEwYBhgL\/s640\/2019%2BLA%2BAuto%2BShow-25.jpg\" width=\"640\" height=\"426\" border=\"0\" data-original-height=\"533\" data-original-width=\"800\" \/><\/a><\/td>\n<\/tr>\n<tr>\n<td class=\"tr-caption\" style=\"text-align: center;\"><i><span style=\"font-size: xx-small;\">Toyota i-ROAD Concept \u00e4r en ensitsig bil f\u00f6r resor i storstadsomr\u00e5den.  Bildkredit: Brandon O'Brien \/ Motor Driven Images (2019)<\/span><\/i><\/td>\n<\/tr>\n<\/tbody>\n<\/table>\n<table class=\"tr-caption-container\" style=\"margin-left: auto; margin-right: auto; text-align: center;\" cellspacing=\"0\" cellpadding=\"0\" align=\"center\">\n<tbody>\n<tr>\n<td style=\"text-align: center;\"><a style=\"margin-left: auto; margin-right: auto;\" href=\"https:\/\/1.bp.blogspot.com\/-5BvzCYPg-Vc\/XdddEE5eSgI\/AAAAAAAACZA\/oBBID6LptX4O3seLrBAoZvpO-r5SvAihACEwYBhgL\/s1600\/2019%2BLA%2BAuto%2BShow-24.jpg\"><img loading=\"lazy\" decoding=\"async\" src=\"https:\/\/1.bp.blogspot.com\/-5BvzCYPg-Vc\/XdddEE5eSgI\/AAAAAAAACZA\/oBBID6LptX4O3seLrBAoZvpO-r5SvAihACEwYBhgL\/s640\/2019%2BLA%2BAuto%2BShow-24.jpg\" width=\"640\" height=\"426\" border=\"0\" data-original-height=\"533\" data-original-width=\"800\" \/><\/a><\/td>\n<\/tr>\n<tr>\n<td class=\"tr-caption\" style=\"text-align: center;\"><i><span style=\"font-size: xx-small;\">Den nya 2020 Porsche Taycan 4S presenterades av Porsche p\u00e5 Los Angeles Auto Show.  Bildkredit: Brandon O'Brien \/ Motor Driven Images (2019)<\/span><\/i><\/td>\n<\/tr>\n<\/tbody>\n<\/table>\n<table class=\"tr-caption-container\" style=\"margin-left: auto; margin-right: auto; text-align: center;\" cellspacing=\"0\" cellpadding=\"0\" align=\"center\">\n<tbody>\n<tr>\n<td style=\"text-align: center;\"><a style=\"margin-left: auto; margin-right: auto;\" href=\"https:\/\/1.bp.blogspot.com\/-9VSPm6qBhL0\/XdddGpWN2YI\/AAAAAAAACY8\/AF7l8fKGyH4oOhv6WQpS7_NkGKMJlPSlwCEwYBhgL\/s1600\/2019%2BLA%2BAuto%2BShow-7.jpg\"><img loading=\"lazy\" decoding=\"async\" src=\"https:\/\/1.bp.blogspot.com\/-9VSPm6qBhL0\/XdddGpWN2YI\/AAAAAAAACY8\/AF7l8fKGyH4oOhv6WQpS7_NkGKMJlPSlwCEwYBhgL\/s640\/2019%2BLA%2BAuto%2BShow-7.jpg\" width=\"640\" height=\"426\" border=\"0\" data-original-height=\"533\" data-original-width=\"800\" \/><\/a><\/td>\n<\/tr>\n<tr>\n<td class=\"tr-caption\" style=\"text-align: center;\"><i><span style=\"font-size: xx-small;\">2020 Alfa Romeo Giulia Ti Sport Carbon.  Bildkredit: Brandon O'Brien \/ Motor Driven Images (2019)<\/span><\/i><\/td>\n<\/tr>\n<\/tbody>\n<\/table>\n<div class=\"separator\" style=\"clear: both; text-align: center;\"><\/div>\n<table class=\"tr-caption-container\" style=\"margin-left: auto; margin-right: auto; text-align: center;\" cellspacing=\"0\" cellpadding=\"0\" align=\"center\">\n<tbody>\n<tr>\n<td style=\"text-align: center;\"><a style=\"margin-left: auto; margin-right: auto;\" href=\"https:\/\/1.bp.blogspot.com\/-ImsjCRu3vIA\/XdddElJ8ELI\/AAAAAAAACY4\/ozQbVBlUxSA4UTeZcyimNLIwYb7fGCTgwCEwYBhgL\/s1600\/2019%2BLA%2BAuto%2BShow-26.jpg\"><img loading=\"lazy\" decoding=\"async\" src=\"https:\/\/1.bp.blogspot.com\/-ImsjCRu3vIA\/XdddElJ8ELI\/AAAAAAAACY4\/ozQbVBlUxSA4UTeZcyimNLIwYb7fGCTgwCEwYBhgL\/s640\/2019%2BLA%2BAuto%2BShow-26.jpg\" width=\"640\" height=\"426\" border=\"0\" data-original-height=\"533\" data-original-width=\"800\" \/><\/a><\/td>\n<\/tr>\n<tr>\n<td class=\"tr-caption\" style=\"text-align: center;\"><i><span style=\"font-size: xx-small;\">2020 \u00e5rs Alfa Romeo Tonale SUV visas upp p\u00e5 Los Angeles Auto Show.  Bildkredit: Brandon O'Brien \/ Motor Driven Images (2019)<\/span><\/i><\/td>\n<\/tr>\n<\/tbody>\n<\/table>\n<table class=\"tr-caption-container\" style=\"margin-left: auto; margin-right: auto; text-align: center;\" cellspacing=\"0\" cellpadding=\"0\" align=\"center\">\n<tbody>\n<tr>\n<td style=\"text-align: center;\"><a style=\"margin-left: auto; margin-right: auto;\" href=\"https:\/\/1.bp.blogspot.com\/-NRUK_NHYwoI\/XdddIOQSPyI\/AAAAAAAACZI\/ki54lFqy2mAcuQLetiTUP9MXEWTaBTMpgCEwYBhgL\/s1600\/2019%2BLA%2BAuto%2BShow-4.jpg\"><img loading=\"lazy\" decoding=\"async\" src=\"https:\/\/1.bp.blogspot.com\/-NRUK_NHYwoI\/XdddIOQSPyI\/AAAAAAAACZI\/ki54lFqy2mAcuQLetiTUP9MXEWTaBTMpgCEwYBhgL\/s640\/2019%2BLA%2BAuto%2BShow-4.jpg\" width=\"640\" height=\"426\" border=\"0\" data-original-height=\"533\" data-original-width=\"800\" \/><\/a><\/td>\n<\/tr>\n<tr>\n<td class=\"tr-caption\" style=\"text-align: center;\"><i><span style=\"font-size: xx-small;\">KIA Habaniro Cross-over Concept p\u00e5 Los Angeles Auto Show.  Bildkredit: Brandon O'Brien \/ Motor Driven Images (2019)<\/span><\/i><\/td>\n<\/tr>\n<\/tbody>\n<\/table>\n<table class=\"tr-caption-container\" style=\"margin-left: auto; margin-right: auto; text-align: center;\" cellspacing=\"0\" cellpadding=\"0\" align=\"center\">\n<tbody>\n<tr>\n<td style=\"text-align: center;\"><a style=\"margin-left: auto; margin-right: auto;\" href=\"https:\/\/1.bp.blogspot.com\/-wEC8KFGhWiU\/XdddGHZEKUI\/AAAAAAAACY4\/jVGR0j25jgAwaqIgJmXxaBr1LFlTLeZAACEwYBhgL\/s1600\/2019%2BLA%2BAuto%2BShow-29.jpg\"><img loading=\"lazy\" decoding=\"async\" src=\"https:\/\/1.bp.blogspot.com\/-wEC8KFGhWiU\/XdddGHZEKUI\/AAAAAAAACY4\/jVGR0j25jgAwaqIgJmXxaBr1LFlTLeZAACEwYBhgL\/s640\/2019%2BLA%2BAuto%2BShow-29.jpg\" width=\"640\" height=\"426\" border=\"0\" data-original-height=\"533\" data-original-width=\"800\" \/><\/a><\/td>\n<\/tr>\n<tr>\n<td class=\"tr-caption\" style=\"text-align: center;\"><i><span style=\"font-size: xx-small;\">Audi TT RS Coup\u00e9 2019.  Bildkredit: Brandon O'Brien \/ Motor Driven Images (2019)<\/span><\/i><\/td>\n<\/tr>\n<\/tbody>\n<\/table>\n<table class=\"tr-caption-container\" style=\"margin-left: auto; margin-right: auto; text-align: center;\" cellspacing=\"0\" cellpadding=\"0\" align=\"center\">\n<tbody>\n<tr>\n<td style=\"text-align: center;\"><a style=\"margin-left: auto; margin-right: auto;\" href=\"https:\/\/1.bp.blogspot.com\/-lUiVMXPk8rE\/XdddDlORC9I\/AAAAAAAACZA\/jL_Anob9y6s-ct5uCRqYizhtpqaNtSDsQCEwYBhgL\/s1600\/2019%2BLA%2BAuto%2BShow-23.jpg\"><img loading=\"lazy\" decoding=\"async\" src=\"https:\/\/1.bp.blogspot.com\/-lUiVMXPk8rE\/XdddDlORC9I\/AAAAAAAACZA\/jL_Anob9y6s-ct5uCRqYizhtpqaNtSDsQCEwYBhgL\/s640\/2019%2BLA%2BAuto%2BShow-23.jpg\" width=\"640\" height=\"426\" border=\"0\" data-original-height=\"533\" data-original-width=\"800\" \/><\/a><\/td>\n<\/tr>\n<tr>\n<td class=\"tr-caption\" style=\"text-align: center;\"><i><span style=\"font-size: xx-small;\">Honda S600 Roadster fr\u00e5n 1965 visas upp i Honda-omr\u00e5det.  Bildkredit: Brandon O'Brien \/ Motor Driven Images (2019)<\/span><\/i><\/td>\n<\/tr>\n<\/tbody>\n<\/table>\n<table class=\"tr-caption-container\" style=\"margin-left: auto; margin-right: auto; text-align: center;\" cellspacing=\"0\" cellpadding=\"0\" align=\"center\">\n<tbody>\n<tr>\n<td style=\"text-align: center;\"><a style=\"margin-left: auto; margin-right: auto;\" href=\"https:\/\/1.bp.blogspot.com\/-lD-Iegc_GV4\/XdddCgrYPkI\/AAAAAAAACZE\/5qUjPnt2das0qAmaCs1KCTDbwXVSJfDBgCEwYBhgL\/s1600\/2019%2BLA%2BAuto%2BShow-17.jpg\"><img loading=\"lazy\" decoding=\"async\" src=\"https:\/\/1.bp.blogspot.com\/-lD-Iegc_GV4\/XdddCgrYPkI\/AAAAAAAACZE\/5qUjPnt2das0qAmaCs1KCTDbwXVSJfDBgCEwYBhgL\/s640\/2019%2BLA%2BAuto%2BShow-17.jpg\" width=\"640\" height=\"426\" border=\"0\" data-original-height=\"533\" data-original-width=\"800\" \/><\/a><\/td>\n<\/tr>\n<tr>\n<td class=\"tr-caption\" style=\"text-align: center;\"><i><span style=\"font-size: xx-small;\">2019 Aston Martin DB11 visas upp i Galpin Hall.  Bildkredit: Brandon O'Brien \/ Motor Driven Images (2019)<\/span><\/i><\/td>\n<\/tr>\n<\/tbody>\n<\/table>\n<table class=\"tr-caption-container\" style=\"margin-left: auto; margin-right: auto; text-align: center;\" cellspacing=\"0\" cellpadding=\"0\" align=\"center\">\n<tbody>\n<tr>\n<td style=\"text-align: center;\"><a style=\"margin-left: auto; margin-right: auto;\" href=\"https:\/\/1.bp.blogspot.com\/-bzU5kDlbFAY\/XdddCJbI07I\/AAAAAAAACZI\/VaXhA5frKPAa3nQVFKQDRs7qUNBRJME-QCEwYBhgL\/s1600\/2019%2BLA%2BAuto%2BShow-15.jpg\"><img loading=\"lazy\" decoding=\"async\" src=\"https:\/\/1.bp.blogspot.com\/-bzU5kDlbFAY\/XdddCJbI07I\/AAAAAAAACZI\/VaXhA5frKPAa3nQVFKQDRs7qUNBRJME-QCEwYBhgL\/s640\/2019%2BLA%2BAuto%2BShow-15.jpg\" width=\"640\" height=\"426\" border=\"0\" data-original-height=\"533\" data-original-width=\"800\" \/><\/a><\/td>\n<\/tr>\n<tr>\n<td class=\"tr-caption\" style=\"text-align: center;\"><i><span style=\"font-size: xx-small;\">Audi RS Q8 SUV 2020 har en V8 med hela 591 h\u00e4stkrafter.  Bildkredit: Brandon O'Brien \/ Motor Driven Images (2019)<\/span><\/i><\/td>\n<\/tr>\n<\/tbody>\n<\/table>\n<table class=\"tr-caption-container\" style=\"margin-left: auto; margin-right: auto; text-align: center;\" cellspacing=\"0\" cellpadding=\"0\" align=\"center\">\n<tbody>\n<tr>\n<td style=\"text-align: center;\"><a style=\"margin-left: auto; margin-right: auto;\" href=\"https:\/\/1.bp.blogspot.com\/-8nz3m9cmglg\/XdddHGTuIZI\/AAAAAAAACZA\/FA_m6BFzj4E234mNNHh-UbvFdTYAw95rwCEwYBhgL\/s1600\/2019%2BLA%2BAuto%2BShow-9.jpg\"><img loading=\"lazy\" decoding=\"async\" src=\"https:\/\/1.bp.blogspot.com\/-8nz3m9cmglg\/XdddHGTuIZI\/AAAAAAAACZA\/FA_m6BFzj4E234mNNHh-UbvFdTYAw95rwCEwYBhgL\/s640\/2019%2BLA%2BAuto%2BShow-9.jpg\" width=\"640\" height=\"426\" border=\"0\" data-original-height=\"533\" data-original-width=\"800\" \/><\/a><\/td>\n<\/tr>\n<tr>\n<td class=\"tr-caption\" style=\"text-align: center;\"><span style=\"font-size: xx-small;\"><i>F\u00f6r att hedra 60 \u00e5r \u00e4r denna Lifestyle Collection Mini.  Bildkredit: Brandon O'Brien \/ Motor Driven Images (2019)<\/i><\/span><\/td>\n<\/tr>\n<\/tbody>\n<\/table>\n<table class=\"tr-caption-container\" style=\"margin-left: auto; margin-right: auto; text-align: center;\" cellspacing=\"0\" cellpadding=\"0\" align=\"center\">\n<tbody>\n<tr>\n<td style=\"text-align: center;\"><a style=\"margin-left: auto; margin-right: auto;\" href=\"https:\/\/1.bp.blogspot.com\/-45ZAQ_edGkU\/XdddDjRmdhI\/AAAAAAAACZM\/vsZlRR6aeIMcZlKWt--wg6pvxaw6vWrNQCEwYBhgL\/s1600\/2019%2BLA%2BAuto%2BShow-22.jpg\"><img loading=\"lazy\" decoding=\"async\" src=\"https:\/\/1.bp.blogspot.com\/-45ZAQ_edGkU\/XdddDjRmdhI\/AAAAAAAACZM\/vsZlRR6aeIMcZlKWt--wg6pvxaw6vWrNQCEwYBhgL\/s640\/2019%2BLA%2BAuto%2BShow-22.jpg\" width=\"640\" height=\"426\" border=\"0\" data-original-height=\"533\" data-original-width=\"800\" \/><\/a><\/td>\n<\/tr>\n<tr>\n<td class=\"tr-caption\" style=\"text-align: center;\"><span style=\"font-size: xx-small;\"><i>Tomtens Dodge SRT Sleigh Demon visas upp direkt fr\u00e5n Nordpolen.  Bildkredit: Brandon O'Brien \/ Motor Driven Images (2019)<\/i><\/span><\/td>\n<\/tr>\n<\/tbody>\n<\/table>\n<p>Utst\u00e4llningen \u00e4r \u00f6ppen f\u00f6r allm\u00e4nheten fr\u00e5n 22 november till 1 december och inneh\u00e5ller mycket mer \u00e4n vad jag har skildrat h\u00e4r.  Ha det s\u00e5 kul!<\/p>\n<p><i><\/i><img loading=\"lazy\" decoding=\"async\" data-attachment-id=\"773\" data-permalink=\"https:\/\/evhnews.com\/sv\/2019\/11\/30\/evs-kommer-inte-att-bli-mainstream-forran-problemen-ar-losta-sager-gms-reuss\/evhn-lighting-bolt-logo-square-100px\/\" data-orig-file=\"https:\/\/evhnews.com\/wp-content\/uploads\/2019\/12\/EVHN-Lighting-Bolt-Logo-Square-100px.jpg\" data-orig-size=\"100,100\" data-comments-opened=\"1\" data-image-meta=\"{&quot;aperture&quot;:&quot;0&quot;,&quot;credit&quot;:&quot;&quot;,&quot;camera&quot;:&quot;&quot;,&quot;caption&quot;:&quot;&quot;,&quot;created_timestamp&quot;:&quot;1575197468&quot;,&quot;copyright&quot;:&quot;&quot;,&quot;focal_length&quot;:&quot;0&quot;,&quot;iso&quot;:&quot;0&quot;,&quot;shutter_speed&quot;:&quot;0&quot;,&quot;title&quot;:&quot;&quot;,&quot;orientation&quot;:&quot;1&quot;}\" data-image-title=\"EVHN Lighting Bolt Logo &amp;#8211; Square &amp;#8211; 100px\" data-image-description=\"\" data-image-caption=\"\" data-large-file=\"https:\/\/evhnews.com\/wp-content\/uploads\/2019\/12\/EVHN-Lighting-Bolt-Logo-Square-100px.jpg\" class=\"alignnone size-full wp-image-773\" src=\"https:\/\/evhnews.com\/wp-content\/uploads\/2019\/12\/EVHN-Lighting-Bolt-Logo-Square-100px.jpg\" alt=\"EVHN Lighting Bolt Logo - Square - 100px\" width=\"100\" height=\"100\" \/><\/p>\n<p><span style=\"font-size: xx-small;\"><span style=\"font-size: x-small;\"><b>TAGS:<\/b> <i>Los Angeles Auto Show, LA Auto Show, Bilar, Bilutst\u00e4llning, Brandon O'Brien, Motor Driven Images, BMW, Audi, Porsche, VW, Volkswagen, Ford, Shelby, Corvette, Aston Martin, Galpin, Alfa Romeo, Ford, Mercedes-Benz<\/i><\/span><\/span><\/p>","protected":false},"excerpt":{"rendered":"<p>Newly appointed President and CEO of MBUSA Nicholas Sparks introducing the 2020 Mercedes-Benz EQC at&#8230;<\/p>","protected":false},"author":165558846,"featured_media":1366,"comment_status":"open","ping_status":"open","sticky":false,"template":"","format":"standard","meta":{"_coblocks_attr":"","_coblocks_dimensions":"","_coblocks_responsive_height":"","_coblocks_accordion_ie_support":"","_crdt_document":"","advanced_seo_description":"","jetpack_seo_html_title":"","jetpack_seo_noindex":false,"_jetpack_newsletter_access":"","_jetpack_dont_email_post_to_subs":false,"_jetpack_newsletter_tier_id":0,"_jetpack_memberships_contains_paywalled_content":false,"two_page_speed":[],"_jetpack_memberships_contains_paid_content":false,"footnotes":"","jetpack_publicize_message":"","jetpack_publicize_feature_enabled":true,"jetpack_social_post_already_shared":true,"jetpack_social_options":{"image_generator_settings":{"template":"highway","default_image_id":0,"font":"","enabled":false},"version":2},"_wpas_customize_per_network":false,"jetpack_post_was_ever_published":false},"categories":[197443,688377436,688381798,853698,27523524,688381496,95322809,688381306],"tags":[688386208],"class_list":["post-591","post","type-post","status-publish","format-standard","has-post-thumbnail","hentry","category-electric-vehicles","category-supercars-electric-cars","category-suvs-electric-vehicles","category-hybrid-vehicles","category-super-hyper-cars","category-suvs-hybrid-vehicles-hybrid-vehicles","category-new-technology-electric-vehicles","category-new-technology-hybrid-vehicles-hybrid-vehicles","tag-automobilityla2019-laas-laautoshow"],"jetpack_publicize_connections":[],"featured_image_urls":{"full":["https:\/\/evhnews.com\/wp-content\/uploads\/2019\/12\/2019-LA-Auto-Show-12.jpg",800,533,false],"thumbnail":["https:\/\/evhnews.com\/wp-content\/uploads\/2019\/12\/2019-LA-Auto-Show-12-150x150.jpg",150,150,true],"medium":["https:\/\/evhnews.com\/wp-content\/uploads\/2019\/12\/2019-LA-Auto-Show-12-300x200.jpg",300,200,true],"medium_large":["https:\/\/evhnews.com\/wp-content\/uploads\/2019\/12\/2019-LA-Auto-Show-12-768x512.jpg",640,427,true],"large":["https:\/\/evhnews.com\/wp-content\/uploads\/2019\/12\/2019-LA-Auto-Show-12.jpg",640,426,false],"1536x1536":["https:\/\/evhnews.com\/wp-content\/uploads\/2019\/12\/2019-LA-Auto-Show-12.jpg",800,533,false],"2048x2048":["https:\/\/evhnews.com\/wp-content\/uploads\/2019\/12\/2019-LA-Auto-Show-12.jpg",800,533,false],"trp-custom-language-flag":["https:\/\/evhnews.com\/wp-content\/uploads\/2019\/12\/2019-LA-Auto-Show-12.jpg",18,12,false],"newspack-article-block-landscape-large":["https:\/\/evhnews.com\/wp-content\/uploads\/2019\/12\/2019-LA-Auto-Show-12.jpg",800,533,false],"newspack-article-block-portrait-large":["https:\/\/evhnews.com\/wp-content\/uploads\/2019\/12\/2019-LA-Auto-Show-12.jpg",800,533,false],"newspack-article-block-square-large":["https:\/\/evhnews.com\/wp-content\/uploads\/2019\/12\/2019-LA-Auto-Show-12.jpg",800,533,false],"newspack-article-block-landscape-medium":["https:\/\/evhnews.com\/wp-content\/uploads\/2019\/12\/2019-LA-Auto-Show-12.jpg",800,533,false],"newspack-article-block-portrait-medium":["https:\/\/evhnews.com\/wp-content\/uploads\/2019\/12\/2019-LA-Auto-Show-12.jpg",600,400,false],"newspack-article-block-square-medium":["https:\/\/evhnews.com\/wp-content\/uploads\/2019\/12\/2019-LA-Auto-Show-12.jpg",800,533,false],"newspack-article-block-landscape-intermediate":["https:\/\/evhnews.com\/wp-content\/uploads\/2019\/12\/2019-LA-Auto-Show-12.jpg",600,400,false],"newspack-article-block-portrait-intermediate":["https:\/\/evhnews.com\/wp-content\/uploads\/2019\/12\/2019-LA-Auto-Show-12.jpg",450,300,false],"newspack-article-block-square-intermediate":["https:\/\/evhnews.com\/wp-content\/uploads\/2019\/12\/2019-LA-Auto-Show-12.jpg",600,400,false],"newspack-article-block-landscape-small":["https:\/\/evhnews.com\/wp-content\/uploads\/2019\/12\/2019-LA-Auto-Show-12.jpg",400,267,false],"newspack-article-block-portrait-small":["https:\/\/evhnews.com\/wp-content\/uploads\/2019\/12\/2019-LA-Auto-Show-12.jpg",300,200,false],"newspack-article-block-square-small":["https:\/\/evhnews.com\/wp-content\/uploads\/2019\/12\/2019-LA-Auto-Show-12.jpg",400,267,false],"newspack-article-block-landscape-tiny":["https:\/\/evhnews.com\/wp-content\/uploads\/2019\/12\/2019-LA-Auto-Show-12.jpg",200,133,false],"newspack-article-block-portrait-tiny":["https:\/\/evhnews.com\/wp-content\/uploads\/2019\/12\/2019-LA-Auto-Show-12.jpg",150,100,false],"newspack-article-block-square-tiny":["https:\/\/evhnews.com\/wp-content\/uploads\/2019\/12\/2019-LA-Auto-Show-12.jpg",200,133,false],"newspack-article-block-uncropped":["https:\/\/evhnews.com\/wp-content\/uploads\/2019\/12\/2019-LA-Auto-Show-12.jpg",800,533,false],"enternews-featured":["https:\/\/evhnews.com\/wp-content\/uploads\/2019\/12\/2019-LA-Auto-Show-12.jpg",800,533,false],"enternews-medium":["https:\/\/evhnews.com\/wp-content\/uploads\/2019\/12\/2019-LA-Auto-Show-12.jpg",713,475,false],"enternews-thumbnail":["https:\/\/evhnews.com\/wp-content\/uploads\/2019\/12\/2019-LA-Auto-Show-12.jpg",473,315,false],"tenweb_optimizer_mobile":["https:\/\/evhnews.com\/wp-content\/uploads\/2019\/12\/2019-LA-Auto-Show-12.jpg",600,400,false],"tenweb_optimizer_tablet":["https:\/\/evhnews.com\/wp-content\/uploads\/2019\/12\/2019-LA-Auto-Show-12.jpg",768,512,false]},"author_info":{"display_name":"EVHNews","author_link":"https:\/\/evhnews.com\/sv\/author\/evhnews\/"},"category_info":"<a href=\"https:\/\/evhnews.com\/sv\/category\/elektriska-fordon\/\" rel=\"category tag\">Electric Automotive Vehicles<\/a> <a href=\"https:\/\/evhnews.com\/sv\/category\/elektriska-fordon\/superbilar-elbilar\/\" rel=\"category tag\">Electric Supercars<\/a> <a href=\"https:\/\/evhnews.com\/sv\/category\/elektriska-fordon\/suvar-elektriska-fordon\/\" rel=\"category tag\">Electric SUV's<\/a> <a href=\"https:\/\/evhnews.com\/sv\/category\/hybridfordon\/\" rel=\"category tag\">Hybrid Automotive Vehicles<\/a> <a href=\"https:\/\/evhnews.com\/sv\/category\/hybridfordon\/super-hyper-bilar\/\" rel=\"category tag\">Hybrid Super Cars<\/a> <a href=\"https:\/\/evhnews.com\/sv\/category\/hybridfordon\/suvar-hybridfordon-hybridfordon\/\" rel=\"category tag\">Hybrid SUV's<\/a> <a href=\"https:\/\/evhnews.com\/sv\/category\/elektriska-fordon\/ny-teknik-for-elfordon\/\" rel=\"category tag\">New Electric Automotive Technology<\/a> <a href=\"https:\/\/evhnews.com\/sv\/category\/hybridfordon\/ny-teknik-hybridfordon-hybridfordon\/\" rel=\"category tag\">New Hybrid Automotive Technology<\/a>","tag_info":"New Hybrid Automotive Technology","comment_count":"0","jetpack_featured_media_url":"https:\/\/evhnews.com\/wp-content\/uploads\/2019\/12\/2019-LA-Auto-Show-12.jpg","jetpack_likes_enabled":true,"jetpack_sharing_enabled":true,"jetpack_shortlink":"https:\/\/wp.me\/pbbbdx-9x","amp_enabled":true,"_links":{"self":[{"href":"https:\/\/evhnews.com\/sv\/wp-json\/wp\/v2\/posts\/591","targetHints":{"allow":["GET"]}}],"collection":[{"href":"https:\/\/evhnews.com\/sv\/wp-json\/wp\/v2\/posts"}],"about":[{"href":"https:\/\/evhnews.com\/sv\/wp-json\/wp\/v2\/types\/post"}],"author":[{"embeddable":true,"href":"https:\/\/evhnews.com\/sv\/wp-json\/wp\/v2\/users\/165558846"}],"replies":[{"embeddable":true,"href":"https:\/\/evhnews.com\/sv\/wp-json\/wp\/v2\/comments?post=591"}],"version-history":[{"count":4,"href":"https:\/\/evhnews.com\/sv\/wp-json\/wp\/v2\/posts\/591\/revisions"}],"predecessor-version":[{"id":1365,"href":"https:\/\/evhnews.com\/sv\/wp-json\/wp\/v2\/posts\/591\/revisions\/1365"}],"wp:featuredmedia":[{"embeddable":true,"href":"https:\/\/evhnews.com\/sv\/wp-json\/wp\/v2\/media\/1366"}],"wp:attachment":[{"href":"https:\/\/evhnews.com\/sv\/wp-json\/wp\/v2\/media?parent=591"}],"wp:term":[{"taxonomy":"category","embeddable":true,"href":"https:\/\/evhnews.com\/sv\/wp-json\/wp\/v2\/categories?post=591"},{"taxonomy":"post_tag","embeddable":true,"href":"https:\/\/evhnews.com\/sv\/wp-json\/wp\/v2\/tags?post=591"}],"curies":[{"name":"wp","href":"https:\/\/api.w.org\/{rel}","templated":true}]}}