{"id":8000,"date":"2023-07-17T21:32:25","date_gmt":"2023-07-18T04:32:25","guid":{"rendered":"https:\/\/evhnews.com\/?p=8000"},"modified":"2023-07-20T06:56:38","modified_gmt":"2023-07-20T13:56:38","slug":"the-hispano-suiza-carmen-boulogne-culminates-its-participation-in-the-goodwood-festival-of-speed","status":"publish","type":"post","link":"https:\/\/evhnews.com\/sv\/2023\/07\/17\/the-hispano-suiza-carmen-boulogne-culminates-its-participation-in-the-goodwood-festival-of-speed\/","title":{"rendered":"The Hispano Suiza Carmen Boulogne Culminates Its Participation In The Goodwood Festival Of Speed"},"content":{"rendered":"<ul>\n<li><strong>Hispano Suiza Carmen Boulogne debuterade p\u00e5 Goodwood Festival of Speed, som pr\u00e4glades av att l\u00f6rdagens evenemang st\u00e4lldes in p\u00e5 grund av d\u00e5liga v\u00e4derf\u00f6rh\u00e5llanden.<\/strong><\/li>\n<li><strong>Varum\u00e4rket presenterade f\u00f6r f\u00f6rsta g\u00e5ngen i samh\u00e4llet sin f\u00f6rnyade f\u00f6retagsidentitet.<\/strong><\/li>\n<li><strong>Luis P\u00e9rez-Sala, f\u00f6re detta Formel 1-f\u00f6rare och Hispano Suiza Driver Ambassador, k\u00f6rde den ikoniska backt\u00e4vlingen tillsammans med k\u00e4nda motork\u00e4ndisar.<\/strong><\/li>\n<\/ul>\n<p>Hispano Suiza Carmen Boulogne v\u00e4ckte publikens uppm\u00e4rksamhet vid Goodwood Festival of Speed i helgen, ett av de viktigaste evenemangen i motorsportens v\u00e4rld. Festivalen, som skapades av hertigen av Richmond 1993, firade sitt 30-\u00e5rsjubileum, vilket pr\u00e4glades av d\u00e5ligt v\u00e4der som ledde till att alla aktiviteter st\u00e4lldes in p\u00e5 l\u00f6rdagen. Trots detta kunde n\u00e4rmare 200 000 personer njuta av denna sp\u00e4nnande helg i West Sussex.<\/p>\n<p>&nbsp;<\/p>\n<p><img fetchpriority=\"high\" decoding=\"async\" data-attachment-id=\"8003\" data-permalink=\"https:\/\/evhnews.com\/sv\/2023\/07\/17\/the-hispano-suiza-carmen-boulogne-culminates-its-participation-in-the-goodwood-festival-of-speed\/james-martin-luis-perez-sala-goodwood-fos\/\" data-orig-file=\"https:\/\/evhnews.com\/wp-content\/uploads\/2023\/07\/James-Martin-Luis-Perez-Sala-@-Goodwood-FoS.jpeg\" data-orig-size=\"2705,1803\" data-comments-opened=\"1\" data-image-meta=\"{&quot;aperture&quot;:&quot;0&quot;,&quot;credit&quot;:&quot;&quot;,&quot;camera&quot;:&quot;&quot;,&quot;caption&quot;:&quot;&quot;,&quot;created_timestamp&quot;:&quot;0&quot;,&quot;copyright&quot;:&quot;&quot;,&quot;focal_length&quot;:&quot;0&quot;,&quot;iso&quot;:&quot;0&quot;,&quot;shutter_speed&quot;:&quot;0&quot;,&quot;title&quot;:&quot;&quot;,&quot;orientation&quot;:&quot;0&quot;}\" data-image-title=\"James Martin &amp;#038; Luis Perez Sala @ Goodwood FoS\" data-image-description=\"\" data-image-caption=\"\" data-large-file=\"https:\/\/evhnews.com\/wp-content\/uploads\/2023\/07\/James-Martin-Luis-Perez-Sala-@-Goodwood-FoS-1024x683.jpeg\" class=\"aligncenter size-large wp-image-8003\" src=\"https:\/\/evhnews.com\/wp-content\/uploads\/2023\/07\/James-Martin-Luis-Perez-Sala-@-Goodwood-FoS-1024x683.jpeg\" alt=\"\" width=\"640\" height=\"427\" srcset=\"https:\/\/evhnews.com\/wp-content\/uploads\/2023\/07\/James-Martin-Luis-Perez-Sala-@-Goodwood-FoS-1024x683.jpeg 1024w, https:\/\/evhnews.com\/wp-content\/uploads\/2023\/07\/James-Martin-Luis-Perez-Sala-@-Goodwood-FoS-300x200.jpeg 300w, https:\/\/evhnews.com\/wp-content\/uploads\/2023\/07\/James-Martin-Luis-Perez-Sala-@-Goodwood-FoS-768x512.jpeg 768w, https:\/\/evhnews.com\/wp-content\/uploads\/2023\/07\/James-Martin-Luis-Perez-Sala-@-Goodwood-FoS-1536x1024.jpeg 1536w, https:\/\/evhnews.com\/wp-content\/uploads\/2023\/07\/James-Martin-Luis-Perez-Sala-@-Goodwood-FoS-2048x1365.jpeg 2048w, https:\/\/evhnews.com\/wp-content\/uploads\/2023\/07\/James-Martin-Luis-Perez-Sala-@-Goodwood-FoS-1200x800.jpeg 1200w, https:\/\/evhnews.com\/wp-content\/uploads\/2023\/07\/James-Martin-Luis-Perez-Sala-@-Goodwood-FoS-600x400.jpeg 600w\" sizes=\"(max-width: 640px) 100vw, 640px\" \/><br \/>\nTidigare F1-f\u00f6rare och Hispano Suiza Driver Ambassador, Luis P\u00e9rez-Sala, k\u00f6rde uppf\u00f6r den legendariska Goodwood Hillclimb under helgen: \u201cAtt k\u00f6ra Hillclimb vid Goodwood Festival of Speed \u00e4r alltid en sp\u00e4nnande upplevelse, \u00e4nnu mer ombord p\u00e5 Hispano Suiza Carmen Boulogne. Alla kl\u00e4ttringar var extremt anv\u00e4ndbara ur en teknisk synvinkel, eftersom de till\u00e4t oss att testa v\u00e5ra nya batterier och gav oss v\u00e4rdefull data som v\u00e5rt tekniska team nu kommer att analysera.\u201d<\/p>\n<p>Victor Cobos, styrelsemedlem och marknadschef f\u00f6r Hispano Suiza, tillade: \u201cGoodwood \u00e4r s\u00e5 mycket mer \u00e4n dess legendariska backlopp. Detta evenemang gav oss m\u00f6jlighet att presentera v\u00e5r nya f\u00f6retagsidentitet p\u00e5 internationell niv\u00e5 och tr\u00e4ffa journalister, influencers, bilentusiaster, kunder och institutioner. Av denna anledning \u00e4r vi extremt n\u00f6jda\u201d.<\/p>\n<h6 style=\"text-align: center;\"><img decoding=\"async\" data-attachment-id=\"8004\" data-permalink=\"https:\/\/evhnews.com\/sv\/2023\/07\/17\/the-hispano-suiza-carmen-boulogne-culminates-its-participation-in-the-goodwood-festival-of-speed\/tim-shmee-shmee150-goodwood-fos\/\" data-orig-file=\"https:\/\/evhnews.com\/wp-content\/uploads\/2023\/07\/Tim-Shmee-@shmee150-Goodwood-FoS.jpeg\" data-orig-size=\"3500,2333\" data-comments-opened=\"1\" data-image-meta=\"{&quot;aperture&quot;:&quot;0&quot;,&quot;credit&quot;:&quot;&quot;,&quot;camera&quot;:&quot;&quot;,&quot;caption&quot;:&quot;&quot;,&quot;created_timestamp&quot;:&quot;0&quot;,&quot;copyright&quot;:&quot;&quot;,&quot;focal_length&quot;:&quot;0&quot;,&quot;iso&quot;:&quot;0&quot;,&quot;shutter_speed&quot;:&quot;0&quot;,&quot;title&quot;:&quot;&quot;,&quot;orientation&quot;:&quot;0&quot;}\" data-image-title=\"Tim &amp;#8211; Shmee (@shmee150) &amp;#8211; Goodwood FoS\" data-image-description=\"\" data-image-caption=\"\" data-large-file=\"https:\/\/evhnews.com\/wp-content\/uploads\/2023\/07\/Tim-Shmee-@shmee150-Goodwood-FoS-1024x683.jpeg\" class=\"aligncenter size-large wp-image-8004\" src=\"https:\/\/evhnews.com\/wp-content\/uploads\/2023\/07\/Tim-Shmee-@shmee150-Goodwood-FoS-1024x683.jpeg\" alt=\"\" width=\"640\" height=\"427\" srcset=\"https:\/\/evhnews.com\/wp-content\/uploads\/2023\/07\/Tim-Shmee-@shmee150-Goodwood-FoS-1024x683.jpeg 1024w, https:\/\/evhnews.com\/wp-content\/uploads\/2023\/07\/Tim-Shmee-@shmee150-Goodwood-FoS-300x200.jpeg 300w, https:\/\/evhnews.com\/wp-content\/uploads\/2023\/07\/Tim-Shmee-@shmee150-Goodwood-FoS-768x512.jpeg 768w, https:\/\/evhnews.com\/wp-content\/uploads\/2023\/07\/Tim-Shmee-@shmee150-Goodwood-FoS-1536x1024.jpeg 1536w, https:\/\/evhnews.com\/wp-content\/uploads\/2023\/07\/Tim-Shmee-@shmee150-Goodwood-FoS-2048x1365.jpeg 2048w, https:\/\/evhnews.com\/wp-content\/uploads\/2023\/07\/Tim-Shmee-@shmee150-Goodwood-FoS-1200x800.jpeg 1200w, https:\/\/evhnews.com\/wp-content\/uploads\/2023\/07\/Tim-Shmee-@shmee150-Goodwood-FoS-600x400.jpeg 600w\" sizes=\"(max-width: 640px) 100vw, 640px\" \/><img decoding=\"async\" data-attachment-id=\"8005\" data-permalink=\"https:\/\/evhnews.com\/sv\/2023\/07\/17\/the-hispano-suiza-carmen-boulogne-culminates-its-participation-in-the-goodwood-festival-of-speed\/victor-cobos-member-of-the-advisory-board-and-cmo-of-hispano-suiza\/\" data-orig-file=\"https:\/\/evhnews.com\/wp-content\/uploads\/2023\/07\/Victor-Cobos-Member-of-the-Advisory-Board-and-CMO-of-Hispano-Suiza.jpeg\" data-orig-size=\"3500,2333\" data-comments-opened=\"1\" data-image-meta=\"{&quot;aperture&quot;:&quot;0&quot;,&quot;credit&quot;:&quot;&quot;,&quot;camera&quot;:&quot;&quot;,&quot;caption&quot;:&quot;&quot;,&quot;created_timestamp&quot;:&quot;0&quot;,&quot;copyright&quot;:&quot;&quot;,&quot;focal_length&quot;:&quot;0&quot;,&quot;iso&quot;:&quot;0&quot;,&quot;shutter_speed&quot;:&quot;0&quot;,&quot;title&quot;:&quot;&quot;,&quot;orientation&quot;:&quot;0&quot;}\" data-image-title=\"Victor Cobos, Member of the Advisory Board and CMO of Hispano Suiza\" data-image-description=\"\" data-image-caption=\"\" data-large-file=\"https:\/\/evhnews.com\/wp-content\/uploads\/2023\/07\/Victor-Cobos-Member-of-the-Advisory-Board-and-CMO-of-Hispano-Suiza-1024x683.jpeg\" class=\"aligncenter size-large wp-image-8005\" src=\"https:\/\/evhnews.com\/wp-content\/uploads\/2023\/07\/Victor-Cobos-Member-of-the-Advisory-Board-and-CMO-of-Hispano-Suiza-1024x683.jpeg\" alt=\"\" width=\"640\" height=\"427\" srcset=\"https:\/\/evhnews.com\/wp-content\/uploads\/2023\/07\/Victor-Cobos-Member-of-the-Advisory-Board-and-CMO-of-Hispano-Suiza-1024x683.jpeg 1024w, https:\/\/evhnews.com\/wp-content\/uploads\/2023\/07\/Victor-Cobos-Member-of-the-Advisory-Board-and-CMO-of-Hispano-Suiza-300x200.jpeg 300w, https:\/\/evhnews.com\/wp-content\/uploads\/2023\/07\/Victor-Cobos-Member-of-the-Advisory-Board-and-CMO-of-Hispano-Suiza-768x512.jpeg 768w, https:\/\/evhnews.com\/wp-content\/uploads\/2023\/07\/Victor-Cobos-Member-of-the-Advisory-Board-and-CMO-of-Hispano-Suiza-1536x1024.jpeg 1536w, https:\/\/evhnews.com\/wp-content\/uploads\/2023\/07\/Victor-Cobos-Member-of-the-Advisory-Board-and-CMO-of-Hispano-Suiza-2048x1365.jpeg 2048w, https:\/\/evhnews.com\/wp-content\/uploads\/2023\/07\/Victor-Cobos-Member-of-the-Advisory-Board-and-CMO-of-Hispano-Suiza-1200x800.jpeg 1200w, https:\/\/evhnews.com\/wp-content\/uploads\/2023\/07\/Victor-Cobos-Member-of-the-Advisory-Board-and-CMO-of-Hispano-Suiza-600x400.jpeg 600w\" sizes=\"(max-width: 640px) 100vw, 640px\" \/><img loading=\"lazy\" decoding=\"async\" data-attachment-id=\"8006\" data-permalink=\"https:\/\/evhnews.com\/sv\/2023\/07\/17\/the-hispano-suiza-carmen-boulogne-culminates-its-participation-in-the-goodwood-festival-of-speed\/nina-weizenecker-ninacarmaria-with-hispano-suiza-carmen-boulogne\/\" data-orig-file=\"https:\/\/evhnews.com\/wp-content\/uploads\/2023\/07\/Nina-Weizenecker-@ninacarmaria-with-Hispano-Suiza-Carmen-Boulogne.jpeg\" data-orig-size=\"2268,4032\" data-comments-opened=\"1\" data-image-meta=\"{&quot;aperture&quot;:&quot;0&quot;,&quot;credit&quot;:&quot;&quot;,&quot;camera&quot;:&quot;&quot;,&quot;caption&quot;:&quot;&quot;,&quot;created_timestamp&quot;:&quot;0&quot;,&quot;copyright&quot;:&quot;&quot;,&quot;focal_length&quot;:&quot;0&quot;,&quot;iso&quot;:&quot;0&quot;,&quot;shutter_speed&quot;:&quot;0&quot;,&quot;title&quot;:&quot;&quot;,&quot;orientation&quot;:&quot;0&quot;}\" data-image-title=\"Nina Weizenecker (@ninacarmaria) with Hispano Suiza Carmen Boulogne\" data-image-description=\"\" data-image-caption=\"\" data-large-file=\"https:\/\/evhnews.com\/wp-content\/uploads\/2023\/07\/Nina-Weizenecker-@ninacarmaria-with-Hispano-Suiza-Carmen-Boulogne-576x1024.jpeg\" class=\"aligncenter size-large wp-image-8006\" src=\"https:\/\/evhnews.com\/wp-content\/uploads\/2023\/07\/Nina-Weizenecker-@ninacarmaria-with-Hispano-Suiza-Carmen-Boulogne-576x1024.jpeg\" alt=\"\" width=\"576\" height=\"1024\" srcset=\"https:\/\/evhnews.com\/wp-content\/uploads\/2023\/07\/Nina-Weizenecker-@ninacarmaria-with-Hispano-Suiza-Carmen-Boulogne-576x1024.jpeg 576w, https:\/\/evhnews.com\/wp-content\/uploads\/2023\/07\/Nina-Weizenecker-@ninacarmaria-with-Hispano-Suiza-Carmen-Boulogne-169x300.jpeg 169w, https:\/\/evhnews.com\/wp-content\/uploads\/2023\/07\/Nina-Weizenecker-@ninacarmaria-with-Hispano-Suiza-Carmen-Boulogne-768x1365.jpeg 768w, https:\/\/evhnews.com\/wp-content\/uploads\/2023\/07\/Nina-Weizenecker-@ninacarmaria-with-Hispano-Suiza-Carmen-Boulogne-864x1536.jpeg 864w, https:\/\/evhnews.com\/wp-content\/uploads\/2023\/07\/Nina-Weizenecker-@ninacarmaria-with-Hispano-Suiza-Carmen-Boulogne-1152x2048.jpeg 1152w, https:\/\/evhnews.com\/wp-content\/uploads\/2023\/07\/Nina-Weizenecker-@ninacarmaria-with-Hispano-Suiza-Carmen-Boulogne-1200x2133.jpeg 1200w, https:\/\/evhnews.com\/wp-content\/uploads\/2023\/07\/Nina-Weizenecker-@ninacarmaria-with-Hispano-Suiza-Carmen-Boulogne-1024x1820.jpeg 1024w, https:\/\/evhnews.com\/wp-content\/uploads\/2023\/07\/Nina-Weizenecker-@ninacarmaria-with-Hispano-Suiza-Carmen-Boulogne-338x600.jpeg 338w\" sizes=\"(max-width: 576px) 100vw, 576px\" \/><img loading=\"lazy\" decoding=\"async\" data-attachment-id=\"8007\" data-permalink=\"https:\/\/evhnews.com\/sv\/2023\/07\/17\/the-hispano-suiza-carmen-boulogne-culminates-its-participation-in-the-goodwood-festival-of-speed\/hispano-suiza-carmen-boulogne-goodwood-fos-rear-view\/\" data-orig-file=\"https:\/\/evhnews.com\/wp-content\/uploads\/2023\/07\/Hispano-Suiza-Carmen-Boulogne-@-Goodwood-FoS-Rear-View.jpeg\" data-orig-size=\"3500,2333\" data-comments-opened=\"1\" data-image-meta=\"{&quot;aperture&quot;:&quot;0&quot;,&quot;credit&quot;:&quot;&quot;,&quot;camera&quot;:&quot;&quot;,&quot;caption&quot;:&quot;&quot;,&quot;created_timestamp&quot;:&quot;0&quot;,&quot;copyright&quot;:&quot;&quot;,&quot;focal_length&quot;:&quot;0&quot;,&quot;iso&quot;:&quot;0&quot;,&quot;shutter_speed&quot;:&quot;0&quot;,&quot;title&quot;:&quot;&quot;,&quot;orientation&quot;:&quot;0&quot;}\" data-image-title=\"Hispano Suiza Carmen Boulogne @ Goodwood FoS-Rear View\" data-image-description=\"\" data-image-caption=\"\" data-large-file=\"https:\/\/evhnews.com\/wp-content\/uploads\/2023\/07\/Hispano-Suiza-Carmen-Boulogne-@-Goodwood-FoS-Rear-View-1024x683.jpeg\" class=\"aligncenter size-large wp-image-8007\" src=\"https:\/\/evhnews.com\/wp-content\/uploads\/2023\/07\/Hispano-Suiza-Carmen-Boulogne-@-Goodwood-FoS-Rear-View-1024x683.jpeg\" alt=\"\" width=\"640\" height=\"427\" srcset=\"https:\/\/evhnews.com\/wp-content\/uploads\/2023\/07\/Hispano-Suiza-Carmen-Boulogne-@-Goodwood-FoS-Rear-View-1024x683.jpeg 1024w, https:\/\/evhnews.com\/wp-content\/uploads\/2023\/07\/Hispano-Suiza-Carmen-Boulogne-@-Goodwood-FoS-Rear-View-300x200.jpeg 300w, https:\/\/evhnews.com\/wp-content\/uploads\/2023\/07\/Hispano-Suiza-Carmen-Boulogne-@-Goodwood-FoS-Rear-View-768x512.jpeg 768w, https:\/\/evhnews.com\/wp-content\/uploads\/2023\/07\/Hispano-Suiza-Carmen-Boulogne-@-Goodwood-FoS-Rear-View-1536x1024.jpeg 1536w, https:\/\/evhnews.com\/wp-content\/uploads\/2023\/07\/Hispano-Suiza-Carmen-Boulogne-@-Goodwood-FoS-Rear-View-2048x1365.jpeg 2048w, https:\/\/evhnews.com\/wp-content\/uploads\/2023\/07\/Hispano-Suiza-Carmen-Boulogne-@-Goodwood-FoS-Rear-View-1200x800.jpeg 1200w, https:\/\/evhnews.com\/wp-content\/uploads\/2023\/07\/Hispano-Suiza-Carmen-Boulogne-@-Goodwood-FoS-Rear-View-600x400.jpeg 600w\" sizes=\"(max-width: 640px) 100vw, 640px\" \/><em>Image Credit: Hispano Suiza Media<\/em><\/h6>\n<p>V\u00e4lrenommerade bilinfluerare, s\u00e5som Tim \u2013 Shmee<a href=\"https:\/\/www.instagram.com\/shmee150\/?hl=en\">@shmee150<\/a>), Nina Weizenecker (<a href=\"https:\/\/www.instagram.com\/ninacarmaria\/?hl=en\">@ninacarmaria<\/a>och k\u00e4ndiskocken James Martin (<a href=\"https:\/\/www.instagram.com\/jamesmartinchef\/?hl=en\">@jamesmartinchef<\/a>) fanns bland g\u00e4sterna som ackompanjerade Hispano Suiza under hela helgen vid Goodwood Festival of Speed.<\/p>\n<p>Efter att ha stigit av Carmen Boulogne efter backt\u00e4vlingen sa James Martin: \u201cDet h\u00e4r var verkligen speciellt, tack s\u00e5 mycket. Den h\u00e4r bilen ser, k\u00e4nns och k\u00f6rs fantastiskt. Om det h\u00e4r \u00e4r framtiden, s\u00e5 ser framtiden ljus ut!\u201d.<\/p>\n<p><img loading=\"lazy\" decoding=\"async\" data-attachment-id=\"7771\" data-permalink=\"https:\/\/evhnews.com\/sv\/2023\/07\/17\/the-hispano-suiza-carmen-boulogne-culminates-its-participation-in-the-goodwood-festival-of-speed\/ev-hybrid-news-logo\/\" data-orig-file=\"https:\/\/evhnews.com\/wp-content\/uploads\/2023\/06\/EV-Hybrid-news-Logo.jpg\" data-orig-size=\"500,515\" data-comments-opened=\"1\" data-image-meta=\"{&quot;aperture&quot;:&quot;0&quot;,&quot;credit&quot;:&quot;&quot;,&quot;camera&quot;:&quot;&quot;,&quot;caption&quot;:&quot;&quot;,&quot;created_timestamp&quot;:&quot;0&quot;,&quot;copyright&quot;:&quot;&quot;,&quot;focal_length&quot;:&quot;0&quot;,&quot;iso&quot;:&quot;0&quot;,&quot;shutter_speed&quot;:&quot;0&quot;,&quot;title&quot;:&quot;&quot;,&quot;orientation&quot;:&quot;1&quot;}\" data-image-title=\"EV-Hybrid-news-Logo\" data-image-description=\"\" data-image-caption=\"\" data-large-file=\"https:\/\/evhnews.com\/wp-content\/uploads\/2023\/06\/EV-Hybrid-news-Logo.jpg\" class=\"alignleft wp-image-7771\" src=\"https:\/\/evhnews.com\/wp-content\/uploads\/2023\/06\/EV-Hybrid-news-Logo-150x150.jpg?crop=1\" alt=\"\" width=\"109\" height=\"112\" srcset=\"https:\/\/evhnews.com\/wp-content\/uploads\/2023\/06\/EV-Hybrid-news-Logo-291x300.jpg 291w, https:\/\/evhnews.com\/wp-content\/uploads\/2023\/06\/EV-Hybrid-news-Logo.jpg 500w\" sizes=\"(max-width: 109px) 100vw, 109px\" \/><\/p>","protected":false},"excerpt":{"rendered":"<p>The Hispano Suiza Carmen Boulogne made its debut at the Goodwood Festival of Speed, which&#8230;<\/p>","protected":false},"author":165558846,"featured_media":8002,"comment_status":"open","ping_status":"open","sticky":false,"template":"","format":"standard","meta":{"_coblocks_attr":"","_coblocks_dimensions":"","_coblocks_responsive_height":"","_coblocks_accordion_ie_support":"","advanced_seo_description":"","jetpack_seo_html_title":"","jetpack_seo_noindex":false,"jetpack_seo_schema_type":"","_jetpack_newsletter_access":"","_jetpack_dont_email_post_to_subs":false,"_jetpack_newsletter_tier_id":0,"_jetpack_memberships_contains_paywalled_content":false,"two_page_speed":[],"_wpcom_ai_launchpad_first_post":false,"_jetpack_feature_clip_id":0,"_jetpack_memberships_contains_paid_content":false,"footnotes":"","jetpack_publicize_message":"{title}\n\n{excerpt}\n\n{url}","jetpack_publicize_feature_enabled":true,"jetpack_social_post_already_shared":true,"jetpack_social_options":{"image_generator_settings":{"template":"highway","default_image_id":0,"font":"","enabled":false},"version":2},"_wpas_customize_per_network":false,"jetpack_post_was_ever_published":false},"categories":[688377436],"tags":[],"class_list":["post-8000","post","type-post","status-publish","format-standard","has-post-thumbnail","hentry","category-supercars-electric-cars"],"jetpack_publicize_connections":[],"featured_image_urls":{"full":["https:\/\/evhnews.com\/wp-content\/uploads\/2023\/07\/Hispano-Suiza-Carmen-Boulogne-@-Goodwood-FoS.jpeg",3500,2333,false],"thumbnail":["https:\/\/evhnews.com\/wp-content\/uploads\/2023\/07\/Hispano-Suiza-Carmen-Boulogne-@-Goodwood-FoS-150x150.jpeg?crop=1",150,150,true],"medium":["https:\/\/evhnews.com\/wp-content\/uploads\/2023\/07\/Hispano-Suiza-Carmen-Boulogne-@-Goodwood-FoS-300x200.jpeg",300,200,true],"medium_large":["https:\/\/evhnews.com\/wp-content\/uploads\/2023\/07\/Hispano-Suiza-Carmen-Boulogne-@-Goodwood-FoS-768x512.jpeg",640,427,true],"large":["https:\/\/evhnews.com\/wp-content\/uploads\/2023\/07\/Hispano-Suiza-Carmen-Boulogne-@-Goodwood-FoS-1024x683.jpeg",640,427,true],"1536x1536":["https:\/\/evhnews.com\/wp-content\/uploads\/2023\/07\/Hispano-Suiza-Carmen-Boulogne-@-Goodwood-FoS-1536x1024.jpeg",1536,1024,true],"2048x2048":["https:\/\/evhnews.com\/wp-content\/uploads\/2023\/07\/Hispano-Suiza-Carmen-Boulogne-@-Goodwood-FoS-2048x1365.jpeg",2048,1365,true],"trp-custom-language-flag":["https:\/\/evhnews.com\/wp-content\/uploads\/2023\/07\/Hispano-Suiza-Carmen-Boulogne-@-Goodwood-FoS.jpeg",18,12,false],"newspack-article-block-landscape-large":["https:\/\/evhnews.com\/wp-content\/uploads\/2023\/07\/Hispano-Suiza-Carmen-Boulogne-@-Goodwood-FoS-1200x900.jpeg?crop=1",1200,900,true],"newspack-article-block-portrait-large":["https:\/\/evhnews.com\/wp-content\/uploads\/2023\/07\/Hispano-Suiza-Carmen-Boulogne-@-Goodwood-FoS-900x1200.jpeg?crop=1",900,1200,true],"newspack-article-block-square-large":["https:\/\/evhnews.com\/wp-content\/uploads\/2023\/07\/Hispano-Suiza-Carmen-Boulogne-@-Goodwood-FoS-1200x1200.jpeg?crop=1",1200,1200,true],"newspack-article-block-landscape-medium":["https:\/\/evhnews.com\/wp-content\/uploads\/2023\/07\/Hispano-Suiza-Carmen-Boulogne-@-Goodwood-FoS-800x600.jpeg?crop=1",800,600,true],"newspack-article-block-portrait-medium":["https:\/\/evhnews.com\/wp-content\/uploads\/2023\/07\/Hispano-Suiza-Carmen-Boulogne-@-Goodwood-FoS-600x800.jpeg?crop=1",600,800,true],"newspack-article-block-square-medium":["https:\/\/evhnews.com\/wp-content\/uploads\/2023\/07\/Hispano-Suiza-Carmen-Boulogne-@-Goodwood-FoS-800x800.jpeg?crop=1",800,800,true],"newspack-article-block-landscape-intermediate":["https:\/\/evhnews.com\/wp-content\/uploads\/2023\/07\/Hispano-Suiza-Carmen-Boulogne-@-Goodwood-FoS.jpeg",600,400,false],"newspack-article-block-portrait-intermediate":["https:\/\/evhnews.com\/wp-content\/uploads\/2023\/07\/Hispano-Suiza-Carmen-Boulogne-@-Goodwood-FoS.jpeg",450,300,false],"newspack-article-block-square-intermediate":["https:\/\/evhnews.com\/wp-content\/uploads\/2023\/07\/Hispano-Suiza-Carmen-Boulogne-@-Goodwood-FoS.jpeg",600,400,false],"newspack-article-block-landscape-small":["https:\/\/evhnews.com\/wp-content\/uploads\/2023\/07\/Hispano-Suiza-Carmen-Boulogne-@-Goodwood-FoS-400x300.jpeg?crop=1",400,300,true],"newspack-article-block-portrait-small":["https:\/\/evhnews.com\/wp-content\/uploads\/2023\/07\/Hispano-Suiza-Carmen-Boulogne-@-Goodwood-FoS-300x400.jpeg?crop=1",300,400,true],"newspack-article-block-square-small":["https:\/\/evhnews.com\/wp-content\/uploads\/2023\/07\/Hispano-Suiza-Carmen-Boulogne-@-Goodwood-FoS-400x400.jpeg?crop=1",400,400,true],"newspack-article-block-landscape-tiny":["https:\/\/evhnews.com\/wp-content\/uploads\/2023\/07\/Hispano-Suiza-Carmen-Boulogne-@-Goodwood-FoS-200x150.jpeg?crop=1",200,150,true],"newspack-article-block-portrait-tiny":["https:\/\/evhnews.com\/wp-content\/uploads\/2023\/07\/Hispano-Suiza-Carmen-Boulogne-@-Goodwood-FoS-150x200.jpeg?crop=1",150,200,true],"newspack-article-block-square-tiny":["https:\/\/evhnews.com\/wp-content\/uploads\/2023\/07\/Hispano-Suiza-Carmen-Boulogne-@-Goodwood-FoS-200x200.jpeg?crop=1",200,200,true],"newspack-article-block-uncropped":["https:\/\/evhnews.com\/wp-content\/uploads\/2023\/07\/Hispano-Suiza-Carmen-Boulogne-@-Goodwood-FoS-1200x800.jpeg",1200,800,true],"enternews-featured":["https:\/\/evhnews.com\/wp-content\/uploads\/2023\/07\/Hispano-Suiza-Carmen-Boulogne-@-Goodwood-FoS-1024x683.jpeg",1024,683,true],"enternews-medium":["https:\/\/evhnews.com\/wp-content\/uploads\/2023\/07\/Hispano-Suiza-Carmen-Boulogne-@-Goodwood-FoS-720x475.jpeg?crop=1",720,475,true],"enternews-thumbnail":["https:\/\/evhnews.com\/wp-content\/uploads\/2023\/07\/Hispano-Suiza-Carmen-Boulogne-@-Goodwood-FoS-480x315.jpeg?crop=1",480,315,true],"tenweb_optimizer_mobile":["https:\/\/evhnews.com\/wp-content\/uploads\/2023\/07\/Hispano-Suiza-Carmen-Boulogne-@-Goodwood-FoS-600x400.jpeg",600,400,true],"tenweb_optimizer_tablet":["https:\/\/evhnews.com\/wp-content\/uploads\/2023\/07\/Hispano-Suiza-Carmen-Boulogne-@-Goodwood-FoS-768x512.jpeg",768,512,true]},"author_info":{"display_name":"EVHNews","author_link":"https:\/\/evhnews.com\/sv\/author\/evhnews\/"},"category_info":"<a href=\"https:\/\/evhnews.com\/sv\/category\/elektriska-fordon\/superbilar-elbilar\/\" rel=\"category tag\">Electric Supercars<\/a>","tag_info":"Electric Supercars","comment_count":"0","jetpack_likes_enabled":true,"jetpack_sharing_enabled":true,"jetpack_shortlink":"https:\/\/wp.me\/pbbbdx-252","amp_enabled":true,"jetpack_featured_media_url":"https:\/\/evhnews.com\/wp-content\/uploads\/2023\/07\/Hispano-Suiza-Carmen-Boulogne-@-Goodwood-FoS.jpeg","_links":{"self":[{"href":"https:\/\/evhnews.com\/sv\/wp-json\/wp\/v2\/posts\/8000","targetHints":{"allow":["GET"]}}],"collection":[{"href":"https:\/\/evhnews.com\/sv\/wp-json\/wp\/v2\/posts"}],"about":[{"href":"https:\/\/evhnews.com\/sv\/wp-json\/wp\/v2\/types\/post"}],"author":[{"embeddable":true,"href":"https:\/\/evhnews.com\/sv\/wp-json\/wp\/v2\/users\/165558846"}],"replies":[{"embeddable":true,"href":"https:\/\/evhnews.com\/sv\/wp-json\/wp\/v2\/comments?post=8000"}],"version-history":[{"count":4,"href":"https:\/\/evhnews.com\/sv\/wp-json\/wp\/v2\/posts\/8000\/revisions"}],"predecessor-version":[{"id":8028,"href":"https:\/\/evhnews.com\/sv\/wp-json\/wp\/v2\/posts\/8000\/revisions\/8028"}],"wp:featuredmedia":[{"embeddable":true,"href":"https:\/\/evhnews.com\/sv\/wp-json\/wp\/v2\/media\/8002"}],"wp:attachment":[{"href":"https:\/\/evhnews.com\/sv\/wp-json\/wp\/v2\/media?parent=8000"}],"wp:term":[{"taxonomy":"category","embeddable":true,"href":"https:\/\/evhnews.com\/sv\/wp-json\/wp\/v2\/categories?post=8000"},{"taxonomy":"post_tag","embeddable":true,"href":"https:\/\/evhnews.com\/sv\/wp-json\/wp\/v2\/tags?post=8000"}],"curies":[{"name":"wp","href":"https:\/\/api.w.org\/{rel}","templated":true}]}}