{"id":8110,"date":"2023-08-10T06:53:19","date_gmt":"2023-08-10T13:53:19","guid":{"rendered":"https:\/\/evhnews.com\/?p=8110"},"modified":"2023-08-10T06:53:19","modified_gmt":"2023-08-10T13:53:19","slug":"gm-gor-vehicle-to-home-dubbelriktad-laddningsteknik-tillganglig-for-hela-portfoljen-av-kommande-ultium-baserade-elbilar","status":"publish","type":"post","link":"https:\/\/evhnews.com\/sv\/2023\/08\/10\/gm-gor-vehicle-to-home-dubbelriktad-laddningsteknik-tillganglig-for-hela-portfoljen-av-kommande-ultium-baserade-elbilar\/","title":{"rendered":"GM g\u00f6r dubbelriktad laddningsteknik f\u00f6r fordon-till-hem tillg\u00e4nglig i hela portf\u00f6ljen av kommande Ultium-baserade elbilar"},"content":{"rendered":"<ul>\n<li>Utbyggnad av Vehicle-to-Home (V2H) i nya Ultium-baserade elbilar f\u00f6rv\u00e4ntas vid modell\u00e5r 2026<\/li>\n<li>Ut\u00f6kad tillg\u00e5ng till V2H-teknik kommer att ge kunderna m\u00f6jlighet att uppleva \u00e4nnu fler elbilsf\u00f6rdelar<\/li>\n<li>V2H-teknik ger kunder st\u00f6rre kontroll \u00f6ver energihantering och bidrar till att st\u00e4rka energioberoendet<\/li>\n<\/ul>\n<p>General Motors meddelade idag att f\u00f6retaget kommer att ut\u00f6ka tv\u00e5v\u00e4gsladdningstekniken vehicle-to-home (V2H) till sitt \u00e5terf\u00f6rs\u00e4ljningssortiment av elbilar baserade p\u00e5 Ultium, senast modell\u00e5r 2026. De f\u00f6rsta fordonen som f\u00e5r tekniken inkluderar den tidigare aviserade 2024 Chevrolet Silverado EV RST, f\u00f6ljt av 2024 GMC Sierra EV Denali Edition 1, 2024 Chevrolet Blazer EV, 2024 Chevrolet Equinox EV, 2024 Cadillac LYRIQ och den kommande Cadillac ESCALADE IQ, som kommer att presenteras den 9 augusti.<\/p>\n<p>Med utg\u00e5ngspunkt i f\u00f6retagets plan att leverera en v\u00e4xande portf\u00f6lj av energihanteringsprodukter och -tj\u00e4nster genom GM Energy, l\u00e5ser V2H upp ytterligare v\u00e4rde f\u00f6r elbilf\u00f6rare, som kommer att kunna \u00f6verf\u00f6ra energi fr\u00e5n sina fordon till ett korrekt utrustat hem n\u00e4r s\u00e5 \u00f6nskas. Tekniken g\u00f6r det m\u00f6jligt f\u00f6r konsumenter att lagra och \u00f6verf\u00f6ra energi f\u00f6r att bidra till att kompensera f\u00f6r elbehovet under dagar med h\u00f6g efterfr\u00e5gan och mildra effekterna av str\u00f6mavbrott, vilket g\u00f6r \u00f6verg\u00e5ngen till en helt elektrisk framtid \u00e4nnu mer lockande.<\/p>\n<p>\u201cGM Energy&#8217;s growing ecosystem of energy management solutions will help accelerate GM\u2019s vision of an all-electric future by further expanding access to even more benefits that EVs can offer,&#8221; said Wade Sheffer, vice president, GM Energy. \u201cBy integrating V2H across our entire Ultium-based portfolio, we are making this groundbreaking technology available to more consumers, with benefits that extend well beyond the vehicle itself, and at broader scale than ever before.\u201d<\/p>\n<h6 style=\"text-align: center;\"><img fetchpriority=\"high\" decoding=\"async\" data-attachment-id=\"8113\" data-permalink=\"https:\/\/evhnews.com\/sv\/2023\/08\/10\/gm-gor-vehicle-to-home-dubbelriktad-laddningsteknik-tillganglig-for-hela-portfoljen-av-kommande-ultium-baserade-elbilar\/gm-to-expand-v2h-technology-across-portfolio-of-electric-vehicles-2\/\" data-orig-file=\"https:\/\/evhnews.com\/wp-content\/uploads\/2023\/08\/GM-to-expand-V2H-technology-across-portfolio-of-electric-vehicles-2.jpg\" data-orig-size=\"3000,1860\" data-comments-opened=\"1\" data-image-meta=\"{&quot;aperture&quot;:&quot;0&quot;,&quot;credit&quot;:&quot;&quot;,&quot;camera&quot;:&quot;&quot;,&quot;caption&quot;:&quot;&quot;,&quot;created_timestamp&quot;:&quot;0&quot;,&quot;copyright&quot;:&quot;&quot;,&quot;focal_length&quot;:&quot;0&quot;,&quot;iso&quot;:&quot;0&quot;,&quot;shutter_speed&quot;:&quot;0&quot;,&quot;title&quot;:&quot;&quot;,&quot;orientation&quot;:&quot;0&quot;}\" data-image-title=\"GM to expand V2H technology across portfolio of electric vehicles-2\" data-image-description=\"\" data-image-caption=\"\" data-large-file=\"https:\/\/evhnews.com\/wp-content\/uploads\/2023\/08\/GM-to-expand-V2H-technology-across-portfolio-of-electric-vehicles-2-1024x635.jpg\" class=\"size-large wp-image-8113 aligncenter\" src=\"https:\/\/evhnews.com\/wp-content\/uploads\/2023\/08\/GM-to-expand-V2H-technology-across-portfolio-of-electric-vehicles-2-1024x635.jpg\" alt=\"\" width=\"640\" height=\"397\" srcset=\"https:\/\/evhnews.com\/wp-content\/uploads\/2023\/08\/GM-to-expand-V2H-technology-across-portfolio-of-electric-vehicles-2-1024x635.jpg 1024w, https:\/\/evhnews.com\/wp-content\/uploads\/2023\/08\/GM-to-expand-V2H-technology-across-portfolio-of-electric-vehicles-2-300x186.jpg 300w, https:\/\/evhnews.com\/wp-content\/uploads\/2023\/08\/GM-to-expand-V2H-technology-across-portfolio-of-electric-vehicles-2-768x476.jpg 768w, https:\/\/evhnews.com\/wp-content\/uploads\/2023\/08\/GM-to-expand-V2H-technology-across-portfolio-of-electric-vehicles-2-1536x952.jpg 1536w, https:\/\/evhnews.com\/wp-content\/uploads\/2023\/08\/GM-to-expand-V2H-technology-across-portfolio-of-electric-vehicles-2-2048x1270.jpg 2048w, https:\/\/evhnews.com\/wp-content\/uploads\/2023\/08\/GM-to-expand-V2H-technology-across-portfolio-of-electric-vehicles-2-1200x744.jpg 1200w, https:\/\/evhnews.com\/wp-content\/uploads\/2023\/08\/GM-to-expand-V2H-technology-across-portfolio-of-electric-vehicles-2-600x372.jpg 600w\" sizes=\"(max-width: 640px) 100vw, 640px\" \/><em>Image Credit: GM<\/em><\/h6>\n<p>Kunder kommer att kunna utnyttja V2H-teknik p\u00e5 kompatibla GM-elbilar genom GM Energys tillg\u00e4ngliga <a href=\"https:\/\/pressroom.gm.com\/gmbx\/us\/en\/pressroom\/home\/news.detail.html\/Pages\/news\/us\/en\/2023\/jun\/0628-ultiumhome.html\">Ultium Hems erbjudanden<\/a>, samt GM Energy Cloud, en mjukvaruplattform som g\u00f6r det m\u00f6jligt f\u00f6r anv\u00e4ndare att hantera \u00f6verf\u00f6ringen av energi mellan till\u00e4mpliga och anslutna GM Energy-tillg\u00e5ngar och hemmet.<\/p>\n<p>Detta tillk\u00e4nnagivande understryker GMs holistiska syn p\u00e5 energihantering, d\u00e4r man utnyttjar kraften i Ultium f\u00f6r att introducera ny teknik och innovativa funktioner f\u00f6r hemanv\u00e4ndare. Utvecklingen av l\u00f6sningar f\u00f6r Ultium Home som parats med GMs v\u00e4xande portf\u00f6lj av elbilar ger kunderna fler valm\u00f6jligheter och st\u00f6rre v\u00e4rde \u00f6ver fordonskategorier och prisniv\u00e5er \u00e4n n\u00e5gonsin tidigare.<\/p>\n<p>Information om ytterligare tillg\u00e4nglighet av V2H-teknik och specifik tidplan f\u00f6r V2H-lansering till enskilda fordonsmodeller kommer att ges i framtida uppdateringar.<\/p>\n<p>Information om GM Energy och dess ekosystem av tillg\u00e4ngliga produkter och tj\u00e4nster genom Ultium Home, Ultium Commercial och Ultium Charge 360 finns p\u00e5\u00a0<a href=\"https:\/\/gmenergy.gm.com\/\">https:\/\/gmenergy.gm.com\/<\/a>.<\/p>\n<p><strong><em><br \/>\nVarning avseende fram\u00e5tblickande uttalanden<\/em><\/strong><em>:\u00a0<\/em>Detta pressmeddelande och relaterade kommentarer fr\u00e5n ledningen kan inneh\u00e5lla \u201cfram\u00e5tblickande uttalanden\u201d i den mening som avses i USA:s federala v\u00e4rdepapperslagar. Fram\u00e5tblickande uttalanden \u00e4r alla uttalanden ut\u00f6ver uttalanden om historiska fakta. Fram\u00e5tblickande uttalanden representerar v\u00e5rt nuvarande omd\u00f6me om m\u00f6jliga framtida h\u00e4ndelser och identifieras ofta med ord som \u201cf\u00f6rutse\u201d, \u201cverkar\u201d, \u201cungef\u00e4r\u201d, \u201ctro\u201d, \u201cforts\u00e4tta\u201d, \u201ckunde\u201d, \u201cutformat\u201d, \u201ceffekt\u201d, \u201cuppskatta\u201d, \u201cutv\u00e4rdera\u201d, \u201cf\u00f6rv\u00e4nta\u201d, \u201cprognostisera\u201d, \u201cm\u00e5l\u201d, \u201cinitiativ\u201d, \u201cavsikt\u201d, \u201ckan\u201d, \u201cm\u00e5l\u201d, \u201cutsikter\u201d, \u201cplan\u201d, \u201cpotential\u201d, \u201cprioriteringar\u201d, \u201cprojekt\u201d, \u201cstr\u00e4va efter\u201d, \u201cs\u00f6ka\u201d, \u201cborde\u201d, \u201cm\u00e5l\u201d, \u201cn\u00e4r\u201d, \u201ckommer att\u201d, \u201cskulle\u201d, eller nekandet av n\u00e5got av dessa ord eller liknande uttryck. Vid utformningen av dessa uttalanden f\u00f6rlitar vi oss p\u00e5 antaganden och analyser baserade p\u00e5 v\u00e5r erfarenhet och uppfattning om historiska trender, nuvarande f\u00f6rh\u00e5llanden och f\u00f6rv\u00e4ntade framtida utvecklingar, samt andra faktorer som vi anser vara l\u00e4mpliga under omst\u00e4ndigheterna. Vi anser att dessa omd\u00f6men \u00e4r rimliga, men dessa uttalanden \u00e4r inga garantier f\u00f6r n\u00e5gra framtida h\u00e4ndelser eller finansiella resultat, och v\u00e5ra faktiska resultat kan skilja sig v\u00e4sentligt p\u00e5 grund av en m\u00e4ngd faktorer, varav m\u00e5nga beskrivs i v\u00e5r senaste \u00e5rsredovisning p\u00e5 formul\u00e4r 10-K och v\u00e5ra andra inlagor till U.S. Securities and Exchange Commission. Vi varnar l\u00e4sare f\u00f6r att f\u00f6rlita sig oproportionerligt mycket p\u00e5 fram\u00e5tblickande uttalanden. Fram\u00e5tblickande uttalanden g\u00e4ller endast fr\u00e5n det datum de g\u00f6rs, och vi \u00e5tar oss ingen skyldighet att offentligt uppdatera eller p\u00e5 annat s\u00e4tt revidera n\u00e5gra fram\u00e5tblickande uttalanden, vare sig som ett resultat av ny information, framtida h\u00e4ndelser eller andra faktorer som p\u00e5verkar \u00e4mnet f\u00f6r dessa uttalanden, f\u00f6rutom d\u00e4r vi uttryckligen kr\u00e4vs att g\u00f6ra det enligt lag.<\/p>","protected":false},"excerpt":{"rendered":"<p>Vehicle-to-Home (V2H) rollout across new Ultium-based EVs anticipated by model year 2026 Expanding access to&#8230;<\/p>","protected":false},"author":165558846,"featured_media":8112,"comment_status":"open","ping_status":"open","sticky":false,"template":"","format":"standard","meta":{"_coblocks_attr":"","_coblocks_dimensions":"","_coblocks_responsive_height":"","_coblocks_accordion_ie_support":"","advanced_seo_description":"","jetpack_seo_html_title":"","jetpack_seo_noindex":false,"jetpack_seo_schema_type":"","_jetpack_newsletter_access":"","_jetpack_dont_email_post_to_subs":false,"_jetpack_newsletter_tier_id":0,"_jetpack_memberships_contains_paywalled_content":false,"two_page_speed":[],"_wpcom_ai_launchpad_first_post":false,"_jetpack_feature_clip_id":0,"_jetpack_memberships_contains_paid_content":false,"footnotes":"","jetpack_publicize_message":"{title}\n\n{excerpt}\n\n{url}","jetpack_publicize_feature_enabled":true,"jetpack_social_post_already_shared":true,"jetpack_social_options":{"image_generator_settings":{"template":"highway","default_image_id":0,"font":"","enabled":false},"version":2},"_wpas_customize_per_network":false,"jetpack_post_was_ever_published":false},"categories":[688324445],"tags":[],"class_list":["post-8110","post","type-post","status-publish","format-standard","has-post-thumbnail","hentry","category-chargers-charging-guide"],"jetpack_publicize_connections":[],"featured_image_urls":{"full":["https:\/\/evhnews.com\/wp-content\/uploads\/2023\/08\/GM-to-expand-V2H-technology-across-portfolio-of-electric-vehicles.jpg",3000,1688,false],"thumbnail":["https:\/\/evhnews.com\/wp-content\/uploads\/2023\/08\/GM-to-expand-V2H-technology-across-portfolio-of-electric-vehicles-150x150.jpg?crop=1",150,150,true],"medium":["https:\/\/evhnews.com\/wp-content\/uploads\/2023\/08\/GM-to-expand-V2H-technology-across-portfolio-of-electric-vehicles-300x169.jpg",300,169,true],"medium_large":["https:\/\/evhnews.com\/wp-content\/uploads\/2023\/08\/GM-to-expand-V2H-technology-across-portfolio-of-electric-vehicles-768x432.jpg",640,360,true],"large":["https:\/\/evhnews.com\/wp-content\/uploads\/2023\/08\/GM-to-expand-V2H-technology-across-portfolio-of-electric-vehicles-1024x576.jpg",640,360,true],"1536x1536":["https:\/\/evhnews.com\/wp-content\/uploads\/2023\/08\/GM-to-expand-V2H-technology-across-portfolio-of-electric-vehicles-1536x864.jpg",1536,864,true],"2048x2048":["https:\/\/evhnews.com\/wp-content\/uploads\/2023\/08\/GM-to-expand-V2H-technology-across-portfolio-of-electric-vehicles-2048x1152.jpg",2048,1152,true],"trp-custom-language-flag":["https:\/\/evhnews.com\/wp-content\/uploads\/2023\/08\/GM-to-expand-V2H-technology-across-portfolio-of-electric-vehicles.jpg",18,10,false],"newspack-article-block-landscape-large":["https:\/\/evhnews.com\/wp-content\/uploads\/2023\/08\/GM-to-expand-V2H-technology-across-portfolio-of-electric-vehicles-1200x900.jpg?crop=1",1200,900,true],"newspack-article-block-portrait-large":["https:\/\/evhnews.com\/wp-content\/uploads\/2023\/08\/GM-to-expand-V2H-technology-across-portfolio-of-electric-vehicles-900x1200.jpg?crop=1",900,1200,true],"newspack-article-block-square-large":["https:\/\/evhnews.com\/wp-content\/uploads\/2023\/08\/GM-to-expand-V2H-technology-across-portfolio-of-electric-vehicles-1200x1200.jpg?crop=1",1200,1200,true],"newspack-article-block-landscape-medium":["https:\/\/evhnews.com\/wp-content\/uploads\/2023\/08\/GM-to-expand-V2H-technology-across-portfolio-of-electric-vehicles-800x600.jpg?crop=1",800,600,true],"newspack-article-block-portrait-medium":["https:\/\/evhnews.com\/wp-content\/uploads\/2023\/08\/GM-to-expand-V2H-technology-across-portfolio-of-electric-vehicles-600x800.jpg?crop=1",600,800,true],"newspack-article-block-square-medium":["https:\/\/evhnews.com\/wp-content\/uploads\/2023\/08\/GM-to-expand-V2H-technology-across-portfolio-of-electric-vehicles-800x800.jpg?crop=1",800,800,true],"newspack-article-block-landscape-intermediate":["https:\/\/evhnews.com\/wp-content\/uploads\/2023\/08\/GM-to-expand-V2H-technology-across-portfolio-of-electric-vehicles.jpg",600,338,false],"newspack-article-block-portrait-intermediate":["https:\/\/evhnews.com\/wp-content\/uploads\/2023\/08\/GM-to-expand-V2H-technology-across-portfolio-of-electric-vehicles.jpg",450,253,false],"newspack-article-block-square-intermediate":["https:\/\/evhnews.com\/wp-content\/uploads\/2023\/08\/GM-to-expand-V2H-technology-across-portfolio-of-electric-vehicles.jpg",600,338,false],"newspack-article-block-landscape-small":["https:\/\/evhnews.com\/wp-content\/uploads\/2023\/08\/GM-to-expand-V2H-technology-across-portfolio-of-electric-vehicles-400x300.jpg?crop=1",400,300,true],"newspack-article-block-portrait-small":["https:\/\/evhnews.com\/wp-content\/uploads\/2023\/08\/GM-to-expand-V2H-technology-across-portfolio-of-electric-vehicles-300x400.jpg?crop=1",300,400,true],"newspack-article-block-square-small":["https:\/\/evhnews.com\/wp-content\/uploads\/2023\/08\/GM-to-expand-V2H-technology-across-portfolio-of-electric-vehicles-400x400.jpg?crop=1",400,400,true],"newspack-article-block-landscape-tiny":["https:\/\/evhnews.com\/wp-content\/uploads\/2023\/08\/GM-to-expand-V2H-technology-across-portfolio-of-electric-vehicles-200x150.jpg?crop=1",200,150,true],"newspack-article-block-portrait-tiny":["https:\/\/evhnews.com\/wp-content\/uploads\/2023\/08\/GM-to-expand-V2H-technology-across-portfolio-of-electric-vehicles-150x200.jpg?crop=1",150,200,true],"newspack-article-block-square-tiny":["https:\/\/evhnews.com\/wp-content\/uploads\/2023\/08\/GM-to-expand-V2H-technology-across-portfolio-of-electric-vehicles-200x200.jpg?crop=1",200,200,true],"newspack-article-block-uncropped":["https:\/\/evhnews.com\/wp-content\/uploads\/2023\/08\/GM-to-expand-V2H-technology-across-portfolio-of-electric-vehicles-1200x675.jpg",1200,675,true],"enternews-featured":["https:\/\/evhnews.com\/wp-content\/uploads\/2023\/08\/GM-to-expand-V2H-technology-across-portfolio-of-electric-vehicles-1024x576.jpg",1024,576,true],"enternews-medium":["https:\/\/evhnews.com\/wp-content\/uploads\/2023\/08\/GM-to-expand-V2H-technology-across-portfolio-of-electric-vehicles-720x475.jpg?crop=1",720,475,true],"enternews-thumbnail":["https:\/\/evhnews.com\/wp-content\/uploads\/2023\/08\/GM-to-expand-V2H-technology-across-portfolio-of-electric-vehicles-480x315.jpg?crop=1",480,315,true],"tenweb_optimizer_mobile":["https:\/\/evhnews.com\/wp-content\/uploads\/2023\/08\/GM-to-expand-V2H-technology-across-portfolio-of-electric-vehicles-600x338.jpg",600,338,true],"tenweb_optimizer_tablet":["https:\/\/evhnews.com\/wp-content\/uploads\/2023\/08\/GM-to-expand-V2H-technology-across-portfolio-of-electric-vehicles-768x432.jpg",768,432,true]},"author_info":{"display_name":"EVHNews","author_link":"https:\/\/evhnews.com\/sv\/author\/evhnews\/"},"category_info":"<a href=\"https:\/\/evhnews.com\/sv\/category\/laddare-laddningsguide\/\" rel=\"category tag\">Chargers &amp; Charging<\/a>","tag_info":"Chargers &amp; Charging","comment_count":"0","jetpack_likes_enabled":true,"jetpack_sharing_enabled":true,"jetpack_shortlink":"https:\/\/wp.me\/pbbbdx-26O","amp_enabled":true,"jetpack_featured_media_url":"https:\/\/evhnews.com\/wp-content\/uploads\/2023\/08\/GM-to-expand-V2H-technology-across-portfolio-of-electric-vehicles.jpg","_links":{"self":[{"href":"https:\/\/evhnews.com\/sv\/wp-json\/wp\/v2\/posts\/8110","targetHints":{"allow":["GET"]}}],"collection":[{"href":"https:\/\/evhnews.com\/sv\/wp-json\/wp\/v2\/posts"}],"about":[{"href":"https:\/\/evhnews.com\/sv\/wp-json\/wp\/v2\/types\/post"}],"author":[{"embeddable":true,"href":"https:\/\/evhnews.com\/sv\/wp-json\/wp\/v2\/users\/165558846"}],"replies":[{"embeddable":true,"href":"https:\/\/evhnews.com\/sv\/wp-json\/wp\/v2\/comments?post=8110"}],"version-history":[{"count":4,"href":"https:\/\/evhnews.com\/sv\/wp-json\/wp\/v2\/posts\/8110\/revisions"}],"predecessor-version":[{"id":8116,"href":"https:\/\/evhnews.com\/sv\/wp-json\/wp\/v2\/posts\/8110\/revisions\/8116"}],"wp:featuredmedia":[{"embeddable":true,"href":"https:\/\/evhnews.com\/sv\/wp-json\/wp\/v2\/media\/8112"}],"wp:attachment":[{"href":"https:\/\/evhnews.com\/sv\/wp-json\/wp\/v2\/media?parent=8110"}],"wp:term":[{"taxonomy":"category","embeddable":true,"href":"https:\/\/evhnews.com\/sv\/wp-json\/wp\/v2\/categories?post=8110"},{"taxonomy":"post_tag","embeddable":true,"href":"https:\/\/evhnews.com\/sv\/wp-json\/wp\/v2\/tags?post=8110"}],"curies":[{"name":"wp","href":"https:\/\/api.w.org\/{rel}","templated":true}]}}