{"id":8350,"date":"2023-09-18T20:40:30","date_gmt":"2023-09-19T03:40:30","guid":{"rendered":"https:\/\/evhnews.com\/?p=8350"},"modified":"2023-09-23T14:06:49","modified_gmt":"2023-09-23T21:06:49","slug":"helt-nya-mini-countryman-electric-gor-nordamerikapremiar-i-samband-med-climate-week-nyc","status":"publish","type":"post","link":"https:\/\/evhnews.com\/sv\/2023\/09\/18\/helt-nya-mini-countryman-electric-gor-nordamerikapremiar-i-samband-med-climate-week-nyc\/","title":{"rendered":"All-New MINI Countryman Electric Makes North America Debut On The Occasion Of Climate Week NYC"},"content":{"rendered":"<p><strong>Nya MINI Countryman Electric g\u00f6r debut i samband med BMW Groups panel om framtidens mobilitet som arrangeras av URBAN-X p\u00e5 Newlab i Brooklyn Navy Yard<\/strong><\/p>\n<p><a href=\"http:\/\/www.miniusa.com\/content\/miniusa\/en.html\">MINI USA<\/a>\u00a0\u00e4r m\u00e4rkning\u00a0<a href=\"https:\/\/www.climateweeknyc.org\/\">Klimatveckan NYC<\/a>, det st\u00f6rsta \u00e5rliga klimatevenemanget i sitt slag, med sin nordamerikanska premi\u00e4r av\u00a0<a href=\"https:\/\/www.miniusanews.com\/newsrelease.do?id=1405&amp;mid=1\">nya hel-MINI Countryman Electric<\/a>, som g\u00f6r sitt f\u00f6rsta framtr\u00e4dande i USA efter v\u00e4rldspremi\u00e4ren tidigare denna m\u00e5nad p\u00e5 IAA Mobility i M\u00fcnchen.  Denna utveckling av den st\u00f6rsta modellen i MINI-familjen, som f\u00f6rv\u00e4ntas n\u00e5 amerikanska konsumenter under h\u00f6sten 2024, \u00e4r ytterligare ett steg i varum\u00e4rkets resa mot helt elektrifierad mobilitet och h\u00e5llbar design.<\/p>\n<h6 style=\"text-align: center;\">\n<p><img fetchpriority=\"high\" decoding=\"async\" data-attachment-id=\"8353\" data-permalink=\"https:\/\/evhnews.com\/sv\/2023\/09\/18\/helt-nya-mini-countryman-electric-gor-nordamerikapremiar-i-samband-med-climate-week-nyc\/all-new-mini-countryman-electric-makes-north-america-debut-on-the-occasion-of-climate-week-nyc-side-view\/\" data-orig-file=\"https:\/\/evhnews.com\/wp-content\/uploads\/2023\/09\/All-New-MINI-Countryman-Electric-Makes-North-America-Debut-On-The-Occasion-Of-Climate-Week-NYC-Side-View.jpg\" data-orig-size=\"3500,2334\" data-comments-opened=\"1\" data-image-meta=\"{&quot;aperture&quot;:&quot;0&quot;,&quot;credit&quot;:&quot;&quot;,&quot;camera&quot;:&quot;&quot;,&quot;caption&quot;:&quot;&quot;,&quot;created_timestamp&quot;:&quot;0&quot;,&quot;copyright&quot;:&quot;&quot;,&quot;focal_length&quot;:&quot;0&quot;,&quot;iso&quot;:&quot;0&quot;,&quot;shutter_speed&quot;:&quot;0&quot;,&quot;title&quot;:&quot;&quot;,&quot;orientation&quot;:&quot;0&quot;}\" data-image-title=\"All-New MINI Countryman Electric Makes North America Debut On The Occasion Of Climate Week NYC Side View\" data-image-description=\"\" data-image-caption=\"\" data-large-file=\"https:\/\/evhnews.com\/wp-content\/uploads\/2023\/09\/All-New-MINI-Countryman-Electric-Makes-North-America-Debut-On-The-Occasion-Of-Climate-Week-NYC-Side-View-1024x683.jpg\" class=\"size-large wp-image-8353 aligncenter\" src=\"https:\/\/evhnews.com\/wp-content\/uploads\/2023\/09\/All-New-MINI-Countryman-Electric-Makes-North-America-Debut-On-The-Occasion-Of-Climate-Week-NYC-Side-View-1024x683.jpg\" alt=\"\" width=\"640\" height=\"427\" srcset=\"https:\/\/evhnews.com\/wp-content\/uploads\/2023\/09\/All-New-MINI-Countryman-Electric-Makes-North-America-Debut-On-The-Occasion-Of-Climate-Week-NYC-Side-View-1024x683.jpg 1024w, https:\/\/evhnews.com\/wp-content\/uploads\/2023\/09\/All-New-MINI-Countryman-Electric-Makes-North-America-Debut-On-The-Occasion-Of-Climate-Week-NYC-Side-View-300x200.jpg 300w, https:\/\/evhnews.com\/wp-content\/uploads\/2023\/09\/All-New-MINI-Countryman-Electric-Makes-North-America-Debut-On-The-Occasion-Of-Climate-Week-NYC-Side-View-768x512.jpg 768w, https:\/\/evhnews.com\/wp-content\/uploads\/2023\/09\/All-New-MINI-Countryman-Electric-Makes-North-America-Debut-On-The-Occasion-Of-Climate-Week-NYC-Side-View-1536x1024.jpg 1536w, https:\/\/evhnews.com\/wp-content\/uploads\/2023\/09\/All-New-MINI-Countryman-Electric-Makes-North-America-Debut-On-The-Occasion-Of-Climate-Week-NYC-Side-View-2048x1366.jpg 2048w, https:\/\/evhnews.com\/wp-content\/uploads\/2023\/09\/All-New-MINI-Countryman-Electric-Makes-North-America-Debut-On-The-Occasion-Of-Climate-Week-NYC-Side-View-1200x800.jpg 1200w, https:\/\/evhnews.com\/wp-content\/uploads\/2023\/09\/All-New-MINI-Countryman-Electric-Makes-North-America-Debut-On-The-Occasion-Of-Climate-Week-NYC-Side-View-600x400.jpg 600w\" sizes=\"(max-width: 640px) 100vw, 640px\" \/><br \/>\n<img decoding=\"async\" data-attachment-id=\"8355\" data-permalink=\"https:\/\/evhnews.com\/sv\/2023\/09\/18\/helt-nya-mini-countryman-electric-gor-nordamerikapremiar-i-samband-med-climate-week-nyc\/all-new-mini-countryman-electric-makes-north-america-debut-on-the-occasion-of-climate-week-nyc-rear-view\/\" data-orig-file=\"https:\/\/evhnews.com\/wp-content\/uploads\/2023\/09\/All-New-MINI-Countryman-Electric-Makes-North-America-Debut-On-The-Occasion-Of-Climate-Week-NYC-Rear-View.jpg\" data-orig-size=\"3500,2334\" data-comments-opened=\"1\" data-image-meta=\"{&quot;aperture&quot;:&quot;0&quot;,&quot;credit&quot;:&quot;&quot;,&quot;camera&quot;:&quot;&quot;,&quot;caption&quot;:&quot;&quot;,&quot;created_timestamp&quot;:&quot;0&quot;,&quot;copyright&quot;:&quot;&quot;,&quot;focal_length&quot;:&quot;0&quot;,&quot;iso&quot;:&quot;0&quot;,&quot;shutter_speed&quot;:&quot;0&quot;,&quot;title&quot;:&quot;&quot;,&quot;orientation&quot;:&quot;0&quot;}\" data-image-title=\"All-New MINI Countryman Electric Makes North America Debut On The Occasion Of Climate Week NYC Rear View\" data-image-description=\"\" data-image-caption=\"\" data-large-file=\"https:\/\/evhnews.com\/wp-content\/uploads\/2023\/09\/All-New-MINI-Countryman-Electric-Makes-North-America-Debut-On-The-Occasion-Of-Climate-Week-NYC-Rear-View-1024x683.jpg\" class=\"size-large wp-image-8355 aligncenter\" src=\"https:\/\/evhnews.com\/wp-content\/uploads\/2023\/09\/All-New-MINI-Countryman-Electric-Makes-North-America-Debut-On-The-Occasion-Of-Climate-Week-NYC-Rear-View-1024x683.jpg\" alt=\"\" width=\"640\" height=\"427\" srcset=\"https:\/\/evhnews.com\/wp-content\/uploads\/2023\/09\/All-New-MINI-Countryman-Electric-Makes-North-America-Debut-On-The-Occasion-Of-Climate-Week-NYC-Rear-View-1024x683.jpg 1024w, https:\/\/evhnews.com\/wp-content\/uploads\/2023\/09\/All-New-MINI-Countryman-Electric-Makes-North-America-Debut-On-The-Occasion-Of-Climate-Week-NYC-Rear-View-300x200.jpg 300w, https:\/\/evhnews.com\/wp-content\/uploads\/2023\/09\/All-New-MINI-Countryman-Electric-Makes-North-America-Debut-On-The-Occasion-Of-Climate-Week-NYC-Rear-View-768x512.jpg 768w, https:\/\/evhnews.com\/wp-content\/uploads\/2023\/09\/All-New-MINI-Countryman-Electric-Makes-North-America-Debut-On-The-Occasion-Of-Climate-Week-NYC-Rear-View-1536x1024.jpg 1536w, https:\/\/evhnews.com\/wp-content\/uploads\/2023\/09\/All-New-MINI-Countryman-Electric-Makes-North-America-Debut-On-The-Occasion-Of-Climate-Week-NYC-Rear-View-2048x1366.jpg 2048w, https:\/\/evhnews.com\/wp-content\/uploads\/2023\/09\/All-New-MINI-Countryman-Electric-Makes-North-America-Debut-On-The-Occasion-Of-Climate-Week-NYC-Rear-View-1200x800.jpg 1200w, https:\/\/evhnews.com\/wp-content\/uploads\/2023\/09\/All-New-MINI-Countryman-Electric-Makes-North-America-Debut-On-The-Occasion-Of-Climate-Week-NYC-Rear-View-600x400.jpg 600w\" sizes=\"(max-width: 640px) 100vw, 640px\" \/><em>Bildkredit: Mini Media<\/em><\/h6>\n<p>Den nya eldrivna Countryman g\u00f6r sin f\u00f6rsta n\u00e4rvaro p\u00e5 amerikanska str\u00e4nder vid en specialpanel kallad\u00a0<a href=\"https:\/\/www.climateweeknyc.org\/events\/driving-forward-transforming-future-mobility\">Att k\u00f6ra fram\u00e5t: Omvandlingen av framtidens mobilitet<\/a>\u00a0v\u00e4rd f\u00f6r\u00a0<a href=\"https:\/\/urban-x.com\/\">URBAN-X<\/a>, MINI:s ledande startup-plattform f\u00f6r urban teknik, p\u00e5 Newlab i Brooklyn Navy Yard.  URBAN-X, som\u00a0<a href=\"https:\/\/www.miniusanews.com\/newsrelease.do?id=1407&amp;mid=1\">v\u00e4lkomnade nyligen sin 13:e kohort av startups i tidiga skeden<\/a>, har \u00e5tagit sig att fr\u00e4mja mer h\u00e5llbara, beboeliga och motst\u00e5ndskraftiga st\u00e4der genom att st\u00f6dja nystartade f\u00f6retag som erbjuder effektiva l\u00f6sningar inom klimatteknik.<\/p>\n<p>\"Den helt nya MINI Countryman Electric \u00e4r ett viktigt steg n\u00e4r MINI g\u00e5r mot att bli ett mer h\u00e5llbart och helt elektrifierat varum\u00e4rke 2030.\" s\u00e4ger Mike Peyton, President of MINI Business Innovations LLC, och Vice President of MINI of the Americas \"H\u00e5llbarhet \u00e4r ocks\u00e5 ett viktigt uppdrag f\u00f6r URBAN-X, v\u00e5r start-up accelerator med fokus p\u00e5 klimattekniska innovationer som hj\u00e4lper till att g\u00f6ra stadslivet b\u00e4ttre.  Det \u00e4r d\u00e4rf\u00f6r det passar perfekt att visa upp v\u00e5r n\u00e4sta nya elektriska MINI p\u00e5 URBAN-X i samband med Climate Week NYC.\"<\/p>\n<p>Den helt nya MINI Countryman Electric \u00e4r ett dj\u00e4rvt nytt tillskott till MINI-familjen och st\u00e5tar med ett revolutionerat digitalt ekosystem, st\u00f6rre anv\u00e4ndbarhet, elektrisk kraft som h\u00e5ller \"kul att k\u00f6ra\"-andan ig\u00e5ng och en design som \u00e4r fram\u00e5tblickande men omissk\u00e4nnligt MINI.  P\u00e5 evenemanget sker den nordamerikanska debuten f\u00f6r nya MINI Countryman Electric tillsammans med den nya batteridrivna scootern BMW CE-04 och prototypen BMW iX5 Hydrogen som visar f\u00f6retagets utveckling av v\u00e4tgasteknik f\u00f6r framtida serieproduktion.<\/p>\n<p>The\u00a0<a href=\"https:\/\/www.climateweeknyc.org\/events\/driving-forward-transforming-future-mobility\">panel<\/a>\u00a0p\u00e5 URBAN-X medverkar \u00e4ven Alexander Bilgeri, BMW Group Vice President of Corporate Communications for Human Resources, Production, Purchasing and Sustainability, n\u00e4r sessionen utforskar framtidens mobilitet med flera nystartade f\u00f6retag och innovat\u00f6rer. Som en del av panelen presenterar Bilgeri BMW Groups h\u00e5llbarhetsstrategi och f\u00f6retagets planer f\u00f6r att n\u00e5 sina m\u00e5l f\u00f6r minskade koldioxidutsl\u00e4pp till 2050.<\/p>\n<p><strong>About MINI in the US<\/strong><br \/>\nMINI \u00e4r ett sj\u00e4lvst\u00e4ndigt varum\u00e4rke inom BMW Group. I USA drivs MINI USA som en aff\u00e4rsenhet inom BMW of North America, LLC, med s\u00e4te i Woodcliff Lake, New Jersey och omfattar marknadsf\u00f6rings- och f\u00f6rs\u00e4ljningsorganisationerna f\u00f6r varum\u00e4rket MINI. Den auktoriserade MINI USA-\u00e5terf\u00f6rs\u00e4ljarorganisationen representeras av ett n\u00e4tverk av 104 MINI \u00e5terf\u00f6rs\u00e4ljare f\u00f6r f\u00f6rs\u00e4ljning och service av personbilar i hela USA.  MINI USA b\u00f6rjade s\u00e4lja fordon i USA 2002 med introduktionen av MINI Cooper och MINI Cooper S Hardtop. Sedan dess har MINI-varum\u00e4rket i USA vuxit till att omfatta ett modellprogram med fem unika fordon.<\/p>\n<p><strong>Journalisten antecknar:<\/strong>\u00a0Mediainformation om MINI och dess sortiment av nya produkter finns tillg\u00e4nglig f\u00f6r journalister online p\u00e5\u00a0<a href=\"https:\/\/www.miniusanews.com\/homepage.do\">MINIUSANEWS.com<\/a>.<\/p>\n<p><strong>Om URBAN-X<\/strong><br \/>\n<a href=\"http:\/\/urban-x.com\/\">URBAN-X<\/a>\u00a0\u00e4r plattformen f\u00f6r grundare som t\u00e4nker nytt om livet i staden. URBAN-X byggdes av MINI 2016 och samarbetar med startups f\u00f6r att bygga dj\u00e4rva teknikl\u00f6sningar f\u00f6r en h\u00e5llbar planet. URBAN-X bryter mot traditionella startup-program och ger entrepren\u00f6rer i Pre-Seed- och Seed-Stage-stadiet individuellt och skr\u00e4ddarsytt st\u00f6d som p\u00e5skyndar tillv\u00e4xten och bygger framg\u00e5ngsrika f\u00f6retag f\u00f6r n\u00e4sta generation av klimat- och stadsfokuserade innovat\u00f6rer. K\u00e4rnan i URBAN-X:s plattform \u00e4r teknik- och designresurser i v\u00e4rldsklass, branschledande investeringskapital fr\u00e5n v\u00e5r venturepartner JVP, ett globalt n\u00e4tverk av investerare, beslutsfattare, f\u00f6retagsstrategier och slutkunder samt f\u00f6rstklassigt utbildningsinneh\u00e5ll f\u00f6r ett globalt n\u00e4tverk av grundare. Du hittar URBAN-X p\u00e5 Twitter och Instagram p\u00e5 @urbanxtech och p\u00e5 Facebook p\u00e5 facebook.com\/urbanxtech.<\/p>\n<p>... anteckningar fr\u00e5n SP<br \/>\n<img decoding=\"async\" data-attachment-id=\"8029\" data-permalink=\"https:\/\/evhnews.com\/sv\/2023\/07\/13\/renhet-moter-e-prestanda-den-nya-helt-elektriska-porsche-vision-357-speedster\/evhn-lighting-bolt-logo-square-125\/\" data-orig-file=\"https:\/\/evhnews.com\/wp-content\/uploads\/2023\/07\/EVHN-Lighting-Bolt-Logo-Square-125.jpg\" data-orig-size=\"125,125\" data-comments-opened=\"1\" data-image-meta=\"{&quot;aperture&quot;:&quot;0&quot;,&quot;credit&quot;:&quot;&quot;,&quot;camera&quot;:&quot;&quot;,&quot;caption&quot;:&quot;&quot;,&quot;created_timestamp&quot;:&quot;1575197468&quot;,&quot;copyright&quot;:&quot;&quot;,&quot;focal_length&quot;:&quot;0&quot;,&quot;iso&quot;:&quot;0&quot;,&quot;shutter_speed&quot;:&quot;0&quot;,&quot;title&quot;:&quot;&quot;,&quot;orientation&quot;:&quot;1&quot;}\" data-image-title=\"EVHN Lighting Bolt Logo &amp;#8211; Square &amp;#8211; 125\" data-image-description=\"\" data-image-caption=\"\" data-large-file=\"https:\/\/evhnews.com\/wp-content\/uploads\/2023\/07\/EVHN-Lighting-Bolt-Logo-Square-125.jpg\" class=\"alignleft size-full wp-image-8029\" src=\"https:\/\/evhnews.com\/wp-content\/uploads\/2023\/07\/EVHN-Lighting-Bolt-Logo-Square-125.jpg\" alt=\"\" width=\"125\" height=\"125\" \/><\/p>","protected":false},"excerpt":{"rendered":"<p>New MINI Countryman Electric makes debut in conjunction with BMW Group future mobility panel hosted&#8230;<\/p>","protected":false},"author":165558846,"featured_media":8352,"comment_status":"open","ping_status":"open","sticky":false,"template":"","format":"standard","meta":{"_coblocks_attr":"","_coblocks_dimensions":"","_coblocks_responsive_height":"","_coblocks_accordion_ie_support":"","_crdt_document":"","advanced_seo_description":"","jetpack_seo_html_title":"","jetpack_seo_noindex":false,"_jetpack_newsletter_access":"","_jetpack_dont_email_post_to_subs":false,"_jetpack_newsletter_tier_id":0,"_jetpack_memberships_contains_paywalled_content":false,"two_page_speed":[],"_jetpack_memberships_contains_paid_content":false,"footnotes":"","jetpack_publicize_message":"","jetpack_publicize_feature_enabled":true,"jetpack_social_post_already_shared":true,"jetpack_social_options":{"image_generator_settings":{"template":"highway","default_image_id":0,"font":"","enabled":false},"version":2},"_wpas_customize_per_network":false,"jetpack_post_was_ever_published":false},"categories":[197443],"tags":[],"class_list":["post-8350","post","type-post","status-publish","format-standard","has-post-thumbnail","hentry","category-electric-vehicles"],"jetpack_publicize_connections":[],"featured_image_urls":{"full":["https:\/\/evhnews.com\/wp-content\/uploads\/2023\/09\/All-New-MINI-Countryman-Electric-Makes-North-America-Debut-On-The-Occasion-Of-Climate-Week-NYC.jpg",3500,2334,false],"thumbnail":["https:\/\/evhnews.com\/wp-content\/uploads\/2023\/09\/All-New-MINI-Countryman-Electric-Makes-North-America-Debut-On-The-Occasion-Of-Climate-Week-NYC-150x150.jpg?crop=1",150,150,true],"medium":["https:\/\/evhnews.com\/wp-content\/uploads\/2023\/09\/All-New-MINI-Countryman-Electric-Makes-North-America-Debut-On-The-Occasion-Of-Climate-Week-NYC-300x200.jpg",300,200,true],"medium_large":["https:\/\/evhnews.com\/wp-content\/uploads\/2023\/09\/All-New-MINI-Countryman-Electric-Makes-North-America-Debut-On-The-Occasion-Of-Climate-Week-NYC-768x512.jpg",640,427,true],"large":["https:\/\/evhnews.com\/wp-content\/uploads\/2023\/09\/All-New-MINI-Countryman-Electric-Makes-North-America-Debut-On-The-Occasion-Of-Climate-Week-NYC-1024x683.jpg",640,427,true],"1536x1536":["https:\/\/evhnews.com\/wp-content\/uploads\/2023\/09\/All-New-MINI-Countryman-Electric-Makes-North-America-Debut-On-The-Occasion-Of-Climate-Week-NYC-1536x1024.jpg",1536,1024,true],"2048x2048":["https:\/\/evhnews.com\/wp-content\/uploads\/2023\/09\/All-New-MINI-Countryman-Electric-Makes-North-America-Debut-On-The-Occasion-Of-Climate-Week-NYC-2048x1366.jpg",2048,1366,true],"trp-custom-language-flag":["https:\/\/evhnews.com\/wp-content\/uploads\/2023\/09\/All-New-MINI-Countryman-Electric-Makes-North-America-Debut-On-The-Occasion-Of-Climate-Week-NYC.jpg",18,12,false],"newspack-article-block-landscape-large":["https:\/\/evhnews.com\/wp-content\/uploads\/2023\/09\/All-New-MINI-Countryman-Electric-Makes-North-America-Debut-On-The-Occasion-Of-Climate-Week-NYC-1200x900.jpg?crop=1",1200,900,true],"newspack-article-block-portrait-large":["https:\/\/evhnews.com\/wp-content\/uploads\/2023\/09\/All-New-MINI-Countryman-Electric-Makes-North-America-Debut-On-The-Occasion-Of-Climate-Week-NYC-900x1200.jpg?crop=1",900,1200,true],"newspack-article-block-square-large":["https:\/\/evhnews.com\/wp-content\/uploads\/2023\/09\/All-New-MINI-Countryman-Electric-Makes-North-America-Debut-On-The-Occasion-Of-Climate-Week-NYC-1200x1200.jpg?crop=1",1200,1200,true],"newspack-article-block-landscape-medium":["https:\/\/evhnews.com\/wp-content\/uploads\/2023\/09\/All-New-MINI-Countryman-Electric-Makes-North-America-Debut-On-The-Occasion-Of-Climate-Week-NYC-800x600.jpg?crop=1",800,600,true],"newspack-article-block-portrait-medium":["https:\/\/evhnews.com\/wp-content\/uploads\/2023\/09\/All-New-MINI-Countryman-Electric-Makes-North-America-Debut-On-The-Occasion-Of-Climate-Week-NYC-600x800.jpg?crop=1",600,800,true],"newspack-article-block-square-medium":["https:\/\/evhnews.com\/wp-content\/uploads\/2023\/09\/All-New-MINI-Countryman-Electric-Makes-North-America-Debut-On-The-Occasion-Of-Climate-Week-NYC-800x800.jpg?crop=1",800,800,true],"newspack-article-block-landscape-intermediate":["https:\/\/evhnews.com\/wp-content\/uploads\/2023\/09\/All-New-MINI-Countryman-Electric-Makes-North-America-Debut-On-The-Occasion-Of-Climate-Week-NYC.jpg",600,400,false],"newspack-article-block-portrait-intermediate":["https:\/\/evhnews.com\/wp-content\/uploads\/2023\/09\/All-New-MINI-Countryman-Electric-Makes-North-America-Debut-On-The-Occasion-Of-Climate-Week-NYC.jpg",450,300,false],"newspack-article-block-square-intermediate":["https:\/\/evhnews.com\/wp-content\/uploads\/2023\/09\/All-New-MINI-Countryman-Electric-Makes-North-America-Debut-On-The-Occasion-Of-Climate-Week-NYC.jpg",600,400,false],"newspack-article-block-landscape-small":["https:\/\/evhnews.com\/wp-content\/uploads\/2023\/09\/All-New-MINI-Countryman-Electric-Makes-North-America-Debut-On-The-Occasion-Of-Climate-Week-NYC-400x300.jpg?crop=1",400,300,true],"newspack-article-block-portrait-small":["https:\/\/evhnews.com\/wp-content\/uploads\/2023\/09\/All-New-MINI-Countryman-Electric-Makes-North-America-Debut-On-The-Occasion-Of-Climate-Week-NYC-300x400.jpg?crop=1",300,400,true],"newspack-article-block-square-small":["https:\/\/evhnews.com\/wp-content\/uploads\/2023\/09\/All-New-MINI-Countryman-Electric-Makes-North-America-Debut-On-The-Occasion-Of-Climate-Week-NYC-400x400.jpg?crop=1",400,400,true],"newspack-article-block-landscape-tiny":["https:\/\/evhnews.com\/wp-content\/uploads\/2023\/09\/All-New-MINI-Countryman-Electric-Makes-North-America-Debut-On-The-Occasion-Of-Climate-Week-NYC-200x150.jpg?crop=1",200,150,true],"newspack-article-block-portrait-tiny":["https:\/\/evhnews.com\/wp-content\/uploads\/2023\/09\/All-New-MINI-Countryman-Electric-Makes-North-America-Debut-On-The-Occasion-Of-Climate-Week-NYC-150x200.jpg?crop=1",150,200,true],"newspack-article-block-square-tiny":["https:\/\/evhnews.com\/wp-content\/uploads\/2023\/09\/All-New-MINI-Countryman-Electric-Makes-North-America-Debut-On-The-Occasion-Of-Climate-Week-NYC-200x200.jpg?crop=1",200,200,true],"newspack-article-block-uncropped":["https:\/\/evhnews.com\/wp-content\/uploads\/2023\/09\/All-New-MINI-Countryman-Electric-Makes-North-America-Debut-On-The-Occasion-Of-Climate-Week-NYC-1200x800.jpg",1200,800,true],"enternews-featured":["https:\/\/evhnews.com\/wp-content\/uploads\/2023\/09\/All-New-MINI-Countryman-Electric-Makes-North-America-Debut-On-The-Occasion-Of-Climate-Week-NYC-1024x683.jpg",1024,683,true],"enternews-medium":["https:\/\/evhnews.com\/wp-content\/uploads\/2023\/09\/All-New-MINI-Countryman-Electric-Makes-North-America-Debut-On-The-Occasion-Of-Climate-Week-NYC-720x475.jpg?crop=1",720,475,true],"enternews-thumbnail":["https:\/\/evhnews.com\/wp-content\/uploads\/2023\/09\/All-New-MINI-Countryman-Electric-Makes-North-America-Debut-On-The-Occasion-Of-Climate-Week-NYC-480x315.jpg?crop=1",480,315,true],"tenweb_optimizer_mobile":["https:\/\/evhnews.com\/wp-content\/uploads\/2023\/09\/All-New-MINI-Countryman-Electric-Makes-North-America-Debut-On-The-Occasion-Of-Climate-Week-NYC-600x400.jpg",600,400,true],"tenweb_optimizer_tablet":["https:\/\/evhnews.com\/wp-content\/uploads\/2023\/09\/All-New-MINI-Countryman-Electric-Makes-North-America-Debut-On-The-Occasion-Of-Climate-Week-NYC-768x512.jpg",768,512,true]},"author_info":{"display_name":"EVHNews","author_link":"https:\/\/evhnews.com\/sv\/author\/evhnews\/"},"category_info":"<a href=\"https:\/\/evhnews.com\/sv\/category\/elektriska-fordon\/\" rel=\"category tag\">Electric Automotive Vehicles<\/a>","tag_info":"Electric Automotive Vehicles","comment_count":"0","jetpack_featured_media_url":"https:\/\/evhnews.com\/wp-content\/uploads\/2023\/09\/All-New-MINI-Countryman-Electric-Makes-North-America-Debut-On-The-Occasion-Of-Climate-Week-NYC.jpg","jetpack_likes_enabled":true,"jetpack_sharing_enabled":true,"jetpack_shortlink":"https:\/\/wp.me\/pbbbdx-2aG","amp_enabled":true,"_links":{"self":[{"href":"https:\/\/evhnews.com\/sv\/wp-json\/wp\/v2\/posts\/8350","targetHints":{"allow":["GET"]}}],"collection":[{"href":"https:\/\/evhnews.com\/sv\/wp-json\/wp\/v2\/posts"}],"about":[{"href":"https:\/\/evhnews.com\/sv\/wp-json\/wp\/v2\/types\/post"}],"author":[{"embeddable":true,"href":"https:\/\/evhnews.com\/sv\/wp-json\/wp\/v2\/users\/165558846"}],"replies":[{"embeddable":true,"href":"https:\/\/evhnews.com\/sv\/wp-json\/wp\/v2\/comments?post=8350"}],"version-history":[{"count":5,"href":"https:\/\/evhnews.com\/sv\/wp-json\/wp\/v2\/posts\/8350\/revisions"}],"predecessor-version":[{"id":8358,"href":"https:\/\/evhnews.com\/sv\/wp-json\/wp\/v2\/posts\/8350\/revisions\/8358"}],"wp:featuredmedia":[{"embeddable":true,"href":"https:\/\/evhnews.com\/sv\/wp-json\/wp\/v2\/media\/8352"}],"wp:attachment":[{"href":"https:\/\/evhnews.com\/sv\/wp-json\/wp\/v2\/media?parent=8350"}],"wp:term":[{"taxonomy":"category","embeddable":true,"href":"https:\/\/evhnews.com\/sv\/wp-json\/wp\/v2\/categories?post=8350"},{"taxonomy":"post_tag","embeddable":true,"href":"https:\/\/evhnews.com\/sv\/wp-json\/wp\/v2\/tags?post=8350"}],"curies":[{"name":"wp","href":"https:\/\/api.w.org\/{rel}","templated":true}]}}