{"id":919,"date":"2019-12-04T03:40:08","date_gmt":"2019-12-04T03:40:08","guid":{"rendered":"https:\/\/evhnews.com\/?p=919"},"modified":"2019-12-17T11:20:53","modified_gmt":"2019-12-17T19:20:53","slug":"the-e-talian-job-escape-from-everyday-life-sustainably-in-the-new-mini-cooper-se","status":"publish","type":"post","link":"https:\/\/evhnews.com\/sv\/2019\/12\/04\/the-e-talian-job-escape-from-everyday-life-sustainably-in-the-new-mini-cooper-se\/","title":{"rendered":"\u201cThe E-talian Job\u201d: Escape From Everyday Life Sustainably In The New MINI Cooper SE"},"content":{"rendered":"<p style=\"text-align: center;\"><span style=\"font-size: small;\"><em>MINI forts\u00e4tter sin spektakul\u00e4ra videoserie inf\u00f6r lanseringen av m\u00e4rkets f\u00f6rsta helt elektriska modell \u2013 Ny kortfilm som en fartfylld hyllning till 1969 \u00e5rs filmklassiker. Bild- och videoresurser: BMW Group<\/em><\/span><\/p>\n<p><strong>\u201cThe E-talian Job\u201d: Escape From Everyday Life Sustainably In The New MINI Cooper SE<\/strong><\/p>\n<p>M\u00fcnchen. Klassiska stadstransporter var ig\u00e5r, idag har vi urbant k\u00f6rn\u00f6je som snart blir elektriskt i omissk\u00e4nnlig MINI-stil. Nya MINI Cooper SE (kombinerad br\u00e4nslef\u00f6rbrukning: 0,0 l\/100 km; kombinerad energif\u00f6rbrukning: 16,8\u201314,8 kWh\/100 km; kombinerade koldioxidutsl\u00e4pp: 0 g\/km) kommer att rulla ut p\u00e5 v\u00e4garna v\u00e5ren 2020. Inf\u00f6r lanseringen p\u00e5 marknaden av den f\u00f6rsta helt eldrivna produktionsmodellen i det brittiska m\u00e4rkes 60-\u00e5riga historia presenterar MINI nu ytterligare ett videoklipp som illustrerar f\u00f6rdelarna med lokalt utsl\u00e4ppsfri mobilitet. I kortfilmen \u201cThe Getaway Car\u201d, som kan ses p\u00e5 BMW Groups sociala mediekanaler, visar sig nya MINI Cooper SE vara den idealiska flyktbilen fr\u00e5n vardaglig stadstrafik.<\/p>\n<p style=\"text-align: center;\"><div class=\"jetpack-video-wrapper\"><span class=\"embed-youtube\" style=\"text-align:center; display: block;\"><iframe class=\"youtube-player\" width=\"560\" height=\"315\" src=\"https:\/\/www.youtube.com\/embed\/UlRK9F-pbLY?version=3&#038;rel=1&#038;showsearch=0&#038;showinfo=1&#038;iv_load_policy=1&#038;fs=1&#038;hl=sv-SE&#038;autohide=2&#038;wmode=transparent\" allowfullscreen=\"true\" style=\"border:0;\" sandbox=\"allow-scripts allow-same-origin allow-popups allow-presentation allow-popups-to-escape-sandbox\"><\/iframe><\/span><\/div><span style=\"font-size: small;\"><em>Nedre h\u00f6gra h\u00f6rnet \u2013 klicka p\u00e5 helsk\u00e4rm f\u00f6r b\u00e4sta visning.<\/em><\/span><\/p>\n<p>Klippet utspelar sig i den norditalienska metropolen Turin \u2013 som alltid med den typiska MINI-tungan-i-kinden-stilen. F\u00f6raren av den nya MINI Cooper SE flyr de nervp\u00e5frestande trafikstockningarna under rusningstid genom att ta en omv\u00e4g genom tr\u00e5nga sidogator som leder honom direkt till taket p\u00e5 Lingotto-byggnaden i distriktet med samma namn p\u00e5 Via Nizza. Det historiska industrikomplexet var en g\u00e5ng den st\u00f6rsta produktionsanl\u00e4ggningen f\u00f6r en italiensk biltillverkare \u2013 inklusive en testbana p\u00e5 taket, som anlades som en slinga och \u00e4r ungef\u00e4r en kilometer l\u00e5ng.<\/p>\n<p><img fetchpriority=\"high\" decoding=\"async\" data-attachment-id=\"921\" data-permalink=\"https:\/\/evhnews.com\/sv\/2019\/12\/04\/the-e-talian-job-escape-from-everyday-life-sustainably-in-the-new-mini-cooper-se\/p90378256_highres_the-new-mini-electri\/\" data-orig-file=\"https:\/\/evhnews.com\/wp-content\/uploads\/2019\/12\/P90378256_highRes_the-new-mini-electri.jpg\" data-orig-size=\"800,534\" data-comments-opened=\"1\" data-image-meta=\"{&quot;aperture&quot;:&quot;0&quot;,&quot;credit&quot;:&quot;Bernhard Filser&quot;,&quot;camera&quot;:&quot;&quot;,&quot;caption&quot;:&quot;&quot;,&quot;created_timestamp&quot;:&quot;1572019756&quot;,&quot;copyright&quot;:&quot;&quot;,&quot;focal_length&quot;:&quot;0&quot;,&quot;iso&quot;:&quot;0&quot;,&quot;shutter_speed&quot;:&quot;0&quot;,&quot;title&quot;:&quot;&quot;,&quot;orientation&quot;:&quot;0&quot;}\" data-image-title=\"P90378256_highRes_the-new-mini-electri\" data-image-description=\"\" data-image-caption=\"\" data-large-file=\"https:\/\/evhnews.com\/wp-content\/uploads\/2019\/12\/P90378256_highRes_the-new-mini-electri.jpg\" class=\"alignnone size-full wp-image-921\" src=\"https:\/\/evhnews.com\/wp-content\/uploads\/2019\/12\/P90378256_highRes_the-new-mini-electri.jpg\" alt=\"P90378256_highRes_den-nya-mini-elbilen\" width=\"800\" height=\"534\" srcset=\"https:\/\/evhnews.com\/wp-content\/uploads\/2019\/12\/P90378256_highRes_the-new-mini-electri.jpg 800w, https:\/\/evhnews.com\/wp-content\/uploads\/2019\/12\/P90378256_highRes_the-new-mini-electri-300x200.jpg 300w, https:\/\/evhnews.com\/wp-content\/uploads\/2019\/12\/P90378256_highRes_the-new-mini-electri-768x513.jpg 768w\" sizes=\"(max-width: 800px) 100vw, 800px\" \/><\/p>\n<p>Idag hyser Lingotto-byggnaden bland annat ett k\u00f6pcentrum och hotell. Testbanan p\u00e5 taket stod dock kvar intakt \u00e4ven efter ombyggnaden. Det \u00e4r h\u00e4r som den nya MINI Cooper SE m\u00f6ter en r\u00f6d klassisk Mini Cooper som g\u00f6r sina rundor p\u00e5 den historiska banan, vilket p\u00e5minner om en legendarisk scen fr\u00e5n filmklassikern \u201cThe Italian Job\u201d fr\u00e5n 1969.<\/p>\n<p>I kriminalkomedin har tre klassiska Mini Coopers huvudrollerna \u2013 vid sidan av den brittiske sk\u00e5despelaren Michael Caine \u2013 som flyktfordon efter en spektakul\u00e4r guldst\u00f6ld. H\u00f6jdpunkten \u00e4r en vild biljakt genom Turin, som ocks\u00e5 leder upp p\u00e5 taket till Lingotto-byggnaden. I Hollywood-versionen fr\u00e5n 2003 flyttades \u201cThe Italian Job\u201d till Los Angeles. Tre moderna MINI anv\u00e4ndes f\u00f6r att transportera bytet, och en hisnande flykt stod naturligtvis \u00e5terigen p\u00e5 schemat.<\/p>\n<p><img decoding=\"async\" data-attachment-id=\"922\" data-permalink=\"https:\/\/evhnews.com\/sv\/2019\/12\/04\/the-e-talian-job-escape-from-everyday-life-sustainably-in-the-new-mini-cooper-se\/p90378257_highres_the-new-mini-electri\/\" data-orig-file=\"https:\/\/evhnews.com\/wp-content\/uploads\/2019\/12\/P90378257_highRes_the-new-mini-electri.jpg\" data-orig-size=\"800,534\" data-comments-opened=\"1\" data-image-meta=\"{&quot;aperture&quot;:&quot;0&quot;,&quot;credit&quot;:&quot;Bernhard Filser&quot;,&quot;camera&quot;:&quot;&quot;,&quot;caption&quot;:&quot;&quot;,&quot;created_timestamp&quot;:&quot;1572024234&quot;,&quot;copyright&quot;:&quot;&quot;,&quot;focal_length&quot;:&quot;0&quot;,&quot;iso&quot;:&quot;0&quot;,&quot;shutter_speed&quot;:&quot;0&quot;,&quot;title&quot;:&quot;&quot;,&quot;orientation&quot;:&quot;0&quot;}\" data-image-title=\"P90378257_highRes_the-new-mini-electri\" data-image-description=\"\" data-image-caption=\"\" data-large-file=\"https:\/\/evhnews.com\/wp-content\/uploads\/2019\/12\/P90378257_highRes_the-new-mini-electri.jpg\" class=\"alignnone size-full wp-image-922\" src=\"https:\/\/evhnews.com\/wp-content\/uploads\/2019\/12\/P90378257_highRes_the-new-mini-electri.jpg\" alt=\"P90378257_h\u00f6guppl\u00f6st_nya-mini-el\" width=\"800\" height=\"534\" srcset=\"https:\/\/evhnews.com\/wp-content\/uploads\/2019\/12\/P90378257_highRes_the-new-mini-electri.jpg 800w, https:\/\/evhnews.com\/wp-content\/uploads\/2019\/12\/P90378257_highRes_the-new-mini-electri-300x200.jpg 300w, https:\/\/evhnews.com\/wp-content\/uploads\/2019\/12\/P90378257_highRes_the-new-mini-electri-768x513.jpg 768w\" sizes=\"(max-width: 800px) 100vw, 800px\" \/><\/p>\n<p>\u00c5r 2019 blir kuppen av guldr\u00e5narna \u201cThe E-talian Job\u201d. Lokalt utsl\u00e4ppsfritt och n\u00e4stan ljudl\u00f6st smiter den eldriftna MINI:n fr\u00e5n vardagstrafikens stoj f\u00f6r att hitta den perfekta platsen f\u00f6r en k\u00f6rrunda mitt i Turin. Dess elmotor p\u00e5 135 kW\/184 hk \u00e4r ett riktigt sp\u00e4nnande inslag med sin spontana kraftutveckling. H\u00f6gsp\u00e4nningsbatteriet, placerat djupt i golvet, s\u00e4nker fordonets tyngdpunkt betydligt. Och den karakteristiska fj\u00e4dringsupps\u00e4ttningen bidrar ocks\u00e5 till att eldrift f\u00f6r f\u00f6rsta g\u00e5ngen g\u00e5r hand i hand med den typiska MINI-k\u00e4nsla som go-kart \u2013 och inte bara p\u00e5 taket till den ber\u00f6mda Lingotto-byggnaden.<\/p>\n<p>Den nya MINI Cooper SE accelererar fr\u00e5n noll till 100 km\/h p\u00e5 7,3 sekunder. F\u00f6rutom dess smidiga k\u00f6rdynamik, inkluderar dess omissk\u00e4nnliga funktioner en omfattande standardutrustning, modellspecifika visuella och kontrollerande element samt en tv\u00e5stegs bromskrafts\u00e5tervinning som kan konfigureras via en str\u00f6mbrytare. Med en r\u00e4ckvidd p\u00e5 235 till 270 kilometer \u00e4r den nya MINI Cooper SE \u00e4ven idealiskt utrustad inte bara f\u00f6r h\u00e5llbar mobilitet i stadstrafik, utan \u00e4ven f\u00f6r l\u00e4ngre utflykter fr\u00e5n vardagen.<\/p>\n<p>Br\u00e4nslef\u00f6rbrukning, CO2-utsl\u00e4pp och energif\u00f6rbrukning m\u00e4ttes enligt de metoder som kr\u00e4vs enligt f\u00f6rordning VO (EG) 2007\/715, i dess \u00e4ndrade lydelse. Siffrorna ber\u00e4knas f\u00f6r ett fordon med grundutrustning i Tyskland. Angivna r\u00e4ckvidder tar h\u00e4nsyn till skillnader i valda hjul- och d\u00e4ckdimensioner samt tillvalsutrustning. De kan \u00e4ndras under konfiguration.<\/p>\n<p>Siffrorna har redan ber\u00e4knats utifr\u00e5n den nya WLTP-testcykeln och anpassats till NEDC f\u00f6r j\u00e4mf\u00f6relse. I dessa fordon kan andra siffror \u00e4n de som publiceras h\u00e4r g\u00e4lla f\u00f6r bed\u00f6mning av skatter och andra fordonsrelaterade avgifter som (ocks\u00e5) baseras p\u00e5 CO2-utsl\u00e4pp.<\/p>\n<p><img decoding=\"async\" data-attachment-id=\"773\" data-permalink=\"https:\/\/evhnews.com\/sv\/2019\/11\/30\/evs-kommer-inte-att-bli-mainstream-forran-problemen-ar-losta-sager-gms-reuss\/evhn-lighting-bolt-logo-square-100px\/\" data-orig-file=\"https:\/\/evhnews.com\/wp-content\/uploads\/2019\/12\/EVHN-Lighting-Bolt-Logo-Square-100px.jpg\" data-orig-size=\"100,100\" data-comments-opened=\"1\" data-image-meta=\"{&quot;aperture&quot;:&quot;0&quot;,&quot;credit&quot;:&quot;&quot;,&quot;camera&quot;:&quot;&quot;,&quot;caption&quot;:&quot;&quot;,&quot;created_timestamp&quot;:&quot;1575197468&quot;,&quot;copyright&quot;:&quot;&quot;,&quot;focal_length&quot;:&quot;0&quot;,&quot;iso&quot;:&quot;0&quot;,&quot;shutter_speed&quot;:&quot;0&quot;,&quot;title&quot;:&quot;&quot;,&quot;orientation&quot;:&quot;1&quot;}\" data-image-title=\"EVHN Lighting Bolt Logo &amp;#8211; Square &amp;#8211; 100px\" data-image-description=\"\" data-image-caption=\"\" data-large-file=\"https:\/\/evhnews.com\/wp-content\/uploads\/2019\/12\/EVHN-Lighting-Bolt-Logo-Square-100px.jpg\" class=\"alignnone size-full wp-image-773\" src=\"https:\/\/evhnews.com\/wp-content\/uploads\/2019\/12\/EVHN-Lighting-Bolt-Logo-Square-100px.jpg\" alt=\"EVHN Lighting Bolt Logo - Square - 100px\" width=\"100\" height=\"100\" \/><\/p>","protected":false},"excerpt":{"rendered":"<p>Klassisk stadstrafik var ig\u00e5r, idag har vi k\u00f6ra-kul i stan som snart blir elektrisk i omissk\u00e4nnlig MINI-stil.<\/p>","protected":false},"author":165558846,"featured_media":923,"comment_status":"open","ping_status":"open","sticky":false,"template":"","format":"standard","meta":{"_coblocks_attr":"","_coblocks_dimensions":"","_coblocks_responsive_height":"","_coblocks_accordion_ie_support":"","advanced_seo_description":"Munich. Classic city traffic was yesterday, today we have urban driving fun which is soon to be electric in unmistakable MINI style. ","jetpack_seo_html_title":"","jetpack_seo_noindex":false,"jetpack_seo_schema_type":"","_jetpack_newsletter_access":"","_jetpack_dont_email_post_to_subs":false,"_jetpack_newsletter_tier_id":0,"_jetpack_memberships_contains_paywalled_content":false,"two_page_speed":[],"_wpcom_ai_launchpad_first_post":false,"_jetpack_feature_clip_id":0,"_jetpack_memberships_contains_paid_content":false,"footnotes":"","jetpack_publicize_message":"{title}\n\n{excerpt}\n\n{url}","jetpack_publicize_feature_enabled":true,"jetpack_social_post_already_shared":true,"jetpack_social_options":{"image_generator_settings":{"template":"highway","default_image_id":0,"font":"","enabled":false},"version":2},"_wpas_customize_per_network":false,"jetpack_post_was_ever_published":false},"categories":[197443,95322809],"tags":[688386222,688386221,688386218,688386223,688386219,688386220],"class_list":["post-919","post","type-post","status-publish","format-standard","has-post-thumbnail","hentry","category-electric-vehicles","category-new-technology-electric-vehicles","tag-evhn","tag-thee-talianjob","tag-bmw","tag-evhnews","tag-the-bmw-group","tag-the-e-talian-job"],"jetpack_publicize_connections":[],"featured_image_urls":{"full":["https:\/\/evhnews.com\/wp-content\/uploads\/2019\/12\/P90378255_highRes_the-new-mini-electri.jpg",800,534,false],"thumbnail":["https:\/\/evhnews.com\/wp-content\/uploads\/2019\/12\/P90378255_highRes_the-new-mini-electri-150x150.jpg",150,150,true],"medium":["https:\/\/evhnews.com\/wp-content\/uploads\/2019\/12\/P90378255_highRes_the-new-mini-electri-300x200.jpg",300,200,true],"medium_large":["https:\/\/evhnews.com\/wp-content\/uploads\/2019\/12\/P90378255_highRes_the-new-mini-electri-768x513.jpg",640,428,true],"large":["https:\/\/evhnews.com\/wp-content\/uploads\/2019\/12\/P90378255_highRes_the-new-mini-electri.jpg",640,427,false],"1536x1536":["https:\/\/evhnews.com\/wp-content\/uploads\/2019\/12\/P90378255_highRes_the-new-mini-electri.jpg",800,534,false],"2048x2048":["https:\/\/evhnews.com\/wp-content\/uploads\/2019\/12\/P90378255_highRes_the-new-mini-electri.jpg",800,534,false],"trp-custom-language-flag":["https:\/\/evhnews.com\/wp-content\/uploads\/2019\/12\/P90378255_highRes_the-new-mini-electri.jpg",18,12,false],"newspack-article-block-landscape-large":["https:\/\/evhnews.com\/wp-content\/uploads\/2019\/12\/P90378255_highRes_the-new-mini-electri.jpg",800,534,false],"newspack-article-block-portrait-large":["https:\/\/evhnews.com\/wp-content\/uploads\/2019\/12\/P90378255_highRes_the-new-mini-electri.jpg",800,534,false],"newspack-article-block-square-large":["https:\/\/evhnews.com\/wp-content\/uploads\/2019\/12\/P90378255_highRes_the-new-mini-electri.jpg",800,534,false],"newspack-article-block-landscape-medium":["https:\/\/evhnews.com\/wp-content\/uploads\/2019\/12\/P90378255_highRes_the-new-mini-electri.jpg",800,534,false],"newspack-article-block-portrait-medium":["https:\/\/evhnews.com\/wp-content\/uploads\/2019\/12\/P90378255_highRes_the-new-mini-electri.jpg",600,401,false],"newspack-article-block-square-medium":["https:\/\/evhnews.com\/wp-content\/uploads\/2019\/12\/P90378255_highRes_the-new-mini-electri.jpg",800,534,false],"newspack-article-block-landscape-intermediate":["https:\/\/evhnews.com\/wp-content\/uploads\/2019\/12\/P90378255_highRes_the-new-mini-electri.jpg",600,401,false],"newspack-article-block-portrait-intermediate":["https:\/\/evhnews.com\/wp-content\/uploads\/2019\/12\/P90378255_highRes_the-new-mini-electri.jpg",450,300,false],"newspack-article-block-square-intermediate":["https:\/\/evhnews.com\/wp-content\/uploads\/2019\/12\/P90378255_highRes_the-new-mini-electri.jpg",600,401,false],"newspack-article-block-landscape-small":["https:\/\/evhnews.com\/wp-content\/uploads\/2019\/12\/P90378255_highRes_the-new-mini-electri.jpg",400,267,false],"newspack-article-block-portrait-small":["https:\/\/evhnews.com\/wp-content\/uploads\/2019\/12\/P90378255_highRes_the-new-mini-electri.jpg",300,200,false],"newspack-article-block-square-small":["https:\/\/evhnews.com\/wp-content\/uploads\/2019\/12\/P90378255_highRes_the-new-mini-electri.jpg",400,267,false],"newspack-article-block-landscape-tiny":["https:\/\/evhnews.com\/wp-content\/uploads\/2019\/12\/P90378255_highRes_the-new-mini-electri.jpg",200,134,false],"newspack-article-block-portrait-tiny":["https:\/\/evhnews.com\/wp-content\/uploads\/2019\/12\/P90378255_highRes_the-new-mini-electri.jpg",150,100,false],"newspack-article-block-square-tiny":["https:\/\/evhnews.com\/wp-content\/uploads\/2019\/12\/P90378255_highRes_the-new-mini-electri.jpg",200,134,false],"newspack-article-block-uncropped":["https:\/\/evhnews.com\/wp-content\/uploads\/2019\/12\/P90378255_highRes_the-new-mini-electri.jpg",800,534,false],"enternews-featured":["https:\/\/evhnews.com\/wp-content\/uploads\/2019\/12\/P90378255_highRes_the-new-mini-electri.jpg",800,534,false],"enternews-medium":["https:\/\/evhnews.com\/wp-content\/uploads\/2019\/12\/P90378255_highRes_the-new-mini-electri.jpg",712,475,false],"enternews-thumbnail":["https:\/\/evhnews.com\/wp-content\/uploads\/2019\/12\/P90378255_highRes_the-new-mini-electri.jpg",472,315,false],"tenweb_optimizer_mobile":["https:\/\/evhnews.com\/wp-content\/uploads\/2019\/12\/P90378255_highRes_the-new-mini-electri.jpg",600,401,false],"tenweb_optimizer_tablet":["https:\/\/evhnews.com\/wp-content\/uploads\/2019\/12\/P90378255_highRes_the-new-mini-electri.jpg",768,513,false]},"author_info":{"display_name":"EVHNews","author_link":"https:\/\/evhnews.com\/sv\/author\/evhnews\/"},"category_info":"<a href=\"https:\/\/evhnews.com\/sv\/category\/elektriska-fordon\/\" rel=\"category tag\">Electric Automotive Vehicles<\/a> <a href=\"https:\/\/evhnews.com\/sv\/category\/elektriska-fordon\/ny-teknik-for-elfordon\/\" rel=\"category tag\">New Electric Automotive Technology<\/a>","tag_info":"New Electric Automotive Technology","comment_count":"0","jetpack_likes_enabled":true,"jetpack_sharing_enabled":true,"jetpack_shortlink":"https:\/\/wp.me\/pbbbdx-eP","amp_enabled":true,"jetpack_featured_media_url":"https:\/\/evhnews.com\/wp-content\/uploads\/2019\/12\/P90378255_highRes_the-new-mini-electri.jpg","_links":{"self":[{"href":"https:\/\/evhnews.com\/sv\/wp-json\/wp\/v2\/posts\/919","targetHints":{"allow":["GET"]}}],"collection":[{"href":"https:\/\/evhnews.com\/sv\/wp-json\/wp\/v2\/posts"}],"about":[{"href":"https:\/\/evhnews.com\/sv\/wp-json\/wp\/v2\/types\/post"}],"author":[{"embeddable":true,"href":"https:\/\/evhnews.com\/sv\/wp-json\/wp\/v2\/users\/165558846"}],"replies":[{"embeddable":true,"href":"https:\/\/evhnews.com\/sv\/wp-json\/wp\/v2\/comments?post=919"}],"version-history":[{"count":7,"href":"https:\/\/evhnews.com\/sv\/wp-json\/wp\/v2\/posts\/919\/revisions"}],"predecessor-version":[{"id":1354,"href":"https:\/\/evhnews.com\/sv\/wp-json\/wp\/v2\/posts\/919\/revisions\/1354"}],"wp:featuredmedia":[{"embeddable":true,"href":"https:\/\/evhnews.com\/sv\/wp-json\/wp\/v2\/media\/923"}],"wp:attachment":[{"href":"https:\/\/evhnews.com\/sv\/wp-json\/wp\/v2\/media?parent=919"}],"wp:term":[{"taxonomy":"category","embeddable":true,"href":"https:\/\/evhnews.com\/sv\/wp-json\/wp\/v2\/categories?post=919"},{"taxonomy":"post_tag","embeddable":true,"href":"https:\/\/evhnews.com\/sv\/wp-json\/wp\/v2\/tags?post=919"}],"curies":[{"name":"wp","href":"https:\/\/api.w.org\/{rel}","templated":true}]}}