{"id":932,"date":"2019-11-28T05:29:27","date_gmt":"2019-11-28T05:29:27","guid":{"rendered":"https:\/\/evhnews.com\/?p=932"},"modified":"2019-12-17T12:16:03","modified_gmt":"2019-12-17T20:16:03","slug":"fran-materialval-till-prototypbygge-framtidens-battericellsteknik-tar-form-vid-bmw-gruppens-kompetenscentrum-for-battericeller","status":"publish","type":"post","link":"https:\/\/evhnews.com\/sv\/2019\/11\/28\/fran-materialval-till-prototypbygge-framtidens-battericellsteknik-tar-form-vid-bmw-gruppens-kompetenscentrum-for-battericeller\/","title":{"rendered":"From Material Selection To Prototype Construction: The Battery Cell Technology Of The Future Is Taking Shape At The BMW Group Battery Cell Competence Centre"},"content":{"rendered":"<p style=\"text-align: center;\"><span style=\"font-size: small;\"><em>Oliver Zipse, BMW AG:s styrelseordf\u00f6rande, och Markus S\u00f6der, Bayerns ministerpresident, bes\u00f6ker det nya kompetenscentret f\u00f6r battericeller vid<br \/>\n<\/em><em>BMW Group Bildkredit: BMW AG<\/em><\/span><\/p>\n<p><strong>From Material Selection To Prototype Construction: The Battery Cell Technology Of The Future Is Taking Shape At The BMW Group Battery Cell Competence Centre<\/strong><\/p>\n<ul>\n<li>Zipse: \"Energit\u00e4theten ska f\u00f6rdubblas till 2030\"<\/li>\n<li>Utveckling av n\u00e4sta generations battericeller<\/li>\n<li>Avancerad laboratorie- och analysutrustning<\/li>\n<li>Produktion av prototypceller enligt industristandarder<\/li>\n<li>H\u00e5llbar och l\u00e5ngsiktig materialanskaffning<\/li>\n<\/ul>\n<p>BMW Group bygger vidare p\u00e5 sin ledande position inom elektrisk mobilitet och har samlat sin m\u00e5ng\u00e5riga erfarenhet av battericeller och omfattande kunskap inom omr\u00e5det i ett nytt kompetenscenter. Syftet med anl\u00e4ggningen i M\u00fcnchen \u00e4r att utveckla battericellstekniken och noggrant analysera produktionsprocesserna. \"Det nya Battery Cell Competence Centre ger oss en avundsv\u00e4rd position\", s\u00e4ger Oliver Zipse, styrelseordf\u00f6rande f\u00f6r BMW AG. \"Med utg\u00e5ngspunkt i den teknik som f\u00f6r n\u00e4rvarande anv\u00e4nds i BMW i3 kommer vi fram till 2030 att kunna f\u00f6rdubbla energit\u00e4theten i v\u00e5ra battericeller - och d\u00e4rmed ocks\u00e5 r\u00e4ckvidden f\u00f6r v\u00e5ra kunders fordon.\"<\/p>\n<p>BMW Group presenterade idag sitt nya h\u00f6gteknologiska kompetenscenter f\u00f6r medierepresentanter fr\u00e5n hela v\u00e4rlden i n\u00e4rvaro av Bayerns delstatspremi\u00e4rminister Dr Markus S\u00f6der, och visade upp toppmoderna laboratorier, forskningsanl\u00e4ggningar och prototypsystem.<\/p>\n<p>Och Zipse fortsatte: \"Battericellstekniken \u00e4r en viktig framg\u00e5ngsfaktor i v\u00e5r offensiv f\u00f6r elfordon, eftersom den p\u00e5verkar b\u00e5de driftsprestanda och batterikostnader. V\u00e5r o\u00f6vertr\u00e4ffade expertis genom hela v\u00e4rdekedjan s\u00e4kerst\u00e4ller att vi alltid ligger i teknikens framkant. Vi kan specificera exakt vilka format vi vill upphandla, liksom vilka material och f\u00f6rh\u00e5llanden som ska g\u00e4lla. Som ett resultat av detta \u00e4r vi idealiskt positionerade f\u00f6r att driva utrullningen av v\u00e5ra elektrifierade fordon fram\u00e5t.\"<\/p>\n<p>Det nya kompetenscentret kartl\u00e4gger hela v\u00e4rdekedjan inom battericellsteknik - fr\u00e5n forskning och utveckling till cellens sammans\u00e4ttning och design samt dess l\u00e4mplighet f\u00f6r storskalig tillverkning. Anl\u00e4ggningen samlar hela bredden av f\u00f6retagets expertis och l\u00e4gger grunden f\u00f6r att bygga vidare p\u00e5 den. De korta avst\u00e5nden och tv\u00e4rfunktionella samarbeten som sker h\u00e4r m\u00f6jligg\u00f6r en komplett, transparent och h\u00e5llbar utveckling av battericeller. H\u00e4r \u00e4r det viktigt att fr\u00e5gan om \u00e5tervinning beaktas redan fr\u00e5n b\u00f6rjan.<\/p>\n<p>BMW Group investerar totalt 200 miljoner euro i kompetenscentret och har 200 anst\u00e4llda h\u00e4r. Med denna investering g\u00f6r f\u00f6retaget ett uttalande tekniskt men skyddar ocks\u00e5 jobb och nyckelkompetenser. F\u00f6retaget arbetar tillsammans med sina anst\u00e4llda f\u00f6r att definiera framtiden f\u00f6r elektrisk mobilitet inom BMW Group. \"Det gemensamma f\u00f6retagsr\u00e5det har varit engagerat i Battery Cell Competence Centre fr\u00e5n f\u00f6rsta b\u00f6rjan\", s\u00e4ger Stefan Schmid, vice ordf\u00f6rande i det gemensamma f\u00f6retagsr\u00e5det p\u00e5 BMW AG. \"Medarbetarrepresentanterna p\u00e5 BMW Group \u00e4r aktivt involverade i utformningen av dessa framtidsinriktade omr\u00e5den inom fordonsindustrin, i syfte att utveckla v\u00e5ra medarbetares specifika expertis inom f\u00f6retaget - och p\u00e5 s\u00e5 s\u00e4tt s\u00e4kra jobben p\u00e5 l\u00e5ng sikt under omvandlingsprocessen.\"<\/p>\n<p style=\"text-align: center;\"><img fetchpriority=\"high\" decoding=\"async\" data-attachment-id=\"946\" data-permalink=\"https:\/\/evhnews.com\/sv\/2019\/11\/28\/fran-materialval-till-prototypbygge-framtidens-battericellsteknik-tar-form-vid-bmw-gruppens-kompetenscentrum-for-battericeller\/battery-cell-competence-center-compaction-of-the-electrode-in-a-rolling-mill\/\" data-orig-file=\"https:\/\/evhnews.com\/wp-content\/uploads\/2019\/12\/Battery-Cell-Competence-Center-Compaction-of-the-electrode-in-a-rolling-mill.jpg\" data-orig-size=\"600,400\" data-comments-opened=\"1\" data-image-meta=\"{&quot;aperture&quot;:&quot;0&quot;,&quot;credit&quot;:&quot;&quot;,&quot;camera&quot;:&quot;&quot;,&quot;caption&quot;:&quot;&quot;,&quot;created_timestamp&quot;:&quot;0&quot;,&quot;copyright&quot;:&quot;&quot;,&quot;focal_length&quot;:&quot;0&quot;,&quot;iso&quot;:&quot;0&quot;,&quot;shutter_speed&quot;:&quot;0&quot;,&quot;title&quot;:&quot;&quot;,&quot;orientation&quot;:&quot;0&quot;}\" data-image-title=\"Battery Cell Competence Center Compaction of the electrode in a rolling mill\" data-image-description=\"\" data-image-caption=\"\" data-medium-file=\"https:\/\/evhnews.com\/wp-content\/uploads\/2019\/12\/Battery-Cell-Competence-Center-Compaction-of-the-electrode-in-a-rolling-mill-300x200.jpg\" data-large-file=\"https:\/\/evhnews.com\/wp-content\/uploads\/2019\/12\/Battery-Cell-Competence-Center-Compaction-of-the-electrode-in-a-rolling-mill.jpg\" class=\"size-full wp-image-946 aligncenter\" src=\"https:\/\/evhnews.com\/wp-content\/uploads\/2019\/12\/Battery-Cell-Competence-Center-Compaction-of-the-electrode-in-a-rolling-mill.jpg\" alt=\"Battery Cell Competence Center Komprimering av elektroden i ett valsverk\" width=\"600\" height=\"400\" srcset=\"https:\/\/evhnews.com\/wp-content\/uploads\/2019\/12\/Battery-Cell-Competence-Center-Compaction-of-the-electrode-in-a-rolling-mill.jpg 600w, https:\/\/evhnews.com\/wp-content\/uploads\/2019\/12\/Battery-Cell-Competence-Center-Compaction-of-the-electrode-in-a-rolling-mill-300x200.jpg 300w\" sizes=\"(max-width: 600px) 100vw, 600px\" \/><br \/>\n<img decoding=\"async\" data-attachment-id=\"948\" data-permalink=\"https:\/\/evhnews.com\/sv\/2019\/11\/28\/fran-materialval-till-prototypbygge-framtidens-battericellsteknik-tar-form-vid-bmw-gruppens-kompetenscentrum-for-battericeller\/battery-cell-competence-center-compaction-of-the-electrode-in-a-rolling-mill-2\/\" data-orig-file=\"https:\/\/evhnews.com\/wp-content\/uploads\/2019\/12\/Battery-Cell-Competence-Center-Compaction-of-the-electrode-in-a-rolling-mill-2.jpg\" data-orig-size=\"600,399\" data-comments-opened=\"1\" data-image-meta=\"{&quot;aperture&quot;:&quot;0&quot;,&quot;credit&quot;:&quot;&quot;,&quot;camera&quot;:&quot;&quot;,&quot;caption&quot;:&quot;&quot;,&quot;created_timestamp&quot;:&quot;0&quot;,&quot;copyright&quot;:&quot;&quot;,&quot;focal_length&quot;:&quot;0&quot;,&quot;iso&quot;:&quot;0&quot;,&quot;shutter_speed&quot;:&quot;0&quot;,&quot;title&quot;:&quot;&quot;,&quot;orientation&quot;:&quot;0&quot;}\" data-image-title=\"Battery Cell Competence Center Compaction of the electrode in a rolling mill-2\" data-image-description=\"\" data-image-caption=\"\" data-medium-file=\"https:\/\/evhnews.com\/wp-content\/uploads\/2019\/12\/Battery-Cell-Competence-Center-Compaction-of-the-electrode-in-a-rolling-mill-2-300x200.jpg\" data-large-file=\"https:\/\/evhnews.com\/wp-content\/uploads\/2019\/12\/Battery-Cell-Competence-Center-Compaction-of-the-electrode-in-a-rolling-mill-2.jpg\" class=\"size-full wp-image-948 aligncenter\" src=\"https:\/\/evhnews.com\/wp-content\/uploads\/2019\/12\/Battery-Cell-Competence-Center-Compaction-of-the-electrode-in-a-rolling-mill-2.jpg\" alt=\"Kompetenscenter f\u00f6r battericeller Komprimering av elektroden i ett valsverk-2\" width=\"600\" height=\"399\" srcset=\"https:\/\/evhnews.com\/wp-content\/uploads\/2019\/12\/Battery-Cell-Competence-Center-Compaction-of-the-electrode-in-a-rolling-mill-2.jpg 600w, https:\/\/evhnews.com\/wp-content\/uploads\/2019\/12\/Battery-Cell-Competence-Center-Compaction-of-the-electrode-in-a-rolling-mill-2-300x200.jpg 300w\" sizes=\"(max-width: 600px) 100vw, 600px\" \/><br \/>\n<img decoding=\"async\" data-attachment-id=\"936\" data-permalink=\"https:\/\/evhnews.com\/sv\/2019\/11\/28\/fran-materialval-till-prototypbygge-framtidens-battericellsteknik-tar-form-vid-bmw-gruppens-kompetenscentrum-for-battericeller\/battery-cell-competence-center-dosing-and-mixing-of-the-electrode-slurry\/\" data-orig-file=\"https:\/\/evhnews.com\/wp-content\/uploads\/2019\/12\/Battery-Cell-Competence-Center-Dosing-and-mixing-of-the-electrode-slurry.jpg\" data-orig-size=\"600,900\" data-comments-opened=\"1\" data-image-meta=\"{&quot;aperture&quot;:&quot;0&quot;,&quot;credit&quot;:&quot;&quot;,&quot;camera&quot;:&quot;&quot;,&quot;caption&quot;:&quot;&quot;,&quot;created_timestamp&quot;:&quot;0&quot;,&quot;copyright&quot;:&quot;&quot;,&quot;focal_length&quot;:&quot;0&quot;,&quot;iso&quot;:&quot;0&quot;,&quot;shutter_speed&quot;:&quot;0&quot;,&quot;title&quot;:&quot;&quot;,&quot;orientation&quot;:&quot;0&quot;}\" data-image-title=\"Battery Cell Competence Center Dosing and mixing of the electrode slurry\" data-image-description=\"\" data-image-caption=\"\" data-medium-file=\"https:\/\/evhnews.com\/wp-content\/uploads\/2019\/12\/Battery-Cell-Competence-Center-Dosing-and-mixing-of-the-electrode-slurry-200x300.jpg\" data-large-file=\"https:\/\/evhnews.com\/wp-content\/uploads\/2019\/12\/Battery-Cell-Competence-Center-Dosing-and-mixing-of-the-electrode-slurry.jpg\" class=\"size-full wp-image-936 aligncenter\" src=\"https:\/\/evhnews.com\/wp-content\/uploads\/2019\/12\/Battery-Cell-Competence-Center-Dosing-and-mixing-of-the-electrode-slurry.jpg\" alt=\"Battery Cell Competence Center Dosering och blandning av elektrodslurry\" width=\"600\" height=\"900\" srcset=\"https:\/\/evhnews.com\/wp-content\/uploads\/2019\/12\/Battery-Cell-Competence-Center-Dosing-and-mixing-of-the-electrode-slurry.jpg 600w, https:\/\/evhnews.com\/wp-content\/uploads\/2019\/12\/Battery-Cell-Competence-Center-Dosing-and-mixing-of-the-electrode-slurry-200x300.jpg 200w\" sizes=\"(max-width: 600px) 100vw, 600px\" \/><br \/>\n<img loading=\"lazy\" decoding=\"async\" data-attachment-id=\"938\" data-permalink=\"https:\/\/evhnews.com\/sv\/2019\/11\/28\/fran-materialval-till-prototypbygge-framtidens-battericellsteknik-tar-form-vid-bmw-gruppens-kompetenscentrum-for-battericeller\/battery-cell-competence-center-dosing-and-mixing-of-the-electrode-slurry-2\/\" data-orig-file=\"https:\/\/evhnews.com\/wp-content\/uploads\/2019\/12\/Battery-Cell-Competence-Center-Dosing-and-mixing-of-the-electrode-slurry-2.jpg\" data-orig-size=\"600,399\" data-comments-opened=\"1\" data-image-meta=\"{&quot;aperture&quot;:&quot;0&quot;,&quot;credit&quot;:&quot;&quot;,&quot;camera&quot;:&quot;&quot;,&quot;caption&quot;:&quot;&quot;,&quot;created_timestamp&quot;:&quot;0&quot;,&quot;copyright&quot;:&quot;&quot;,&quot;focal_length&quot;:&quot;0&quot;,&quot;iso&quot;:&quot;0&quot;,&quot;shutter_speed&quot;:&quot;0&quot;,&quot;title&quot;:&quot;&quot;,&quot;orientation&quot;:&quot;0&quot;}\" data-image-title=\"Battery Cell Competence Center Dosing and mixing of the electrode slurry-2\" data-image-description=\"\" data-image-caption=\"\" data-medium-file=\"https:\/\/evhnews.com\/wp-content\/uploads\/2019\/12\/Battery-Cell-Competence-Center-Dosing-and-mixing-of-the-electrode-slurry-2-300x200.jpg\" data-large-file=\"https:\/\/evhnews.com\/wp-content\/uploads\/2019\/12\/Battery-Cell-Competence-Center-Dosing-and-mixing-of-the-electrode-slurry-2.jpg\" class=\"size-full wp-image-938 aligncenter\" src=\"https:\/\/evhnews.com\/wp-content\/uploads\/2019\/12\/Battery-Cell-Competence-Center-Dosing-and-mixing-of-the-electrode-slurry-2.jpg\" alt=\"Kompetenscenter f\u00f6r battericeller Dosering och blandning av elektrodslurry-2\" width=\"600\" height=\"399\" srcset=\"https:\/\/evhnews.com\/wp-content\/uploads\/2019\/12\/Battery-Cell-Competence-Center-Dosing-and-mixing-of-the-electrode-slurry-2.jpg 600w, https:\/\/evhnews.com\/wp-content\/uploads\/2019\/12\/Battery-Cell-Competence-Center-Dosing-and-mixing-of-the-electrode-slurry-2-300x200.jpg 300w\" sizes=\"(max-width: 600px) 100vw, 600px\" \/><span style=\"font-size: small;\"><em>Kompetenscenter f\u00f6r battericeller: Dosering och blandning av elektrodslurry Image Credit: BMW AG<\/em><\/span><\/p>\n<p><strong>Materialutveckling vid roten till cellutveckling<\/strong><\/p>\n<p>BMW Group utvecklar framtida generationer av battericeller vid det nya kompetenscentret, med fokus p\u00e5 kundrelevanta aspekter som f\u00f6rb\u00e4ttrad energit\u00e4thet, tillg\u00e4nglig toppeffekt, livsl\u00e4ngd, s\u00e4kerhet, laddningsegenskaper och prestanda vid varierande temperaturer samt minskade batterikostnader. BMW Groups m\u00e5l att utveckla de b\u00e4sta battericellerna f\u00f6r sina modeller formulerades med dessa specifikationer i fokus, vilket \u00e5terspeglar f\u00f6retagets \u00e5tagande att ge \u00e4gare av elektrifierade fordon de allra b\u00e4sta cellerna f\u00f6r det aktuella fordonskonceptet.<\/p>\n<p>Att v\u00e4lja r\u00e4tt material fr\u00e5n b\u00f6rjan \u00e4r avg\u00f6rande f\u00f6r att dessa h\u00f6ga krav ska kunna uppfyllas. D\u00e4rf\u00f6r unders\u00f6ker experterna p\u00e5 Competence Centre st\u00e4ndigt innovativa material och j\u00e4mf\u00f6r dem systematiskt med varandra. Detta leder till att nya materialupps\u00e4ttningar skapas f\u00f6r battericellens enskilda delar: anod, katod, elektrolyt och separator. Det s\u00e4tt p\u00e5 vilket de olika materialen samverkar - cellkemin, med andra ord - \u00e4r en annan grundl\u00e4ggande faktor i utvecklingen av celldesignen.<\/p>\n<p>F\u00f6r att alltid kunna garantera tillg\u00e5ng till den senaste utvecklingen och kunskapen samarbetar BMW Group med v\u00e4lrenommerade globala partners genom hela v\u00e4rdekedjan. Dessa partners str\u00e4cker sig fr\u00e5n vetenskapliga institutioner och universitet till etablerade f\u00f6retag och nystartade f\u00f6retag. Detta g\u00f6r det m\u00f6jligt f\u00f6r f\u00f6retaget att f\u00f6rv\u00e4rva know-how, s\u00e4kerst\u00e4lla att det inte \u00e4r beroende av enskilda utvecklingar och inneb\u00e4r att det kan skapa synergier och i slut\u00e4ndan f\u00f6rkorta utvecklingstiderna. Genom att arbeta med ett n\u00e4tverk av partners kan BMW Group bef\u00e4sta sin djupg\u00e5ende f\u00f6rst\u00e5else f\u00f6r denna spjutspetsteknik och utnyttja potentialen och m\u00f6jligheterna i framtida innovationer.<\/p>\n<p style=\"text-align: center;\"><img loading=\"lazy\" decoding=\"async\" data-attachment-id=\"940\" data-permalink=\"https:\/\/evhnews.com\/sv\/2019\/11\/28\/fran-materialval-till-prototypbygge-framtidens-battericellsteknik-tar-form-vid-bmw-gruppens-kompetenscentrum-for-battericeller\/battery-cell-competence-center-coating-and-drying-of-the-electrode-foil\/\" data-orig-file=\"https:\/\/evhnews.com\/wp-content\/uploads\/2019\/12\/Battery-Cell-Competence-Center-coating-and-drying-of-the-electrode-foil.jpg\" data-orig-size=\"600,399\" data-comments-opened=\"1\" data-image-meta=\"{&quot;aperture&quot;:&quot;0&quot;,&quot;credit&quot;:&quot;&quot;,&quot;camera&quot;:&quot;&quot;,&quot;caption&quot;:&quot;&quot;,&quot;created_timestamp&quot;:&quot;0&quot;,&quot;copyright&quot;:&quot;&quot;,&quot;focal_length&quot;:&quot;0&quot;,&quot;iso&quot;:&quot;0&quot;,&quot;shutter_speed&quot;:&quot;0&quot;,&quot;title&quot;:&quot;&quot;,&quot;orientation&quot;:&quot;0&quot;}\" data-image-title=\"Battery Cell Competence Center coating and drying of the electrode foil\" data-image-description=\"\" data-image-caption=\"\" data-medium-file=\"https:\/\/evhnews.com\/wp-content\/uploads\/2019\/12\/Battery-Cell-Competence-Center-coating-and-drying-of-the-electrode-foil-300x200.jpg\" data-large-file=\"https:\/\/evhnews.com\/wp-content\/uploads\/2019\/12\/Battery-Cell-Competence-Center-coating-and-drying-of-the-electrode-foil.jpg\" class=\"size-full wp-image-940 aligncenter\" src=\"https:\/\/evhnews.com\/wp-content\/uploads\/2019\/12\/Battery-Cell-Competence-Center-coating-and-drying-of-the-electrode-foil.jpg\" alt=\"Battery Cell Competence Center bel\u00e4ggning och torkning av elektrodfolien\" width=\"600\" height=\"399\" srcset=\"https:\/\/evhnews.com\/wp-content\/uploads\/2019\/12\/Battery-Cell-Competence-Center-coating-and-drying-of-the-electrode-foil.jpg 600w, https:\/\/evhnews.com\/wp-content\/uploads\/2019\/12\/Battery-Cell-Competence-Center-coating-and-drying-of-the-electrode-foil-300x200.jpg 300w\" sizes=\"(max-width: 600px) 100vw, 600px\" \/><\/p>\n<p style=\"text-align: center;\"><img loading=\"lazy\" decoding=\"async\" data-attachment-id=\"942\" data-permalink=\"https:\/\/evhnews.com\/sv\/2019\/11\/28\/fran-materialval-till-prototypbygge-framtidens-battericellsteknik-tar-form-vid-bmw-gruppens-kompetenscentrum-for-battericeller\/battery-cell-competence-center-coating-and-drying-of-the-electrode-foil-2\/\" data-orig-file=\"https:\/\/evhnews.com\/wp-content\/uploads\/2019\/12\/Battery-Cell-Competence-Center-coating-and-drying-of-the-electrode-foil-2.jpg\" data-orig-size=\"600,399\" data-comments-opened=\"1\" data-image-meta=\"{&quot;aperture&quot;:&quot;0&quot;,&quot;credit&quot;:&quot;&quot;,&quot;camera&quot;:&quot;&quot;,&quot;caption&quot;:&quot;&quot;,&quot;created_timestamp&quot;:&quot;0&quot;,&quot;copyright&quot;:&quot;&quot;,&quot;focal_length&quot;:&quot;0&quot;,&quot;iso&quot;:&quot;0&quot;,&quot;shutter_speed&quot;:&quot;0&quot;,&quot;title&quot;:&quot;&quot;,&quot;orientation&quot;:&quot;0&quot;}\" data-image-title=\"Battery Cell Competence Center coating and drying of the electrode foil-2\" data-image-description=\"\" data-image-caption=\"\" data-medium-file=\"https:\/\/evhnews.com\/wp-content\/uploads\/2019\/12\/Battery-Cell-Competence-Center-coating-and-drying-of-the-electrode-foil-2-300x200.jpg\" data-large-file=\"https:\/\/evhnews.com\/wp-content\/uploads\/2019\/12\/Battery-Cell-Competence-Center-coating-and-drying-of-the-electrode-foil-2.jpg\" class=\"size-full wp-image-942 aligncenter\" src=\"https:\/\/evhnews.com\/wp-content\/uploads\/2019\/12\/Battery-Cell-Competence-Center-coating-and-drying-of-the-electrode-foil-2.jpg\" alt=\"Battery Cell Competence Center bel\u00e4ggning och torkning av elektrodfolien-2\" width=\"600\" height=\"399\" srcset=\"https:\/\/evhnews.com\/wp-content\/uploads\/2019\/12\/Battery-Cell-Competence-Center-coating-and-drying-of-the-electrode-foil-2.jpg 600w, https:\/\/evhnews.com\/wp-content\/uploads\/2019\/12\/Battery-Cell-Competence-Center-coating-and-drying-of-the-electrode-foil-2-300x200.jpg 300w\" sizes=\"(max-width: 600px) 100vw, 600px\" \/><br \/>\n<img loading=\"lazy\" decoding=\"async\" data-attachment-id=\"944\" data-permalink=\"https:\/\/evhnews.com\/sv\/2019\/11\/28\/fran-materialval-till-prototypbygge-framtidens-battericellsteknik-tar-form-vid-bmw-gruppens-kompetenscentrum-for-battericeller\/battery-cell-competence-center-coating-and-drying-of-the-electrode-foil-3\/\" data-orig-file=\"https:\/\/evhnews.com\/wp-content\/uploads\/2019\/12\/Battery-Cell-Competence-Center-coating-and-drying-of-the-electrode-foil-3.jpg\" data-orig-size=\"600,399\" data-comments-opened=\"1\" data-image-meta=\"{&quot;aperture&quot;:&quot;0&quot;,&quot;credit&quot;:&quot;&quot;,&quot;camera&quot;:&quot;&quot;,&quot;caption&quot;:&quot;&quot;,&quot;created_timestamp&quot;:&quot;0&quot;,&quot;copyright&quot;:&quot;&quot;,&quot;focal_length&quot;:&quot;0&quot;,&quot;iso&quot;:&quot;0&quot;,&quot;shutter_speed&quot;:&quot;0&quot;,&quot;title&quot;:&quot;&quot;,&quot;orientation&quot;:&quot;0&quot;}\" data-image-title=\"Battery Cell Competence Center coating and drying of the electrode foil-3\" data-image-description=\"\" data-image-caption=\"\" data-medium-file=\"https:\/\/evhnews.com\/wp-content\/uploads\/2019\/12\/Battery-Cell-Competence-Center-coating-and-drying-of-the-electrode-foil-3-300x200.jpg\" data-large-file=\"https:\/\/evhnews.com\/wp-content\/uploads\/2019\/12\/Battery-Cell-Competence-Center-coating-and-drying-of-the-electrode-foil-3.jpg\" class=\"size-full wp-image-944 aligncenter\" src=\"https:\/\/evhnews.com\/wp-content\/uploads\/2019\/12\/Battery-Cell-Competence-Center-coating-and-drying-of-the-electrode-foil-3.jpg\" alt=\"Battery Cell Competence Center bel\u00e4ggning och torkning av elektrodfolien-3\" width=\"600\" height=\"399\" srcset=\"https:\/\/evhnews.com\/wp-content\/uploads\/2019\/12\/Battery-Cell-Competence-Center-coating-and-drying-of-the-electrode-foil-3.jpg 600w, https:\/\/evhnews.com\/wp-content\/uploads\/2019\/12\/Battery-Cell-Competence-Center-coating-and-drying-of-the-electrode-foil-3-300x200.jpg 300w\" sizes=\"(max-width: 600px) 100vw, 600px\" \/><span style=\"font-size: small;\"><em>Kompetenscenter f\u00f6r battericeller:  Bildkredit: BMW AG<\/em><\/span><\/p>\n<p><strong>Avancerad laboratorie- och analysutrustning<\/strong><\/p>\n<p>Experter fr\u00e5n hela v\u00e4rlden i de nya utvecklingslaboratorierna och anl\u00e4ggningarna str\u00e4var efter att f\u00f6rb\u00e4ttra den kemiska sammans\u00e4ttningen och utformningen av battericeller. Simulering och kemisk analys hj\u00e4lper till med cellutvecklingen fr\u00e5n f\u00f6rsta b\u00f6rjan.<\/p>\n<p>BMW Group har analyserat battericeller sedan 2008 och kan d\u00e4rmed dra nytta av m\u00e5nga \u00e5rs erfarenhet och d\u00e4rmed en omfattande expertis inom omr\u00e5det. Laboratoriet i det nya kompetenscentret har den senaste tekniken och metodiken som kr\u00e4vs f\u00f6r att ytterligare ut\u00f6ka f\u00f6retagets kunskap, \u00f6vervaka trender f\u00f6r framtidens battericeller och spela en aktiv roll i att forma utvecklingen.<\/p>\n<p>Laboratoriet har sedan n\u00e5gra \u00e5r tillbaka tillverkat internt utvecklade testceller i sm\u00e5 format i syfte att identifiera den ideala cellstrukturen bland de otaliga material och varianter som finns. Stort v\u00e4rde l\u00e4ggs h\u00e4r p\u00e5 att minimera m\u00e4ngden material som anv\u00e4nds och samtidigt optimera deras egenskaper.  Om en cell klarar de inledande testerna av h\u00e5llbarhet och laddningsbeteende genomg\u00e5r den ytterligare tester i ett st\u00f6rre format. En hel testhall finns till hands f\u00f6r detta \u00e4ndam\u00e5l och m\u00f6jligg\u00f6r en m\u00e4ngd olika typer av tester. Experterna kan ocks\u00e5 anv\u00e4nda sig av ett internt s\u00e4kerhetslabb, d\u00e4r battericellernas robusthet kan unders\u00f6kas under extrema f\u00f6rh\u00e5llanden. P\u00e5 s\u00e5 s\u00e4tt kan BMW Group uppr\u00e4tth\u00e5lla samma h\u00f6ga s\u00e4kerhetsstandarder trots \u00f6kande energit\u00e4thet och snabbare laddningsm\u00f6jligheter.<\/p>\n<p style=\"text-align: center;\"><img loading=\"lazy\" decoding=\"async\" data-attachment-id=\"950\" data-permalink=\"https:\/\/evhnews.com\/sv\/2019\/11\/28\/fran-materialval-till-prototypbygge-framtidens-battericellsteknik-tar-form-vid-bmw-gruppens-kompetenscentrum-for-battericeller\/battery-cell-competence-center-laser-notching-of-the-electrode-and-formation-of-electrode-stacks\/\" data-orig-file=\"https:\/\/evhnews.com\/wp-content\/uploads\/2019\/12\/Battery-Cell-Competence-Center-laser-notching-of-the-electrode-and-formation-of-electrode-stacks.jpg\" data-orig-size=\"600,399\" data-comments-opened=\"1\" data-image-meta=\"{&quot;aperture&quot;:&quot;0&quot;,&quot;credit&quot;:&quot;&quot;,&quot;camera&quot;:&quot;&quot;,&quot;caption&quot;:&quot;&quot;,&quot;created_timestamp&quot;:&quot;0&quot;,&quot;copyright&quot;:&quot;&quot;,&quot;focal_length&quot;:&quot;0&quot;,&quot;iso&quot;:&quot;0&quot;,&quot;shutter_speed&quot;:&quot;0&quot;,&quot;title&quot;:&quot;&quot;,&quot;orientation&quot;:&quot;0&quot;}\" data-image-title=\"Battery Cell Competence Center laser notching of the electrode and formation of electrode stacks\" data-image-description=\"\" data-image-caption=\"\" data-medium-file=\"https:\/\/evhnews.com\/wp-content\/uploads\/2019\/12\/Battery-Cell-Competence-Center-laser-notching-of-the-electrode-and-formation-of-electrode-stacks-300x200.jpg\" data-large-file=\"https:\/\/evhnews.com\/wp-content\/uploads\/2019\/12\/Battery-Cell-Competence-Center-laser-notching-of-the-electrode-and-formation-of-electrode-stacks.jpg\" class=\"size-full wp-image-950 aligncenter\" src=\"https:\/\/evhnews.com\/wp-content\/uploads\/2019\/12\/Battery-Cell-Competence-Center-laser-notching-of-the-electrode-and-formation-of-electrode-stacks.jpg\" alt=\"Battery Cell Competence Center lasersk\u00e4rning av elektroden och bildning av elektrodstaplar\" width=\"600\" height=\"399\" srcset=\"https:\/\/evhnews.com\/wp-content\/uploads\/2019\/12\/Battery-Cell-Competence-Center-laser-notching-of-the-electrode-and-formation-of-electrode-stacks.jpg 600w, https:\/\/evhnews.com\/wp-content\/uploads\/2019\/12\/Battery-Cell-Competence-Center-laser-notching-of-the-electrode-and-formation-of-electrode-stacks-300x200.jpg 300w\" sizes=\"(max-width: 600px) 100vw, 600px\" \/><br \/>\n<img loading=\"lazy\" decoding=\"async\" data-attachment-id=\"952\" data-permalink=\"https:\/\/evhnews.com\/sv\/2019\/11\/28\/fran-materialval-till-prototypbygge-framtidens-battericellsteknik-tar-form-vid-bmw-gruppens-kompetenscentrum-for-battericeller\/battery-cell-competence-center-laser-notching-of-the-electrode\/\" data-orig-file=\"https:\/\/evhnews.com\/wp-content\/uploads\/2019\/12\/Battery-Cell-Competence-Center-laser-notching-of-the-electrode.jpg\" data-orig-size=\"600,399\" data-comments-opened=\"1\" data-image-meta=\"{&quot;aperture&quot;:&quot;0&quot;,&quot;credit&quot;:&quot;&quot;,&quot;camera&quot;:&quot;&quot;,&quot;caption&quot;:&quot;&quot;,&quot;created_timestamp&quot;:&quot;0&quot;,&quot;copyright&quot;:&quot;&quot;,&quot;focal_length&quot;:&quot;0&quot;,&quot;iso&quot;:&quot;0&quot;,&quot;shutter_speed&quot;:&quot;0&quot;,&quot;title&quot;:&quot;&quot;,&quot;orientation&quot;:&quot;0&quot;}\" data-image-title=\"Battery Cell Competence Center laser notching of the electrode\" data-image-description=\"\" data-image-caption=\"\" data-medium-file=\"https:\/\/evhnews.com\/wp-content\/uploads\/2019\/12\/Battery-Cell-Competence-Center-laser-notching-of-the-electrode-300x200.jpg\" data-large-file=\"https:\/\/evhnews.com\/wp-content\/uploads\/2019\/12\/Battery-Cell-Competence-Center-laser-notching-of-the-electrode.jpg\" class=\"size-full wp-image-952 aligncenter\" src=\"https:\/\/evhnews.com\/wp-content\/uploads\/2019\/12\/Battery-Cell-Competence-Center-laser-notching-of-the-electrode.jpg\" alt=\"Battery Cell Competence Center lasersk\u00e4rning av elektroden\" width=\"600\" height=\"399\" srcset=\"https:\/\/evhnews.com\/wp-content\/uploads\/2019\/12\/Battery-Cell-Competence-Center-laser-notching-of-the-electrode.jpg 600w, https:\/\/evhnews.com\/wp-content\/uploads\/2019\/12\/Battery-Cell-Competence-Center-laser-notching-of-the-electrode-300x200.jpg 300w\" sizes=\"(max-width: 600px) 100vw, 600px\" \/><\/p>\n<p><img loading=\"lazy\" decoding=\"async\" data-attachment-id=\"956\" data-permalink=\"https:\/\/evhnews.com\/sv\/2019\/11\/28\/fran-materialval-till-prototypbygge-framtidens-battericellsteknik-tar-form-vid-bmw-gruppens-kompetenscentrum-for-battericeller\/battery-cell-competence-center-welding-of-the-battery-cell-housing\/\" data-orig-file=\"https:\/\/evhnews.com\/wp-content\/uploads\/2019\/12\/Battery-Cell-Competence-Center-Welding-of-the-battery-cell-housing.jpg\" data-orig-size=\"600,399\" data-comments-opened=\"1\" data-image-meta=\"{&quot;aperture&quot;:&quot;0&quot;,&quot;credit&quot;:&quot;&quot;,&quot;camera&quot;:&quot;&quot;,&quot;caption&quot;:&quot;&quot;,&quot;created_timestamp&quot;:&quot;0&quot;,&quot;copyright&quot;:&quot;&quot;,&quot;focal_length&quot;:&quot;0&quot;,&quot;iso&quot;:&quot;0&quot;,&quot;shutter_speed&quot;:&quot;0&quot;,&quot;title&quot;:&quot;&quot;,&quot;orientation&quot;:&quot;0&quot;}\" data-image-title=\"Battery Cell Competence Center Welding of the battery cell housing\" data-image-description=\"\" data-image-caption=\"\" data-medium-file=\"https:\/\/evhnews.com\/wp-content\/uploads\/2019\/12\/Battery-Cell-Competence-Center-Welding-of-the-battery-cell-housing-300x200.jpg\" data-large-file=\"https:\/\/evhnews.com\/wp-content\/uploads\/2019\/12\/Battery-Cell-Competence-Center-Welding-of-the-battery-cell-housing.jpg\" class=\"size-full wp-image-956 aligncenter\" src=\"https:\/\/evhnews.com\/wp-content\/uploads\/2019\/12\/Battery-Cell-Competence-Center-Welding-of-the-battery-cell-housing.jpg\" alt=\"Competence Center f\u00f6r battericeller Svetsning av battericellshuset\" width=\"600\" height=\"399\" srcset=\"https:\/\/evhnews.com\/wp-content\/uploads\/2019\/12\/Battery-Cell-Competence-Center-Welding-of-the-battery-cell-housing.jpg 600w, https:\/\/evhnews.com\/wp-content\/uploads\/2019\/12\/Battery-Cell-Competence-Center-Welding-of-the-battery-cell-housing-300x200.jpg 300w\" sizes=\"(max-width: 600px) 100vw, 600px\" \/><\/p>\n<p style=\"text-align: center;\"><img loading=\"lazy\" decoding=\"async\" data-attachment-id=\"958\" data-permalink=\"https:\/\/evhnews.com\/sv\/2019\/11\/28\/fran-materialval-till-prototypbygge-framtidens-battericellsteknik-tar-form-vid-bmw-gruppens-kompetenscentrum-for-battericeller\/battery-cell-competence-center-loading-storing-and-testing-of-battery-cell\/\" data-orig-file=\"https:\/\/evhnews.com\/wp-content\/uploads\/2019\/12\/Battery-Cell-Competence-Center-Loading-storing-and-testing-of-battery-cell.jpg\" data-orig-size=\"600,400\" data-comments-opened=\"1\" data-image-meta=\"{&quot;aperture&quot;:&quot;0&quot;,&quot;credit&quot;:&quot;&quot;,&quot;camera&quot;:&quot;&quot;,&quot;caption&quot;:&quot;&quot;,&quot;created_timestamp&quot;:&quot;0&quot;,&quot;copyright&quot;:&quot;&quot;,&quot;focal_length&quot;:&quot;0&quot;,&quot;iso&quot;:&quot;0&quot;,&quot;shutter_speed&quot;:&quot;0&quot;,&quot;title&quot;:&quot;&quot;,&quot;orientation&quot;:&quot;0&quot;}\" data-image-title=\"Battery Cell Competence Center Loading storing and testing of battery cell\" data-image-description=\"\" data-image-caption=\"\" data-medium-file=\"https:\/\/evhnews.com\/wp-content\/uploads\/2019\/12\/Battery-Cell-Competence-Center-Loading-storing-and-testing-of-battery-cell-300x200.jpg\" data-large-file=\"https:\/\/evhnews.com\/wp-content\/uploads\/2019\/12\/Battery-Cell-Competence-Center-Loading-storing-and-testing-of-battery-cell.jpg\" class=\"size-full wp-image-958 aligncenter\" src=\"https:\/\/evhnews.com\/wp-content\/uploads\/2019\/12\/Battery-Cell-Competence-Center-Loading-storing-and-testing-of-battery-cell.jpg\" alt=\"Battery Cell Competence Center Laddning, lagring och testning av battericeller\" width=\"600\" height=\"400\" srcset=\"https:\/\/evhnews.com\/wp-content\/uploads\/2019\/12\/Battery-Cell-Competence-Center-Loading-storing-and-testing-of-battery-cell.jpg 600w, https:\/\/evhnews.com\/wp-content\/uploads\/2019\/12\/Battery-Cell-Competence-Center-Loading-storing-and-testing-of-battery-cell-300x200.jpg 300w\" sizes=\"(max-width: 600px) 100vw, 600px\" \/><em><span style=\"font-size: small;\">Kompetenscenter f\u00f6r battericeller: Bildkredit: BMW AG<\/span><\/em><\/p>\n<p><strong style=\"color: var(--color-text);\">En h\u00e5llbar och tillf\u00f6rlitlig f\u00f6rs\u00f6rjning fram till 2025 och d\u00e4refter<\/strong><\/p>\n<p>H\u00e5llbarhet och leveranss\u00e4kerhet \u00e4r nyckelfaktorer i den p\u00e5g\u00e5ende expansionen av elektrisk mobilitet. F\u00f6r BMW Groups ink\u00f6psspecialister b\u00f6rjar etisk produktion och bearbetning av r\u00e5material redan i b\u00f6rjan av v\u00e4rdekedjan, vilket \u00e4r anledningen till att de noggrant granskar leveranskedjorna f\u00f6r battericeller - hela v\u00e4gen tillbaka till gruvorna d\u00e4r materialen h\u00e4mtas. Att f\u00f6lja milj\u00f6standarder och respektera m\u00e4nskliga r\u00e4ttigheter har h\u00f6gsta prioritet. BMW Group publicerar en uppdaterad lista \u00f6ver ursprungsl\u00e4nderna f\u00f6r kobolt p\u00e5 sin webbplats (se: <a href=\"https:\/\/www.bmwgroup.com\/content\/dam\/grpw\/websites\/bmwgroup_com\/responsibility\/downloads\/en\/2019\/BMW%20Group%20Sorgfaltspflicht%20bei%20der%20Lieferantenauswahl_EN.pdf\">https:\/\/www.bmwgroup.com\/content\/dam\/grpw\/websites\/bmwgroup_com\/responsibility\/downloads\/en\/2019\/BMW%20Group%20Sorgfaltspflicht%20bei%20der%20Lieferantenauswahl_EN.pdf<\/a> ).<\/p>\n<p>F\u00f6retaget har ocks\u00e5 omstrukturerat sina leveranskedjor f\u00f6r den kommande femte generationens h\u00f6gsp\u00e4nningsbatterier och kommer att b\u00f6rja direktupphandla kobolt och litium f\u00f6r battericeller 2020. Detta s\u00e4kerst\u00e4ller fullst\u00e4ndig transparens n\u00e4r det g\u00e4ller ursprunget f\u00f6r dessa tv\u00e5 viktiga r\u00e5varor f\u00f6r batterier. Dessutom garanterar de relevanta avtalen en tillf\u00f6rlitlig leverans av dessa material fram till 2025 och d\u00e4refter. I framtiden kommer kobolt att k\u00f6pas in direkt fr\u00e5n gruvor i Australien och Marocko, och litium fr\u00e5n l\u00e4nder som Australien.<\/p>\n<p><strong>Framtidens tillverkningsteknik<\/strong><\/p>\n<p>BMW Group vidtar ocks\u00e5 \u00e5tg\u00e4rder f\u00f6r att s\u00e4kerst\u00e4lla att framtida generationer av battericeller kan tillverkas i stor skala. Kompetenscentret erbjuder b\u00e5de idealiska \u00f6vergripande f\u00f6rh\u00e5llanden och h\u00f6gkvalitativa produktionsanl\u00e4ggningar som \u00f6verensst\u00e4mmer med industristandarderna f\u00f6r etablerade celltillverkare. Nya produktionstekniker har integrerats h\u00e4r, med tanke p\u00e5 vikten av flexibilitet med cellformat f\u00f6r att skapa st\u00f6rre utrymme f\u00f6r att inf\u00f6rliva olika utvecklingar.<\/p>\n<p>Tillverkningen av prototyper av battericeller m\u00f6jligg\u00f6r en fullst\u00e4ndig analys och f\u00f6rst\u00e5else av processerna i cellernas v\u00e4rdekedja. Genom att l\u00e4gga till BMW Groups interna produktionsexpertis i ekvationen kan f\u00f6retaget best\u00e4lla en specifik kemisk sammans\u00e4ttning, mekanism och design f\u00f6r battericeller. I framtiden kommer BMW Group att kunna g\u00f6ra det m\u00f6jligt f\u00f6r potentiella leverant\u00f6rer att tillverka celler i enlighet med f\u00f6retagets s\u00e4rskilda krav.<\/p>\n<p><strong>\u00c5tervinningsv\u00e4nlig design<\/strong><\/p>\n<p>Batterier som inte l\u00e4ngre \u00e4r l\u00e4mpliga f\u00f6r fordon kan \u00e5teranv\u00e4ndas i station\u00e4ra energilagringssystem, vilket bidrar till att integrera f\u00f6rnybar energi i det offentliga eln\u00e4tet, \u00f6ka n\u00e4tets stabilitet och s\u00e4nka energikostnaderna f\u00f6r konsumenterna. BMW Group har lanserat flera stora innovationer med detta i \u00e5tanke. F\u00f6retaget anv\u00e4nder ocks\u00e5 batterilagringssystem f\u00f6r att st\u00e4ndigt optimera str\u00f6mf\u00f6rs\u00f6rjningen vid sina fabriker runt om i v\u00e4rlden.<\/p>\n<p>BMW Group har sedan ett antal \u00e5r tillbaka en genomt\u00e4nkt \u00e5tervinningspolicy f\u00f6r battericeller i batterier som inte l\u00e4ngre kan anv\u00e4ndas som station\u00e4ra lagringsenheter. Fungerande \u00e5tervinningstekniker har utvecklats tillsammans med partners under och efter utvecklingen av BMW i3. Dessa och andra \u00e5tervinningsmetoder uppskalas nu f\u00f6r industriella till\u00e4mpningar. \u00c4ven h\u00e4r har f\u00f6retaget samarbetat med partners f\u00f6r att l\u00f6sa uppgiften. M\u00e5let \u00e4r att uppn\u00e5 en \u00e5tervinningsgrad p\u00e5 \u00f6ver 90 procent. N\u00e4r BMW Group utformar battericellerna tar man h\u00e4nsyn till att de ska kunna \u00e5tervinnas effektivt i ett senare skede.<\/p>\n<p>Battery Cell Competence Centre kommer att g\u00f6ra det m\u00f6jligt f\u00f6r BMW Group att bygga upp \u00e4nnu st\u00f6rre expertis inom \u00e5tervinning av batterier och att arbeta \u00e4nnu mer intensivt med \u00e5tervinningstekniker som l\u00e4mpar sig f\u00f6r anv\u00e4ndning i industriell skala.<\/p>\n<p>I ett f\u00f6rs\u00f6k att ytterligare \u00f6ka \u00e5tervinningsgraden testar f\u00f6retaget st\u00e4ndigt \u00e5tervinningskoncept f\u00f6r nya fordonskomponenter i sitt \u00e5tervinnings- och demonteringscenter. Dessutom samarbetar BMW Group med forskningsinstitut och leverant\u00f6rer f\u00f6r att driva p\u00e5 implementeringen av nya \u00e5tervinningstekniker f\u00f6r material som kommer att anv\u00e4ndas oftare i framtiden.<\/p>\n<p><strong>Internationellt produktionsn\u00e4tverk f\u00f6r elektrisk mobilitet<\/strong><\/p>\n<p>BMW Group har skapat ett mycket flexibelt produktionsn\u00e4tverk som snabbt kan reagera p\u00e5 den f\u00f6r\u00e4ndrade efterfr\u00e5gan p\u00e5 elektrifierade modeller. Redan idag bygger f\u00f6retaget elektrifierade fordon i elva fabriker runt om i v\u00e4rlden och integrerar dem i det befintliga produktionssystemet.<\/p>\n<p>De batterier som kr\u00e4vs f\u00f6r de elektrifierade modellerna kommer fr\u00e5n f\u00f6retagets tre batterifabriker i Dingolfing (Tyskland), Spartanburg (USA) och Shenyang (Kina). BMW Group har ocks\u00e5 f\u00f6rlagt produktionen av batterier till Thailand som en del av ett samarbete med Dr\u00e4xlmaier Group. BMW Group Plant Dingolfing spelar en ledande roll inom n\u00e4tverket som ett kompetenscenter f\u00f6r elektriska drivsystem.<\/p>\n<p><strong>Ambiti\u00f6sa m\u00e5l f\u00f6r f\u00f6rs\u00e4ljning av elektrifierade fordon <\/strong><\/p>\n<p>BMW Group \u00e4r en av v\u00e4rldens ledande leverant\u00f6rer av elektrifierade bilar, med totalt tolv modeller i sitt sortiment f\u00f6r n\u00e4rvarande. F\u00f6retaget har satt upp tydliga m\u00e5l f\u00f6r f\u00f6rs\u00e4ljningen av sina elektrifierade modeller. \u00c5r 2021 ska de st\u00e5 f\u00f6r en fj\u00e4rdedel av alla fordon som s\u00e4ljs av BMW Group i Europa. Denna siffra ska stiga till en tredjedel 2025 och sedan till h\u00e4lften av alla fordon som s\u00e4ljs i Europa 2030.<\/p>\n<p>F\u00f6r att uppn\u00e5 dessa m\u00e5l kommer BMW Group att erbjuda ett urval av 25 elektrifierade modeller fr\u00e5n och med 2023. Plattformen f\u00f6r detta \u00e5tagande \u00e4r de flexibla fordonsarkitekturerna f\u00f6r helelektriska, plug-in hybrid- och f\u00f6rbr\u00e4nningsmodeller som g\u00f6r det m\u00f6jligt f\u00f6r f\u00f6retaget att reagera snabbt p\u00e5 f\u00f6r\u00e4ndrade omst\u00e4ndigheter. Mer \u00e4n h\u00e4lften av de 25 modellerna kommer att ha helelektriska drivsystem.<br \/>\n#Teknik #Alternativa drivsystem, #Mobilitet i framtiden 1TP5Effektiv dynamik 1TP5Motorer, drivlina #poduktion, #recykling #Elektrifiering<\/p>\n<p><img loading=\"lazy\" decoding=\"async\" data-attachment-id=\"773\" data-permalink=\"https:\/\/evhnews.com\/sv\/2019\/11\/30\/evs-kommer-inte-att-bli-mainstream-forran-problemen-ar-losta-sager-gms-reuss\/evhn-lighting-bolt-logo-square-100px\/\" data-orig-file=\"https:\/\/evhnews.com\/wp-content\/uploads\/2019\/12\/EVHN-Lighting-Bolt-Logo-Square-100px.jpg\" data-orig-size=\"100,100\" data-comments-opened=\"1\" data-image-meta=\"{&quot;aperture&quot;:&quot;0&quot;,&quot;credit&quot;:&quot;&quot;,&quot;camera&quot;:&quot;&quot;,&quot;caption&quot;:&quot;&quot;,&quot;created_timestamp&quot;:&quot;1575197468&quot;,&quot;copyright&quot;:&quot;&quot;,&quot;focal_length&quot;:&quot;0&quot;,&quot;iso&quot;:&quot;0&quot;,&quot;shutter_speed&quot;:&quot;0&quot;,&quot;title&quot;:&quot;&quot;,&quot;orientation&quot;:&quot;1&quot;}\" data-image-title=\"EVHN Lighting Bolt Logo &amp;#8211; Square &amp;#8211; 100px\" data-image-description=\"\" data-image-caption=\"\" data-medium-file=\"https:\/\/evhnews.com\/wp-content\/uploads\/2019\/12\/EVHN-Lighting-Bolt-Logo-Square-100px.jpg\" data-large-file=\"https:\/\/evhnews.com\/wp-content\/uploads\/2019\/12\/EVHN-Lighting-Bolt-Logo-Square-100px.jpg\" class=\"alignnone size-full wp-image-773\" src=\"https:\/\/evhnews.com\/wp-content\/uploads\/2019\/12\/EVHN-Lighting-Bolt-Logo-Square-100px.jpg\" alt=\"EVHN Lighting Bolt Logo - Square - 100px\" width=\"100\" height=\"100\" \/><\/p>","protected":false},"excerpt":{"rendered":"<p>Oliver Zipse, Chairman of the Board of Management of BMW AG, and Markus S\u00f6der, Minister-President&#8230;<\/p>","protected":false},"author":165558846,"featured_media":935,"comment_status":"open","ping_status":"open","sticky":false,"template":"","format":"standard","meta":{"_coblocks_attr":"","_coblocks_dimensions":"","_coblocks_responsive_height":"","_coblocks_accordion_ie_support":"","_crdt_document":"","advanced_seo_description":"From Material Selection To Prototype Construction The Battery Cell Technology Of The Future Is Taking Shape At The BMW Group Battery Cell Competence Centre","jetpack_seo_html_title":"","jetpack_seo_noindex":false,"jetpack_post_was_ever_published":false,"_jetpack_newsletter_access":"","_jetpack_dont_email_post_to_subs":false,"_jetpack_newsletter_tier_id":0,"_jetpack_memberships_contains_paywalled_content":false,"two_page_speed":[],"_jetpack_memberships_contains_paid_content":false,"footnotes":"","jetpack_publicize_message":"","jetpack_publicize_feature_enabled":true,"jetpack_social_post_already_shared":true,"jetpack_social_options":{"image_generator_settings":{"template":"highway","default_image_id":0,"font":"","enabled":false},"version":2},"_wpas_customize_per_network":false},"categories":[197443,95322809],"tags":[],"class_list":["post-932","post","type-post","status-publish","format-standard","has-post-thumbnail","hentry","category-electric-vehicles","category-new-technology-electric-vehicles"],"jetpack_publicize_connections":[],"featured_image_urls":{"full":["https:\/\/evhnews.com\/wp-content\/uploads\/2019\/12\/Oliver-Zipse-Chairman-of-the-Board-of-Management-of-BMW-AG-and-Markus-S\u00f6der-Minister-President-of-Bavaria-visit-the-new-Battery-Cell-Competence-Center-of-the-BMW-Group-.jpg",600,399,false],"thumbnail":["https:\/\/evhnews.com\/wp-content\/uploads\/2019\/12\/Oliver-Zipse-Chairman-of-the-Board-of-Management-of-BMW-AG-and-Markus-S\u00f6der-Minister-President-of-Bavaria-visit-the-new-Battery-Cell-Competence-Center-of-the-BMW-Group--150x150.jpg",150,150,true],"medium":["https:\/\/evhnews.com\/wp-content\/uploads\/2019\/12\/Oliver-Zipse-Chairman-of-the-Board-of-Management-of-BMW-AG-and-Markus-S\u00f6der-Minister-President-of-Bavaria-visit-the-new-Battery-Cell-Competence-Center-of-the-BMW-Group--300x200.jpg",300,200,true],"medium_large":["https:\/\/evhnews.com\/wp-content\/uploads\/2019\/12\/Oliver-Zipse-Chairman-of-the-Board-of-Management-of-BMW-AG-and-Markus-S\u00f6der-Minister-President-of-Bavaria-visit-the-new-Battery-Cell-Competence-Center-of-the-BMW-Group-.jpg",600,399,false],"large":["https:\/\/evhnews.com\/wp-content\/uploads\/2019\/12\/Oliver-Zipse-Chairman-of-the-Board-of-Management-of-BMW-AG-and-Markus-S\u00f6der-Minister-President-of-Bavaria-visit-the-new-Battery-Cell-Competence-Center-of-the-BMW-Group-.jpg",600,399,false],"1536x1536":["https:\/\/evhnews.com\/wp-content\/uploads\/2019\/12\/Oliver-Zipse-Chairman-of-the-Board-of-Management-of-BMW-AG-and-Markus-S\u00f6der-Minister-President-of-Bavaria-visit-the-new-Battery-Cell-Competence-Center-of-the-BMW-Group-.jpg",600,399,false],"2048x2048":["https:\/\/evhnews.com\/wp-content\/uploads\/2019\/12\/Oliver-Zipse-Chairman-of-the-Board-of-Management-of-BMW-AG-and-Markus-S\u00f6der-Minister-President-of-Bavaria-visit-the-new-Battery-Cell-Competence-Center-of-the-BMW-Group-.jpg",600,399,false],"trp-custom-language-flag":["https:\/\/evhnews.com\/wp-content\/uploads\/2019\/12\/Oliver-Zipse-Chairman-of-the-Board-of-Management-of-BMW-AG-and-Markus-S\u00f6der-Minister-President-of-Bavaria-visit-the-new-Battery-Cell-Competence-Center-of-the-BMW-Group-.jpg",18,12,false],"newspack-article-block-landscape-large":["https:\/\/evhnews.com\/wp-content\/uploads\/2019\/12\/Oliver-Zipse-Chairman-of-the-Board-of-Management-of-BMW-AG-and-Markus-S\u00f6der-Minister-President-of-Bavaria-visit-the-new-Battery-Cell-Competence-Center-of-the-BMW-Group-.jpg",600,399,false],"newspack-article-block-portrait-large":["https:\/\/evhnews.com\/wp-content\/uploads\/2019\/12\/Oliver-Zipse-Chairman-of-the-Board-of-Management-of-BMW-AG-and-Markus-S\u00f6der-Minister-President-of-Bavaria-visit-the-new-Battery-Cell-Competence-Center-of-the-BMW-Group-.jpg",600,399,false],"newspack-article-block-square-large":["https:\/\/evhnews.com\/wp-content\/uploads\/2019\/12\/Oliver-Zipse-Chairman-of-the-Board-of-Management-of-BMW-AG-and-Markus-S\u00f6der-Minister-President-of-Bavaria-visit-the-new-Battery-Cell-Competence-Center-of-the-BMW-Group-.jpg",600,399,false],"newspack-article-block-landscape-medium":["https:\/\/evhnews.com\/wp-content\/uploads\/2019\/12\/Oliver-Zipse-Chairman-of-the-Board-of-Management-of-BMW-AG-and-Markus-S\u00f6der-Minister-President-of-Bavaria-visit-the-new-Battery-Cell-Competence-Center-of-the-BMW-Group-.jpg",600,399,false],"newspack-article-block-portrait-medium":["https:\/\/evhnews.com\/wp-content\/uploads\/2019\/12\/Oliver-Zipse-Chairman-of-the-Board-of-Management-of-BMW-AG-and-Markus-S\u00f6der-Minister-President-of-Bavaria-visit-the-new-Battery-Cell-Competence-Center-of-the-BMW-Group-.jpg",600,399,false],"newspack-article-block-square-medium":["https:\/\/evhnews.com\/wp-content\/uploads\/2019\/12\/Oliver-Zipse-Chairman-of-the-Board-of-Management-of-BMW-AG-and-Markus-S\u00f6der-Minister-President-of-Bavaria-visit-the-new-Battery-Cell-Competence-Center-of-the-BMW-Group-.jpg",600,399,false],"newspack-article-block-landscape-intermediate":["https:\/\/evhnews.com\/wp-content\/uploads\/2019\/12\/Oliver-Zipse-Chairman-of-the-Board-of-Management-of-BMW-AG-and-Markus-S\u00f6der-Minister-President-of-Bavaria-visit-the-new-Battery-Cell-Competence-Center-of-the-BMW-Group-.jpg",600,399,false],"newspack-article-block-portrait-intermediate":["https:\/\/evhnews.com\/wp-content\/uploads\/2019\/12\/Oliver-Zipse-Chairman-of-the-Board-of-Management-of-BMW-AG-and-Markus-S\u00f6der-Minister-President-of-Bavaria-visit-the-new-Battery-Cell-Competence-Center-of-the-BMW-Group-.jpg",450,299,false],"newspack-article-block-square-intermediate":["https:\/\/evhnews.com\/wp-content\/uploads\/2019\/12\/Oliver-Zipse-Chairman-of-the-Board-of-Management-of-BMW-AG-and-Markus-S\u00f6der-Minister-President-of-Bavaria-visit-the-new-Battery-Cell-Competence-Center-of-the-BMW-Group-.jpg",600,399,false],"newspack-article-block-landscape-small":["https:\/\/evhnews.com\/wp-content\/uploads\/2019\/12\/Oliver-Zipse-Chairman-of-the-Board-of-Management-of-BMW-AG-and-Markus-S\u00f6der-Minister-President-of-Bavaria-visit-the-new-Battery-Cell-Competence-Center-of-the-BMW-Group-.jpg",400,266,false],"newspack-article-block-portrait-small":["https:\/\/evhnews.com\/wp-content\/uploads\/2019\/12\/Oliver-Zipse-Chairman-of-the-Board-of-Management-of-BMW-AG-and-Markus-S\u00f6der-Minister-President-of-Bavaria-visit-the-new-Battery-Cell-Competence-Center-of-the-BMW-Group-.jpg",300,200,false],"newspack-article-block-square-small":["https:\/\/evhnews.com\/wp-content\/uploads\/2019\/12\/Oliver-Zipse-Chairman-of-the-Board-of-Management-of-BMW-AG-and-Markus-S\u00f6der-Minister-President-of-Bavaria-visit-the-new-Battery-Cell-Competence-Center-of-the-BMW-Group-.jpg",400,266,false],"newspack-article-block-landscape-tiny":["https:\/\/evhnews.com\/wp-content\/uploads\/2019\/12\/Oliver-Zipse-Chairman-of-the-Board-of-Management-of-BMW-AG-and-Markus-S\u00f6der-Minister-President-of-Bavaria-visit-the-new-Battery-Cell-Competence-Center-of-the-BMW-Group-.jpg",200,133,false],"newspack-article-block-portrait-tiny":["https:\/\/evhnews.com\/wp-content\/uploads\/2019\/12\/Oliver-Zipse-Chairman-of-the-Board-of-Management-of-BMW-AG-and-Markus-S\u00f6der-Minister-President-of-Bavaria-visit-the-new-Battery-Cell-Competence-Center-of-the-BMW-Group-.jpg",150,100,false],"newspack-article-block-square-tiny":["https:\/\/evhnews.com\/wp-content\/uploads\/2019\/12\/Oliver-Zipse-Chairman-of-the-Board-of-Management-of-BMW-AG-and-Markus-S\u00f6der-Minister-President-of-Bavaria-visit-the-new-Battery-Cell-Competence-Center-of-the-BMW-Group-.jpg",200,133,false],"newspack-article-block-uncropped":["https:\/\/evhnews.com\/wp-content\/uploads\/2019\/12\/Oliver-Zipse-Chairman-of-the-Board-of-Management-of-BMW-AG-and-Markus-S\u00f6der-Minister-President-of-Bavaria-visit-the-new-Battery-Cell-Competence-Center-of-the-BMW-Group-.jpg",600,399,false],"enternews-featured":["https:\/\/evhnews.com\/wp-content\/uploads\/2019\/12\/Oliver-Zipse-Chairman-of-the-Board-of-Management-of-BMW-AG-and-Markus-S\u00f6der-Minister-President-of-Bavaria-visit-the-new-Battery-Cell-Competence-Center-of-the-BMW-Group-.jpg",600,399,false],"enternews-medium":["https:\/\/evhnews.com\/wp-content\/uploads\/2019\/12\/Oliver-Zipse-Chairman-of-the-Board-of-Management-of-BMW-AG-and-Markus-S\u00f6der-Minister-President-of-Bavaria-visit-the-new-Battery-Cell-Competence-Center-of-the-BMW-Group-.jpg",600,399,false],"enternews-thumbnail":["https:\/\/evhnews.com\/wp-content\/uploads\/2019\/12\/Oliver-Zipse-Chairman-of-the-Board-of-Management-of-BMW-AG-and-Markus-S\u00f6der-Minister-President-of-Bavaria-visit-the-new-Battery-Cell-Competence-Center-of-the-BMW-Group-.jpg",474,315,false],"tenweb_optimizer_mobile":["https:\/\/evhnews.com\/wp-content\/uploads\/2019\/12\/Oliver-Zipse-Chairman-of-the-Board-of-Management-of-BMW-AG-and-Markus-S\u00f6der-Minister-President-of-Bavaria-visit-the-new-Battery-Cell-Competence-Center-of-the-BMW-Group-.jpg",600,399,false],"tenweb_optimizer_tablet":["https:\/\/evhnews.com\/wp-content\/uploads\/2019\/12\/Oliver-Zipse-Chairman-of-the-Board-of-Management-of-BMW-AG-and-Markus-S\u00f6der-Minister-President-of-Bavaria-visit-the-new-Battery-Cell-Competence-Center-of-the-BMW-Group-.jpg",600,399,false]},"author_info":{"display_name":"EVHNews","author_link":"https:\/\/evhnews.com\/sv\/author\/evhnews\/"},"category_info":"<a href=\"https:\/\/evhnews.com\/sv\/category\/elektriska-fordon\/\" rel=\"category tag\">Electric Automotive Vehicles<\/a> <a href=\"https:\/\/evhnews.com\/sv\/category\/elektriska-fordon\/ny-teknik-for-elfordon\/\" rel=\"category tag\">New Electric Automotive Technology<\/a>","tag_info":"New Electric Automotive Technology","comment_count":"0","jetpack_featured_media_url":"https:\/\/evhnews.com\/wp-content\/uploads\/2019\/12\/Oliver-Zipse-Chairman-of-the-Board-of-Management-of-BMW-AG-and-Markus-S\u00f6der-Minister-President-of-Bavaria-visit-the-new-Battery-Cell-Competence-Center-of-the-BMW-Group-.jpg","jetpack_likes_enabled":true,"jetpack_sharing_enabled":true,"jetpack_shortlink":"https:\/\/wp.me\/pbbbdx-f2","amp_enabled":true,"_links":{"self":[{"href":"https:\/\/evhnews.com\/sv\/wp-json\/wp\/v2\/posts\/932","targetHints":{"allow":["GET"]}}],"collection":[{"href":"https:\/\/evhnews.com\/sv\/wp-json\/wp\/v2\/posts"}],"about":[{"href":"https:\/\/evhnews.com\/sv\/wp-json\/wp\/v2\/types\/post"}],"author":[{"embeddable":true,"href":"https:\/\/evhnews.com\/sv\/wp-json\/wp\/v2\/users\/165558846"}],"replies":[{"embeddable":true,"href":"https:\/\/evhnews.com\/sv\/wp-json\/wp\/v2\/comments?post=932"}],"version-history":[{"count":23,"href":"https:\/\/evhnews.com\/sv\/wp-json\/wp\/v2\/posts\/932\/revisions"}],"predecessor-version":[{"id":1363,"href":"https:\/\/evhnews.com\/sv\/wp-json\/wp\/v2\/posts\/932\/revisions\/1363"}],"wp:featuredmedia":[{"embeddable":true,"href":"https:\/\/evhnews.com\/sv\/wp-json\/wp\/v2\/media\/935"}],"wp:attachment":[{"href":"https:\/\/evhnews.com\/sv\/wp-json\/wp\/v2\/media?parent=932"}],"wp:term":[{"taxonomy":"category","embeddable":true,"href":"https:\/\/evhnews.com\/sv\/wp-json\/wp\/v2\/categories?post=932"},{"taxonomy":"post_tag","embeddable":true,"href":"https:\/\/evhnews.com\/sv\/wp-json\/wp\/v2\/tags?post=932"}],"curies":[{"name":"wp","href":"https:\/\/api.w.org\/{rel}","templated":true}]}}