{"id":9810,"date":"2024-06-25T15:37:13","date_gmt":"2024-06-25T22:37:13","guid":{"rendered":"https:\/\/evhnews.com\/?p=9810"},"modified":"2024-07-05T15:49:41","modified_gmt":"2024-07-05T22:49:41","slug":"michael-leiters-mclaren-ceo-calls-for-uk-to-be-a-supercar-centre-of-excellence-for-next-generation-battery-technology-2","status":"publish","type":"post","link":"https:\/\/evhnews.com\/sv\/2024\/06\/25\/michael-leiters-mclaren-ceo-calls-for-uk-to-be-a-supercar-centre-of-excellence-for-next-generation-battery-technology-2\/","title":{"rendered":"Michael Leiters, McLarens vd, vill att Storbritannien ska bli ett superbilscentrum f\u00f6r n\u00e4sta generations batteriteknik"},"content":{"rendered":"<p style=\"background: #F9F9F9; margin: 0in 0in 7.5pt 0in;\"><span style=\"font-size: 10.5pt; font-family: 'Helvetica',sans-serif; color: #333333;\"><br \/>\nStorbritannien, med sin rika historia inom h\u00f6gpresterande fordonstillverkning och elitmotorsport, st\u00e5r inf\u00f6r ett gyllene tillf\u00e4lle att leda elektrifieringen av superbilstillverkningen om man kan locka investeringar till den inhemska leverant\u00f6rskedjan, s\u00e4ger McLaren Automotives VD Michael Leiters.<\/span><\/p>\n<p style=\"background: #F9F9F9; box-sizing: border-box; font-variant-ligatures: normal; font-variant-caps: normal; orphans: 2; widows: 2; -webkit-text-stroke-width: 0px; text-decoration-thickness: initial; text-decoration-style: initial; text-decoration-color: initial; word-spacing: 0px; margin: 0in 0in 7.5pt 0in;\"><span style=\"font-size: 10.5pt; font-family: 'Helvetica',sans-serif; color: #333333;\">Leiters s\u00e4ger att den befintliga leveranskedjan i Storbritannien f\u00f6r n\u00e4rvarande inte \u00e4r utrustad f\u00f6r att uppfylla de unika prestandakraven f\u00f6r elektriska superbilar och uppmanar en framtida brittisk regering att tillhandah\u00e5lla en strategisk f\u00e4rdplan f\u00f6r investeringar i framtida drivlineteknologier.<\/span><\/p>\n<p><img fetchpriority=\"high\" decoding=\"async\" data-attachment-id=\"9813\" data-permalink=\"https:\/\/evhnews.com\/sv\/2024\/06\/25\/michael-leiters-mclaren-ceo-calls-for-uk-to-be-a-supercar-centre-of-excellence-for-next-generation-battery-technology-2\/mclaren-ceo-calls-for-uk-to-be-a-supercar-centre-of-excellence-for-next-generation-battery-technology\/\" data-orig-file=\"https:\/\/evhnews.com\/wp-content\/uploads\/2024\/07\/McLaren-CEO-Calls-For-UK-To-Be-A-Supercar-Centre-Of-Excellence-For-Next-Generation-Battery-Technology-e1720219426735.jpeg\" data-orig-size=\"3500,2333\" data-comments-opened=\"1\" data-image-meta=\"{&quot;aperture&quot;:&quot;4.5&quot;,&quot;credit&quot;:&quot;Fabio De Paola&quot;,&quot;camera&quot;:&quot;Canon EOS R6&quot;,&quot;caption&quot;:&quot;&quot;,&quot;created_timestamp&quot;:&quot;1719305320&quot;,&quot;copyright&quot;:&quot;COPYRIGHT OF Fabio De Paola 07971972977&quot;,&quot;focal_length&quot;:&quot;57&quot;,&quot;iso&quot;:&quot;2000&quot;,&quot;shutter_speed&quot;:&quot;0.004&quot;,&quot;title&quot;:&quot;&quot;,&quot;orientation&quot;:&quot;0&quot;}\" data-image-title=\"McLaren CEO Calls For UK To Be A Supercar Centre Of Excellence For Next Generation Battery Technology\" data-image-description=\"\" data-image-caption=\"\" data-large-file=\"https:\/\/evhnews.com\/wp-content\/uploads\/2024\/07\/McLaren-CEO-Calls-For-UK-To-Be-A-Supercar-Centre-Of-Excellence-For-Next-Generation-Battery-Technology-1024x683.jpeg\" class=\"wp-image-9813 aligncenter\" src=\"https:\/\/evhnews.com\/wp-content\/uploads\/2024\/07\/McLaren-CEO-Calls-For-UK-To-Be-A-Supercar-Centre-Of-Excellence-For-Next-Generation-Battery-Technology-1024x683.jpeg\" alt=\"\" width=\"719\" height=\"479\" \/><\/p>\n<h5 style=\"text-align: center;\">Bildkredit McLaren Automotive Media<\/h5>\n<p style=\"background: #F9F9F9; box-sizing: border-box; font-variant-ligatures: normal; font-variant-caps: normal; orphans: 2; widows: 2; -webkit-text-stroke-width: 0px; text-decoration-thickness: initial; text-decoration-style: initial; text-decoration-color: initial; word-spacing: 0px; margin: 0in 0in 7.5pt 0in;\"><span style=\"font-size: 10.5pt; font-family: 'Helvetica',sans-serif; color: #333333;\">\"En tydlig industriell strategi, som leds av investeringar i den inhemska leverant\u00f6rskedjan, kommer att skapa tillv\u00e4xt, st\u00f6dja arbetstillf\u00e4llen, bidra till att minska koldioxidutsl\u00e4ppen i ekonomin och s\u00e4kra en livskraftig framtid f\u00f6r den brittiska bilindustrin\", s\u00e4ger Leiters.\u00a0<\/span><\/p>\n<p style=\"background: #F9F9F9; box-sizing: border-box; font-variant-ligatures: normal; font-variant-caps: normal; orphans: 2; widows: 2; -webkit-text-stroke-width: 0px; text-decoration-thickness: initial; text-decoration-style: initial; text-decoration-color: initial; word-spacing: 0px; margin: 0in 0in 7.5pt 0in;\"><span style=\"font-size: 10.5pt; font-family: 'Helvetica',sans-serif; color: #333333;\">\"Det \u00e4r dags att vi \u00e5terf\u00e5r f\u00f6rtroendet f\u00f6r v\u00e5r sektor genom att investera i en inhemsk leveranskedja i v\u00e4rldsklass f\u00f6r att st\u00f6dja utvecklingen av morgondagens h\u00f6gpresterande fordon\", s\u00e4ger han.<\/span><\/p>\n<p style=\"background: #F9F9F9; box-sizing: border-box; font-variant-ligatures: normal; font-variant-caps: normal; orphans: 2; widows: 2; -webkit-text-stroke-width: 0px; text-decoration-thickness: initial; text-decoration-style: initial; text-decoration-color: initial; word-spacing: 0px; margin: 0in 0in 7.5pt 0in;\"><span style=\"font-size: 10.5pt; font-family: 'Helvetica',sans-serif; color: #333333;\">\"Storbritannien var en g\u00e5ng i tiden v\u00e4rldens st\u00f6rsta fordonsexport\u00f6r. Idag \u00e4r det fortfarande hem f\u00f6r n\u00e5gra av v\u00e4rldens mest beundrade bilm\u00e4rken och f\u00f6r de flesta Formel 1-stallen\", s\u00e4ger Leiters.<\/span><\/p>\n<p style=\"background: #F9F9F9; box-sizing: border-box; font-variant-ligatures: normal; font-variant-caps: normal; orphans: 2; widows: 2; -webkit-text-stroke-width: 0px; text-decoration-thickness: initial; text-decoration-style: initial; text-decoration-color: initial; word-spacing: 0px; margin: 0in 0in 7.5pt 0in;\"><span style=\"font-size: 10.5pt; font-family: 'Helvetica',sans-serif; color: #333333;\">\"Vi m\u00e5ste utnyttja kompetensen, kunskapen och uppfinningsrikedomen hos den brittiska motorsport- och prestandabilsindustrin f\u00f6r att skapa ett globalt kompetenscentrum f\u00f6r h\u00f6gpresterande bilar\", s\u00e4ger han.<\/span><\/p>\n<p style=\"background: #F9F9F9; box-sizing: border-box; font-variant-ligatures: normal; font-variant-caps: normal; orphans: 2; widows: 2; -webkit-text-stroke-width: 0px; text-decoration-thickness: initial; text-decoration-style: initial; text-decoration-color: initial; word-spacing: 0px; margin: 0in 0in 7.5pt 0in;\"><span style=\"font-size: 10.5pt; font-family: 'Helvetica',sans-serif; color: #333333;\">\"Brittiska lyx- och sportbilsm\u00e4rken har en enorm priss\u00e4ttningsf\u00f6rm\u00e5ga tack vare sin rika historia, sitt inneboende varum\u00e4rkesv\u00e4rde och sina klassledande prestandaattribut.<\/span><\/p>\n<p style=\"background: #F9F9F9; box-sizing: border-box; font-variant-ligatures: normal; font-variant-caps: normal; orphans: 2; widows: 2; -webkit-text-stroke-width: 0px; text-decoration-thickness: initial; text-decoration-style: initial; text-decoration-color: initial; word-spacing: 0px; margin: 0in 0in 7.5pt 0in;\"><span style=\"font-size: 10.5pt; font-family: 'Helvetica',sans-serif; color: #333333;\">\"Som ett resultat av detta \u00e4r bruttof\u00f6r\u00e4dlingsv\u00e4rdet f\u00f6r McLarens anst\u00e4llda 51% h\u00f6gre \u00e4n f\u00f6r den brittiska fordonstillverkningssektorn.<\/span><\/p>\n<p style=\"background: #F9F9F9; box-sizing: border-box; font-variant-ligatures: normal; font-variant-caps: normal; orphans: 2; widows: 2; -webkit-text-stroke-width: 0px; text-decoration-thickness: initial; text-decoration-style: initial; text-decoration-color: initial; word-spacing: 0px; margin: 0in 0in 7.5pt 0in;\"><span style=\"font-size: 10.5pt; font-family: 'Helvetica',sans-serif; color: #333333;\">\"Med mer \u00e4n 901 ton exporterade McLaren-superbilar ger den brittiska prestandabilsindustrin en utm\u00e4rkt avkastning p\u00e5 skattebetalarnas investeringar\", s\u00e4ger Leiters.<\/span><\/p>\n<p style=\"background: #F9F9F9; box-sizing: border-box; font-variant-ligatures: normal; font-variant-caps: normal; orphans: 2; widows: 2; -webkit-text-stroke-width: 0px; text-decoration-thickness: initial; text-decoration-style: initial; text-decoration-color: initial; word-spacing: 0px; margin: 0in 0in 7.5pt 0in;\"><span style=\"font-size: 10.5pt; font-family: 'Helvetica',sans-serif; color: #333333;\">Leiters s\u00e4ger att statligt st\u00f6d ocks\u00e5 \u00e4r viktigt f\u00f6r att \"minska risken\" f\u00f6r \u00f6verg\u00e5ngen till elektrifiering.<\/span><\/p>\n<p style=\"background: #F9F9F9; box-sizing: border-box; font-variant-ligatures: normal; font-variant-caps: normal; orphans: 2; widows: 2; -webkit-text-stroke-width: 0px; text-decoration-thickness: initial; text-decoration-style: initial; text-decoration-color: initial; word-spacing: 0px; margin: 0in 0in 7.5pt 0in;\"><span style=\"font-size: 10.5pt; font-family: 'Helvetica',sans-serif; color: #333333;\">\"Kostnaderna f\u00f6r detta teknikskifte \u00e4r astronomiska, s\u00e4rskilt f\u00f6r h\u00f6gspecialiserade leverant\u00f6rer med l\u00e5ga volymer\", s\u00e4ger han.<\/span><\/p>\n<p style=\"background: #F9F9F9; box-sizing: border-box; font-variant-ligatures: normal; font-variant-caps: normal; orphans: 2; widows: 2; -webkit-text-stroke-width: 0px; text-decoration-thickness: initial; text-decoration-style: initial; text-decoration-color: initial; word-spacing: 0px; margin: 0in 0in 7.5pt 0in;\"><span style=\"font-size: 10.5pt; font-family: 'Helvetica',sans-serif; color: #333333;\">\"Idag \u00e4r kundernas efterfr\u00e5gan p\u00e5 eldrivna superbilar fortfarande extremt l\u00e5g eftersom tekniken inte \u00e4r tillr\u00e4ckligt mogen f\u00f6r att konkurrera med prestandan hos dagens hybrid- och f\u00f6rbr\u00e4nningsmotorer, vilket g\u00f6r det till en riskfylld investering b\u00e5de f\u00f6r OEM-tillverkare och deras leverant\u00f6rer.<\/span><\/p>\n<p style=\"background: #F9F9F9; box-sizing: border-box; font-variant-ligatures: normal; font-variant-caps: normal; orphans: 2; widows: 2; -webkit-text-stroke-width: 0px; text-decoration-thickness: initial; text-decoration-style: initial; text-decoration-color: initial; word-spacing: 0px; margin: 0in 0in 7.5pt 0in;\"><span style=\"font-size: 10.5pt; font-family: 'Helvetica',sans-serif; color: #333333;\">\"Men vi har m\u00f6jlighet att investera i n\u00e4sta generations tillverkning av battericeller med h\u00f6g effektt\u00e4thet och se till att Storbritannien ligger i framkant n\u00e4r det g\u00e4ller drivlineteknik f\u00f6r framtidens prestandabilar\", s\u00e4ger han.<\/span><\/p>\n<p style=\"background: #F9F9F9; box-sizing: border-box; font-variant-ligatures: normal; font-variant-caps: normal; orphans: 2; widows: 2; -webkit-text-stroke-width: 0px; text-decoration-thickness: initial; text-decoration-style: initial; text-decoration-color: initial; word-spacing: 0px; margin: 0in 0in 7.5pt 0in;\"><span style=\"font-size: 10.5pt; font-family: 'Helvetica',sans-serif; color: #333333;\">\"\u00c4ven hybridfordon, som vi f\u00f6rv\u00e4ntar oss kommer att st\u00e5 f\u00f6r de flesta superbilar som s\u00e4ljs under detta \u00e5rtionde, kr\u00e4ver att man lokalt k\u00f6per in h\u00f6gpresterande batteriteknik p\u00e5 grund av EU:s krav p\u00e5 ursprungsregler f\u00f6r exporterade fordon\", s\u00e4ger Leiters.<\/span><\/p>\n<p style=\"background: #F9F9F9; box-sizing: border-box; font-variant-ligatures: normal; font-variant-caps: normal; orphans: 2; widows: 2; -webkit-text-stroke-width: 0px; text-decoration-thickness: initial; text-decoration-style: initial; text-decoration-color: initial; word-spacing: 0px; margin: 0in 0in 7.5pt 0in;\"><span style=\"font-size: 10.5pt; font-family: 'Helvetica',sans-serif; color: #333333;\">Leiters s\u00e4ger att utmaningen att uppfylla kraven p\u00e5 ursprungsregler bara kommer att \u00f6ka i och med \u00f6verg\u00e5ngen till rena elfordon.<\/span><\/p>\n<p style=\"background: #F9F9F9; box-sizing: border-box; font-variant-ligatures: normal; font-variant-caps: normal; orphans: 2; widows: 2; -webkit-text-stroke-width: 0px; text-decoration-thickness: initial; text-decoration-style: initial; text-decoration-color: initial; word-spacing: 0px; margin: 0in 0in 7.5pt 0in;\"><span style=\"font-size: 10.5pt; font-family: 'Helvetica',sans-serif; color: #333333;\">\"Idag har v\u00e5r hybriddrivlina i McLaren Artura 64% brittiskt inneh\u00e5ll. Om den h\u00e4r bilen var en ren elbil skulle det brittiska inneh\u00e5llet i drivlinan minska till 13% eftersom vi f\u00f6r n\u00e4rvarande inte kan k\u00f6pa in de relevanta komponenterna i Storbritannien.\"<\/span><\/p>\n<p style=\"background: #F9F9F9; box-sizing: border-box; font-variant-ligatures: normal; font-variant-caps: normal; orphans: 2; widows: 2; -webkit-text-stroke-width: 0px; text-decoration-thickness: initial; text-decoration-style: initial; text-decoration-color: initial; word-spacing: 0px; margin: 0in 0in 7.5pt 0in;\"><span style=\"font-size: 10.5pt; font-family: 'Helvetica',sans-serif; color: #333333;\">Leiters s\u00e4ger att det historiskt sett har varit lyx- och h\u00f6gprestandamarknaden som har lett branschen n\u00e4r det g\u00e4ller tekniska f\u00f6r\u00e4ndringar.<\/span><\/p>\n<p style=\"background: #F9F9F9; box-sizing: border-box; font-variant-ligatures: normal; font-variant-caps: normal; orphans: 2; widows: 2; -webkit-text-stroke-width: 0px; text-decoration-thickness: initial; text-decoration-style: initial; text-decoration-color: initial; word-spacing: 0px; margin: 0in 0in 7.5pt 0in;\"><span style=\"font-size: 10.5pt; font-family: 'Helvetica',sans-serif; color: #333333;\">\"Titta p\u00e5 McLaren P1 - en teknisk f\u00f6reg\u00e5ngare som bevisade kapaciteten hos h\u00f6gpresterande hybridteknik l\u00e5ngt innan elektrifiering var i mainstream.\"<\/span><\/p>\n<p style=\"background: #F9F9F9; box-sizing: border-box; font-variant-ligatures: normal; font-variant-caps: normal; orphans: 2; widows: 2; -webkit-text-stroke-width: 0px; text-decoration-thickness: initial; text-decoration-style: initial; text-decoration-color: initial; word-spacing: 0px; margin: 0in 0in 7.5pt 0in;\"><span style=\"font-size: 10.5pt; font-family: 'Helvetica',sans-serif; color: #333333;\">\"Att utveckla en McLaren-superbil med ren eldrift, som kan konkurrera med - om inte \u00f6vertr\u00e4ffa - prestandan och f\u00f6rarengagemanget hos dagens superbilar, kan bidra till att driva p\u00e5 \u00f6verg\u00e5ngen till ren elektrifiering bland massmarknadskunder\", s\u00e4ger han.<\/span><\/p>\n<p style=\"background: #F9F9F9; box-sizing: border-box; font-variant-ligatures: normal; font-variant-caps: normal; orphans: 2; widows: 2; -webkit-text-stroke-width: 0px; text-decoration-thickness: initial; text-decoration-style: initial; text-decoration-color: initial; word-spacing: 0px; margin: 0in 0in 7.5pt 0in;\"><span style=\"font-size: 10.5pt; font-family: 'Helvetica',sans-serif; color: #333333;\">Leiters s\u00e4ger att om man lockar r\u00e4tt batterileverant\u00f6rer till Storbritannien skulle det ocks\u00e5 ge l\u00e5ngsiktiga f\u00f6rdelar utanf\u00f6r prestandabilsindustrin.<\/span><\/p>\n<p style=\"background: #F9F9F9; box-sizing: border-box; font-variant-ligatures: normal; font-variant-caps: normal; orphans: 2; widows: 2; -webkit-text-stroke-width: 0px; text-decoration-thickness: initial; text-decoration-style: initial; text-decoration-color: initial; word-spacing: 0px; margin: 0in 0in 7.5pt 0in;\"><span style=\"font-size: 10.5pt; font-family: 'Helvetica',sans-serif; color: #333333;\">\"I framtiden skulle en blomstrande brittisk leverant\u00f6rskedja som specialiserar sig p\u00e5 avancerade celler med h\u00f6g energit\u00e4thet inte bara st\u00f6dja superbilstillverkningen utan \u00e4ven andra avancerade tillverkningsbehov, som flygplan med vertikal start och dr\u00f6nare\", s\u00e4ger han.<\/span><\/p>\n<p>&nbsp;<\/p>\n<p>&nbsp;<\/p>\n<p>... anteckningar fr\u00e5n SP<\/p>\n<p>#EVNyheter, #<span style=\"font-size: 10.5pt; font-family: 'Helvetica',sans-serif; color: #333333;\">EV McLaren,<\/span><\/p>","protected":false},"excerpt":{"rendered":"<p>The UK, with its rich history in high-performance automotive manufacturing and elite motorsport, faces a\u2026<\/p>","protected":false},"author":165558846,"featured_media":9812,"comment_status":"open","ping_status":"open","sticky":false,"template":"","format":"standard","meta":{"_coblocks_attr":"","_coblocks_dimensions":"","_coblocks_responsive_height":"","_coblocks_accordion_ie_support":"","_crdt_document":"","advanced_seo_description":"","jetpack_seo_html_title":"","jetpack_seo_noindex":false,"_jetpack_newsletter_access":"","_jetpack_dont_email_post_to_subs":false,"_jetpack_newsletter_tier_id":0,"_jetpack_memberships_contains_paywalled_content":false,"two_page_speed":[],"_jetpack_memberships_contains_paid_content":false,"footnotes":"","jetpack_publicize_message":"","jetpack_publicize_feature_enabled":true,"jetpack_social_post_already_shared":true,"jetpack_social_options":{"image_generator_settings":{"template":"highway","default_image_id":0,"font":"","enabled":false},"version":2},"_wpas_customize_per_network":false,"jetpack_post_was_ever_published":false},"categories":[688386226],"tags":[],"class_list":["post-9810","post","type-post","status-publish","format-standard","has-post-thumbnail","hentry","category-autonomous-industry-news"],"jetpack_publicize_connections":[],"featured_image_urls":{"full":["https:\/\/evhnews.com\/wp-content\/uploads\/2024\/07\/Michael-Leiters-McLaren-CEO-Calls-For-UK-To-Be-A-Supercar-Centre-Of-Excellence-For-Next-Generation-Battery-Technology.jpeg",3500,2371,false],"thumbnail":["https:\/\/evhnews.com\/wp-content\/uploads\/2024\/07\/Michael-Leiters-McLaren-CEO-Calls-For-UK-To-Be-A-Supercar-Centre-Of-Excellence-For-Next-Generation-Battery-Technology-150x150.jpeg?crop=1",150,150,true],"medium":["https:\/\/evhnews.com\/wp-content\/uploads\/2024\/07\/Michael-Leiters-McLaren-CEO-Calls-For-UK-To-Be-A-Supercar-Centre-Of-Excellence-For-Next-Generation-Battery-Technology-300x203.jpeg",300,203,true],"medium_large":["https:\/\/evhnews.com\/wp-content\/uploads\/2024\/07\/Michael-Leiters-McLaren-CEO-Calls-For-UK-To-Be-A-Supercar-Centre-Of-Excellence-For-Next-Generation-Battery-Technology-768x520.jpeg",640,433,true],"large":["https:\/\/evhnews.com\/wp-content\/uploads\/2024\/07\/Michael-Leiters-McLaren-CEO-Calls-For-UK-To-Be-A-Supercar-Centre-Of-Excellence-For-Next-Generation-Battery-Technology-1024x694.jpeg",640,434,true],"1536x1536":["https:\/\/evhnews.com\/wp-content\/uploads\/2024\/07\/Michael-Leiters-McLaren-CEO-Calls-For-UK-To-Be-A-Supercar-Centre-Of-Excellence-For-Next-Generation-Battery-Technology-1536x1041.jpeg",1536,1041,true],"2048x2048":["https:\/\/evhnews.com\/wp-content\/uploads\/2024\/07\/Michael-Leiters-McLaren-CEO-Calls-For-UK-To-Be-A-Supercar-Centre-Of-Excellence-For-Next-Generation-Battery-Technology-2048x1387.jpeg",2048,1387,true],"trp-custom-language-flag":["https:\/\/evhnews.com\/wp-content\/uploads\/2024\/07\/Michael-Leiters-McLaren-CEO-Calls-For-UK-To-Be-A-Supercar-Centre-Of-Excellence-For-Next-Generation-Battery-Technology-18x12.jpeg",18,12,true],"newspack-article-block-landscape-large":["https:\/\/evhnews.com\/wp-content\/uploads\/2024\/07\/Michael-Leiters-McLaren-CEO-Calls-For-UK-To-Be-A-Supercar-Centre-Of-Excellence-For-Next-Generation-Battery-Technology-1200x900.jpeg?crop=1",1200,900,true],"newspack-article-block-portrait-large":["https:\/\/evhnews.com\/wp-content\/uploads\/2024\/07\/Michael-Leiters-McLaren-CEO-Calls-For-UK-To-Be-A-Supercar-Centre-Of-Excellence-For-Next-Generation-Battery-Technology-900x1200.jpeg?crop=1",900,1200,true],"newspack-article-block-square-large":["https:\/\/evhnews.com\/wp-content\/uploads\/2024\/07\/Michael-Leiters-McLaren-CEO-Calls-For-UK-To-Be-A-Supercar-Centre-Of-Excellence-For-Next-Generation-Battery-Technology-1200x1200.jpeg?crop=1",1200,1200,true],"newspack-article-block-landscape-medium":["https:\/\/evhnews.com\/wp-content\/uploads\/2024\/07\/Michael-Leiters-McLaren-CEO-Calls-For-UK-To-Be-A-Supercar-Centre-Of-Excellence-For-Next-Generation-Battery-Technology-800x600.jpeg?crop=1",800,600,true],"newspack-article-block-portrait-medium":["https:\/\/evhnews.com\/wp-content\/uploads\/2024\/07\/Michael-Leiters-McLaren-CEO-Calls-For-UK-To-Be-A-Supercar-Centre-Of-Excellence-For-Next-Generation-Battery-Technology-600x800.jpeg?crop=1",600,800,true],"newspack-article-block-square-medium":["https:\/\/evhnews.com\/wp-content\/uploads\/2024\/07\/Michael-Leiters-McLaren-CEO-Calls-For-UK-To-Be-A-Supercar-Centre-Of-Excellence-For-Next-Generation-Battery-Technology-800x800.jpeg?crop=1",800,800,true],"newspack-article-block-landscape-intermediate":["https:\/\/evhnews.com\/wp-content\/uploads\/2024\/07\/Michael-Leiters-McLaren-CEO-Calls-For-UK-To-Be-A-Supercar-Centre-Of-Excellence-For-Next-Generation-Battery-Technology-600x450.jpeg?crop=1",600,450,true],"newspack-article-block-portrait-intermediate":["https:\/\/evhnews.com\/wp-content\/uploads\/2024\/07\/Michael-Leiters-McLaren-CEO-Calls-For-UK-To-Be-A-Supercar-Centre-Of-Excellence-For-Next-Generation-Battery-Technology-450x600.jpeg?crop=1",450,600,true],"newspack-article-block-square-intermediate":["https:\/\/evhnews.com\/wp-content\/uploads\/2024\/07\/Michael-Leiters-McLaren-CEO-Calls-For-UK-To-Be-A-Supercar-Centre-Of-Excellence-For-Next-Generation-Battery-Technology-600x600.jpeg",600,600,true],"newspack-article-block-landscape-small":["https:\/\/evhnews.com\/wp-content\/uploads\/2024\/07\/Michael-Leiters-McLaren-CEO-Calls-For-UK-To-Be-A-Supercar-Centre-Of-Excellence-For-Next-Generation-Battery-Technology-400x300.jpeg?crop=1",400,300,true],"newspack-article-block-portrait-small":["https:\/\/evhnews.com\/wp-content\/uploads\/2024\/07\/Michael-Leiters-McLaren-CEO-Calls-For-UK-To-Be-A-Supercar-Centre-Of-Excellence-For-Next-Generation-Battery-Technology-300x400.jpeg?crop=1",300,400,true],"newspack-article-block-square-small":["https:\/\/evhnews.com\/wp-content\/uploads\/2024\/07\/Michael-Leiters-McLaren-CEO-Calls-For-UK-To-Be-A-Supercar-Centre-Of-Excellence-For-Next-Generation-Battery-Technology-400x400.jpeg?crop=1",400,400,true],"newspack-article-block-landscape-tiny":["https:\/\/evhnews.com\/wp-content\/uploads\/2024\/07\/Michael-Leiters-McLaren-CEO-Calls-For-UK-To-Be-A-Supercar-Centre-Of-Excellence-For-Next-Generation-Battery-Technology-200x150.jpeg?crop=1",200,150,true],"newspack-article-block-portrait-tiny":["https:\/\/evhnews.com\/wp-content\/uploads\/2024\/07\/Michael-Leiters-McLaren-CEO-Calls-For-UK-To-Be-A-Supercar-Centre-Of-Excellence-For-Next-Generation-Battery-Technology-150x200.jpeg?crop=1",150,200,true],"newspack-article-block-square-tiny":["https:\/\/evhnews.com\/wp-content\/uploads\/2024\/07\/Michael-Leiters-McLaren-CEO-Calls-For-UK-To-Be-A-Supercar-Centre-Of-Excellence-For-Next-Generation-Battery-Technology-200x200.jpeg?crop=1",200,200,true],"newspack-article-block-uncropped":["https:\/\/evhnews.com\/wp-content\/uploads\/2024\/07\/Michael-Leiters-McLaren-CEO-Calls-For-UK-To-Be-A-Supercar-Centre-Of-Excellence-For-Next-Generation-Battery-Technology-1200x813.jpeg",1200,813,true],"enternews-featured":["https:\/\/evhnews.com\/wp-content\/uploads\/2024\/07\/Michael-Leiters-McLaren-CEO-Calls-For-UK-To-Be-A-Supercar-Centre-Of-Excellence-For-Next-Generation-Battery-Technology-1024x694.jpeg",1024,694,true],"enternews-medium":["https:\/\/evhnews.com\/wp-content\/uploads\/2024\/07\/Michael-Leiters-McLaren-CEO-Calls-For-UK-To-Be-A-Supercar-Centre-Of-Excellence-For-Next-Generation-Battery-Technology-720x475.jpeg?crop=1",720,475,true],"enternews-thumbnail":["https:\/\/evhnews.com\/wp-content\/uploads\/2024\/07\/Michael-Leiters-McLaren-CEO-Calls-For-UK-To-Be-A-Supercar-Centre-Of-Excellence-For-Next-Generation-Battery-Technology-480x315.jpeg?crop=1",480,315,true],"tenweb_optimizer_mobile":["https:\/\/evhnews.com\/wp-content\/uploads\/2024\/07\/Michael-Leiters-McLaren-CEO-Calls-For-UK-To-Be-A-Supercar-Centre-Of-Excellence-For-Next-Generation-Battery-Technology-600x406.jpeg",600,406,true],"tenweb_optimizer_tablet":["https:\/\/evhnews.com\/wp-content\/uploads\/2024\/07\/Michael-Leiters-McLaren-CEO-Calls-For-UK-To-Be-A-Supercar-Centre-Of-Excellence-For-Next-Generation-Battery-Technology-768x520.jpeg",768,520,true]},"author_info":{"display_name":"EVHNews","author_link":"https:\/\/evhnews.com\/sv\/author\/evhnews\/"},"category_info":"<a href=\"https:\/\/evhnews.com\/sv\/category\/autonoma-industrinyheter\/\" rel=\"category tag\">EV &amp; Hybrid Technology Industry News<\/a>","tag_info":"EV &amp; Hybrid Technology Industry News","comment_count":"0","jetpack_featured_media_url":"https:\/\/evhnews.com\/wp-content\/uploads\/2024\/07\/Michael-Leiters-McLaren-CEO-Calls-For-UK-To-Be-A-Supercar-Centre-Of-Excellence-For-Next-Generation-Battery-Technology.jpeg","jetpack_likes_enabled":true,"jetpack_sharing_enabled":true,"jetpack_shortlink":"https:\/\/wp.me\/pbbbdx-2ye","amp_enabled":true,"_links":{"self":[{"href":"https:\/\/evhnews.com\/sv\/wp-json\/wp\/v2\/posts\/9810","targetHints":{"allow":["GET"]}}],"collection":[{"href":"https:\/\/evhnews.com\/sv\/wp-json\/wp\/v2\/posts"}],"about":[{"href":"https:\/\/evhnews.com\/sv\/wp-json\/wp\/v2\/types\/post"}],"author":[{"embeddable":true,"href":"https:\/\/evhnews.com\/sv\/wp-json\/wp\/v2\/users\/165558846"}],"replies":[{"embeddable":true,"href":"https:\/\/evhnews.com\/sv\/wp-json\/wp\/v2\/comments?post=9810"}],"version-history":[{"count":2,"href":"https:\/\/evhnews.com\/sv\/wp-json\/wp\/v2\/posts\/9810\/revisions"}],"predecessor-version":[{"id":9814,"href":"https:\/\/evhnews.com\/sv\/wp-json\/wp\/v2\/posts\/9810\/revisions\/9814"}],"wp:featuredmedia":[{"embeddable":true,"href":"https:\/\/evhnews.com\/sv\/wp-json\/wp\/v2\/media\/9812"}],"wp:attachment":[{"href":"https:\/\/evhnews.com\/sv\/wp-json\/wp\/v2\/media?parent=9810"}],"wp:term":[{"taxonomy":"category","embeddable":true,"href":"https:\/\/evhnews.com\/sv\/wp-json\/wp\/v2\/categories?post=9810"},{"taxonomy":"post_tag","embeddable":true,"href":"https:\/\/evhnews.com\/sv\/wp-json\/wp\/v2\/tags?post=9810"}],"curies":[{"name":"wp","href":"https:\/\/api.w.org\/{rel}","templated":true}]}}